{"id":39663,"date":"2020-11-17T09:45:39","date_gmt":"2020-11-17T12:45:39","guid":{"rendered":"https:\/\/explora.cl\/rios\/?p=39663"},"modified":"2020-12-15T12:08:45","modified_gmt":"2020-12-15T15:08:45","slug":"mas-de-8-mil-personas-participaron-del-festival-de-la-ciencia-en-la-region-de-los-rios","status":"publish","type":"post","link":"https:\/\/explora.cl\/rios\/mas-de-8-mil-personas-participaron-del-festival-de-la-ciencia-en-la-region-de-los-rios\/","title":{"rendered":"M\u00e1s de 8 mil personas participaron del Festival de la Ciencia en la Regi\u00f3n de Los R\u00edos"},"content":{"rendered":"<h3 class=\"vc-custom-heading\" style=\"text-align: left;\">El evento cont\u00f3 con talleres, cuentacuentos, un especial de m\u00fasica y una obra de teatro, entre otras actividades.<\/h3>\n<p><a href=\"http:\/\/www.facebook.com\/parexplorarios\" class=\"vc-btn vc-btn-lg\">Facebook<\/a><\/p>\n<p>Fueron cinco d\u00edas en que la ciencia, la tecnolog\u00eda y la innovaci\u00f3n llenaron los hogares de los habitantes de la Regi\u00f3n de Los R\u00edos a trav\u00e9s de la primera versi\u00f3n del Festival de la Ciencia, evento que se realiz\u00f3 de manera completamente virtual a trav\u00e9s de las redes sociales y otras aplicaciones digitales.<\/p>\n<p>El Festival de la Ciencia culmin\u00f3 este domingo con la presentaci\u00f3n de la obra teatral \u201cAcercando El Universo: Charla TEDatral\u201d, de la compa\u00f1\u00eda \u00d1eque Teatral, quienes, mediante distintos recursos audiovisuales mostraron a los espectadores una representaci\u00f3n de c\u00f3mo se form\u00f3 el universo y la historia de la astronom\u00eda.<\/p>\n<p>Esta obra se encontrar\u00e1 disponible por tiempo limitado en el YouTube y Facebook de Explora Los R\u00edos (parexplorarios) hasta el domingo 22 de noviembre, por lo que la invitaci\u00f3n contin\u00faa abierta para toda la familia que a\u00fan no ha tenido la oportunidad de disfrutar de este espect\u00e1culo.<\/p>\n<p>En esta misma l\u00ednea, las actividades de cuenta cuentos, kamishibai: teatro de papel y las Visitas Virtuales a los distintos laboratorios, museos y parques de la Regi\u00f3n continuar\u00e1n disponibles para todo el p\u00fablico que desee disfrutar de su contenido.<\/p>\n<p>Respecto a la alta convocatoria que tuvo el Festival de la Ciencia, el Director de Explora Regi\u00f3n de Los R\u00edos, Ronnie Reyes Arriagada, asegur\u00f3 que \u201cEste primer Festival de la Ciencia a trav\u00e9s de las plataformas virtuales cumpli\u00f3 con las expectativas que ten\u00edamos, puesto que pudimos ver la participaci\u00f3n activa de las familias en todo el territorio regional y tambi\u00e9n desde otras partes del pa\u00eds.\u201d<\/p>\n<p>Asimismo, agreg\u00f3 que, \u201cRelevamos la importancia de que la ciencia est\u00e1 en todos lados y que no es necesario ser cient\u00edfico para poder echar a volar la curiosidad y descubrir nuestros alrededores. En este Festival de la Ciencia 2020, dimos \u00e9nfasis a nuestro territorio regional, a lugares que son de suma importancia cultural, hist\u00f3rica y natural, a una importante participaci\u00f3n de mujeres cient\u00edficas y considerando todas las actividades con lenguaje de se\u00f1as. De esta forma las llevamos a los hogares de la comunidad regional para que pudieran conocerlas a trav\u00e9s de su pantalla y descubriendo c\u00f3mo se realiza innovaci\u00f3n y ciencia desde todos los escenarios.&#8221;<\/p>\n<p>Cabe destacar que el contenido desarrollado y expuesto en el Festival de la Ciencia es completamente gratuito y se encuentra disponible en las redes sociales de Explora Los R\u00edos.<\/p>\n","protected":false},"excerpt":{"rendered":"<p>El evento cont\u00f3 con talleres, cuentacuentos, un especial de m\u00fasica y una obra de teatro, entre otras actividades.<\/p>\n","protected":false},"author":31,"featured_media":39664,"comment_status":"open","ping_status":"open","sticky":false,"template":"","format":"standard","meta":{"_acf_changed":false,"_exactmetrics_skip_tracking":false,"_exactmetrics_sitenote_active":false,"_exactmetrics_sitenote_note":"","_exactmetrics_sitenote_category":0,"footnotes":"","_links_to":"","_links_to_target":""},"categories":[142,4],"tags":[374,385],"class_list":["post-39663","post","type-post","status-publish","format-standard","has-post-thumbnail","hentry","category-lugar-7","category-noticias","tag-festival-de-la-ciencia","tag-publico"],"acf":[],"yoast_head":"<!-- This site is optimized with the Yoast SEO plugin v26.9 - https:\/\/yoast.com\/product\/yoast-seo-wordpress\/ -->\n<title>M\u00e1s de 8 mil personas participaron del Festival de la Ciencia en la Regi\u00f3n de Los R\u00edos - Los R\u00edos<\/title>\n<meta name=\"robots\" content=\"index, follow, max-snippet:-1, max-image-preview:large, max-video-preview:-1\" \/>\n<link rel=\"canonical\" href=\"https:\/\/explora.cl\/rios\/mas-de-8-mil-personas-participaron-del-festival-de-la-ciencia-en-la-region-de-los-rios\/\" class=\"yoast-seo-meta-tag\" \/>\n<meta property=\"og:locale\" content=\"es_ES\" class=\"yoast-seo-meta-tag\" \/>\n<meta property=\"og:type\" content=\"article\" class=\"yoast-seo-meta-tag\" \/>\n<meta property=\"og:title\" content=\"M\u00e1s de 8 mil personas participaron del Festival de la Ciencia en la Regi\u00f3n de Los R\u00edos - Los R\u00edos\" class=\"yoast-seo-meta-tag\" \/>\n<meta property=\"og:description\" content=\"El evento cont\u00f3 con talleres, cuentacuentos, un especial de m\u00fasica y una obra de teatro, entre otras actividades.\" class=\"yoast-seo-meta-tag\" \/>\n<meta property=\"og:url\" content=\"https:\/\/explora.cl\/rios\/mas-de-8-mil-personas-participaron-del-festival-de-la-ciencia-en-la-region-de-los-rios\/\" class=\"yoast-seo-meta-tag\" \/>\n<meta property=\"og:site_name\" content=\"Los R\u00edos\" class=\"yoast-seo-meta-tag\" \/>\n<meta property=\"article:published_time\" content=\"2020-11-17T12:45:39+00:00\" class=\"yoast-seo-meta-tag\" \/>\n<meta property=\"article:modified_time\" content=\"2020-12-15T15:08:45+00:00\" class=\"yoast-seo-meta-tag\" \/>\n<meta property=\"og:image\" content=\"https:\/\/explora.cl\/rios\/wp-content\/uploads\/sites\/16\/2020\/11\/teatro.png\" class=\"yoast-seo-meta-tag\" \/>\n\t<meta property=\"og:image:width\" content=\"1280\" class=\"yoast-seo-meta-tag\" \/>\n\t<meta property=\"og:image:height\" content=\"720\" class=\"yoast-seo-meta-tag\" \/>\n\t<meta property=\"og:image:type\" content=\"image\/png\" class=\"yoast-seo-meta-tag\" \/>\n<meta name=\"author\" content=\"smancilla\" class=\"yoast-seo-meta-tag\" \/>\n<meta name=\"twitter:card\" content=\"summary_large_image\" class=\"yoast-seo-meta-tag\" \/>\n<meta name=\"twitter:label1\" content=\"Escrito por\" class=\"yoast-seo-meta-tag\" \/>\n\t<meta name=\"twitter:data1\" content=\"smancilla\" class=\"yoast-seo-meta-tag\" \/>\n\t<meta name=\"twitter:label2\" content=\"Tiempo estimado de lectura\" class=\"yoast-seo-meta-tag\" \/>\n\t<meta name=\"twitter:data2\" content=\"2 minutos\" class=\"yoast-seo-meta-tag\" \/>\n<script type=\"application\/ld+json\" class=\"yoast-schema-graph\">{\"@context\":\"https:\/\/schema.org\",\"@graph\":[{\"@type\":\"Article\",\"@id\":\"https:\/\/explora.cl\/rios\/mas-de-8-mil-personas-participaron-del-festival-de-la-ciencia-en-la-region-de-los-rios\/#article\",\"isPartOf\":{\"@id\":\"https:\/\/explora.cl\/rios\/mas-de-8-mil-personas-participaron-del-festival-de-la-ciencia-en-la-region-de-los-rios\/\"},\"author\":{\"name\":\"smancilla\",\"@id\":\"https:\/\/explora.cl\/rios\/#\/schema\/person\/279896208736d277e75690dde6cc1ea9\"},\"headline\":\"M\u00e1s de 8 mil personas participaron del Festival de la Ciencia en la Regi\u00f3n de Los R\u00edos\",\"datePublished\":\"2020-11-17T12:45:39+00:00\",\"dateModified\":\"2020-12-15T15:08:45+00:00\",\"mainEntityOfPage\":{\"@id\":\"https:\/\/explora.cl\/rios\/mas-de-8-mil-personas-participaron-del-festival-de-la-ciencia-en-la-region-de-los-rios\/\"},\"wordCount\":461,\"commentCount\":0,\"image\":{\"@id\":\"https:\/\/explora.cl\/rios\/mas-de-8-mil-personas-participaron-del-festival-de-la-ciencia-en-la-region-de-los-rios\/#primaryimage\"},\"thumbnailUrl\":\"https:\/\/explora.cl\/rios\/wp-content\/uploads\/sites\/16\/2020\/11\/teatro.png\",\"keywords\":[\"Festival de la Ciencia\",\"p\u00fablico\"],\"articleSection\":[\"Lugar 7\",\"Noticias\"],\"inLanguage\":\"es-CL\",\"potentialAction\":[{\"@type\":\"CommentAction\",\"name\":\"Comment\",\"target\":[\"https:\/\/explora.cl\/rios\/mas-de-8-mil-personas-participaron-del-festival-de-la-ciencia-en-la-region-de-los-rios\/#respond\"]}]},{\"@type\":\"WebPage\",\"@id\":\"https:\/\/explora.cl\/rios\/mas-de-8-mil-personas-participaron-del-festival-de-la-ciencia-en-la-region-de-los-rios\/\",\"url\":\"https:\/\/explora.cl\/rios\/mas-de-8-mil-personas-participaron-del-festival-de-la-ciencia-en-la-region-de-los-rios\/\",\"name\":\"M\u00e1s de 8 mil personas participaron del Festival de la Ciencia en la Regi\u00f3n de Los R\u00edos - Los R\u00edos\",\"isPartOf\":{\"@id\":\"https:\/\/explora.cl\/rios\/#website\"},\"primaryImageOfPage\":{\"@id\":\"https:\/\/explora.cl\/rios\/mas-de-8-mil-personas-participaron-del-festival-de-la-ciencia-en-la-region-de-los-rios\/#primaryimage\"},\"image\":{\"@id\":\"https:\/\/explora.cl\/rios\/mas-de-8-mil-personas-participaron-del-festival-de-la-ciencia-en-la-region-de-los-rios\/#primaryimage\"},\"thumbnailUrl\":\"https:\/\/explora.cl\/rios\/wp-content\/uploads\/sites\/16\/2020\/11\/teatro.png\",\"datePublished\":\"2020-11-17T12:45:39+00:00\",\"dateModified\":\"2020-12-15T15:08:45+00:00\",\"author\":{\"@id\":\"https:\/\/explora.cl\/rios\/#\/schema\/person\/279896208736d277e75690dde6cc1ea9\"},\"breadcrumb\":{\"@id\":\"https:\/\/explora.cl\/rios\/mas-de-8-mil-personas-participaron-del-festival-de-la-ciencia-en-la-region-de-los-rios\/#breadcrumb\"},\"inLanguage\":\"es-CL\",\"potentialAction\":[{\"@type\":\"ReadAction\",\"target\":[\"https:\/\/explora.cl\/rios\/mas-de-8-mil-personas-participaron-del-festival-de-la-ciencia-en-la-region-de-los-rios\/\"]}]},{\"@type\":\"ImageObject\",\"inLanguage\":\"es-CL\",\"@id\":\"https:\/\/explora.cl\/rios\/mas-de-8-mil-personas-participaron-del-festival-de-la-ciencia-en-la-region-de-los-rios\/#primaryimage\",\"url\":\"https:\/\/explora.cl\/rios\/wp-content\/uploads\/sites\/16\/2020\/11\/teatro.png\",\"contentUrl\":\"https:\/\/explora.cl\/rios\/wp-content\/uploads\/sites\/16\/2020\/11\/teatro.png\",\"width\":1280,\"height\":720},{\"@type\":\"BreadcrumbList\",\"@id\":\"https:\/\/explora.cl\/rios\/mas-de-8-mil-personas-participaron-del-festival-de-la-ciencia-en-la-region-de-los-rios\/#breadcrumb\",\"itemListElement\":[{\"@type\":\"ListItem\",\"position\":1,\"name\":\"Portada\",\"item\":\"https:\/\/explora.cl\/rios\/\"},{\"@type\":\"ListItem\",\"position\":2,\"name\":\"M\u00e1s de 8 mil personas participaron del Festival de la Ciencia en la Regi\u00f3n de Los R\u00edos\"}]},{\"@type\":\"WebSite\",\"@id\":\"https:\/\/explora.cl\/rios\/#website\",\"url\":\"https:\/\/explora.cl\/rios\/\",\"name\":\"Los R\u00edos\",\"description\":\"Otro sitio m\u00e1s de explora.cl\",\"potentialAction\":[{\"@type\":\"SearchAction\",\"target\":{\"@type\":\"EntryPoint\",\"urlTemplate\":\"https:\/\/explora.cl\/rios\/?s={search_term_string}\"},\"query-input\":{\"@type\":\"PropertyValueSpecification\",\"valueRequired\":true,\"valueName\":\"search_term_string\"}}],\"inLanguage\":\"es-CL\"},{\"@type\":\"Person\",\"@id\":\"https:\/\/explora.cl\/rios\/#\/schema\/person\/279896208736d277e75690dde6cc1ea9\",\"name\":\"smancilla\",\"image\":{\"@type\":\"ImageObject\",\"inLanguage\":\"es-CL\",\"@id\":\"https:\/\/explora.cl\/rios\/#\/schema\/person\/image\/\",\"url\":\"https:\/\/secure.gravatar.com\/avatar\/a1c7f8b1dd453e8facadec2bf18354190c777b5556feaaadfa0f6a129ab9b015?s=96&d=mm&r=g\",\"contentUrl\":\"https:\/\/secure.gravatar.com\/avatar\/a1c7f8b1dd453e8facadec2bf18354190c777b5556feaaadfa0f6a129ab9b015?s=96&d=mm&r=g\",\"caption\":\"smancilla\"},\"url\":\"https:\/\/explora.cl\/rios\/author\/smancilla\/\"}]}<\/script>\n<!-- \/ Yoast SEO plugin. -->","yoast_head_json":{"title":"M\u00e1s de 8 mil personas participaron del Festival de la Ciencia en la Regi\u00f3n de Los R\u00edos - Los R\u00edos","robots":{"index":"index","follow":"follow","max-snippet":"max-snippet:-1","max-image-preview":"max-image-preview:large","max-video-preview":"max-video-preview:-1"},"canonical":"https:\/\/explora.cl\/rios\/mas-de-8-mil-personas-participaron-del-festival-de-la-ciencia-en-la-region-de-los-rios\/","og_locale":"es_ES","og_type":"article","og_title":"M\u00e1s de 8 mil personas participaron del Festival de la Ciencia en la Regi\u00f3n de Los R\u00edos - Los R\u00edos","og_description":"El evento cont\u00f3 con talleres, cuentacuentos, un especial de m\u00fasica y una obra de teatro, entre otras actividades.","og_url":"https:\/\/explora.cl\/rios\/mas-de-8-mil-personas-participaron-del-festival-de-la-ciencia-en-la-region-de-los-rios\/","og_site_name":"Los R\u00edos","article_published_time":"2020-11-17T12:45:39+00:00","article_modified_time":"2020-12-15T15:08:45+00:00","og_image":[{"width":1280,"height":720,"url":"https:\/\/explora.cl\/rios\/wp-content\/uploads\/sites\/16\/2020\/11\/teatro.png","type":"image\/png"}],"author":"smancilla","twitter_card":"summary_large_image","twitter_misc":{"Escrito por":"smancilla","Tiempo estimado de lectura":"2 minutos"},"schema":{"@context":"https:\/\/schema.org","@graph":[{"@type":"Article","@id":"https:\/\/explora.cl\/rios\/mas-de-8-mil-personas-participaron-del-festival-de-la-ciencia-en-la-region-de-los-rios\/#article","isPartOf":{"@id":"https:\/\/explora.cl\/rios\/mas-de-8-mil-personas-participaron-del-festival-de-la-ciencia-en-la-region-de-los-rios\/"},"author":{"name":"smancilla","@id":"https:\/\/explora.cl\/rios\/#\/schema\/person\/279896208736d277e75690dde6cc1ea9"},"headline":"M\u00e1s de 8 mil personas participaron del Festival de la Ciencia en la Regi\u00f3n de Los R\u00edos","datePublished":"2020-11-17T12:45:39+00:00","dateModified":"2020-12-15T15:08:45+00:00","mainEntityOfPage":{"@id":"https:\/\/explora.cl\/rios\/mas-de-8-mil-personas-participaron-del-festival-de-la-ciencia-en-la-region-de-los-rios\/"},"wordCount":461,"commentCount":0,"image":{"@id":"https:\/\/explora.cl\/rios\/mas-de-8-mil-personas-participaron-del-festival-de-la-ciencia-en-la-region-de-los-rios\/#primaryimage"},"thumbnailUrl":"https:\/\/explora.cl\/rios\/wp-content\/uploads\/sites\/16\/2020\/11\/teatro.png","keywords":["Festival de la Ciencia","p\u00fablico"],"articleSection":["Lugar 7","Noticias"],"inLanguage":"es-CL","potentialAction":[{"@type":"CommentAction","name":"Comment","target":["https:\/\/explora.cl\/rios\/mas-de-8-mil-personas-participaron-del-festival-de-la-ciencia-en-la-region-de-los-rios\/#respond"]}]},{"@type":"WebPage","@id":"https:\/\/explora.cl\/rios\/mas-de-8-mil-personas-participaron-del-festival-de-la-ciencia-en-la-region-de-los-rios\/","url":"https:\/\/explora.cl\/rios\/mas-de-8-mil-personas-participaron-del-festival-de-la-ciencia-en-la-region-de-los-rios\/","name":"M\u00e1s de 8 mil personas participaron del Festival de la Ciencia en la Regi\u00f3n de Los R\u00edos - Los R\u00edos","isPartOf":{"@id":"https:\/\/explora.cl\/rios\/#website"},"primaryImageOfPage":{"@id":"https:\/\/explora.cl\/rios\/mas-de-8-mil-personas-participaron-del-festival-de-la-ciencia-en-la-region-de-los-rios\/#primaryimage"},"image":{"@id":"https:\/\/explora.cl\/rios\/mas-de-8-mil-personas-participaron-del-festival-de-la-ciencia-en-la-region-de-los-rios\/#primaryimage"},"thumbnailUrl":"https:\/\/explora.cl\/rios\/wp-content\/uploads\/sites\/16\/2020\/11\/teatro.png","datePublished":"2020-11-17T12:45:39+00:00","dateModified":"2020-12-15T15:08:45+00:00","author":{"@id":"https:\/\/explora.cl\/rios\/#\/schema\/person\/279896208736d277e75690dde6cc1ea9"},"breadcrumb":{"@id":"https:\/\/explora.cl\/rios\/mas-de-8-mil-personas-participaron-del-festival-de-la-ciencia-en-la-region-de-los-rios\/#breadcrumb"},"inLanguage":"es-CL","potentialAction":[{"@type":"ReadAction","target":["https:\/\/explora.cl\/rios\/mas-de-8-mil-personas-participaron-del-festival-de-la-ciencia-en-la-region-de-los-rios\/"]}]},{"@type":"ImageObject","inLanguage":"es-CL","@id":"https:\/\/explora.cl\/rios\/mas-de-8-mil-personas-participaron-del-festival-de-la-ciencia-en-la-region-de-los-rios\/#primaryimage","url":"https:\/\/explora.cl\/rios\/wp-content\/uploads\/sites\/16\/2020\/11\/teatro.png","contentUrl":"https:\/\/explora.cl\/rios\/wp-content\/uploads\/sites\/16\/2020\/11\/teatro.png","width":1280,"height":720},{"@type":"BreadcrumbList","@id":"https:\/\/explora.cl\/rios\/mas-de-8-mil-personas-participaron-del-festival-de-la-ciencia-en-la-region-de-los-rios\/#breadcrumb","itemListElement":[{"@type":"ListItem","position":1,"name":"Portada","item":"https:\/\/explora.cl\/rios\/"},{"@type":"ListItem","position":2,"name":"M\u00e1s de 8 mil personas participaron del Festival de la Ciencia en la Regi\u00f3n de Los R\u00edos"}]},{"@type":"WebSite","@id":"https:\/\/explora.cl\/rios\/#website","url":"https:\/\/explora.cl\/rios\/","name":"Los R\u00edos","description":"Otro sitio m\u00e1s de explora.cl","potentialAction":[{"@type":"SearchAction","target":{"@type":"EntryPoint","urlTemplate":"https:\/\/explora.cl\/rios\/?s={search_term_string}"},"query-input":{"@type":"PropertyValueSpecification","valueRequired":true,"valueName":"search_term_string"}}],"inLanguage":"es-CL"},{"@type":"Person","@id":"https:\/\/explora.cl\/rios\/#\/schema\/person\/279896208736d277e75690dde6cc1ea9","name":"smancilla","image":{"@type":"ImageObject","inLanguage":"es-CL","@id":"https:\/\/explora.cl\/rios\/#\/schema\/person\/image\/","url":"https:\/\/secure.gravatar.com\/avatar\/a1c7f8b1dd453e8facadec2bf18354190c777b5556feaaadfa0f6a129ab9b015?s=96&d=mm&r=g","contentUrl":"https:\/\/secure.gravatar.com\/avatar\/a1c7f8b1dd453e8facadec2bf18354190c777b5556feaaadfa0f6a129ab9b015?s=96&d=mm&r=g","caption":"smancilla"},"url":"https:\/\/explora.cl\/rios\/author\/smancilla\/"}]}},"_links":{"self":[{"href":"https:\/\/explora.cl\/rios\/wp-json\/wp\/v2\/posts\/39663","targetHints":{"allow":["GET"]}}],"collection":[{"href":"https:\/\/explora.cl\/rios\/wp-json\/wp\/v2\/posts"}],"about":[{"href":"https:\/\/explora.cl\/rios\/wp-json\/wp\/v2\/types\/post"}],"author":[{"embeddable":true,"href":"https:\/\/explora.cl\/rios\/wp-json\/wp\/v2\/users\/31"}],"replies":[{"embeddable":true,"href":"https:\/\/explora.cl\/rios\/wp-json\/wp\/v2\/comments?post=39663"}],"version-history":[{"count":1,"href":"https:\/\/explora.cl\/rios\/wp-json\/wp\/v2\/posts\/39663\/revisions"}],"predecessor-version":[{"id":39665,"href":"https:\/\/explora.cl\/rios\/wp-json\/wp\/v2\/posts\/39663\/revisions\/39665"}],"wp:featuredmedia":[{"embeddable":true,"href":"https:\/\/explora.cl\/rios\/wp-json\/wp\/v2\/media\/39664"}],"wp:attachment":[{"href":"https:\/\/explora.cl\/rios\/wp-json\/wp\/v2\/media?parent=39663"}],"wp:term":[{"taxonomy":"category","embeddable":true,"href":"https:\/\/explora.cl\/rios\/wp-json\/wp\/v2\/categories?post=39663"},{"taxonomy":"post_tag","embeddable":true,"href":"https:\/\/explora.cl\/rios\/wp-json\/wp\/v2\/tags?post=39663"}],"curies":[{"name":"wp","href":"https:\/\/api.w.org\/{rel}","templated":true}]}}