{"id":39453,"date":"2020-08-13T21:25:45","date_gmt":"2020-08-14T01:25:45","guid":{"rendered":"https:\/\/explora.cl\/rios\/?p=39453"},"modified":"2020-09-30T15:58:06","modified_gmt":"2020-09-30T18:58:06","slug":"ensenaran-a-parvulos-sobre-terremotos-a-traves-de-cuentos","status":"publish","type":"post","link":"https:\/\/explora.cl\/rios\/ensenaran-a-parvulos-sobre-terremotos-a-traves-de-cuentos\/","title":{"rendered":"Ense\u00f1ar\u00e1n a p\u00e1rvulos sobre terremotos a trav\u00e9s de cuentos"},"content":{"rendered":"<h2><strong>SEGUNDA VERSI\u00d3N<\/strong><\/h2>\n<p>\u00bfNo alcanzaste a participar de este taller? \u00a1Esta es tu oportunidad! Te invitamos a ser parte de la segunda versi\u00f3n de este taller si no lograste inscribirte en la primera versi\u00f3n. Revisa m\u00e1s detalles:<\/p>\n<p><a href=\"https:\/\/form.jotform.com\/202576621986667\" class=\"vc-btn vc-btn-lg\">INSCRIPCIONES<\/a><\/p>\n<ul>\n<li><strong>Fecha:<\/strong> mi\u00e9rcoles 30 de septiembre<\/li>\n<li><strong>Horarios:<\/strong> 15:00 a las 17:00 horas<\/li>\n<li><strong>Cupos:<\/strong> 25<\/li>\n<li><strong>Lugar<\/strong>: Plataforma Zoom<\/li>\n<li><strong>Relatora<\/strong>: Sol Melnick d\u2019Etigny. Actriz\/Creadora teatral \u2013 Licenciada en Direcci\u00f3n de Arte<\/li>\n<\/ul>\n<p><strong>Requisitos excluyentes:<\/strong><\/p>\n<ul>\n<li>Un cupo por establecimiento.<\/li>\n<li>Contar con Kamishibai en el establecimiento.<\/li>\n<li>No haber participado en la primera versi\u00f3n del taller.<\/li>\n<\/ul>\n<h3 class=\"vc-custom-heading\" style=\"text-align: left;\">Explora Los R\u00edos y Cyclo invitan a profesionales de la educaci\u00f3n inicial a un taller de la t\u00e9cnica \u201cKamishibai\u201d a realizarse el mi\u00e9rcoles 26 de agosto.<\/h3>\n<p><a href=\"#\" class=\"vc-btn vc-btn-lg\">POSTULA AL TALLER<\/a><\/p>\n<p>\u201cDrama de papel\u201d es el significado en japon\u00e9s de \u201cKamishibai\u201d, t\u00e9cnica para contar cuentos que se ha hecho popular en el pa\u00eds y que puede ser utilizada como recurso pedag\u00f3gico. En este caso, Explora Regi\u00f3n de Los R\u00edos y el N\u00facleo Milenio Ciclo S\u00edsmico en Zonas de Subducci\u00f3n (Cyclo) desarrollar\u00e1n una capacitaci\u00f3n para educadores y t\u00e9cnicos en educaci\u00f3n inicial.<\/p>\n<p>Se trata de un taller te\u00f3rico pr\u00e1ctico sobre la t\u00e9cnica de cuentacuentos \u201cKamishibai\u201d utilizando este recurso estrat\u00e9gico\u00a0\u00a0\u00a0\u00a0\u00a0\u00a0\u00a0\u00a0 para promover aprendizajes significativos en ni\u00f1os y ni\u00f1as. La actividad ser\u00e1 el mi\u00e9rcoles 26 de agosto de 15:00 a 17:00 horas por medio de plataformas en l\u00ednea.<\/p>\n<p>Se trabajar\u00e1 en base al cuento \u201cEl monstruo que mov\u00eda la Tierra\u201d junto a la relatora Sol Melnick d\u2019Etigny, actriz, creadora teatral y Licenciada en Direcci\u00f3n de Arte.<\/p>\n<p>Las inscripciones se desarrollan a trav\u00e9s del sitio web de Explora en <a href=\"https:\/\/explora.cl\/rios\">explora.cl\/rios<\/a> hasta agotar los cupos por orden de inscripci\u00f3n.<\/p>\n","protected":false},"excerpt":{"rendered":"<p>Explora Los R\u00edos y Cyclo invitan a profesionales de la educaci\u00f3n inicial a un taller de la t\u00e9cnica \u201cKamishibai\u201d a realizarse el mi\u00e9rcoles 26 de agosto.<\/p>\n","protected":false},"author":31,"featured_media":39455,"comment_status":"open","ping_status":"open","sticky":false,"template":"","format":"standard","meta":{"_acf_changed":false,"_exactmetrics_skip_tracking":false,"_exactmetrics_sitenote_active":false,"_exactmetrics_sitenote_note":"","_exactmetrics_sitenote_category":0,"footnotes":"","_links_to":"","_links_to_target":""},"categories":[141,4],"tags":[235,366,277,200],"class_list":["post-39453","post","type-post","status-publish","format-standard","has-post-thumbnail","hentry","category-lugar-6","category-noticias","tag-capacitacion","tag-cuentacuentos","tag-educacion-inicial","tag-taller"],"acf":[],"yoast_head":"<!-- This site is optimized with the Yoast SEO plugin v26.9 - https:\/\/yoast.com\/product\/yoast-seo-wordpress\/ -->\n<title>Ense\u00f1ar\u00e1n a p\u00e1rvulos sobre terremotos a trav\u00e9s de cuentos - Los R\u00edos<\/title>\n<meta name=\"robots\" content=\"index, follow, max-snippet:-1, max-image-preview:large, max-video-preview:-1\" \/>\n<link rel=\"canonical\" href=\"https:\/\/explora.cl\/rios\/ensenaran-a-parvulos-sobre-terremotos-a-traves-de-cuentos\/\" class=\"yoast-seo-meta-tag\" \/>\n<meta property=\"og:locale\" content=\"es_ES\" class=\"yoast-seo-meta-tag\" \/>\n<meta property=\"og:type\" content=\"article\" class=\"yoast-seo-meta-tag\" \/>\n<meta property=\"og:title\" content=\"Ense\u00f1ar\u00e1n a p\u00e1rvulos sobre terremotos a trav\u00e9s de cuentos - Los R\u00edos\" class=\"yoast-seo-meta-tag\" \/>\n<meta property=\"og:description\" content=\"Explora Los R\u00edos y Cyclo invitan a profesionales de la educaci\u00f3n inicial a un taller de la t\u00e9cnica \u201cKamishibai\u201d a realizarse el mi\u00e9rcoles 26 de agosto.\" class=\"yoast-seo-meta-tag\" \/>\n<meta property=\"og:url\" content=\"https:\/\/explora.cl\/rios\/ensenaran-a-parvulos-sobre-terremotos-a-traves-de-cuentos\/\" class=\"yoast-seo-meta-tag\" \/>\n<meta property=\"og:site_name\" content=\"Los R\u00edos\" class=\"yoast-seo-meta-tag\" \/>\n<meta property=\"article:published_time\" content=\"2020-08-14T01:25:45+00:00\" class=\"yoast-seo-meta-tag\" \/>\n<meta property=\"article:modified_time\" content=\"2020-09-30T18:58:06+00:00\" class=\"yoast-seo-meta-tag\" \/>\n<meta property=\"og:image\" content=\"https:\/\/explora.cl\/rios\/wp-content\/uploads\/sites\/16\/2020\/08\/Untitled-2.jpg\" class=\"yoast-seo-meta-tag\" \/>\n\t<meta property=\"og:image:width\" content=\"1366\" class=\"yoast-seo-meta-tag\" \/>\n\t<meta property=\"og:image:height\" content=\"768\" class=\"yoast-seo-meta-tag\" \/>\n\t<meta property=\"og:image:type\" content=\"image\/jpeg\" class=\"yoast-seo-meta-tag\" \/>\n<meta name=\"author\" content=\"smancilla\" class=\"yoast-seo-meta-tag\" \/>\n<meta name=\"twitter:card\" content=\"summary_large_image\" class=\"yoast-seo-meta-tag\" \/>\n<meta name=\"twitter:label1\" content=\"Escrito por\" class=\"yoast-seo-meta-tag\" \/>\n\t<meta name=\"twitter:data1\" content=\"smancilla\" class=\"yoast-seo-meta-tag\" \/>\n\t<meta name=\"twitter:label2\" content=\"Tiempo estimado de lectura\" class=\"yoast-seo-meta-tag\" \/>\n\t<meta name=\"twitter:data2\" content=\"1 minuto\" class=\"yoast-seo-meta-tag\" \/>\n<script type=\"application\/ld+json\" class=\"yoast-schema-graph\">{\"@context\":\"https:\/\/schema.org\",\"@graph\":[{\"@type\":\"Article\",\"@id\":\"https:\/\/explora.cl\/rios\/ensenaran-a-parvulos-sobre-terremotos-a-traves-de-cuentos\/#article\",\"isPartOf\":{\"@id\":\"https:\/\/explora.cl\/rios\/ensenaran-a-parvulos-sobre-terremotos-a-traves-de-cuentos\/\"},\"author\":{\"name\":\"smancilla\",\"@id\":\"https:\/\/explora.cl\/rios\/#\/schema\/person\/279896208736d277e75690dde6cc1ea9\"},\"headline\":\"Ense\u00f1ar\u00e1n a p\u00e1rvulos sobre terremotos a trav\u00e9s de cuentos\",\"datePublished\":\"2020-08-14T01:25:45+00:00\",\"dateModified\":\"2020-09-30T18:58:06+00:00\",\"mainEntityOfPage\":{\"@id\":\"https:\/\/explora.cl\/rios\/ensenaran-a-parvulos-sobre-terremotos-a-traves-de-cuentos\/\"},\"wordCount\":312,\"commentCount\":0,\"image\":{\"@id\":\"https:\/\/explora.cl\/rios\/ensenaran-a-parvulos-sobre-terremotos-a-traves-de-cuentos\/#primaryimage\"},\"thumbnailUrl\":\"https:\/\/explora.cl\/rios\/wp-content\/uploads\/sites\/16\/2020\/08\/Untitled-2.jpg\",\"keywords\":[\"capacitaci\u00f3n\",\"cuentacuentos\",\"educaci\u00f3n inicial\",\"taller\"],\"articleSection\":[\"Lugar 6\",\"Noticias\"],\"inLanguage\":\"es-CL\",\"potentialAction\":[{\"@type\":\"CommentAction\",\"name\":\"Comment\",\"target\":[\"https:\/\/explora.cl\/rios\/ensenaran-a-parvulos-sobre-terremotos-a-traves-de-cuentos\/#respond\"]}]},{\"@type\":\"WebPage\",\"@id\":\"https:\/\/explora.cl\/rios\/ensenaran-a-parvulos-sobre-terremotos-a-traves-de-cuentos\/\",\"url\":\"https:\/\/explora.cl\/rios\/ensenaran-a-parvulos-sobre-terremotos-a-traves-de-cuentos\/\",\"name\":\"Ense\u00f1ar\u00e1n a p\u00e1rvulos sobre terremotos a trav\u00e9s de cuentos - Los R\u00edos\",\"isPartOf\":{\"@id\":\"https:\/\/explora.cl\/rios\/#website\"},\"primaryImageOfPage\":{\"@id\":\"https:\/\/explora.cl\/rios\/ensenaran-a-parvulos-sobre-terremotos-a-traves-de-cuentos\/#primaryimage\"},\"image\":{\"@id\":\"https:\/\/explora.cl\/rios\/ensenaran-a-parvulos-sobre-terremotos-a-traves-de-cuentos\/#primaryimage\"},\"thumbnailUrl\":\"https:\/\/explora.cl\/rios\/wp-content\/uploads\/sites\/16\/2020\/08\/Untitled-2.jpg\",\"datePublished\":\"2020-08-14T01:25:45+00:00\",\"dateModified\":\"2020-09-30T18:58:06+00:00\",\"author\":{\"@id\":\"https:\/\/explora.cl\/rios\/#\/schema\/person\/279896208736d277e75690dde6cc1ea9\"},\"breadcrumb\":{\"@id\":\"https:\/\/explora.cl\/rios\/ensenaran-a-parvulos-sobre-terremotos-a-traves-de-cuentos\/#breadcrumb\"},\"inLanguage\":\"es-CL\",\"potentialAction\":[{\"@type\":\"ReadAction\",\"target\":[\"https:\/\/explora.cl\/rios\/ensenaran-a-parvulos-sobre-terremotos-a-traves-de-cuentos\/\"]}]},{\"@type\":\"ImageObject\",\"inLanguage\":\"es-CL\",\"@id\":\"https:\/\/explora.cl\/rios\/ensenaran-a-parvulos-sobre-terremotos-a-traves-de-cuentos\/#primaryimage\",\"url\":\"https:\/\/explora.cl\/rios\/wp-content\/uploads\/sites\/16\/2020\/08\/Untitled-2.jpg\",\"contentUrl\":\"https:\/\/explora.cl\/rios\/wp-content\/uploads\/sites\/16\/2020\/08\/Untitled-2.jpg\",\"width\":1366,\"height\":768},{\"@type\":\"BreadcrumbList\",\"@id\":\"https:\/\/explora.cl\/rios\/ensenaran-a-parvulos-sobre-terremotos-a-traves-de-cuentos\/#breadcrumb\",\"itemListElement\":[{\"@type\":\"ListItem\",\"position\":1,\"name\":\"Portada\",\"item\":\"https:\/\/explora.cl\/rios\/\"},{\"@type\":\"ListItem\",\"position\":2,\"name\":\"Ense\u00f1ar\u00e1n a p\u00e1rvulos sobre terremotos a trav\u00e9s de cuentos\"}]},{\"@type\":\"WebSite\",\"@id\":\"https:\/\/explora.cl\/rios\/#website\",\"url\":\"https:\/\/explora.cl\/rios\/\",\"name\":\"Los R\u00edos\",\"description\":\"Otro sitio m\u00e1s de explora.cl\",\"potentialAction\":[{\"@type\":\"SearchAction\",\"target\":{\"@type\":\"EntryPoint\",\"urlTemplate\":\"https:\/\/explora.cl\/rios\/?s={search_term_string}\"},\"query-input\":{\"@type\":\"PropertyValueSpecification\",\"valueRequired\":true,\"valueName\":\"search_term_string\"}}],\"inLanguage\":\"es-CL\"},{\"@type\":\"Person\",\"@id\":\"https:\/\/explora.cl\/rios\/#\/schema\/person\/279896208736d277e75690dde6cc1ea9\",\"name\":\"smancilla\",\"image\":{\"@type\":\"ImageObject\",\"inLanguage\":\"es-CL\",\"@id\":\"https:\/\/explora.cl\/rios\/#\/schema\/person\/image\/\",\"url\":\"https:\/\/secure.gravatar.com\/avatar\/a1c7f8b1dd453e8facadec2bf18354190c777b5556feaaadfa0f6a129ab9b015?s=96&d=mm&r=g\",\"contentUrl\":\"https:\/\/secure.gravatar.com\/avatar\/a1c7f8b1dd453e8facadec2bf18354190c777b5556feaaadfa0f6a129ab9b015?s=96&d=mm&r=g\",\"caption\":\"smancilla\"},\"url\":\"https:\/\/explora.cl\/rios\/author\/smancilla\/\"}]}<\/script>\n<!-- \/ Yoast SEO plugin. -->","yoast_head_json":{"title":"Ense\u00f1ar\u00e1n a p\u00e1rvulos sobre terremotos a trav\u00e9s de cuentos - Los R\u00edos","robots":{"index":"index","follow":"follow","max-snippet":"max-snippet:-1","max-image-preview":"max-image-preview:large","max-video-preview":"max-video-preview:-1"},"canonical":"https:\/\/explora.cl\/rios\/ensenaran-a-parvulos-sobre-terremotos-a-traves-de-cuentos\/","og_locale":"es_ES","og_type":"article","og_title":"Ense\u00f1ar\u00e1n a p\u00e1rvulos sobre terremotos a trav\u00e9s de cuentos - Los R\u00edos","og_description":"Explora Los R\u00edos y Cyclo invitan a profesionales de la educaci\u00f3n inicial a un taller de la t\u00e9cnica \u201cKamishibai\u201d a realizarse el mi\u00e9rcoles 26 de agosto.","og_url":"https:\/\/explora.cl\/rios\/ensenaran-a-parvulos-sobre-terremotos-a-traves-de-cuentos\/","og_site_name":"Los R\u00edos","article_published_time":"2020-08-14T01:25:45+00:00","article_modified_time":"2020-09-30T18:58:06+00:00","og_image":[{"width":1366,"height":768,"url":"https:\/\/explora.cl\/rios\/wp-content\/uploads\/sites\/16\/2020\/08\/Untitled-2.jpg","type":"image\/jpeg"}],"author":"smancilla","twitter_card":"summary_large_image","twitter_misc":{"Escrito por":"smancilla","Tiempo estimado de lectura":"1 minuto"},"schema":{"@context":"https:\/\/schema.org","@graph":[{"@type":"Article","@id":"https:\/\/explora.cl\/rios\/ensenaran-a-parvulos-sobre-terremotos-a-traves-de-cuentos\/#article","isPartOf":{"@id":"https:\/\/explora.cl\/rios\/ensenaran-a-parvulos-sobre-terremotos-a-traves-de-cuentos\/"},"author":{"name":"smancilla","@id":"https:\/\/explora.cl\/rios\/#\/schema\/person\/279896208736d277e75690dde6cc1ea9"},"headline":"Ense\u00f1ar\u00e1n a p\u00e1rvulos sobre terremotos a trav\u00e9s de cuentos","datePublished":"2020-08-14T01:25:45+00:00","dateModified":"2020-09-30T18:58:06+00:00","mainEntityOfPage":{"@id":"https:\/\/explora.cl\/rios\/ensenaran-a-parvulos-sobre-terremotos-a-traves-de-cuentos\/"},"wordCount":312,"commentCount":0,"image":{"@id":"https:\/\/explora.cl\/rios\/ensenaran-a-parvulos-sobre-terremotos-a-traves-de-cuentos\/#primaryimage"},"thumbnailUrl":"https:\/\/explora.cl\/rios\/wp-content\/uploads\/sites\/16\/2020\/08\/Untitled-2.jpg","keywords":["capacitaci\u00f3n","cuentacuentos","educaci\u00f3n inicial","taller"],"articleSection":["Lugar 6","Noticias"],"inLanguage":"es-CL","potentialAction":[{"@type":"CommentAction","name":"Comment","target":["https:\/\/explora.cl\/rios\/ensenaran-a-parvulos-sobre-terremotos-a-traves-de-cuentos\/#respond"]}]},{"@type":"WebPage","@id":"https:\/\/explora.cl\/rios\/ensenaran-a-parvulos-sobre-terremotos-a-traves-de-cuentos\/","url":"https:\/\/explora.cl\/rios\/ensenaran-a-parvulos-sobre-terremotos-a-traves-de-cuentos\/","name":"Ense\u00f1ar\u00e1n a p\u00e1rvulos sobre terremotos a trav\u00e9s de cuentos - Los R\u00edos","isPartOf":{"@id":"https:\/\/explora.cl\/rios\/#website"},"primaryImageOfPage":{"@id":"https:\/\/explora.cl\/rios\/ensenaran-a-parvulos-sobre-terremotos-a-traves-de-cuentos\/#primaryimage"},"image":{"@id":"https:\/\/explora.cl\/rios\/ensenaran-a-parvulos-sobre-terremotos-a-traves-de-cuentos\/#primaryimage"},"thumbnailUrl":"https:\/\/explora.cl\/rios\/wp-content\/uploads\/sites\/16\/2020\/08\/Untitled-2.jpg","datePublished":"2020-08-14T01:25:45+00:00","dateModified":"2020-09-30T18:58:06+00:00","author":{"@id":"https:\/\/explora.cl\/rios\/#\/schema\/person\/279896208736d277e75690dde6cc1ea9"},"breadcrumb":{"@id":"https:\/\/explora.cl\/rios\/ensenaran-a-parvulos-sobre-terremotos-a-traves-de-cuentos\/#breadcrumb"},"inLanguage":"es-CL","potentialAction":[{"@type":"ReadAction","target":["https:\/\/explora.cl\/rios\/ensenaran-a-parvulos-sobre-terremotos-a-traves-de-cuentos\/"]}]},{"@type":"ImageObject","inLanguage":"es-CL","@id":"https:\/\/explora.cl\/rios\/ensenaran-a-parvulos-sobre-terremotos-a-traves-de-cuentos\/#primaryimage","url":"https:\/\/explora.cl\/rios\/wp-content\/uploads\/sites\/16\/2020\/08\/Untitled-2.jpg","contentUrl":"https:\/\/explora.cl\/rios\/wp-content\/uploads\/sites\/16\/2020\/08\/Untitled-2.jpg","width":1366,"height":768},{"@type":"BreadcrumbList","@id":"https:\/\/explora.cl\/rios\/ensenaran-a-parvulos-sobre-terremotos-a-traves-de-cuentos\/#breadcrumb","itemListElement":[{"@type":"ListItem","position":1,"name":"Portada","item":"https:\/\/explora.cl\/rios\/"},{"@type":"ListItem","position":2,"name":"Ense\u00f1ar\u00e1n a p\u00e1rvulos sobre terremotos a trav\u00e9s de cuentos"}]},{"@type":"WebSite","@id":"https:\/\/explora.cl\/rios\/#website","url":"https:\/\/explora.cl\/rios\/","name":"Los R\u00edos","description":"Otro sitio m\u00e1s de explora.cl","potentialAction":[{"@type":"SearchAction","target":{"@type":"EntryPoint","urlTemplate":"https:\/\/explora.cl\/rios\/?s={search_term_string}"},"query-input":{"@type":"PropertyValueSpecification","valueRequired":true,"valueName":"search_term_string"}}],"inLanguage":"es-CL"},{"@type":"Person","@id":"https:\/\/explora.cl\/rios\/#\/schema\/person\/279896208736d277e75690dde6cc1ea9","name":"smancilla","image":{"@type":"ImageObject","inLanguage":"es-CL","@id":"https:\/\/explora.cl\/rios\/#\/schema\/person\/image\/","url":"https:\/\/secure.gravatar.com\/avatar\/a1c7f8b1dd453e8facadec2bf18354190c777b5556feaaadfa0f6a129ab9b015?s=96&d=mm&r=g","contentUrl":"https:\/\/secure.gravatar.com\/avatar\/a1c7f8b1dd453e8facadec2bf18354190c777b5556feaaadfa0f6a129ab9b015?s=96&d=mm&r=g","caption":"smancilla"},"url":"https:\/\/explora.cl\/rios\/author\/smancilla\/"}]}},"_links":{"self":[{"href":"https:\/\/explora.cl\/rios\/wp-json\/wp\/v2\/posts\/39453","targetHints":{"allow":["GET"]}}],"collection":[{"href":"https:\/\/explora.cl\/rios\/wp-json\/wp\/v2\/posts"}],"about":[{"href":"https:\/\/explora.cl\/rios\/wp-json\/wp\/v2\/types\/post"}],"author":[{"embeddable":true,"href":"https:\/\/explora.cl\/rios\/wp-json\/wp\/v2\/users\/31"}],"replies":[{"embeddable":true,"href":"https:\/\/explora.cl\/rios\/wp-json\/wp\/v2\/comments?post=39453"}],"version-history":[{"count":8,"href":"https:\/\/explora.cl\/rios\/wp-json\/wp\/v2\/posts\/39453\/revisions"}],"predecessor-version":[{"id":39543,"href":"https:\/\/explora.cl\/rios\/wp-json\/wp\/v2\/posts\/39453\/revisions\/39543"}],"wp:featuredmedia":[{"embeddable":true,"href":"https:\/\/explora.cl\/rios\/wp-json\/wp\/v2\/media\/39455"}],"wp:attachment":[{"href":"https:\/\/explora.cl\/rios\/wp-json\/wp\/v2\/media?parent=39453"}],"wp:term":[{"taxonomy":"category","embeddable":true,"href":"https:\/\/explora.cl\/rios\/wp-json\/wp\/v2\/categories?post=39453"},{"taxonomy":"post_tag","embeddable":true,"href":"https:\/\/explora.cl\/rios\/wp-json\/wp\/v2\/tags?post=39453"}],"curies":[{"name":"wp","href":"https:\/\/api.w.org\/{rel}","templated":true}]}}