{"id":38642,"date":"2019-11-18T14:39:42","date_gmt":"2019-11-18T17:39:42","guid":{"rendered":"https:\/\/explora.cl\/rios\/?p=38642"},"modified":"2024-03-07T17:06:52","modified_gmt":"2024-03-07T20:06:52","slug":"campamento2020","status":"publish","type":"post","link":"https:\/\/explora.cl\/rios\/campamento2020\/","title":{"rendered":"Campamento Explora VA! 2020 Los R\u00edos y Los Lagos"},"content":{"rendered":"<h3><strong>Masiva convocatoria en postulaci\u00f3n al Campamento para docentes de Los Lagos y Los R\u00edos <\/strong><\/h3>\n<p>287 profesionales, t\u00e9cnicos y directivos de la educaci\u00f3n postularon al Campamento de Ciencia para profes Explora VA 2020!,\u00a0 que\u00a0 organiza el Proyecto Asociativo Regional PAR Explora de CONICYT Los Lagos y Los R\u00edos, ambos ejecutados por la Universidad Austral de Chile.<\/p>\n<p>De estos, solo 52 resultaron seleccionados en la regi\u00f3n de Los Lagos y 51 en los R\u00edos, quienes participar\u00e1n en el encuentro que se llevar\u00e1 a cabo del 20 al 24 de enero en el entorno natural del Centro de Ski y Monta\u00f1ismo Antillanca, ubicado al interior del Parque Nacional Puyehue, provincia de Osorno.<\/p>\n<p>En la Regi\u00f3n de Los R\u00edos se recibieron postulaciones desde las 12 comunas que componen la regi\u00f3n y se seleccionaron participantes de Corral, Futrono, Lago Ranco, Los Lagos, M\u00e1fil, Mariquina, Paillaco, <a href=\"https:\/\/freshcassino.com.br\/\">Fresh Casino<\/a>, Panguipulli, R\u00edo Bueno y Valdivia.<\/p>\n<p>El objetivo de la instancia es fortalecer las competencias de educadoras de p\u00e1rvulos, docentes, jefes de las unidades t\u00e9cnico pedag\u00f3gicas, directivos, asistentes de la educaci\u00f3n y t\u00e9cnicos en educaci\u00f3n parvularia, como agentes de cambio en sus instituciones escolares, a trav\u00e9s de experiencias vivenciales y desarrollo de herramientas que permitan agregar valor a la comunidad educativa a partir de las distintas dimensiones de la ciencia y la tecnolog\u00eda.<\/p>\n<p>Si no aparece en esta publicaci\u00f3n revise la <a href=\"https:\/\/explora.cl\/rios\/wp-content\/uploads\/sites\/16\/2019\/12\/Lista-de-Espera.pdf\">Lista de Espera<\/a> del campamento.<\/p>\n<p style=\"text-align: left;\">*Comuna indica residencia del docente. <strong>Para ver los resultados de la Regi\u00f3n de Los Lagos <a href=\"https:\/\/explora.cl\/lagos\/abiertaspostulacionescampamentoprofes\/\">haga click aqu\u00ed<\/a>.<\/strong><\/p>\n<p>Invitamos a docentes de todas las \u00e1reas, educadores\/as de p\u00e1rvulos, asistentes de la educaci\u00f3n y directivos a participar de este campamento que busca fortalecer las competencias de educadoras de p\u00e1rvulos, docentes, jefes de las unidades t\u00e9cnico pedag\u00f3gicas, directivos y asistentes de la educaci\u00f3n como agentes de cambio en sus instituciones escolares a trav\u00e9s de experiencias vivenciales y desarrollo de herramientas que permitan agregar valor a la comunidad educativa a partir de las distintas dimensiones de la ciencia y la tecnolog\u00eda.<\/p>\n<p>Podr\u00e1n postular residentes en las regiones de Los Lagos y Los R\u00edos, con un cupo m\u00e1ximo de 50 personas por regi\u00f3n. Para postular es necesario revisar las bases de postulaci\u00f3n y contar con los documentos solicitados en \u00e9stas.<\/p>\n<h3>Preguntas Frecuentes<\/h3>\n<p><strong>\u00bfPuedo participar si soy de otra regi\u00f3n?<\/strong><\/p>\n<p>No. Cada regi\u00f3n tendr\u00e1 su propio campamento, en el caso de esta actividad solo se admiten postulaciones de Los R\u00edos y Los Lagos. Le invitamos a revisar el sitio del PAR Explora correspondiente a su regi\u00f3n.<\/p>\n<p><strong>Si soy encargado\/a de un establecimiento unidocente o director\/a de un establecimiento \u00bfqui\u00e9n firma la carta de apoyo?<\/strong><\/p>\n<p>En ese caso quien debe firmar es el\/la\u00a0 sostenedor del establecimiento (Ej. Director\/a DAEM correspondiente).<\/p>\n<p><strong>\u00bfCu\u00e1ndo se publicar\u00e1n los resultados de las postulaciones?<\/strong><\/p>\n<p>En las bases se indica que la fecha es el <em>viernes 20 de diciembre<\/em> en esta misma direcci\u00f3n web.<\/p>\n<p><a href=\"#\" target=\"_blank\" class=\"vc-btn vc-btn-lg\">POSTULACIONES (Cerradas)<\/a><\/p>\n<p><a href=\"https:\/\/explora.cl\/rios\/wp-content\/uploads\/sites\/16\/2019\/11\/Bases-de-Postulacion.pdf\" target=\"_blank\" class=\"vc-btn vc-btn-lg\">Descargar Bases<\/a><\/p>\n<p><a href=\"https:\/\/explora.cl\/rios\/wp-content\/uploads\/sites\/16\/2019\/11\/CARTA-APOYO-POSTULACI\u00d3N.docx\" target=\"_blank\" class=\"vc-btn vc-btn-lg\">Descargar Carta Apoyo<\/a><\/p>\n<h3>\u00bfD\u00f3nde?<\/h3>\n<p>Centro de Ski Antillanca (<a href=\"https:\/\/goo.gl\/maps\/oY6J3xTBsRVC35zs5\">link<\/a>)<\/p>\n<h3>\u00bfCuando?<\/h3>\n<p>20 al 24 de enero 2020<\/p>\n","protected":false},"excerpt":{"rendered":"<p>Ya est\u00e1n disponibles las postulaciones a esta iniciativa. Pueden participar educadoras\/es de p\u00e1rvulo, docentes de cualquier disciplina, jefes de las unidades t\u00e9cnico pedag\u00f3gicas, directivos y asistentes de la educaci\u00f3n.<\/p>\n","protected":false},"author":31,"featured_media":38714,"comment_status":"open","ping_status":"open","sticky":false,"template":"","format":"standard","meta":{"_acf_changed":false,"_exactmetrics_skip_tracking":false,"_exactmetrics_sitenote_active":false,"_exactmetrics_sitenote_note":"","_exactmetrics_sitenote_category":0,"footnotes":"","_links_to":"","_links_to_target":""},"categories":[151,137,1],"tags":[],"class_list":["post-38642","post","type-post","status-publish","format-standard","has-post-thumbnail","hentry","category-banner","category-lugar-2","category-sin-categoria"],"acf":[],"yoast_head":"<!-- This site is optimized with the Yoast SEO plugin v26.9 - https:\/\/yoast.com\/product\/yoast-seo-wordpress\/ -->\n<title>Campamento Explora VA! 2020 Los R\u00edos y Los Lagos - Los R\u00edos<\/title>\n<meta name=\"robots\" content=\"index, follow, max-snippet:-1, max-image-preview:large, max-video-preview:-1\" \/>\n<link rel=\"canonical\" href=\"https:\/\/explora.cl\/rios\/campamento2020\/\" class=\"yoast-seo-meta-tag\" \/>\n<meta property=\"og:locale\" content=\"es_ES\" class=\"yoast-seo-meta-tag\" \/>\n<meta property=\"og:type\" content=\"article\" class=\"yoast-seo-meta-tag\" \/>\n<meta property=\"og:title\" content=\"Campamento Explora VA! 2020 Los R\u00edos y Los Lagos - Los R\u00edos\" class=\"yoast-seo-meta-tag\" \/>\n<meta property=\"og:description\" content=\"Ya est\u00e1n disponibles las postulaciones a esta iniciativa. Pueden participar educadoras\/es de p\u00e1rvulo, docentes de cualquier disciplina, jefes de las unidades t\u00e9cnico pedag\u00f3gicas, directivos y asistentes de la educaci\u00f3n.\" class=\"yoast-seo-meta-tag\" \/>\n<meta property=\"og:url\" content=\"https:\/\/explora.cl\/rios\/campamento2020\/\" class=\"yoast-seo-meta-tag\" \/>\n<meta property=\"og:site_name\" content=\"Los R\u00edos\" class=\"yoast-seo-meta-tag\" \/>\n<meta property=\"article:published_time\" content=\"2019-11-18T17:39:42+00:00\" class=\"yoast-seo-meta-tag\" \/>\n<meta property=\"article:modified_time\" content=\"2024-03-07T20:06:52+00:00\" class=\"yoast-seo-meta-tag\" \/>\n<meta property=\"og:image\" content=\"https:\/\/explora.cl\/rios\/wp-content\/uploads\/sites\/16\/2019\/11\/Resultado-banner-web-campamento-explora-02.png\" class=\"yoast-seo-meta-tag\" \/>\n\t<meta property=\"og:image:width\" content=\"1102\" class=\"yoast-seo-meta-tag\" \/>\n\t<meta property=\"og:image:height\" content=\"738\" class=\"yoast-seo-meta-tag\" \/>\n\t<meta property=\"og:image:type\" content=\"image\/png\" class=\"yoast-seo-meta-tag\" \/>\n<meta name=\"author\" content=\"smancilla\" class=\"yoast-seo-meta-tag\" \/>\n<meta name=\"twitter:card\" content=\"summary_large_image\" class=\"yoast-seo-meta-tag\" \/>\n<meta name=\"twitter:label1\" content=\"Escrito por\" class=\"yoast-seo-meta-tag\" \/>\n\t<meta name=\"twitter:data1\" content=\"smancilla\" class=\"yoast-seo-meta-tag\" \/>\n\t<meta name=\"twitter:label2\" content=\"Tiempo estimado de lectura\" class=\"yoast-seo-meta-tag\" \/>\n\t<meta name=\"twitter:data2\" content=\"3 minutos\" class=\"yoast-seo-meta-tag\" \/>\n<script type=\"application\/ld+json\" class=\"yoast-schema-graph\">{\"@context\":\"https:\/\/schema.org\",\"@graph\":[{\"@type\":\"Article\",\"@id\":\"https:\/\/explora.cl\/rios\/campamento2020\/#article\",\"isPartOf\":{\"@id\":\"https:\/\/explora.cl\/rios\/campamento2020\/\"},\"author\":{\"name\":\"smancilla\",\"@id\":\"https:\/\/explora.cl\/rios\/#\/schema\/person\/279896208736d277e75690dde6cc1ea9\"},\"headline\":\"Campamento Explora VA! 2020 Los R\u00edos y Los Lagos\",\"datePublished\":\"2019-11-18T17:39:42+00:00\",\"dateModified\":\"2024-03-07T20:06:52+00:00\",\"mainEntityOfPage\":{\"@id\":\"https:\/\/explora.cl\/rios\/campamento2020\/\"},\"wordCount\":536,\"commentCount\":0,\"image\":{\"@id\":\"https:\/\/explora.cl\/rios\/campamento2020\/#primaryimage\"},\"thumbnailUrl\":\"https:\/\/explora.cl\/rios\/wp-content\/uploads\/sites\/16\/2019\/11\/Resultado-banner-web-campamento-explora-02.png\",\"articleSection\":[\"Banner\",\"Lugar 2\"],\"inLanguage\":\"es-CL\",\"potentialAction\":[{\"@type\":\"CommentAction\",\"name\":\"Comment\",\"target\":[\"https:\/\/explora.cl\/rios\/campamento2020\/#respond\"]}]},{\"@type\":\"WebPage\",\"@id\":\"https:\/\/explora.cl\/rios\/campamento2020\/\",\"url\":\"https:\/\/explora.cl\/rios\/campamento2020\/\",\"name\":\"Campamento Explora VA! 2020 Los R\u00edos y Los Lagos - Los R\u00edos\",\"isPartOf\":{\"@id\":\"https:\/\/explora.cl\/rios\/#website\"},\"primaryImageOfPage\":{\"@id\":\"https:\/\/explora.cl\/rios\/campamento2020\/#primaryimage\"},\"image\":{\"@id\":\"https:\/\/explora.cl\/rios\/campamento2020\/#primaryimage\"},\"thumbnailUrl\":\"https:\/\/explora.cl\/rios\/wp-content\/uploads\/sites\/16\/2019\/11\/Resultado-banner-web-campamento-explora-02.png\",\"datePublished\":\"2019-11-18T17:39:42+00:00\",\"dateModified\":\"2024-03-07T20:06:52+00:00\",\"author\":{\"@id\":\"https:\/\/explora.cl\/rios\/#\/schema\/person\/279896208736d277e75690dde6cc1ea9\"},\"breadcrumb\":{\"@id\":\"https:\/\/explora.cl\/rios\/campamento2020\/#breadcrumb\"},\"inLanguage\":\"es-CL\",\"potentialAction\":[{\"@type\":\"ReadAction\",\"target\":[\"https:\/\/explora.cl\/rios\/campamento2020\/\"]}]},{\"@type\":\"ImageObject\",\"inLanguage\":\"es-CL\",\"@id\":\"https:\/\/explora.cl\/rios\/campamento2020\/#primaryimage\",\"url\":\"https:\/\/explora.cl\/rios\/wp-content\/uploads\/sites\/16\/2019\/11\/Resultado-banner-web-campamento-explora-02.png\",\"contentUrl\":\"https:\/\/explora.cl\/rios\/wp-content\/uploads\/sites\/16\/2019\/11\/Resultado-banner-web-campamento-explora-02.png\",\"width\":1102,\"height\":738},{\"@type\":\"BreadcrumbList\",\"@id\":\"https:\/\/explora.cl\/rios\/campamento2020\/#breadcrumb\",\"itemListElement\":[{\"@type\":\"ListItem\",\"position\":1,\"name\":\"Portada\",\"item\":\"https:\/\/explora.cl\/rios\/\"},{\"@type\":\"ListItem\",\"position\":2,\"name\":\"Campamento Explora VA! 2020 Los R\u00edos y Los Lagos\"}]},{\"@type\":\"WebSite\",\"@id\":\"https:\/\/explora.cl\/rios\/#website\",\"url\":\"https:\/\/explora.cl\/rios\/\",\"name\":\"Los R\u00edos\",\"description\":\"Otro sitio m\u00e1s de explora.cl\",\"potentialAction\":[{\"@type\":\"SearchAction\",\"target\":{\"@type\":\"EntryPoint\",\"urlTemplate\":\"https:\/\/explora.cl\/rios\/?s={search_term_string}\"},\"query-input\":{\"@type\":\"PropertyValueSpecification\",\"valueRequired\":true,\"valueName\":\"search_term_string\"}}],\"inLanguage\":\"es-CL\"},{\"@type\":\"Person\",\"@id\":\"https:\/\/explora.cl\/rios\/#\/schema\/person\/279896208736d277e75690dde6cc1ea9\",\"name\":\"smancilla\",\"image\":{\"@type\":\"ImageObject\",\"inLanguage\":\"es-CL\",\"@id\":\"https:\/\/explora.cl\/rios\/#\/schema\/person\/image\/\",\"url\":\"https:\/\/secure.gravatar.com\/avatar\/a1c7f8b1dd453e8facadec2bf18354190c777b5556feaaadfa0f6a129ab9b015?s=96&d=mm&r=g\",\"contentUrl\":\"https:\/\/secure.gravatar.com\/avatar\/a1c7f8b1dd453e8facadec2bf18354190c777b5556feaaadfa0f6a129ab9b015?s=96&d=mm&r=g\",\"caption\":\"smancilla\"},\"url\":\"https:\/\/explora.cl\/rios\/author\/smancilla\/\"}]}<\/script>\n<!-- \/ Yoast SEO plugin. -->","yoast_head_json":{"title":"Campamento Explora VA! 2020 Los R\u00edos y Los Lagos - Los R\u00edos","robots":{"index":"index","follow":"follow","max-snippet":"max-snippet:-1","max-image-preview":"max-image-preview:large","max-video-preview":"max-video-preview:-1"},"canonical":"https:\/\/explora.cl\/rios\/campamento2020\/","og_locale":"es_ES","og_type":"article","og_title":"Campamento Explora VA! 2020 Los R\u00edos y Los Lagos - Los R\u00edos","og_description":"Ya est\u00e1n disponibles las postulaciones a esta iniciativa. Pueden participar educadoras\/es de p\u00e1rvulo, docentes de cualquier disciplina, jefes de las unidades t\u00e9cnico pedag\u00f3gicas, directivos y asistentes de la educaci\u00f3n.","og_url":"https:\/\/explora.cl\/rios\/campamento2020\/","og_site_name":"Los R\u00edos","article_published_time":"2019-11-18T17:39:42+00:00","article_modified_time":"2024-03-07T20:06:52+00:00","og_image":[{"width":1102,"height":738,"url":"https:\/\/explora.cl\/rios\/wp-content\/uploads\/sites\/16\/2019\/11\/Resultado-banner-web-campamento-explora-02.png","type":"image\/png"}],"author":"smancilla","twitter_card":"summary_large_image","twitter_misc":{"Escrito por":"smancilla","Tiempo estimado de lectura":"3 minutos"},"schema":{"@context":"https:\/\/schema.org","@graph":[{"@type":"Article","@id":"https:\/\/explora.cl\/rios\/campamento2020\/#article","isPartOf":{"@id":"https:\/\/explora.cl\/rios\/campamento2020\/"},"author":{"name":"smancilla","@id":"https:\/\/explora.cl\/rios\/#\/schema\/person\/279896208736d277e75690dde6cc1ea9"},"headline":"Campamento Explora VA! 2020 Los R\u00edos y Los Lagos","datePublished":"2019-11-18T17:39:42+00:00","dateModified":"2024-03-07T20:06:52+00:00","mainEntityOfPage":{"@id":"https:\/\/explora.cl\/rios\/campamento2020\/"},"wordCount":536,"commentCount":0,"image":{"@id":"https:\/\/explora.cl\/rios\/campamento2020\/#primaryimage"},"thumbnailUrl":"https:\/\/explora.cl\/rios\/wp-content\/uploads\/sites\/16\/2019\/11\/Resultado-banner-web-campamento-explora-02.png","articleSection":["Banner","Lugar 2"],"inLanguage":"es-CL","potentialAction":[{"@type":"CommentAction","name":"Comment","target":["https:\/\/explora.cl\/rios\/campamento2020\/#respond"]}]},{"@type":"WebPage","@id":"https:\/\/explora.cl\/rios\/campamento2020\/","url":"https:\/\/explora.cl\/rios\/campamento2020\/","name":"Campamento Explora VA! 2020 Los R\u00edos y Los Lagos - Los R\u00edos","isPartOf":{"@id":"https:\/\/explora.cl\/rios\/#website"},"primaryImageOfPage":{"@id":"https:\/\/explora.cl\/rios\/campamento2020\/#primaryimage"},"image":{"@id":"https:\/\/explora.cl\/rios\/campamento2020\/#primaryimage"},"thumbnailUrl":"https:\/\/explora.cl\/rios\/wp-content\/uploads\/sites\/16\/2019\/11\/Resultado-banner-web-campamento-explora-02.png","datePublished":"2019-11-18T17:39:42+00:00","dateModified":"2024-03-07T20:06:52+00:00","author":{"@id":"https:\/\/explora.cl\/rios\/#\/schema\/person\/279896208736d277e75690dde6cc1ea9"},"breadcrumb":{"@id":"https:\/\/explora.cl\/rios\/campamento2020\/#breadcrumb"},"inLanguage":"es-CL","potentialAction":[{"@type":"ReadAction","target":["https:\/\/explora.cl\/rios\/campamento2020\/"]}]},{"@type":"ImageObject","inLanguage":"es-CL","@id":"https:\/\/explora.cl\/rios\/campamento2020\/#primaryimage","url":"https:\/\/explora.cl\/rios\/wp-content\/uploads\/sites\/16\/2019\/11\/Resultado-banner-web-campamento-explora-02.png","contentUrl":"https:\/\/explora.cl\/rios\/wp-content\/uploads\/sites\/16\/2019\/11\/Resultado-banner-web-campamento-explora-02.png","width":1102,"height":738},{"@type":"BreadcrumbList","@id":"https:\/\/explora.cl\/rios\/campamento2020\/#breadcrumb","itemListElement":[{"@type":"ListItem","position":1,"name":"Portada","item":"https:\/\/explora.cl\/rios\/"},{"@type":"ListItem","position":2,"name":"Campamento Explora VA! 2020 Los R\u00edos y Los Lagos"}]},{"@type":"WebSite","@id":"https:\/\/explora.cl\/rios\/#website","url":"https:\/\/explora.cl\/rios\/","name":"Los R\u00edos","description":"Otro sitio m\u00e1s de explora.cl","potentialAction":[{"@type":"SearchAction","target":{"@type":"EntryPoint","urlTemplate":"https:\/\/explora.cl\/rios\/?s={search_term_string}"},"query-input":{"@type":"PropertyValueSpecification","valueRequired":true,"valueName":"search_term_string"}}],"inLanguage":"es-CL"},{"@type":"Person","@id":"https:\/\/explora.cl\/rios\/#\/schema\/person\/279896208736d277e75690dde6cc1ea9","name":"smancilla","image":{"@type":"ImageObject","inLanguage":"es-CL","@id":"https:\/\/explora.cl\/rios\/#\/schema\/person\/image\/","url":"https:\/\/secure.gravatar.com\/avatar\/a1c7f8b1dd453e8facadec2bf18354190c777b5556feaaadfa0f6a129ab9b015?s=96&d=mm&r=g","contentUrl":"https:\/\/secure.gravatar.com\/avatar\/a1c7f8b1dd453e8facadec2bf18354190c777b5556feaaadfa0f6a129ab9b015?s=96&d=mm&r=g","caption":"smancilla"},"url":"https:\/\/explora.cl\/rios\/author\/smancilla\/"}]}},"_links":{"self":[{"href":"https:\/\/explora.cl\/rios\/wp-json\/wp\/v2\/posts\/38642","targetHints":{"allow":["GET"]}}],"collection":[{"href":"https:\/\/explora.cl\/rios\/wp-json\/wp\/v2\/posts"}],"about":[{"href":"https:\/\/explora.cl\/rios\/wp-json\/wp\/v2\/types\/post"}],"author":[{"embeddable":true,"href":"https:\/\/explora.cl\/rios\/wp-json\/wp\/v2\/users\/31"}],"replies":[{"embeddable":true,"href":"https:\/\/explora.cl\/rios\/wp-json\/wp\/v2\/comments?post=38642"}],"version-history":[{"count":21,"href":"https:\/\/explora.cl\/rios\/wp-json\/wp\/v2\/posts\/38642\/revisions"}],"predecessor-version":[{"id":42648,"href":"https:\/\/explora.cl\/rios\/wp-json\/wp\/v2\/posts\/38642\/revisions\/42648"}],"wp:featuredmedia":[{"embeddable":true,"href":"https:\/\/explora.cl\/rios\/wp-json\/wp\/v2\/media\/38714"}],"wp:attachment":[{"href":"https:\/\/explora.cl\/rios\/wp-json\/wp\/v2\/media?parent=38642"}],"wp:term":[{"taxonomy":"category","embeddable":true,"href":"https:\/\/explora.cl\/rios\/wp-json\/wp\/v2\/categories?post=38642"},{"taxonomy":"post_tag","embeddable":true,"href":"https:\/\/explora.cl\/rios\/wp-json\/wp\/v2\/tags?post=38642"}],"curies":[{"name":"wp","href":"https:\/\/api.w.org\/{rel}","templated":true}]}}