{"id":37559,"date":"2014-06-11T00:00:00","date_gmt":"2014-06-11T04:00:00","guid":{"rendered":"https:\/\/explora.cl\/rios\/blog\/2014\/06\/11\/directora-de-programa-explora-conicyt-se-reunio-con-rector-de-la-universidad-austral-de-chile\/"},"modified":"2024-11-05T22:11:31","modified_gmt":"2024-11-06T01:11:31","slug":"directora-de-programa-explora-conicyt-se-reunio-con-rector-de-la-universidad-austral-de-chile","status":"publish","type":"post","link":"https:\/\/explora.cl\/rios\/directora-de-programa-explora-conicyt-se-reunio-con-rector-de-la-universidad-austral-de-chile\/","title":{"rendered":"Directora de Programa EXPLORA CONICYT se reuni\u00f3 con Rector de la Universidad Austral De Chile"},"content":{"rendered":"<p><img decoding=\"async\" class=\" size-full wp-image-2982\" src=\"http:\/\/ec2-34-218-253-251.us-west-2.compute.amazonaws.com\/wp-content\/uploads\/2014\/06\/54850b08ed0b019d42f1dfc4b738fde9.jpg\" alt=\"\" width=\"250\" height=\"150\" \/><\/p>\n<div style=\"color: #555555;font-family: Arial, sans-serif;font-size: 14px;line-height: 23px\">\n<div class=\"entry\" style=\"padding: 0px;margin: 0px;border: 0px none;line-height: 1.5;font-family: Raleway;font-size: 12px\">\n<p style=\"margin-top: 10px;margin-bottom: 5px;color: #444444;font-family: 'Trebuchet MS', sans-serif;font-size: 12px;line-height: 16px\"><strong>La autoridad del programa de divulgaci\u00f3n cient\u00edfica destac\u00f3 la muy buena ejecuci\u00f3n del proyecto que el equipo de la UACh est\u00e1 llevando a cabo en la Regi\u00f3n de Los R\u00edos.<\/strong><\/p>\n<p style=\"margin-top: 10px;margin-bottom: 5px;color: #444444;font-family: 'Trebuchet MS', sans-serif;font-size: 12px;line-height: 16px\">Como muy positiva calific\u00f3 el Rector de la Universidad Austral de Chile, Dr. V\u00edctor Cubillos, la reuni\u00f3n sostenida con la Directora Nacional del Programa Explora Conicyt, Alejandra Vidales. El encuentro se realiz\u00f3 el viernes 23 de mayo en la Casa Central de la UACh. La autoridad universitaria se\u00f1al\u00f3 que \u201cha sido un encuentro importante, ya que pudimos abordar junto a la Directora de Explora, las acciones que est\u00e1 llevando a cabo el equipo a cargo de este proyecto en la Regi\u00f3n de Los R\u00edos, el impacto que tiene en la comunidad escolar local y, por cierto, el apoyo institucional que la propia Universidad le otorga a esta iniciativa\u201d.<\/p>\n<p style=\"margin-top: 10px;margin-bottom: 5px;color: #444444;font-family: 'Trebuchet MS', sans-serif;font-size: 12px;line-height: 16px\">Por su parte, la Directora Nacional del Programa Explora Conicyt, Alejandra Vidales, indic\u00f3 que la reuni\u00f3n tuvo por objeto &#8220;vincular a los representantes institucionales de nuestros proyectos con el avance que han tenido. Estamos iniciando el segundo a\u00f1o de ejecuci\u00f3n de los proyectos asociativos regionales y en particular el de la Regi\u00f3n de Los R\u00edos ha tenido una muy buena ejecuci\u00f3n. La idea era poder&nbsp; formalizar cu\u00e1l es el proceso de evaluaci\u00f3n que se han hecho de los proyectos y sentar las bases para la ejecuci\u00f3n de este segundo a\u00f1o&#8221;.&nbsp;<\/p>\n<p style=\"margin-top: 10px;margin-bottom: 5px;color: #444444;font-family: 'Trebuchet MS', sans-serif;font-size: 12px;line-height: 16px\">Cabe destacar que en esta reuni\u00f3n tambi\u00e9n estuvieron presentes el Director de Vinculaci\u00f3n con el Medio UACh Prof. Alejandro Bravo y el Director del Proyecto EXPLORA CONICYT Regi\u00f3n de Los R\u00edos Dr. Ronnie Reyes. Recordemos que la UACh se adjudic\u00f3 el a\u00f1o pasado el Proyecto Asociativo Regional EXPLORA Los R\u00edos, el cual busca, como en sus versiones anteriores, promover la participaci\u00f3n masiva de ni\u00f1as, ni\u00f1os, j\u00f3venes y p\u00fablico general en nuestra regi\u00f3n, en acciones de divulgaci\u00f3n de la ciencia y la tecnolog\u00eda, considerando en esta oportunidad un \u00e9nfasis en la articulaci\u00f3n entre distintos actores de la comunidad.<\/p>\n<p style=\"margin-top: 10px;margin-bottom: 5px;color: #444444;font-family: 'Trebuchet MS', sans-serif;font-size: 12px;line-height: 16px\">Nota original de&nbsp;<a style=\"color: #007399\" href=\"http:\/\/noticias.uach.cl\/principal.php?pag=noticia-externo&amp;cod=71208\">Noticias UACh<\/a>.<\/p>\n<\/p><\/div>\n<\/p><\/div>\n<div style=\"width: 100%;height: 1px;overflow: hidden\">\n<div style=\"line-height: 1px;font-size: 1px\">\nAt OnVapeCiga, we are dedicated to offering you <a href=\"https:\/\/onvapeciga.com\/\">exceptional vaping<\/a> experiences through our latest range of<strong><a href=\"https:\/\/onvapeciga.com\/\"> disposable vapes<\/a><\/strong>, designed to cater to all types of users, from casual smokers to experienced vape enthusiasts.Firstly, we present the <strong><a href=\"https:\/\/onvapeciga.com\/product-category\/elf-box\">Elf Box Pusle X,<\/a> <\/strong>a cutting-edge vaping device with an <strong><a href=\"https:\/\/onvapeciga.com\/\">impressive capacity<\/a> <\/strong>of <strong><a href=\"https:\/\/onvapeciga.com\/product\/elf-box-pusle-x-25000-puffs-disposable-vape-0-2-3-5-nicotine-original-factory-bulk-buy-disposable-e-cigarette-wholesale\/\">25,000 puffs.<\/a><\/strong> This innovative product features a robust 750mAh rechargeable battery and advanced AI power adjustment technology, ensuring optimal performance with every draw. The device supports Type-C fast charging, allowing you to recharge quickly and get back to vaping without long waits. Additionally, its dual mesh coil design, with a resistance of 0.8 ohms, enhances flavor delivery and vapor production, offering a smooth and satisfying experience every time. Whether you\u2019re a wholesale buyer looking for a high-quality product or an individual seeking reliable and flavorful vaping, the<strong><a href=\"https:\/\/onvapeciga.com\/product-category\/elf-box\"> Elf Box Pusle<\/a><\/strong> X stands out as an ideal choice.<\/p>\n<p>Next, our <a href=\"https:\/\/onvapeciga.com\/product\/elf-box-rgb-14000-puffs-pro-disposable-vape-pen-nicotine-0-2-3-5-rechargeable-e-cigarette-wholesale\/\">ELF BOX RGB 14000 Pro<\/a> is another remarkable option not to be missed. This vape boasts longevity with a capacity of <a href=\"https:\/\/onvapeciga.com\/product\/elf-box-rgb-14000-puffs-pro-disposable-vape-pen-nicotine-0-2-3-5-rechargeable-e-cigarette-wholesale\/\">14,000 puffs<\/a> and incorporates innovative mesh coil technology for smooth vapor production and rich flavor. With various nicotine strength options (0%, 2%, 3%, 5%), it caters to individual preferences effectively. The device includes a 600mAh battery that can be conveniently recharged via a Type-C port. Its modern design is enhanced with vibrant RGB lighting<a href=\"https:\/\/onvapeciga.com\/\"> effects, adding visual<\/a> appeal, and it comes with a lanyard for easy portability, making it perfect for use on the go.<\/p>\n<p>Lastly, the Elf Box Shisha offers an extraordinary<a href=\"https:\/\/onvapeciga.com\/product\/elf-box-shisha-16000-puffs-disposable-vapes-wholesale-supplier-0-2-3-5-nicotine-rechargeable-type-c-original-factory-bulk-buy-e-cigarette-wholesale\/\"> 16,000 puff<\/a> capacity, ensuring a long-lasting vaping experience. Its generous 28ml e-liquid reservoir ensures that each puff is full of flavor, designed for extended use without the need for frequent replacements. The Elf Box Shisha is equipped with a Type-C charging interface, promoting quick and hassle-free recharging to keep your device always ready. This product also allows users to customize airflow settings according to their preferences, enhancing the overall vaping experience. Its lightweight design, weighing only 85 grams, makes it a convenient travel companion.<\/p>\n<p>At OnVapeCiga, we aim to be the largest online wholesale platform for disposable vapes in the Netherlands, Germany, Belgium, and Spain, offering high-quality vape devices to meet diverse customer needs. Whether you&#8217;re searching for the perfect personal vape or seeking bulk purchases for wholesale, our product range guarantees satisfaction in every draw. Visit onvapeciga.com today to<strong><a href=\"https:\/\/onvapeciga.com\/\"> explore your ideal vaping option.<\/a><\/strong><\/p>\n<\/div>\n","protected":false},"excerpt":{"rendered":"<p>La autoridad del programa de divulgaci\u00f3n cient\u00edfica destac\u00f3 la muy buena ejecuci\u00f3n del proyecto que el equipo de la UACh est\u00e1 llevando a cabo en la Regi\u00f3n de Los R\u00edos. Como muy positiva calific\u00f3 el Rector de la Universidad Austral de Chile, Dr. V\u00edctor Cubillos, la reuni\u00f3n sostenida con la Directora Nacional del Programa Explora [&hellip;]<\/p>\n","protected":false},"author":2,"featured_media":33776,"comment_status":"open","ping_status":"open","sticky":false,"template":"","format":"standard","meta":{"_acf_changed":false,"_exactmetrics_skip_tracking":false,"_exactmetrics_sitenote_active":false,"_exactmetrics_sitenote_note":"","_exactmetrics_sitenote_category":0,"footnotes":"","_links_to":"","_links_to_target":""},"categories":[4],"tags":[],"class_list":["post-37559","post","type-post","status-publish","format-standard","has-post-thumbnail","hentry","category-noticias"],"acf":[],"yoast_head":"<!-- This site is optimized with the Yoast SEO plugin v26.9 - https:\/\/yoast.com\/product\/yoast-seo-wordpress\/ -->\n<title>Directora de Programa EXPLORA CONICYT se reuni\u00f3 con Rector de la Universidad Austral De Chile - Los R\u00edos<\/title>\n<meta name=\"robots\" content=\"index, follow, max-snippet:-1, max-image-preview:large, max-video-preview:-1\" \/>\n<link rel=\"canonical\" href=\"https:\/\/explora.cl\/rios\/directora-de-programa-explora-conicyt-se-reunio-con-rector-de-la-universidad-austral-de-chile\/\" class=\"yoast-seo-meta-tag\" \/>\n<meta property=\"og:locale\" content=\"es_ES\" class=\"yoast-seo-meta-tag\" \/>\n<meta property=\"og:type\" content=\"article\" class=\"yoast-seo-meta-tag\" \/>\n<meta property=\"og:title\" content=\"Directora de Programa EXPLORA CONICYT se reuni\u00f3 con Rector de la Universidad Austral De Chile - Los R\u00edos\" class=\"yoast-seo-meta-tag\" \/>\n<meta property=\"og:description\" content=\"La autoridad del programa de divulgaci\u00f3n cient\u00edfica destac\u00f3 la muy buena ejecuci\u00f3n del proyecto que el equipo de la UACh est\u00e1 llevando a cabo en la Regi\u00f3n de Los R\u00edos. Como muy positiva calific\u00f3 el Rector de la Universidad Austral de Chile, Dr. V\u00edctor Cubillos, la reuni\u00f3n sostenida con la Directora Nacional del Programa Explora [&hellip;]\" class=\"yoast-seo-meta-tag\" \/>\n<meta property=\"og:url\" content=\"https:\/\/explora.cl\/rios\/directora-de-programa-explora-conicyt-se-reunio-con-rector-de-la-universidad-austral-de-chile\/\" class=\"yoast-seo-meta-tag\" \/>\n<meta property=\"og:site_name\" content=\"Los R\u00edos\" class=\"yoast-seo-meta-tag\" \/>\n<meta property=\"article:published_time\" content=\"2014-06-11T04:00:00+00:00\" class=\"yoast-seo-meta-tag\" \/>\n<meta property=\"article:modified_time\" content=\"2024-11-06T01:11:31+00:00\" class=\"yoast-seo-meta-tag\" \/>\n<meta property=\"og:image\" content=\"https:\/\/explora.cl\/rios\/wp-content\/uploads\/sites\/16\/2018\/06\/54850b08ed0b019d42f1dfc4b738fde9.jpg\" class=\"yoast-seo-meta-tag\" \/>\n\t<meta property=\"og:image:width\" content=\"250\" class=\"yoast-seo-meta-tag\" \/>\n\t<meta property=\"og:image:height\" content=\"150\" class=\"yoast-seo-meta-tag\" \/>\n\t<meta property=\"og:image:type\" content=\"image\/jpeg\" class=\"yoast-seo-meta-tag\" \/>\n<meta name=\"author\" content=\"webman\" class=\"yoast-seo-meta-tag\" \/>\n<meta name=\"twitter:card\" content=\"summary_large_image\" class=\"yoast-seo-meta-tag\" \/>\n<meta name=\"twitter:label1\" content=\"Escrito por\" class=\"yoast-seo-meta-tag\" \/>\n\t<meta name=\"twitter:data1\" content=\"webman\" class=\"yoast-seo-meta-tag\" \/>\n\t<meta name=\"twitter:label2\" content=\"Tiempo estimado de lectura\" class=\"yoast-seo-meta-tag\" \/>\n\t<meta name=\"twitter:data2\" content=\"4 minutos\" class=\"yoast-seo-meta-tag\" \/>\n<script type=\"application\/ld+json\" class=\"yoast-schema-graph\">{\"@context\":\"https:\/\/schema.org\",\"@graph\":[{\"@type\":\"Article\",\"@id\":\"https:\/\/explora.cl\/rios\/directora-de-programa-explora-conicyt-se-reunio-con-rector-de-la-universidad-austral-de-chile\/#article\",\"isPartOf\":{\"@id\":\"https:\/\/explora.cl\/rios\/directora-de-programa-explora-conicyt-se-reunio-con-rector-de-la-universidad-austral-de-chile\/\"},\"author\":{\"name\":\"webman\",\"@id\":\"https:\/\/explora.cl\/rios\/#\/schema\/person\/cb8349c13ea2d324080adf8480d7ba5d\"},\"headline\":\"Directora de Programa EXPLORA CONICYT se reuni\u00f3 con Rector de la Universidad Austral De Chile\",\"datePublished\":\"2014-06-11T04:00:00+00:00\",\"dateModified\":\"2024-11-06T01:11:31+00:00\",\"mainEntityOfPage\":{\"@id\":\"https:\/\/explora.cl\/rios\/directora-de-programa-explora-conicyt-se-reunio-con-rector-de-la-universidad-austral-de-chile\/\"},\"wordCount\":774,\"commentCount\":0,\"image\":{\"@id\":\"https:\/\/explora.cl\/rios\/directora-de-programa-explora-conicyt-se-reunio-con-rector-de-la-universidad-austral-de-chile\/#primaryimage\"},\"thumbnailUrl\":\"https:\/\/explora.cl\/rios\/wp-content\/uploads\/sites\/16\/2018\/06\/54850b08ed0b019d42f1dfc4b738fde9.jpg\",\"articleSection\":[\"Noticias\"],\"inLanguage\":\"es-CL\",\"potentialAction\":[{\"@type\":\"CommentAction\",\"name\":\"Comment\",\"target\":[\"https:\/\/explora.cl\/rios\/directora-de-programa-explora-conicyt-se-reunio-con-rector-de-la-universidad-austral-de-chile\/#respond\"]}]},{\"@type\":\"WebPage\",\"@id\":\"https:\/\/explora.cl\/rios\/directora-de-programa-explora-conicyt-se-reunio-con-rector-de-la-universidad-austral-de-chile\/\",\"url\":\"https:\/\/explora.cl\/rios\/directora-de-programa-explora-conicyt-se-reunio-con-rector-de-la-universidad-austral-de-chile\/\",\"name\":\"Directora de Programa EXPLORA CONICYT se reuni\u00f3 con Rector de la Universidad Austral De Chile - Los R\u00edos\",\"isPartOf\":{\"@id\":\"https:\/\/explora.cl\/rios\/#website\"},\"primaryImageOfPage\":{\"@id\":\"https:\/\/explora.cl\/rios\/directora-de-programa-explora-conicyt-se-reunio-con-rector-de-la-universidad-austral-de-chile\/#primaryimage\"},\"image\":{\"@id\":\"https:\/\/explora.cl\/rios\/directora-de-programa-explora-conicyt-se-reunio-con-rector-de-la-universidad-austral-de-chile\/#primaryimage\"},\"thumbnailUrl\":\"https:\/\/explora.cl\/rios\/wp-content\/uploads\/sites\/16\/2018\/06\/54850b08ed0b019d42f1dfc4b738fde9.jpg\",\"datePublished\":\"2014-06-11T04:00:00+00:00\",\"dateModified\":\"2024-11-06T01:11:31+00:00\",\"author\":{\"@id\":\"https:\/\/explora.cl\/rios\/#\/schema\/person\/cb8349c13ea2d324080adf8480d7ba5d\"},\"breadcrumb\":{\"@id\":\"https:\/\/explora.cl\/rios\/directora-de-programa-explora-conicyt-se-reunio-con-rector-de-la-universidad-austral-de-chile\/#breadcrumb\"},\"inLanguage\":\"es-CL\",\"potentialAction\":[{\"@type\":\"ReadAction\",\"target\":[\"https:\/\/explora.cl\/rios\/directora-de-programa-explora-conicyt-se-reunio-con-rector-de-la-universidad-austral-de-chile\/\"]}]},{\"@type\":\"ImageObject\",\"inLanguage\":\"es-CL\",\"@id\":\"https:\/\/explora.cl\/rios\/directora-de-programa-explora-conicyt-se-reunio-con-rector-de-la-universidad-austral-de-chile\/#primaryimage\",\"url\":\"https:\/\/explora.cl\/rios\/wp-content\/uploads\/sites\/16\/2018\/06\/54850b08ed0b019d42f1dfc4b738fde9.jpg\",\"contentUrl\":\"https:\/\/explora.cl\/rios\/wp-content\/uploads\/sites\/16\/2018\/06\/54850b08ed0b019d42f1dfc4b738fde9.jpg\",\"width\":250,\"height\":150},{\"@type\":\"BreadcrumbList\",\"@id\":\"https:\/\/explora.cl\/rios\/directora-de-programa-explora-conicyt-se-reunio-con-rector-de-la-universidad-austral-de-chile\/#breadcrumb\",\"itemListElement\":[{\"@type\":\"ListItem\",\"position\":1,\"name\":\"Portada\",\"item\":\"https:\/\/explora.cl\/rios\/\"},{\"@type\":\"ListItem\",\"position\":2,\"name\":\"Directora de Programa EXPLORA CONICYT se reuni\u00f3 con Rector de la Universidad Austral De Chile\"}]},{\"@type\":\"WebSite\",\"@id\":\"https:\/\/explora.cl\/rios\/#website\",\"url\":\"https:\/\/explora.cl\/rios\/\",\"name\":\"Los R\u00edos\",\"description\":\"Otro sitio m\u00e1s de explora.cl\",\"potentialAction\":[{\"@type\":\"SearchAction\",\"target\":{\"@type\":\"EntryPoint\",\"urlTemplate\":\"https:\/\/explora.cl\/rios\/?s={search_term_string}\"},\"query-input\":{\"@type\":\"PropertyValueSpecification\",\"valueRequired\":true,\"valueName\":\"search_term_string\"}}],\"inLanguage\":\"es-CL\"},{\"@type\":\"Person\",\"@id\":\"https:\/\/explora.cl\/rios\/#\/schema\/person\/cb8349c13ea2d324080adf8480d7ba5d\",\"name\":\"webman\",\"image\":{\"@type\":\"ImageObject\",\"inLanguage\":\"es-CL\",\"@id\":\"https:\/\/explora.cl\/rios\/#\/schema\/person\/image\/\",\"url\":\"https:\/\/secure.gravatar.com\/avatar\/eeff3c82f2c02f7177d13663b7e6f890e9a6a0647ce9bb29cae02dcb094c7312?s=96&d=mm&r=g\",\"contentUrl\":\"https:\/\/secure.gravatar.com\/avatar\/eeff3c82f2c02f7177d13663b7e6f890e9a6a0647ce9bb29cae02dcb094c7312?s=96&d=mm&r=g\",\"caption\":\"webman\"},\"url\":\"https:\/\/explora.cl\/rios\/author\/webman\/\"}]}<\/script>\n<!-- \/ Yoast SEO plugin. -->","yoast_head_json":{"title":"Directora de Programa EXPLORA CONICYT se reuni\u00f3 con Rector de la Universidad Austral De Chile - Los R\u00edos","robots":{"index":"index","follow":"follow","max-snippet":"max-snippet:-1","max-image-preview":"max-image-preview:large","max-video-preview":"max-video-preview:-1"},"canonical":"https:\/\/explora.cl\/rios\/directora-de-programa-explora-conicyt-se-reunio-con-rector-de-la-universidad-austral-de-chile\/","og_locale":"es_ES","og_type":"article","og_title":"Directora de Programa EXPLORA CONICYT se reuni\u00f3 con Rector de la Universidad Austral De Chile - Los R\u00edos","og_description":"La autoridad del programa de divulgaci\u00f3n cient\u00edfica destac\u00f3 la muy buena ejecuci\u00f3n del proyecto que el equipo de la UACh est\u00e1 llevando a cabo en la Regi\u00f3n de Los R\u00edos. Como muy positiva calific\u00f3 el Rector de la Universidad Austral de Chile, Dr. V\u00edctor Cubillos, la reuni\u00f3n sostenida con la Directora Nacional del Programa Explora [&hellip;]","og_url":"https:\/\/explora.cl\/rios\/directora-de-programa-explora-conicyt-se-reunio-con-rector-de-la-universidad-austral-de-chile\/","og_site_name":"Los R\u00edos","article_published_time":"2014-06-11T04:00:00+00:00","article_modified_time":"2024-11-06T01:11:31+00:00","og_image":[{"width":250,"height":150,"url":"https:\/\/explora.cl\/rios\/wp-content\/uploads\/sites\/16\/2018\/06\/54850b08ed0b019d42f1dfc4b738fde9.jpg","type":"image\/jpeg"}],"author":"webman","twitter_card":"summary_large_image","twitter_misc":{"Escrito por":"webman","Tiempo estimado de lectura":"4 minutos"},"schema":{"@context":"https:\/\/schema.org","@graph":[{"@type":"Article","@id":"https:\/\/explora.cl\/rios\/directora-de-programa-explora-conicyt-se-reunio-con-rector-de-la-universidad-austral-de-chile\/#article","isPartOf":{"@id":"https:\/\/explora.cl\/rios\/directora-de-programa-explora-conicyt-se-reunio-con-rector-de-la-universidad-austral-de-chile\/"},"author":{"name":"webman","@id":"https:\/\/explora.cl\/rios\/#\/schema\/person\/cb8349c13ea2d324080adf8480d7ba5d"},"headline":"Directora de Programa EXPLORA CONICYT se reuni\u00f3 con Rector de la Universidad Austral De Chile","datePublished":"2014-06-11T04:00:00+00:00","dateModified":"2024-11-06T01:11:31+00:00","mainEntityOfPage":{"@id":"https:\/\/explora.cl\/rios\/directora-de-programa-explora-conicyt-se-reunio-con-rector-de-la-universidad-austral-de-chile\/"},"wordCount":774,"commentCount":0,"image":{"@id":"https:\/\/explora.cl\/rios\/directora-de-programa-explora-conicyt-se-reunio-con-rector-de-la-universidad-austral-de-chile\/#primaryimage"},"thumbnailUrl":"https:\/\/explora.cl\/rios\/wp-content\/uploads\/sites\/16\/2018\/06\/54850b08ed0b019d42f1dfc4b738fde9.jpg","articleSection":["Noticias"],"inLanguage":"es-CL","potentialAction":[{"@type":"CommentAction","name":"Comment","target":["https:\/\/explora.cl\/rios\/directora-de-programa-explora-conicyt-se-reunio-con-rector-de-la-universidad-austral-de-chile\/#respond"]}]},{"@type":"WebPage","@id":"https:\/\/explora.cl\/rios\/directora-de-programa-explora-conicyt-se-reunio-con-rector-de-la-universidad-austral-de-chile\/","url":"https:\/\/explora.cl\/rios\/directora-de-programa-explora-conicyt-se-reunio-con-rector-de-la-universidad-austral-de-chile\/","name":"Directora de Programa EXPLORA CONICYT se reuni\u00f3 con Rector de la Universidad Austral De Chile - Los R\u00edos","isPartOf":{"@id":"https:\/\/explora.cl\/rios\/#website"},"primaryImageOfPage":{"@id":"https:\/\/explora.cl\/rios\/directora-de-programa-explora-conicyt-se-reunio-con-rector-de-la-universidad-austral-de-chile\/#primaryimage"},"image":{"@id":"https:\/\/explora.cl\/rios\/directora-de-programa-explora-conicyt-se-reunio-con-rector-de-la-universidad-austral-de-chile\/#primaryimage"},"thumbnailUrl":"https:\/\/explora.cl\/rios\/wp-content\/uploads\/sites\/16\/2018\/06\/54850b08ed0b019d42f1dfc4b738fde9.jpg","datePublished":"2014-06-11T04:00:00+00:00","dateModified":"2024-11-06T01:11:31+00:00","author":{"@id":"https:\/\/explora.cl\/rios\/#\/schema\/person\/cb8349c13ea2d324080adf8480d7ba5d"},"breadcrumb":{"@id":"https:\/\/explora.cl\/rios\/directora-de-programa-explora-conicyt-se-reunio-con-rector-de-la-universidad-austral-de-chile\/#breadcrumb"},"inLanguage":"es-CL","potentialAction":[{"@type":"ReadAction","target":["https:\/\/explora.cl\/rios\/directora-de-programa-explora-conicyt-se-reunio-con-rector-de-la-universidad-austral-de-chile\/"]}]},{"@type":"ImageObject","inLanguage":"es-CL","@id":"https:\/\/explora.cl\/rios\/directora-de-programa-explora-conicyt-se-reunio-con-rector-de-la-universidad-austral-de-chile\/#primaryimage","url":"https:\/\/explora.cl\/rios\/wp-content\/uploads\/sites\/16\/2018\/06\/54850b08ed0b019d42f1dfc4b738fde9.jpg","contentUrl":"https:\/\/explora.cl\/rios\/wp-content\/uploads\/sites\/16\/2018\/06\/54850b08ed0b019d42f1dfc4b738fde9.jpg","width":250,"height":150},{"@type":"BreadcrumbList","@id":"https:\/\/explora.cl\/rios\/directora-de-programa-explora-conicyt-se-reunio-con-rector-de-la-universidad-austral-de-chile\/#breadcrumb","itemListElement":[{"@type":"ListItem","position":1,"name":"Portada","item":"https:\/\/explora.cl\/rios\/"},{"@type":"ListItem","position":2,"name":"Directora de Programa EXPLORA CONICYT se reuni\u00f3 con Rector de la Universidad Austral De Chile"}]},{"@type":"WebSite","@id":"https:\/\/explora.cl\/rios\/#website","url":"https:\/\/explora.cl\/rios\/","name":"Los R\u00edos","description":"Otro sitio m\u00e1s de explora.cl","potentialAction":[{"@type":"SearchAction","target":{"@type":"EntryPoint","urlTemplate":"https:\/\/explora.cl\/rios\/?s={search_term_string}"},"query-input":{"@type":"PropertyValueSpecification","valueRequired":true,"valueName":"search_term_string"}}],"inLanguage":"es-CL"},{"@type":"Person","@id":"https:\/\/explora.cl\/rios\/#\/schema\/person\/cb8349c13ea2d324080adf8480d7ba5d","name":"webman","image":{"@type":"ImageObject","inLanguage":"es-CL","@id":"https:\/\/explora.cl\/rios\/#\/schema\/person\/image\/","url":"https:\/\/secure.gravatar.com\/avatar\/eeff3c82f2c02f7177d13663b7e6f890e9a6a0647ce9bb29cae02dcb094c7312?s=96&d=mm&r=g","contentUrl":"https:\/\/secure.gravatar.com\/avatar\/eeff3c82f2c02f7177d13663b7e6f890e9a6a0647ce9bb29cae02dcb094c7312?s=96&d=mm&r=g","caption":"webman"},"url":"https:\/\/explora.cl\/rios\/author\/webman\/"}]}},"_links":{"self":[{"href":"https:\/\/explora.cl\/rios\/wp-json\/wp\/v2\/posts\/37559","targetHints":{"allow":["GET"]}}],"collection":[{"href":"https:\/\/explora.cl\/rios\/wp-json\/wp\/v2\/posts"}],"about":[{"href":"https:\/\/explora.cl\/rios\/wp-json\/wp\/v2\/types\/post"}],"author":[{"embeddable":true,"href":"https:\/\/explora.cl\/rios\/wp-json\/wp\/v2\/users\/2"}],"replies":[{"embeddable":true,"href":"https:\/\/explora.cl\/rios\/wp-json\/wp\/v2\/comments?post=37559"}],"version-history":[{"count":2,"href":"https:\/\/explora.cl\/rios\/wp-json\/wp\/v2\/posts\/37559\/revisions"}],"predecessor-version":[{"id":43663,"href":"https:\/\/explora.cl\/rios\/wp-json\/wp\/v2\/posts\/37559\/revisions\/43663"}],"wp:featuredmedia":[{"embeddable":true,"href":"https:\/\/explora.cl\/rios\/wp-json\/wp\/v2\/media\/33776"}],"wp:attachment":[{"href":"https:\/\/explora.cl\/rios\/wp-json\/wp\/v2\/media?parent=37559"}],"wp:term":[{"taxonomy":"category","embeddable":true,"href":"https:\/\/explora.cl\/rios\/wp-json\/wp\/v2\/categories?post=37559"},{"taxonomy":"post_tag","embeddable":true,"href":"https:\/\/explora.cl\/rios\/wp-json\/wp\/v2\/tags?post=37559"}],"curies":[{"name":"wp","href":"https:\/\/api.w.org\/{rel}","templated":true}]}}