{"id":374,"date":"2015-06-04T00:00:00","date_gmt":"2015-06-04T04:00:00","guid":{"rendered":"https:\/\/explora.cl\/rios\/blog\/2015\/06\/04\/ministerio-de-energia-y-universidad-austral-de-chile-implementan-talleres-de-eficiencia-energetica-en-la-region\/"},"modified":"2019-05-20T19:31:05","modified_gmt":"2019-05-20T19:31:05","slug":"ministerio-de-energia-y-universidad-austral-de-chile-implementan-talleres-de-eficiencia-energetica-en-la-region","status":"publish","type":"post","link":"https:\/\/explora.cl\/rios\/ministerio-de-energia-y-universidad-austral-de-chile-implementan-talleres-de-eficiencia-energetica-en-la-region\/","title":{"rendered":"PAR EXPLORA Los R\u00edos implementar\u00e1 talleres de eficiencia energ\u00e9tica del Ministerio de Energ\u00eda en Los R\u00edos"},"content":{"rendered":"<p><img fetchpriority=\"high\" decoding=\"async\" class=\" size-full wp-image-11743\" src=\"http:\/\/ec2-34-218-253-251.us-west-2.compute.amazonaws.com\/wp-content\/uploads\/2015\/06\/d492193f3f2a2e42c32826d68492285d.jpg\" alt=\"\" width=\"1630\" height=\"1080\" \/><\/p>\n<p>En una ceremonia encabezada por el Rector de la Universidad Austral, Dr. Oscar Galindo, y el Seremi de Energ\u00eda, Pablo D\u00edaz Barrasa, se realiz\u00f3 la entrega del Convenio de Colaboraci\u00f3n del Programa de Educaci\u00f3n Integral (PEI) de Eficiencia Energ\u00e9tica, entre el Ministerio de Energ\u00eda y la casa de estudios.\u00a0<span>El PEI sobre Eficiencia Energ\u00e9tica capacitar\u00e1 a profesores de educaci\u00f3n b\u00e1sica de la regi\u00f3n, llegando a mil estudiantes entre primero y octavo b\u00e1sico. Estos talleres se enfocar\u00e1n en los \u00e1mbitos de recursos energ\u00e9ticos, uso de las energ\u00edas y, en el caso de Los R\u00edos, la dendroenerg\u00eda.<\/span><\/p>\n<p>Para el Rector de la Universidad Austral de Chile, Dr. Oscar Galindo, \u201cla dendroenerg\u00eda, el uso de la le\u00f1a, es un tema de preocupaci\u00f3n para la Universidad porque tenemos una responsabilidad cient\u00edfica y educacional en el sur austral de nuestro pa\u00eds.\u201d\u00a0<\/p>\n<p><span>\u201cLa unidad de dendroenerg\u00eda ser\u00e1 desarrollada por profesionales de las Facultades de Ciencias Forestales, Ciencias de la Ingenier\u00eda, y Arquitectura y Artes Visuales, que complementar\u00e1 el contenido que el Ministerio implementa en todo el pa\u00eds\u201d se\u00f1al\u00f3 el Dr. Ronnie Reyes, Director del PAR EXPLORA Los R\u00edos. \u201cA partir de junio realizaremos las convocatorias a los establecimientos de la red del Sistema Nacional de Certificaci\u00f3n Ambiental de Establecimientos Educacionales (SNCAE) presentes en toda la regi\u00f3n\u201d concluy\u00f3.<\/span><\/p>\n<p>El Seremi de Energ\u00eda de Los R\u00edos, Pablo D\u00edaz Barraza, indic\u00f3 que este es \u201cun proyecto que nace en la regi\u00f3n, los profesionales del \u00e1rea, las organizaciones civiles, empresas, la academia, de todos quienes fueron parte de la mesas de trabajo durante el 2014.\u201d Agreg\u00f3 que \u201cpara poder tener eficiencia energ\u00e9tica el pilar de la educaci\u00f3n es fundamental\u201d para poder utilizar la infraestructura de manera eficiente.<\/p>\n<p>El convenio nace de las conversaciones que se realizaron en las Mesas de Calefacci\u00f3n Eficiente y Dendroenerg\u00eda, encomendadas por el Ministerio a mediados del a\u00f1o 2014. Estas mesas fueron coordinadas por el Centro de Certificaci\u00f3n de la Vivienda Austral (CIVA-UACh). Su gerente, Eduardo Larrucea destac\u00f3 que \u201cestamos logrando materializar uno de los\u00a0 objetivos que se pidi\u00f3 en las mesas de trabajo y que hoy est\u00e1 dando a luz con la forma de este convenio\u201d.<\/p>\n<p>La implementaci\u00f3n de este programa se realizar\u00e1 durante el primer semestre de 2015 junto al desarrollo de la unidad de uso eficiente de le\u00f1a, que ser\u00e1 aplicada en el primer semestre de 2016.<\/p>\n<p>\u00a0<\/p>\n","protected":false},"excerpt":{"rendered":"<p>En una ceremonia encabezada por el Rector de la Universidad Austral, Dr. Oscar Galindo, y el Seremi de Energ\u00eda, Pablo D\u00edaz Barrasa, se realiz\u00f3 la entrega del Convenio de Colaboraci\u00f3n del Programa de Educaci\u00f3n Integral (PEI) de Eficiencia Energ\u00e9tica, entre el Ministerio de Energ\u00eda y la casa de estudios.\u00a0El PEI sobre Eficiencia Energ\u00e9tica capacitar\u00e1 a [&hellip;]<\/p>\n","protected":false},"author":2,"featured_media":375,"comment_status":"open","ping_status":"open","sticky":false,"template":"","format":"standard","meta":{"_acf_changed":false,"_exactmetrics_skip_tracking":false,"_exactmetrics_sitenote_active":false,"_exactmetrics_sitenote_note":"","_exactmetrics_sitenote_category":0,"footnotes":"","_links_to":"","_links_to_target":""},"categories":[4],"tags":[],"class_list":["post-374","post","type-post","status-publish","format-standard","has-post-thumbnail","hentry","category-noticias"],"acf":[],"yoast_head":"<!-- This site is optimized with the Yoast SEO plugin v26.9 - https:\/\/yoast.com\/product\/yoast-seo-wordpress\/ -->\n<title>PAR EXPLORA Los R\u00edos implementar\u00e1 talleres de eficiencia energ\u00e9tica del Ministerio de Energ\u00eda en Los R\u00edos - Los R\u00edos<\/title>\n<meta name=\"robots\" content=\"index, follow, max-snippet:-1, max-image-preview:large, max-video-preview:-1\" \/>\n<link rel=\"canonical\" href=\"https:\/\/explora.cl\/rios\/ministerio-de-energia-y-universidad-austral-de-chile-implementan-talleres-de-eficiencia-energetica-en-la-region\/\" class=\"yoast-seo-meta-tag\" \/>\n<meta property=\"og:locale\" content=\"es_ES\" class=\"yoast-seo-meta-tag\" \/>\n<meta property=\"og:type\" content=\"article\" class=\"yoast-seo-meta-tag\" \/>\n<meta property=\"og:title\" content=\"PAR EXPLORA Los R\u00edos implementar\u00e1 talleres de eficiencia energ\u00e9tica del Ministerio de Energ\u00eda en Los R\u00edos - Los R\u00edos\" class=\"yoast-seo-meta-tag\" \/>\n<meta property=\"og:description\" content=\"En una ceremonia encabezada por el Rector de la Universidad Austral, Dr. Oscar Galindo, y el Seremi de Energ\u00eda, Pablo D\u00edaz Barrasa, se realiz\u00f3 la entrega del Convenio de Colaboraci\u00f3n del Programa de Educaci\u00f3n Integral (PEI) de Eficiencia Energ\u00e9tica, entre el Ministerio de Energ\u00eda y la casa de estudios.\u00a0El PEI sobre Eficiencia Energ\u00e9tica capacitar\u00e1 a [&hellip;]\" class=\"yoast-seo-meta-tag\" \/>\n<meta property=\"og:url\" content=\"https:\/\/explora.cl\/rios\/ministerio-de-energia-y-universidad-austral-de-chile-implementan-talleres-de-eficiencia-energetica-en-la-region\/\" class=\"yoast-seo-meta-tag\" \/>\n<meta property=\"og:site_name\" content=\"Los R\u00edos\" class=\"yoast-seo-meta-tag\" \/>\n<meta property=\"article:published_time\" content=\"2015-06-04T04:00:00+00:00\" class=\"yoast-seo-meta-tag\" \/>\n<meta property=\"article:modified_time\" content=\"2019-05-20T19:31:05+00:00\" class=\"yoast-seo-meta-tag\" \/>\n<meta property=\"og:image\" content=\"https:\/\/explora.cl\/rios\/wp-content\/uploads\/sites\/16\/2018\/06\/d492193f3f2a2e42c32826d68492285d.jpg\" class=\"yoast-seo-meta-tag\" \/>\n\t<meta property=\"og:image:width\" content=\"1630\" class=\"yoast-seo-meta-tag\" \/>\n\t<meta property=\"og:image:height\" content=\"1080\" class=\"yoast-seo-meta-tag\" \/>\n\t<meta property=\"og:image:type\" content=\"image\/jpeg\" class=\"yoast-seo-meta-tag\" \/>\n<meta name=\"author\" content=\"webman\" class=\"yoast-seo-meta-tag\" \/>\n<meta name=\"twitter:card\" content=\"summary_large_image\" class=\"yoast-seo-meta-tag\" \/>\n<meta name=\"twitter:label1\" content=\"Escrito por\" class=\"yoast-seo-meta-tag\" \/>\n\t<meta name=\"twitter:data1\" content=\"webman\" class=\"yoast-seo-meta-tag\" \/>\n\t<meta name=\"twitter:label2\" content=\"Tiempo estimado de lectura\" class=\"yoast-seo-meta-tag\" \/>\n\t<meta name=\"twitter:data2\" content=\"2 minutos\" class=\"yoast-seo-meta-tag\" \/>\n<script type=\"application\/ld+json\" class=\"yoast-schema-graph\">{\"@context\":\"https:\/\/schema.org\",\"@graph\":[{\"@type\":\"Article\",\"@id\":\"https:\/\/explora.cl\/rios\/ministerio-de-energia-y-universidad-austral-de-chile-implementan-talleres-de-eficiencia-energetica-en-la-region\/#article\",\"isPartOf\":{\"@id\":\"https:\/\/explora.cl\/rios\/ministerio-de-energia-y-universidad-austral-de-chile-implementan-talleres-de-eficiencia-energetica-en-la-region\/\"},\"author\":{\"name\":\"webman\",\"@id\":\"https:\/\/explora.cl\/rios\/#\/schema\/person\/cb8349c13ea2d324080adf8480d7ba5d\"},\"headline\":\"PAR EXPLORA Los R\u00edos implementar\u00e1 talleres de eficiencia energ\u00e9tica del Ministerio de Energ\u00eda en Los R\u00edos\",\"datePublished\":\"2015-06-04T04:00:00+00:00\",\"dateModified\":\"2019-05-20T19:31:05+00:00\",\"mainEntityOfPage\":{\"@id\":\"https:\/\/explora.cl\/rios\/ministerio-de-energia-y-universidad-austral-de-chile-implementan-talleres-de-eficiencia-energetica-en-la-region\/\"},\"wordCount\":440,\"commentCount\":0,\"image\":{\"@id\":\"https:\/\/explora.cl\/rios\/ministerio-de-energia-y-universidad-austral-de-chile-implementan-talleres-de-eficiencia-energetica-en-la-region\/#primaryimage\"},\"thumbnailUrl\":\"https:\/\/explora.cl\/rios\/wp-content\/uploads\/sites\/16\/2018\/06\/d492193f3f2a2e42c32826d68492285d.jpg\",\"articleSection\":[\"Noticias\"],\"inLanguage\":\"es-CL\",\"potentialAction\":[{\"@type\":\"CommentAction\",\"name\":\"Comment\",\"target\":[\"https:\/\/explora.cl\/rios\/ministerio-de-energia-y-universidad-austral-de-chile-implementan-talleres-de-eficiencia-energetica-en-la-region\/#respond\"]}]},{\"@type\":\"WebPage\",\"@id\":\"https:\/\/explora.cl\/rios\/ministerio-de-energia-y-universidad-austral-de-chile-implementan-talleres-de-eficiencia-energetica-en-la-region\/\",\"url\":\"https:\/\/explora.cl\/rios\/ministerio-de-energia-y-universidad-austral-de-chile-implementan-talleres-de-eficiencia-energetica-en-la-region\/\",\"name\":\"PAR EXPLORA Los R\u00edos implementar\u00e1 talleres de eficiencia energ\u00e9tica del Ministerio de Energ\u00eda en Los R\u00edos - Los R\u00edos\",\"isPartOf\":{\"@id\":\"https:\/\/explora.cl\/rios\/#website\"},\"primaryImageOfPage\":{\"@id\":\"https:\/\/explora.cl\/rios\/ministerio-de-energia-y-universidad-austral-de-chile-implementan-talleres-de-eficiencia-energetica-en-la-region\/#primaryimage\"},\"image\":{\"@id\":\"https:\/\/explora.cl\/rios\/ministerio-de-energia-y-universidad-austral-de-chile-implementan-talleres-de-eficiencia-energetica-en-la-region\/#primaryimage\"},\"thumbnailUrl\":\"https:\/\/explora.cl\/rios\/wp-content\/uploads\/sites\/16\/2018\/06\/d492193f3f2a2e42c32826d68492285d.jpg\",\"datePublished\":\"2015-06-04T04:00:00+00:00\",\"dateModified\":\"2019-05-20T19:31:05+00:00\",\"author\":{\"@id\":\"https:\/\/explora.cl\/rios\/#\/schema\/person\/cb8349c13ea2d324080adf8480d7ba5d\"},\"breadcrumb\":{\"@id\":\"https:\/\/explora.cl\/rios\/ministerio-de-energia-y-universidad-austral-de-chile-implementan-talleres-de-eficiencia-energetica-en-la-region\/#breadcrumb\"},\"inLanguage\":\"es-CL\",\"potentialAction\":[{\"@type\":\"ReadAction\",\"target\":[\"https:\/\/explora.cl\/rios\/ministerio-de-energia-y-universidad-austral-de-chile-implementan-talleres-de-eficiencia-energetica-en-la-region\/\"]}]},{\"@type\":\"ImageObject\",\"inLanguage\":\"es-CL\",\"@id\":\"https:\/\/explora.cl\/rios\/ministerio-de-energia-y-universidad-austral-de-chile-implementan-talleres-de-eficiencia-energetica-en-la-region\/#primaryimage\",\"url\":\"https:\/\/explora.cl\/rios\/wp-content\/uploads\/sites\/16\/2018\/06\/d492193f3f2a2e42c32826d68492285d.jpg\",\"contentUrl\":\"https:\/\/explora.cl\/rios\/wp-content\/uploads\/sites\/16\/2018\/06\/d492193f3f2a2e42c32826d68492285d.jpg\",\"width\":1630,\"height\":1080},{\"@type\":\"BreadcrumbList\",\"@id\":\"https:\/\/explora.cl\/rios\/ministerio-de-energia-y-universidad-austral-de-chile-implementan-talleres-de-eficiencia-energetica-en-la-region\/#breadcrumb\",\"itemListElement\":[{\"@type\":\"ListItem\",\"position\":1,\"name\":\"Portada\",\"item\":\"https:\/\/explora.cl\/rios\/\"},{\"@type\":\"ListItem\",\"position\":2,\"name\":\"PAR EXPLORA Los R\u00edos implementar\u00e1 talleres de eficiencia energ\u00e9tica del Ministerio de Energ\u00eda en Los R\u00edos\"}]},{\"@type\":\"WebSite\",\"@id\":\"https:\/\/explora.cl\/rios\/#website\",\"url\":\"https:\/\/explora.cl\/rios\/\",\"name\":\"Los R\u00edos\",\"description\":\"Otro sitio m\u00e1s de explora.cl\",\"potentialAction\":[{\"@type\":\"SearchAction\",\"target\":{\"@type\":\"EntryPoint\",\"urlTemplate\":\"https:\/\/explora.cl\/rios\/?s={search_term_string}\"},\"query-input\":{\"@type\":\"PropertyValueSpecification\",\"valueRequired\":true,\"valueName\":\"search_term_string\"}}],\"inLanguage\":\"es-CL\"},{\"@type\":\"Person\",\"@id\":\"https:\/\/explora.cl\/rios\/#\/schema\/person\/cb8349c13ea2d324080adf8480d7ba5d\",\"name\":\"webman\",\"image\":{\"@type\":\"ImageObject\",\"inLanguage\":\"es-CL\",\"@id\":\"https:\/\/explora.cl\/rios\/#\/schema\/person\/image\/\",\"url\":\"https:\/\/secure.gravatar.com\/avatar\/eeff3c82f2c02f7177d13663b7e6f890e9a6a0647ce9bb29cae02dcb094c7312?s=96&d=mm&r=g\",\"contentUrl\":\"https:\/\/secure.gravatar.com\/avatar\/eeff3c82f2c02f7177d13663b7e6f890e9a6a0647ce9bb29cae02dcb094c7312?s=96&d=mm&r=g\",\"caption\":\"webman\"},\"url\":\"https:\/\/explora.cl\/rios\/author\/webman\/\"}]}<\/script>\n<!-- \/ Yoast SEO plugin. -->","yoast_head_json":{"title":"PAR EXPLORA Los R\u00edos implementar\u00e1 talleres de eficiencia energ\u00e9tica del Ministerio de Energ\u00eda en Los R\u00edos - Los R\u00edos","robots":{"index":"index","follow":"follow","max-snippet":"max-snippet:-1","max-image-preview":"max-image-preview:large","max-video-preview":"max-video-preview:-1"},"canonical":"https:\/\/explora.cl\/rios\/ministerio-de-energia-y-universidad-austral-de-chile-implementan-talleres-de-eficiencia-energetica-en-la-region\/","og_locale":"es_ES","og_type":"article","og_title":"PAR EXPLORA Los R\u00edos implementar\u00e1 talleres de eficiencia energ\u00e9tica del Ministerio de Energ\u00eda en Los R\u00edos - Los R\u00edos","og_description":"En una ceremonia encabezada por el Rector de la Universidad Austral, Dr. Oscar Galindo, y el Seremi de Energ\u00eda, Pablo D\u00edaz Barrasa, se realiz\u00f3 la entrega del Convenio de Colaboraci\u00f3n del Programa de Educaci\u00f3n Integral (PEI) de Eficiencia Energ\u00e9tica, entre el Ministerio de Energ\u00eda y la casa de estudios.\u00a0El PEI sobre Eficiencia Energ\u00e9tica capacitar\u00e1 a [&hellip;]","og_url":"https:\/\/explora.cl\/rios\/ministerio-de-energia-y-universidad-austral-de-chile-implementan-talleres-de-eficiencia-energetica-en-la-region\/","og_site_name":"Los R\u00edos","article_published_time":"2015-06-04T04:00:00+00:00","article_modified_time":"2019-05-20T19:31:05+00:00","og_image":[{"width":1630,"height":1080,"url":"https:\/\/explora.cl\/rios\/wp-content\/uploads\/sites\/16\/2018\/06\/d492193f3f2a2e42c32826d68492285d.jpg","type":"image\/jpeg"}],"author":"webman","twitter_card":"summary_large_image","twitter_misc":{"Escrito por":"webman","Tiempo estimado de lectura":"2 minutos"},"schema":{"@context":"https:\/\/schema.org","@graph":[{"@type":"Article","@id":"https:\/\/explora.cl\/rios\/ministerio-de-energia-y-universidad-austral-de-chile-implementan-talleres-de-eficiencia-energetica-en-la-region\/#article","isPartOf":{"@id":"https:\/\/explora.cl\/rios\/ministerio-de-energia-y-universidad-austral-de-chile-implementan-talleres-de-eficiencia-energetica-en-la-region\/"},"author":{"name":"webman","@id":"https:\/\/explora.cl\/rios\/#\/schema\/person\/cb8349c13ea2d324080adf8480d7ba5d"},"headline":"PAR EXPLORA Los R\u00edos implementar\u00e1 talleres de eficiencia energ\u00e9tica del Ministerio de Energ\u00eda en Los R\u00edos","datePublished":"2015-06-04T04:00:00+00:00","dateModified":"2019-05-20T19:31:05+00:00","mainEntityOfPage":{"@id":"https:\/\/explora.cl\/rios\/ministerio-de-energia-y-universidad-austral-de-chile-implementan-talleres-de-eficiencia-energetica-en-la-region\/"},"wordCount":440,"commentCount":0,"image":{"@id":"https:\/\/explora.cl\/rios\/ministerio-de-energia-y-universidad-austral-de-chile-implementan-talleres-de-eficiencia-energetica-en-la-region\/#primaryimage"},"thumbnailUrl":"https:\/\/explora.cl\/rios\/wp-content\/uploads\/sites\/16\/2018\/06\/d492193f3f2a2e42c32826d68492285d.jpg","articleSection":["Noticias"],"inLanguage":"es-CL","potentialAction":[{"@type":"CommentAction","name":"Comment","target":["https:\/\/explora.cl\/rios\/ministerio-de-energia-y-universidad-austral-de-chile-implementan-talleres-de-eficiencia-energetica-en-la-region\/#respond"]}]},{"@type":"WebPage","@id":"https:\/\/explora.cl\/rios\/ministerio-de-energia-y-universidad-austral-de-chile-implementan-talleres-de-eficiencia-energetica-en-la-region\/","url":"https:\/\/explora.cl\/rios\/ministerio-de-energia-y-universidad-austral-de-chile-implementan-talleres-de-eficiencia-energetica-en-la-region\/","name":"PAR EXPLORA Los R\u00edos implementar\u00e1 talleres de eficiencia energ\u00e9tica del Ministerio de Energ\u00eda en Los R\u00edos - Los R\u00edos","isPartOf":{"@id":"https:\/\/explora.cl\/rios\/#website"},"primaryImageOfPage":{"@id":"https:\/\/explora.cl\/rios\/ministerio-de-energia-y-universidad-austral-de-chile-implementan-talleres-de-eficiencia-energetica-en-la-region\/#primaryimage"},"image":{"@id":"https:\/\/explora.cl\/rios\/ministerio-de-energia-y-universidad-austral-de-chile-implementan-talleres-de-eficiencia-energetica-en-la-region\/#primaryimage"},"thumbnailUrl":"https:\/\/explora.cl\/rios\/wp-content\/uploads\/sites\/16\/2018\/06\/d492193f3f2a2e42c32826d68492285d.jpg","datePublished":"2015-06-04T04:00:00+00:00","dateModified":"2019-05-20T19:31:05+00:00","author":{"@id":"https:\/\/explora.cl\/rios\/#\/schema\/person\/cb8349c13ea2d324080adf8480d7ba5d"},"breadcrumb":{"@id":"https:\/\/explora.cl\/rios\/ministerio-de-energia-y-universidad-austral-de-chile-implementan-talleres-de-eficiencia-energetica-en-la-region\/#breadcrumb"},"inLanguage":"es-CL","potentialAction":[{"@type":"ReadAction","target":["https:\/\/explora.cl\/rios\/ministerio-de-energia-y-universidad-austral-de-chile-implementan-talleres-de-eficiencia-energetica-en-la-region\/"]}]},{"@type":"ImageObject","inLanguage":"es-CL","@id":"https:\/\/explora.cl\/rios\/ministerio-de-energia-y-universidad-austral-de-chile-implementan-talleres-de-eficiencia-energetica-en-la-region\/#primaryimage","url":"https:\/\/explora.cl\/rios\/wp-content\/uploads\/sites\/16\/2018\/06\/d492193f3f2a2e42c32826d68492285d.jpg","contentUrl":"https:\/\/explora.cl\/rios\/wp-content\/uploads\/sites\/16\/2018\/06\/d492193f3f2a2e42c32826d68492285d.jpg","width":1630,"height":1080},{"@type":"BreadcrumbList","@id":"https:\/\/explora.cl\/rios\/ministerio-de-energia-y-universidad-austral-de-chile-implementan-talleres-de-eficiencia-energetica-en-la-region\/#breadcrumb","itemListElement":[{"@type":"ListItem","position":1,"name":"Portada","item":"https:\/\/explora.cl\/rios\/"},{"@type":"ListItem","position":2,"name":"PAR EXPLORA Los R\u00edos implementar\u00e1 talleres de eficiencia energ\u00e9tica del Ministerio de Energ\u00eda en Los R\u00edos"}]},{"@type":"WebSite","@id":"https:\/\/explora.cl\/rios\/#website","url":"https:\/\/explora.cl\/rios\/","name":"Los R\u00edos","description":"Otro sitio m\u00e1s de explora.cl","potentialAction":[{"@type":"SearchAction","target":{"@type":"EntryPoint","urlTemplate":"https:\/\/explora.cl\/rios\/?s={search_term_string}"},"query-input":{"@type":"PropertyValueSpecification","valueRequired":true,"valueName":"search_term_string"}}],"inLanguage":"es-CL"},{"@type":"Person","@id":"https:\/\/explora.cl\/rios\/#\/schema\/person\/cb8349c13ea2d324080adf8480d7ba5d","name":"webman","image":{"@type":"ImageObject","inLanguage":"es-CL","@id":"https:\/\/explora.cl\/rios\/#\/schema\/person\/image\/","url":"https:\/\/secure.gravatar.com\/avatar\/eeff3c82f2c02f7177d13663b7e6f890e9a6a0647ce9bb29cae02dcb094c7312?s=96&d=mm&r=g","contentUrl":"https:\/\/secure.gravatar.com\/avatar\/eeff3c82f2c02f7177d13663b7e6f890e9a6a0647ce9bb29cae02dcb094c7312?s=96&d=mm&r=g","caption":"webman"},"url":"https:\/\/explora.cl\/rios\/author\/webman\/"}]}},"_links":{"self":[{"href":"https:\/\/explora.cl\/rios\/wp-json\/wp\/v2\/posts\/374","targetHints":{"allow":["GET"]}}],"collection":[{"href":"https:\/\/explora.cl\/rios\/wp-json\/wp\/v2\/posts"}],"about":[{"href":"https:\/\/explora.cl\/rios\/wp-json\/wp\/v2\/types\/post"}],"author":[{"embeddable":true,"href":"https:\/\/explora.cl\/rios\/wp-json\/wp\/v2\/users\/2"}],"replies":[{"embeddable":true,"href":"https:\/\/explora.cl\/rios\/wp-json\/wp\/v2\/comments?post=374"}],"version-history":[{"count":1,"href":"https:\/\/explora.cl\/rios\/wp-json\/wp\/v2\/posts\/374\/revisions"}],"predecessor-version":[{"id":37944,"href":"https:\/\/explora.cl\/rios\/wp-json\/wp\/v2\/posts\/374\/revisions\/37944"}],"wp:featuredmedia":[{"embeddable":true,"href":"https:\/\/explora.cl\/rios\/wp-json\/wp\/v2\/media\/375"}],"wp:attachment":[{"href":"https:\/\/explora.cl\/rios\/wp-json\/wp\/v2\/media?parent=374"}],"wp:term":[{"taxonomy":"category","embeddable":true,"href":"https:\/\/explora.cl\/rios\/wp-json\/wp\/v2\/categories?post=374"},{"taxonomy":"post_tag","embeddable":true,"href":"https:\/\/explora.cl\/rios\/wp-json\/wp\/v2\/tags?post=374"}],"curies":[{"name":"wp","href":"https:\/\/api.w.org\/{rel}","templated":true}]}}