{"id":362,"date":"2015-05-20T00:00:00","date_gmt":"2015-05-20T04:00:00","guid":{"rendered":"https:\/\/explora.cl\/rios\/blog\/2015\/05\/20\/convocan-a-taller-de-perfeccionamiento-gratuito-para-profesores-de-ciencias-en-valdivia\/"},"modified":"2019-05-20T19:31:08","modified_gmt":"2019-05-20T19:31:08","slug":"convocan-a-taller-de-perfeccionamiento-gratuito-para-profesores-de-ciencias-en-valdivia","status":"publish","type":"post","link":"https:\/\/explora.cl\/rios\/convocan-a-taller-de-perfeccionamiento-gratuito-para-profesores-de-ciencias-en-valdivia\/","title":{"rendered":"Convocan a taller de perfeccionamiento gratuito para profesores de ciencias en Valdivia"},"content":{"rendered":"<p><img fetchpriority=\"high\" decoding=\"async\" class=\" size-full wp-image-11159\" src=\"http:\/\/ec2-34-218-253-251.us-west-2.compute.amazonaws.com\/wp-content\/uploads\/2015\/05\/c7e4e038b97737aa2a915c87ed6377d0.jpg\" alt=\"\" width=\"1550\" height=\"1842\" \/><\/p>\n<p>Parten las inscripciones a taller de perfeccionamiento docente \u201cProyectos Cient\u00edficos Escolares\u201d, una invitaci\u00f3n de Samsung Electronics Chile, la Pontificia Universidad Cat\u00f3lica de Valpara\u00edso, Fundaci\u00f3n Ciencia Joven y el PAR EXPLORA Los R\u00edos.<\/p>\n<p>Las capacitaciones se realizar\u00e1n el martes 26 de mayo desde las 09:00 a 18:00 hrs. en la Direcci\u00f3n de Vinculaci\u00f3n con el Medio de la Universidad Austral de Chile. \u00c9sta ser\u00e1 una instancia para desarrollar conocimientos y habilidades en tem\u00e1tica de investigaci\u00f3n cient\u00edfica escolar en profesores\/as de ciencias, a trav\u00e9s de talleres desarrollados con did\u00e1ctica indagatoria en ciencias.<\/p>\n<p>Para inscribirse, debe completar el formulario en l\u00ednea que puede encontrar en la direcci\u00f3n <a href=\"http:\/\/www.tfaforms.com\/368380\"><strong>http:\/\/www.tfaforms.com\/368380<\/strong><\/a>. Si desea m\u00e1s informaci\u00f3n, debe escribir a <a href=\"mailto:eguzman@cienciajoven.cl\">eguzman@cienciajoven.cl<\/a>.<\/p>\n<table style=\"width: 411px;height: 191px\" border=\"0\" align=\"left\">\n<tbody>\n<tr>\n<td>\n<h4><strong>\u00a0PROGRAMA<\/strong><\/h4>\n<\/td>\n<td>\u00a0<\/td>\n<\/tr>\n<tr>\n<td><strong>09:00 hrs<\/strong><\/td>\n<td><strong>M\u00f3dulo 1: \u00bfQu\u00e9 es ciencia?<\/strong><\/td>\n<\/tr>\n<tr>\n<td><strong>10:30 hrs<\/strong><\/td>\n<td>Coffee Break<\/td>\n<\/tr>\n<tr>\n<td><strong>10:50 hrs<\/strong><\/td>\n<td>\n<p><strong>M\u00f3dulo 2: &#8220;Ciencia Escolar&#8221;<\/strong><\/p>\n<\/td>\n<\/tr>\n<tr>\n<td><strong>13:00 hrs<\/strong><\/td>\n<td>Almuerzo<\/td>\n<\/tr>\n<tr>\n<td><strong>14:00 hrs<\/strong><\/td>\n<td><strong>M\u00f3dulo 3: \u00bfC\u00f3mo se escribe una investigaci\u00f3n cient\u00edfica?<\/strong><\/td>\n<\/tr>\n<tr>\n<td><strong>16:00 hrs<\/strong><\/td>\n<td>Coffee Break<\/td>\n<\/tr>\n<tr>\n<td><strong>16:20 hrs<\/strong><\/td>\n<td><strong>M\u00f3dulo 4: \u00bfC\u00f3mo comunicar resultados cient\u00edficos? Contexto del Concurso Soluciones para el futuro<\/strong><\/td>\n<\/tr>\n<\/tbody>\n<\/table>\n<p>\u00a0<\/p>\n<p>\u00a0<\/p>\n<p>\u00a0<\/p>\n<p>\u00a0<\/p>\n<p>\u00a0<\/p>\n<p>\u00a0<\/p>\n<p>\u00a0<\/p>\n","protected":false},"excerpt":{"rendered":"<p>Parten las inscripciones a taller de perfeccionamiento docente \u201cProyectos Cient\u00edficos Escolares\u201d, una invitaci\u00f3n de Samsung Electronics Chile, la Pontificia Universidad Cat\u00f3lica de Valpara\u00edso, Fundaci\u00f3n Ciencia Joven y el PAR EXPLORA Los R\u00edos. Las capacitaciones se realizar\u00e1n el martes 26 de mayo desde las 09:00 a 18:00 hrs. en la Direcci\u00f3n de Vinculaci\u00f3n con el Medio [&hellip;]<\/p>\n","protected":false},"author":2,"featured_media":363,"comment_status":"open","ping_status":"open","sticky":false,"template":"","format":"standard","meta":{"_acf_changed":false,"_exactmetrics_skip_tracking":false,"_exactmetrics_sitenote_active":false,"_exactmetrics_sitenote_note":"","_exactmetrics_sitenote_category":0,"footnotes":"","_links_to":"","_links_to_target":""},"categories":[4],"tags":[],"class_list":["post-362","post","type-post","status-publish","format-standard","has-post-thumbnail","hentry","category-noticias"],"acf":[],"yoast_head":"<!-- This site is optimized with the Yoast SEO plugin v26.9 - https:\/\/yoast.com\/product\/yoast-seo-wordpress\/ -->\n<title>Convocan a taller de perfeccionamiento gratuito para profesores de ciencias en Valdivia - Los R\u00edos<\/title>\n<meta name=\"robots\" content=\"index, follow, max-snippet:-1, max-image-preview:large, max-video-preview:-1\" \/>\n<link rel=\"canonical\" href=\"https:\/\/explora.cl\/rios\/convocan-a-taller-de-perfeccionamiento-gratuito-para-profesores-de-ciencias-en-valdivia\/\" class=\"yoast-seo-meta-tag\" \/>\n<meta property=\"og:locale\" content=\"es_ES\" class=\"yoast-seo-meta-tag\" \/>\n<meta property=\"og:type\" content=\"article\" class=\"yoast-seo-meta-tag\" \/>\n<meta property=\"og:title\" content=\"Convocan a taller de perfeccionamiento gratuito para profesores de ciencias en Valdivia - Los R\u00edos\" class=\"yoast-seo-meta-tag\" \/>\n<meta property=\"og:description\" content=\"Parten las inscripciones a taller de perfeccionamiento docente \u201cProyectos Cient\u00edficos Escolares\u201d, una invitaci\u00f3n de Samsung Electronics Chile, la Pontificia Universidad Cat\u00f3lica de Valpara\u00edso, Fundaci\u00f3n Ciencia Joven y el PAR EXPLORA Los R\u00edos. Las capacitaciones se realizar\u00e1n el martes 26 de mayo desde las 09:00 a 18:00 hrs. en la Direcci\u00f3n de Vinculaci\u00f3n con el Medio [&hellip;]\" class=\"yoast-seo-meta-tag\" \/>\n<meta property=\"og:url\" content=\"https:\/\/explora.cl\/rios\/convocan-a-taller-de-perfeccionamiento-gratuito-para-profesores-de-ciencias-en-valdivia\/\" class=\"yoast-seo-meta-tag\" \/>\n<meta property=\"og:site_name\" content=\"Los R\u00edos\" class=\"yoast-seo-meta-tag\" \/>\n<meta property=\"article:published_time\" content=\"2015-05-20T04:00:00+00:00\" class=\"yoast-seo-meta-tag\" \/>\n<meta property=\"article:modified_time\" content=\"2019-05-20T19:31:08+00:00\" class=\"yoast-seo-meta-tag\" \/>\n<meta property=\"og:image\" content=\"https:\/\/explora.cl\/rios\/wp-content\/uploads\/sites\/16\/2018\/06\/c7e4e038b97737aa2a915c87ed6377d0.jpg\" class=\"yoast-seo-meta-tag\" \/>\n\t<meta property=\"og:image:width\" content=\"1550\" class=\"yoast-seo-meta-tag\" \/>\n\t<meta property=\"og:image:height\" content=\"1842\" class=\"yoast-seo-meta-tag\" \/>\n\t<meta property=\"og:image:type\" content=\"image\/jpeg\" class=\"yoast-seo-meta-tag\" \/>\n<meta name=\"author\" content=\"webman\" class=\"yoast-seo-meta-tag\" \/>\n<meta name=\"twitter:card\" content=\"summary_large_image\" class=\"yoast-seo-meta-tag\" \/>\n<meta name=\"twitter:label1\" content=\"Escrito por\" class=\"yoast-seo-meta-tag\" \/>\n\t<meta name=\"twitter:data1\" content=\"webman\" class=\"yoast-seo-meta-tag\" \/>\n\t<meta name=\"twitter:label2\" content=\"Tiempo estimado de lectura\" class=\"yoast-seo-meta-tag\" \/>\n\t<meta name=\"twitter:data2\" content=\"1 minuto\" class=\"yoast-seo-meta-tag\" \/>\n<script type=\"application\/ld+json\" class=\"yoast-schema-graph\">{\"@context\":\"https:\/\/schema.org\",\"@graph\":[{\"@type\":\"Article\",\"@id\":\"https:\/\/explora.cl\/rios\/convocan-a-taller-de-perfeccionamiento-gratuito-para-profesores-de-ciencias-en-valdivia\/#article\",\"isPartOf\":{\"@id\":\"https:\/\/explora.cl\/rios\/convocan-a-taller-de-perfeccionamiento-gratuito-para-profesores-de-ciencias-en-valdivia\/\"},\"author\":{\"name\":\"webman\",\"@id\":\"https:\/\/explora.cl\/rios\/#\/schema\/person\/cb8349c13ea2d324080adf8480d7ba5d\"},\"headline\":\"Convocan a taller de perfeccionamiento gratuito para profesores de ciencias en Valdivia\",\"datePublished\":\"2015-05-20T04:00:00+00:00\",\"dateModified\":\"2019-05-20T19:31:08+00:00\",\"mainEntityOfPage\":{\"@id\":\"https:\/\/explora.cl\/rios\/convocan-a-taller-de-perfeccionamiento-gratuito-para-profesores-de-ciencias-en-valdivia\/\"},\"wordCount\":194,\"commentCount\":0,\"image\":{\"@id\":\"https:\/\/explora.cl\/rios\/convocan-a-taller-de-perfeccionamiento-gratuito-para-profesores-de-ciencias-en-valdivia\/#primaryimage\"},\"thumbnailUrl\":\"https:\/\/explora.cl\/rios\/wp-content\/uploads\/sites\/16\/2018\/06\/c7e4e038b97737aa2a915c87ed6377d0.jpg\",\"articleSection\":[\"Noticias\"],\"inLanguage\":\"es-CL\",\"potentialAction\":[{\"@type\":\"CommentAction\",\"name\":\"Comment\",\"target\":[\"https:\/\/explora.cl\/rios\/convocan-a-taller-de-perfeccionamiento-gratuito-para-profesores-de-ciencias-en-valdivia\/#respond\"]}]},{\"@type\":\"WebPage\",\"@id\":\"https:\/\/explora.cl\/rios\/convocan-a-taller-de-perfeccionamiento-gratuito-para-profesores-de-ciencias-en-valdivia\/\",\"url\":\"https:\/\/explora.cl\/rios\/convocan-a-taller-de-perfeccionamiento-gratuito-para-profesores-de-ciencias-en-valdivia\/\",\"name\":\"Convocan a taller de perfeccionamiento gratuito para profesores de ciencias en Valdivia - Los R\u00edos\",\"isPartOf\":{\"@id\":\"https:\/\/explora.cl\/rios\/#website\"},\"primaryImageOfPage\":{\"@id\":\"https:\/\/explora.cl\/rios\/convocan-a-taller-de-perfeccionamiento-gratuito-para-profesores-de-ciencias-en-valdivia\/#primaryimage\"},\"image\":{\"@id\":\"https:\/\/explora.cl\/rios\/convocan-a-taller-de-perfeccionamiento-gratuito-para-profesores-de-ciencias-en-valdivia\/#primaryimage\"},\"thumbnailUrl\":\"https:\/\/explora.cl\/rios\/wp-content\/uploads\/sites\/16\/2018\/06\/c7e4e038b97737aa2a915c87ed6377d0.jpg\",\"datePublished\":\"2015-05-20T04:00:00+00:00\",\"dateModified\":\"2019-05-20T19:31:08+00:00\",\"author\":{\"@id\":\"https:\/\/explora.cl\/rios\/#\/schema\/person\/cb8349c13ea2d324080adf8480d7ba5d\"},\"breadcrumb\":{\"@id\":\"https:\/\/explora.cl\/rios\/convocan-a-taller-de-perfeccionamiento-gratuito-para-profesores-de-ciencias-en-valdivia\/#breadcrumb\"},\"inLanguage\":\"es-CL\",\"potentialAction\":[{\"@type\":\"ReadAction\",\"target\":[\"https:\/\/explora.cl\/rios\/convocan-a-taller-de-perfeccionamiento-gratuito-para-profesores-de-ciencias-en-valdivia\/\"]}]},{\"@type\":\"ImageObject\",\"inLanguage\":\"es-CL\",\"@id\":\"https:\/\/explora.cl\/rios\/convocan-a-taller-de-perfeccionamiento-gratuito-para-profesores-de-ciencias-en-valdivia\/#primaryimage\",\"url\":\"https:\/\/explora.cl\/rios\/wp-content\/uploads\/sites\/16\/2018\/06\/c7e4e038b97737aa2a915c87ed6377d0.jpg\",\"contentUrl\":\"https:\/\/explora.cl\/rios\/wp-content\/uploads\/sites\/16\/2018\/06\/c7e4e038b97737aa2a915c87ed6377d0.jpg\",\"width\":1550,\"height\":1842},{\"@type\":\"BreadcrumbList\",\"@id\":\"https:\/\/explora.cl\/rios\/convocan-a-taller-de-perfeccionamiento-gratuito-para-profesores-de-ciencias-en-valdivia\/#breadcrumb\",\"itemListElement\":[{\"@type\":\"ListItem\",\"position\":1,\"name\":\"Portada\",\"item\":\"https:\/\/explora.cl\/rios\/\"},{\"@type\":\"ListItem\",\"position\":2,\"name\":\"Convocan a taller de perfeccionamiento gratuito para profesores de ciencias en Valdivia\"}]},{\"@type\":\"WebSite\",\"@id\":\"https:\/\/explora.cl\/rios\/#website\",\"url\":\"https:\/\/explora.cl\/rios\/\",\"name\":\"Los R\u00edos\",\"description\":\"Otro sitio m\u00e1s de explora.cl\",\"potentialAction\":[{\"@type\":\"SearchAction\",\"target\":{\"@type\":\"EntryPoint\",\"urlTemplate\":\"https:\/\/explora.cl\/rios\/?s={search_term_string}\"},\"query-input\":{\"@type\":\"PropertyValueSpecification\",\"valueRequired\":true,\"valueName\":\"search_term_string\"}}],\"inLanguage\":\"es-CL\"},{\"@type\":\"Person\",\"@id\":\"https:\/\/explora.cl\/rios\/#\/schema\/person\/cb8349c13ea2d324080adf8480d7ba5d\",\"name\":\"webman\",\"image\":{\"@type\":\"ImageObject\",\"inLanguage\":\"es-CL\",\"@id\":\"https:\/\/explora.cl\/rios\/#\/schema\/person\/image\/\",\"url\":\"https:\/\/secure.gravatar.com\/avatar\/eeff3c82f2c02f7177d13663b7e6f890e9a6a0647ce9bb29cae02dcb094c7312?s=96&d=mm&r=g\",\"contentUrl\":\"https:\/\/secure.gravatar.com\/avatar\/eeff3c82f2c02f7177d13663b7e6f890e9a6a0647ce9bb29cae02dcb094c7312?s=96&d=mm&r=g\",\"caption\":\"webman\"},\"url\":\"https:\/\/explora.cl\/rios\/author\/webman\/\"}]}<\/script>\n<!-- \/ Yoast SEO plugin. -->","yoast_head_json":{"title":"Convocan a taller de perfeccionamiento gratuito para profesores de ciencias en Valdivia - Los R\u00edos","robots":{"index":"index","follow":"follow","max-snippet":"max-snippet:-1","max-image-preview":"max-image-preview:large","max-video-preview":"max-video-preview:-1"},"canonical":"https:\/\/explora.cl\/rios\/convocan-a-taller-de-perfeccionamiento-gratuito-para-profesores-de-ciencias-en-valdivia\/","og_locale":"es_ES","og_type":"article","og_title":"Convocan a taller de perfeccionamiento gratuito para profesores de ciencias en Valdivia - Los R\u00edos","og_description":"Parten las inscripciones a taller de perfeccionamiento docente \u201cProyectos Cient\u00edficos Escolares\u201d, una invitaci\u00f3n de Samsung Electronics Chile, la Pontificia Universidad Cat\u00f3lica de Valpara\u00edso, Fundaci\u00f3n Ciencia Joven y el PAR EXPLORA Los R\u00edos. Las capacitaciones se realizar\u00e1n el martes 26 de mayo desde las 09:00 a 18:00 hrs. en la Direcci\u00f3n de Vinculaci\u00f3n con el Medio [&hellip;]","og_url":"https:\/\/explora.cl\/rios\/convocan-a-taller-de-perfeccionamiento-gratuito-para-profesores-de-ciencias-en-valdivia\/","og_site_name":"Los R\u00edos","article_published_time":"2015-05-20T04:00:00+00:00","article_modified_time":"2019-05-20T19:31:08+00:00","og_image":[{"width":1550,"height":1842,"url":"https:\/\/explora.cl\/rios\/wp-content\/uploads\/sites\/16\/2018\/06\/c7e4e038b97737aa2a915c87ed6377d0.jpg","type":"image\/jpeg"}],"author":"webman","twitter_card":"summary_large_image","twitter_misc":{"Escrito por":"webman","Tiempo estimado de lectura":"1 minuto"},"schema":{"@context":"https:\/\/schema.org","@graph":[{"@type":"Article","@id":"https:\/\/explora.cl\/rios\/convocan-a-taller-de-perfeccionamiento-gratuito-para-profesores-de-ciencias-en-valdivia\/#article","isPartOf":{"@id":"https:\/\/explora.cl\/rios\/convocan-a-taller-de-perfeccionamiento-gratuito-para-profesores-de-ciencias-en-valdivia\/"},"author":{"name":"webman","@id":"https:\/\/explora.cl\/rios\/#\/schema\/person\/cb8349c13ea2d324080adf8480d7ba5d"},"headline":"Convocan a taller de perfeccionamiento gratuito para profesores de ciencias en Valdivia","datePublished":"2015-05-20T04:00:00+00:00","dateModified":"2019-05-20T19:31:08+00:00","mainEntityOfPage":{"@id":"https:\/\/explora.cl\/rios\/convocan-a-taller-de-perfeccionamiento-gratuito-para-profesores-de-ciencias-en-valdivia\/"},"wordCount":194,"commentCount":0,"image":{"@id":"https:\/\/explora.cl\/rios\/convocan-a-taller-de-perfeccionamiento-gratuito-para-profesores-de-ciencias-en-valdivia\/#primaryimage"},"thumbnailUrl":"https:\/\/explora.cl\/rios\/wp-content\/uploads\/sites\/16\/2018\/06\/c7e4e038b97737aa2a915c87ed6377d0.jpg","articleSection":["Noticias"],"inLanguage":"es-CL","potentialAction":[{"@type":"CommentAction","name":"Comment","target":["https:\/\/explora.cl\/rios\/convocan-a-taller-de-perfeccionamiento-gratuito-para-profesores-de-ciencias-en-valdivia\/#respond"]}]},{"@type":"WebPage","@id":"https:\/\/explora.cl\/rios\/convocan-a-taller-de-perfeccionamiento-gratuito-para-profesores-de-ciencias-en-valdivia\/","url":"https:\/\/explora.cl\/rios\/convocan-a-taller-de-perfeccionamiento-gratuito-para-profesores-de-ciencias-en-valdivia\/","name":"Convocan a taller de perfeccionamiento gratuito para profesores de ciencias en Valdivia - Los R\u00edos","isPartOf":{"@id":"https:\/\/explora.cl\/rios\/#website"},"primaryImageOfPage":{"@id":"https:\/\/explora.cl\/rios\/convocan-a-taller-de-perfeccionamiento-gratuito-para-profesores-de-ciencias-en-valdivia\/#primaryimage"},"image":{"@id":"https:\/\/explora.cl\/rios\/convocan-a-taller-de-perfeccionamiento-gratuito-para-profesores-de-ciencias-en-valdivia\/#primaryimage"},"thumbnailUrl":"https:\/\/explora.cl\/rios\/wp-content\/uploads\/sites\/16\/2018\/06\/c7e4e038b97737aa2a915c87ed6377d0.jpg","datePublished":"2015-05-20T04:00:00+00:00","dateModified":"2019-05-20T19:31:08+00:00","author":{"@id":"https:\/\/explora.cl\/rios\/#\/schema\/person\/cb8349c13ea2d324080adf8480d7ba5d"},"breadcrumb":{"@id":"https:\/\/explora.cl\/rios\/convocan-a-taller-de-perfeccionamiento-gratuito-para-profesores-de-ciencias-en-valdivia\/#breadcrumb"},"inLanguage":"es-CL","potentialAction":[{"@type":"ReadAction","target":["https:\/\/explora.cl\/rios\/convocan-a-taller-de-perfeccionamiento-gratuito-para-profesores-de-ciencias-en-valdivia\/"]}]},{"@type":"ImageObject","inLanguage":"es-CL","@id":"https:\/\/explora.cl\/rios\/convocan-a-taller-de-perfeccionamiento-gratuito-para-profesores-de-ciencias-en-valdivia\/#primaryimage","url":"https:\/\/explora.cl\/rios\/wp-content\/uploads\/sites\/16\/2018\/06\/c7e4e038b97737aa2a915c87ed6377d0.jpg","contentUrl":"https:\/\/explora.cl\/rios\/wp-content\/uploads\/sites\/16\/2018\/06\/c7e4e038b97737aa2a915c87ed6377d0.jpg","width":1550,"height":1842},{"@type":"BreadcrumbList","@id":"https:\/\/explora.cl\/rios\/convocan-a-taller-de-perfeccionamiento-gratuito-para-profesores-de-ciencias-en-valdivia\/#breadcrumb","itemListElement":[{"@type":"ListItem","position":1,"name":"Portada","item":"https:\/\/explora.cl\/rios\/"},{"@type":"ListItem","position":2,"name":"Convocan a taller de perfeccionamiento gratuito para profesores de ciencias en Valdivia"}]},{"@type":"WebSite","@id":"https:\/\/explora.cl\/rios\/#website","url":"https:\/\/explora.cl\/rios\/","name":"Los R\u00edos","description":"Otro sitio m\u00e1s de explora.cl","potentialAction":[{"@type":"SearchAction","target":{"@type":"EntryPoint","urlTemplate":"https:\/\/explora.cl\/rios\/?s={search_term_string}"},"query-input":{"@type":"PropertyValueSpecification","valueRequired":true,"valueName":"search_term_string"}}],"inLanguage":"es-CL"},{"@type":"Person","@id":"https:\/\/explora.cl\/rios\/#\/schema\/person\/cb8349c13ea2d324080adf8480d7ba5d","name":"webman","image":{"@type":"ImageObject","inLanguage":"es-CL","@id":"https:\/\/explora.cl\/rios\/#\/schema\/person\/image\/","url":"https:\/\/secure.gravatar.com\/avatar\/eeff3c82f2c02f7177d13663b7e6f890e9a6a0647ce9bb29cae02dcb094c7312?s=96&d=mm&r=g","contentUrl":"https:\/\/secure.gravatar.com\/avatar\/eeff3c82f2c02f7177d13663b7e6f890e9a6a0647ce9bb29cae02dcb094c7312?s=96&d=mm&r=g","caption":"webman"},"url":"https:\/\/explora.cl\/rios\/author\/webman\/"}]}},"_links":{"self":[{"href":"https:\/\/explora.cl\/rios\/wp-json\/wp\/v2\/posts\/362","targetHints":{"allow":["GET"]}}],"collection":[{"href":"https:\/\/explora.cl\/rios\/wp-json\/wp\/v2\/posts"}],"about":[{"href":"https:\/\/explora.cl\/rios\/wp-json\/wp\/v2\/types\/post"}],"author":[{"embeddable":true,"href":"https:\/\/explora.cl\/rios\/wp-json\/wp\/v2\/users\/2"}],"replies":[{"embeddable":true,"href":"https:\/\/explora.cl\/rios\/wp-json\/wp\/v2\/comments?post=362"}],"version-history":[{"count":1,"href":"https:\/\/explora.cl\/rios\/wp-json\/wp\/v2\/posts\/362\/revisions"}],"predecessor-version":[{"id":37950,"href":"https:\/\/explora.cl\/rios\/wp-json\/wp\/v2\/posts\/362\/revisions\/37950"}],"wp:featuredmedia":[{"embeddable":true,"href":"https:\/\/explora.cl\/rios\/wp-json\/wp\/v2\/media\/363"}],"wp:attachment":[{"href":"https:\/\/explora.cl\/rios\/wp-json\/wp\/v2\/media?parent=362"}],"wp:term":[{"taxonomy":"category","embeddable":true,"href":"https:\/\/explora.cl\/rios\/wp-json\/wp\/v2\/categories?post=362"},{"taxonomy":"post_tag","embeddable":true,"href":"https:\/\/explora.cl\/rios\/wp-json\/wp\/v2\/tags?post=362"}],"curies":[{"name":"wp","href":"https:\/\/api.w.org\/{rel}","templated":true}]}}