{"id":340,"date":"2015-04-22T00:00:00","date_gmt":"2015-04-22T04:00:00","guid":{"rendered":"https:\/\/explora.cl\/rios\/blog\/2015\/04\/22\/multitudinaria-celebracion-del-dia-de-la-tierra-en-la-plaza-de-la-republica\/"},"modified":"2019-05-20T19:31:12","modified_gmt":"2019-05-20T19:31:12","slug":"multitudinaria-celebracion-del-dia-de-la-tierra-en-la-plaza-de-la-republica","status":"publish","type":"post","link":"https:\/\/explora.cl\/rios\/multitudinaria-celebracion-del-dia-de-la-tierra-en-la-plaza-de-la-republica\/","title":{"rendered":"Multitudinaria celebraci\u00f3n del D\u00eda de la Tierra en la Plaza de la Rep\u00fablica"},"content":{"rendered":"<p><img fetchpriority=\"high\" decoding=\"async\" class=\" size-full wp-image-10334\" src=\"http:\/\/ec2-34-218-253-251.us-west-2.compute.amazonaws.com\/wp-content\/uploads\/2015\/04\/f01a411ba24bf657741a3c9ff4ad2a84.jpg\" alt=\"\" width=\"4928\" height=\"3264\" \/><\/p>\n<p>La Plaza de la Rep\u00fablica de Valdivia se llen\u00f3 de color este martes 21, con m\u00e1s de 100 estudiantes que conmemoraron el D\u00eda de la Tierra en Los R\u00edos. En la oportunidad los ni\u00f1os y ni\u00f1as de la Escuela El Laurel, Colegio El Bosque, Escuela Rural La Aguada de Corral, Colegio Walter Schmidt y Escuela M\u00e9xico; llegaron a confeccionar lienzos con mensajes de cuidado del medio ambiente.<\/p>\n<p>Durante la jornada del 22 de abril ser\u00e1n exhibidos en cada uno de los establecimientos en la conmemoraci\u00f3n del D\u00eda de la Tierra. A ellos se unieron estudiantes de jardines infantiles de Integra y JUNJI para efectuar una murga, con disfraces, globos y batucada, presentando sus mensajes a la comunidad.<\/p>\n<p>Para la Seremi de Medio Ambiente esta conmemoraci\u00f3n \u201ces hacer un alto a como nos estamos comportando como seres humanos Y como nosotros ayudamos para hacer un\u00a0 planeta m\u00e1s limpio y puro para las futuras generaciones. \u00a0Hacemos un llamado a la conciencia que \u00a0todos los seres humanos debemos tener al convivir con el planeta\u201d.<\/p>\n<p>Por otra parte, el Director del PAR EXPLORA Los R\u00edos, Ronnie Reyes, indic\u00f3 que \u201ccomo proyecto tratamos de propiciar espacios de encuentro entre la comunidad cient\u00edfica y la sociedad. Es por esto que hacemos alianzas estrat\u00e9gicas con instituciones como la Seremi de Medio Ambiente y la Municipalidad. Para llevar el conocimiento cient\u00edfico entorno a las efem\u00e9rides y generar conciencia entre las personas.&#8221;<\/p>\n<p>Durante la ceremonia se mont\u00f3 la obra \u201cCambio de Actitud\u201d, de los estudiantes del Colegio Rural La Aguada de Corral. El montaje teatral cuenta la visita a un centro asistencial del planeta Tierra, enfermo por la contaminaci\u00f3n, y que recibe los cuidados de una junta m\u00e9dica.<\/p>\n<p>Nicol\u00e1s Mansilla, estudiante de sexto b\u00e1sico, es parte del taller Vida Sana del Colegio el Bosque, recomend\u00f3 que para cuidar el planeta \u201ctenemos que no botar basura y recoger la que encontremos\u201d.<\/p>\n<p>Durante la ma\u00f1ana estuvieron presentes el Parque Urbano El Bosque, el Servicio Agr\u00edcola y Ganadero, la Direcci\u00f3n de Medio Ambiente de la Municipalidad de Valdivia, el Proyecto Ver+D, y Conaf, entregando informaci\u00f3n a la comunidad. Tambi\u00e9n fueron parte las exposiciones \u201cHongos, \u00bfQu\u00e9, c\u00f3mo, d\u00f3nde?\u201d y \u201cLa Tierra Est\u00e1 Viva\u201d en la glorieta central.<\/p>\n<p>El D\u00eda de la Tierra se celebra internacionalmente el 22 de abril de cada a\u00f1o, fecha que se conmemora desde los a\u00f1os setenta en Estados Unidos. En el a\u00f1o 2009, la Organizaci\u00f3n de las Naciones Unidas acogi\u00f3 como el D\u00eda de la Madre Tierra esta fecha, reafirmando el compromiso de la humanidad con el planeta que habita.<\/p>\n<p>\u00a0<\/p>\n","protected":false},"excerpt":{"rendered":"<p>La Plaza de la Rep\u00fablica de Valdivia se llen\u00f3 de color este martes 21, con m\u00e1s de 100 estudiantes que conmemoraron el D\u00eda de la Tierra en Los R\u00edos. En la oportunidad los ni\u00f1os y ni\u00f1as de la Escuela El Laurel, Colegio El Bosque, Escuela Rural La Aguada de Corral, Colegio Walter Schmidt y Escuela [&hellip;]<\/p>\n","protected":false},"author":2,"featured_media":341,"comment_status":"open","ping_status":"open","sticky":false,"template":"","format":"standard","meta":{"_acf_changed":false,"_exactmetrics_skip_tracking":false,"_exactmetrics_sitenote_active":false,"_exactmetrics_sitenote_note":"","_exactmetrics_sitenote_category":0,"footnotes":"","_links_to":"","_links_to_target":""},"categories":[4],"tags":[],"class_list":["post-340","post","type-post","status-publish","format-standard","has-post-thumbnail","hentry","category-noticias"],"acf":[],"yoast_head":"<!-- This site is optimized with the Yoast SEO plugin v26.9 - https:\/\/yoast.com\/product\/yoast-seo-wordpress\/ -->\n<title>Multitudinaria celebraci\u00f3n del D\u00eda de la Tierra en la Plaza de la Rep\u00fablica - Los R\u00edos<\/title>\n<meta name=\"robots\" content=\"index, follow, max-snippet:-1, max-image-preview:large, max-video-preview:-1\" \/>\n<link rel=\"canonical\" href=\"https:\/\/explora.cl\/rios\/multitudinaria-celebracion-del-dia-de-la-tierra-en-la-plaza-de-la-republica\/\" class=\"yoast-seo-meta-tag\" \/>\n<meta property=\"og:locale\" content=\"es_ES\" class=\"yoast-seo-meta-tag\" \/>\n<meta property=\"og:type\" content=\"article\" class=\"yoast-seo-meta-tag\" \/>\n<meta property=\"og:title\" content=\"Multitudinaria celebraci\u00f3n del D\u00eda de la Tierra en la Plaza de la Rep\u00fablica - Los R\u00edos\" class=\"yoast-seo-meta-tag\" \/>\n<meta property=\"og:description\" content=\"La Plaza de la Rep\u00fablica de Valdivia se llen\u00f3 de color este martes 21, con m\u00e1s de 100 estudiantes que conmemoraron el D\u00eda de la Tierra en Los R\u00edos. En la oportunidad los ni\u00f1os y ni\u00f1as de la Escuela El Laurel, Colegio El Bosque, Escuela Rural La Aguada de Corral, Colegio Walter Schmidt y Escuela [&hellip;]\" class=\"yoast-seo-meta-tag\" \/>\n<meta property=\"og:url\" content=\"https:\/\/explora.cl\/rios\/multitudinaria-celebracion-del-dia-de-la-tierra-en-la-plaza-de-la-republica\/\" class=\"yoast-seo-meta-tag\" \/>\n<meta property=\"og:site_name\" content=\"Los R\u00edos\" class=\"yoast-seo-meta-tag\" \/>\n<meta property=\"article:published_time\" content=\"2015-04-22T04:00:00+00:00\" class=\"yoast-seo-meta-tag\" \/>\n<meta property=\"article:modified_time\" content=\"2019-05-20T19:31:12+00:00\" class=\"yoast-seo-meta-tag\" \/>\n<meta property=\"og:image\" content=\"https:\/\/explora.cl\/rios\/wp-content\/uploads\/sites\/16\/2018\/06\/f01a411ba24bf657741a3c9ff4ad2a84-1024x678.jpg\" class=\"yoast-seo-meta-tag\" \/>\n\t<meta property=\"og:image:width\" content=\"1024\" class=\"yoast-seo-meta-tag\" \/>\n\t<meta property=\"og:image:height\" content=\"678\" class=\"yoast-seo-meta-tag\" \/>\n\t<meta property=\"og:image:type\" content=\"image\/jpeg\" class=\"yoast-seo-meta-tag\" \/>\n<meta name=\"author\" content=\"webman\" class=\"yoast-seo-meta-tag\" \/>\n<meta name=\"twitter:card\" content=\"summary_large_image\" class=\"yoast-seo-meta-tag\" \/>\n<meta name=\"twitter:label1\" content=\"Escrito por\" class=\"yoast-seo-meta-tag\" \/>\n\t<meta name=\"twitter:data1\" content=\"webman\" class=\"yoast-seo-meta-tag\" \/>\n\t<meta name=\"twitter:label2\" content=\"Tiempo estimado de lectura\" class=\"yoast-seo-meta-tag\" \/>\n\t<meta name=\"twitter:data2\" content=\"2 minutos\" class=\"yoast-seo-meta-tag\" \/>\n<script type=\"application\/ld+json\" class=\"yoast-schema-graph\">{\"@context\":\"https:\/\/schema.org\",\"@graph\":[{\"@type\":\"Article\",\"@id\":\"https:\/\/explora.cl\/rios\/multitudinaria-celebracion-del-dia-de-la-tierra-en-la-plaza-de-la-republica\/#article\",\"isPartOf\":{\"@id\":\"https:\/\/explora.cl\/rios\/multitudinaria-celebracion-del-dia-de-la-tierra-en-la-plaza-de-la-republica\/\"},\"author\":{\"name\":\"webman\",\"@id\":\"https:\/\/explora.cl\/rios\/#\/schema\/person\/cb8349c13ea2d324080adf8480d7ba5d\"},\"headline\":\"Multitudinaria celebraci\u00f3n del D\u00eda de la Tierra en la Plaza de la Rep\u00fablica\",\"datePublished\":\"2015-04-22T04:00:00+00:00\",\"dateModified\":\"2019-05-20T19:31:12+00:00\",\"mainEntityOfPage\":{\"@id\":\"https:\/\/explora.cl\/rios\/multitudinaria-celebracion-del-dia-de-la-tierra-en-la-plaza-de-la-republica\/\"},\"wordCount\":467,\"commentCount\":0,\"image\":{\"@id\":\"https:\/\/explora.cl\/rios\/multitudinaria-celebracion-del-dia-de-la-tierra-en-la-plaza-de-la-republica\/#primaryimage\"},\"thumbnailUrl\":\"https:\/\/explora.cl\/rios\/wp-content\/uploads\/sites\/16\/2018\/06\/f01a411ba24bf657741a3c9ff4ad2a84.jpg\",\"articleSection\":[\"Noticias\"],\"inLanguage\":\"es-CL\",\"potentialAction\":[{\"@type\":\"CommentAction\",\"name\":\"Comment\",\"target\":[\"https:\/\/explora.cl\/rios\/multitudinaria-celebracion-del-dia-de-la-tierra-en-la-plaza-de-la-republica\/#respond\"]}]},{\"@type\":\"WebPage\",\"@id\":\"https:\/\/explora.cl\/rios\/multitudinaria-celebracion-del-dia-de-la-tierra-en-la-plaza-de-la-republica\/\",\"url\":\"https:\/\/explora.cl\/rios\/multitudinaria-celebracion-del-dia-de-la-tierra-en-la-plaza-de-la-republica\/\",\"name\":\"Multitudinaria celebraci\u00f3n del D\u00eda de la Tierra en la Plaza de la Rep\u00fablica - Los R\u00edos\",\"isPartOf\":{\"@id\":\"https:\/\/explora.cl\/rios\/#website\"},\"primaryImageOfPage\":{\"@id\":\"https:\/\/explora.cl\/rios\/multitudinaria-celebracion-del-dia-de-la-tierra-en-la-plaza-de-la-republica\/#primaryimage\"},\"image\":{\"@id\":\"https:\/\/explora.cl\/rios\/multitudinaria-celebracion-del-dia-de-la-tierra-en-la-plaza-de-la-republica\/#primaryimage\"},\"thumbnailUrl\":\"https:\/\/explora.cl\/rios\/wp-content\/uploads\/sites\/16\/2018\/06\/f01a411ba24bf657741a3c9ff4ad2a84.jpg\",\"datePublished\":\"2015-04-22T04:00:00+00:00\",\"dateModified\":\"2019-05-20T19:31:12+00:00\",\"author\":{\"@id\":\"https:\/\/explora.cl\/rios\/#\/schema\/person\/cb8349c13ea2d324080adf8480d7ba5d\"},\"breadcrumb\":{\"@id\":\"https:\/\/explora.cl\/rios\/multitudinaria-celebracion-del-dia-de-la-tierra-en-la-plaza-de-la-republica\/#breadcrumb\"},\"inLanguage\":\"es-CL\",\"potentialAction\":[{\"@type\":\"ReadAction\",\"target\":[\"https:\/\/explora.cl\/rios\/multitudinaria-celebracion-del-dia-de-la-tierra-en-la-plaza-de-la-republica\/\"]}]},{\"@type\":\"ImageObject\",\"inLanguage\":\"es-CL\",\"@id\":\"https:\/\/explora.cl\/rios\/multitudinaria-celebracion-del-dia-de-la-tierra-en-la-plaza-de-la-republica\/#primaryimage\",\"url\":\"https:\/\/explora.cl\/rios\/wp-content\/uploads\/sites\/16\/2018\/06\/f01a411ba24bf657741a3c9ff4ad2a84.jpg\",\"contentUrl\":\"https:\/\/explora.cl\/rios\/wp-content\/uploads\/sites\/16\/2018\/06\/f01a411ba24bf657741a3c9ff4ad2a84.jpg\",\"width\":4928,\"height\":3264},{\"@type\":\"BreadcrumbList\",\"@id\":\"https:\/\/explora.cl\/rios\/multitudinaria-celebracion-del-dia-de-la-tierra-en-la-plaza-de-la-republica\/#breadcrumb\",\"itemListElement\":[{\"@type\":\"ListItem\",\"position\":1,\"name\":\"Portada\",\"item\":\"https:\/\/explora.cl\/rios\/\"},{\"@type\":\"ListItem\",\"position\":2,\"name\":\"Multitudinaria celebraci\u00f3n del D\u00eda de la Tierra en la Plaza de la Rep\u00fablica\"}]},{\"@type\":\"WebSite\",\"@id\":\"https:\/\/explora.cl\/rios\/#website\",\"url\":\"https:\/\/explora.cl\/rios\/\",\"name\":\"Los R\u00edos\",\"description\":\"Otro sitio m\u00e1s de explora.cl\",\"potentialAction\":[{\"@type\":\"SearchAction\",\"target\":{\"@type\":\"EntryPoint\",\"urlTemplate\":\"https:\/\/explora.cl\/rios\/?s={search_term_string}\"},\"query-input\":{\"@type\":\"PropertyValueSpecification\",\"valueRequired\":true,\"valueName\":\"search_term_string\"}}],\"inLanguage\":\"es-CL\"},{\"@type\":\"Person\",\"@id\":\"https:\/\/explora.cl\/rios\/#\/schema\/person\/cb8349c13ea2d324080adf8480d7ba5d\",\"name\":\"webman\",\"image\":{\"@type\":\"ImageObject\",\"inLanguage\":\"es-CL\",\"@id\":\"https:\/\/explora.cl\/rios\/#\/schema\/person\/image\/\",\"url\":\"https:\/\/secure.gravatar.com\/avatar\/eeff3c82f2c02f7177d13663b7e6f890e9a6a0647ce9bb29cae02dcb094c7312?s=96&d=mm&r=g\",\"contentUrl\":\"https:\/\/secure.gravatar.com\/avatar\/eeff3c82f2c02f7177d13663b7e6f890e9a6a0647ce9bb29cae02dcb094c7312?s=96&d=mm&r=g\",\"caption\":\"webman\"},\"url\":\"https:\/\/explora.cl\/rios\/author\/webman\/\"}]}<\/script>\n<!-- \/ Yoast SEO plugin. -->","yoast_head_json":{"title":"Multitudinaria celebraci\u00f3n del D\u00eda de la Tierra en la Plaza de la Rep\u00fablica - Los R\u00edos","robots":{"index":"index","follow":"follow","max-snippet":"max-snippet:-1","max-image-preview":"max-image-preview:large","max-video-preview":"max-video-preview:-1"},"canonical":"https:\/\/explora.cl\/rios\/multitudinaria-celebracion-del-dia-de-la-tierra-en-la-plaza-de-la-republica\/","og_locale":"es_ES","og_type":"article","og_title":"Multitudinaria celebraci\u00f3n del D\u00eda de la Tierra en la Plaza de la Rep\u00fablica - Los R\u00edos","og_description":"La Plaza de la Rep\u00fablica de Valdivia se llen\u00f3 de color este martes 21, con m\u00e1s de 100 estudiantes que conmemoraron el D\u00eda de la Tierra en Los R\u00edos. En la oportunidad los ni\u00f1os y ni\u00f1as de la Escuela El Laurel, Colegio El Bosque, Escuela Rural La Aguada de Corral, Colegio Walter Schmidt y Escuela [&hellip;]","og_url":"https:\/\/explora.cl\/rios\/multitudinaria-celebracion-del-dia-de-la-tierra-en-la-plaza-de-la-republica\/","og_site_name":"Los R\u00edos","article_published_time":"2015-04-22T04:00:00+00:00","article_modified_time":"2019-05-20T19:31:12+00:00","og_image":[{"width":1024,"height":678,"url":"https:\/\/explora.cl\/rios\/wp-content\/uploads\/sites\/16\/2018\/06\/f01a411ba24bf657741a3c9ff4ad2a84-1024x678.jpg","type":"image\/jpeg"}],"author":"webman","twitter_card":"summary_large_image","twitter_misc":{"Escrito por":"webman","Tiempo estimado de lectura":"2 minutos"},"schema":{"@context":"https:\/\/schema.org","@graph":[{"@type":"Article","@id":"https:\/\/explora.cl\/rios\/multitudinaria-celebracion-del-dia-de-la-tierra-en-la-plaza-de-la-republica\/#article","isPartOf":{"@id":"https:\/\/explora.cl\/rios\/multitudinaria-celebracion-del-dia-de-la-tierra-en-la-plaza-de-la-republica\/"},"author":{"name":"webman","@id":"https:\/\/explora.cl\/rios\/#\/schema\/person\/cb8349c13ea2d324080adf8480d7ba5d"},"headline":"Multitudinaria celebraci\u00f3n del D\u00eda de la Tierra en la Plaza de la Rep\u00fablica","datePublished":"2015-04-22T04:00:00+00:00","dateModified":"2019-05-20T19:31:12+00:00","mainEntityOfPage":{"@id":"https:\/\/explora.cl\/rios\/multitudinaria-celebracion-del-dia-de-la-tierra-en-la-plaza-de-la-republica\/"},"wordCount":467,"commentCount":0,"image":{"@id":"https:\/\/explora.cl\/rios\/multitudinaria-celebracion-del-dia-de-la-tierra-en-la-plaza-de-la-republica\/#primaryimage"},"thumbnailUrl":"https:\/\/explora.cl\/rios\/wp-content\/uploads\/sites\/16\/2018\/06\/f01a411ba24bf657741a3c9ff4ad2a84.jpg","articleSection":["Noticias"],"inLanguage":"es-CL","potentialAction":[{"@type":"CommentAction","name":"Comment","target":["https:\/\/explora.cl\/rios\/multitudinaria-celebracion-del-dia-de-la-tierra-en-la-plaza-de-la-republica\/#respond"]}]},{"@type":"WebPage","@id":"https:\/\/explora.cl\/rios\/multitudinaria-celebracion-del-dia-de-la-tierra-en-la-plaza-de-la-republica\/","url":"https:\/\/explora.cl\/rios\/multitudinaria-celebracion-del-dia-de-la-tierra-en-la-plaza-de-la-republica\/","name":"Multitudinaria celebraci\u00f3n del D\u00eda de la Tierra en la Plaza de la Rep\u00fablica - Los R\u00edos","isPartOf":{"@id":"https:\/\/explora.cl\/rios\/#website"},"primaryImageOfPage":{"@id":"https:\/\/explora.cl\/rios\/multitudinaria-celebracion-del-dia-de-la-tierra-en-la-plaza-de-la-republica\/#primaryimage"},"image":{"@id":"https:\/\/explora.cl\/rios\/multitudinaria-celebracion-del-dia-de-la-tierra-en-la-plaza-de-la-republica\/#primaryimage"},"thumbnailUrl":"https:\/\/explora.cl\/rios\/wp-content\/uploads\/sites\/16\/2018\/06\/f01a411ba24bf657741a3c9ff4ad2a84.jpg","datePublished":"2015-04-22T04:00:00+00:00","dateModified":"2019-05-20T19:31:12+00:00","author":{"@id":"https:\/\/explora.cl\/rios\/#\/schema\/person\/cb8349c13ea2d324080adf8480d7ba5d"},"breadcrumb":{"@id":"https:\/\/explora.cl\/rios\/multitudinaria-celebracion-del-dia-de-la-tierra-en-la-plaza-de-la-republica\/#breadcrumb"},"inLanguage":"es-CL","potentialAction":[{"@type":"ReadAction","target":["https:\/\/explora.cl\/rios\/multitudinaria-celebracion-del-dia-de-la-tierra-en-la-plaza-de-la-republica\/"]}]},{"@type":"ImageObject","inLanguage":"es-CL","@id":"https:\/\/explora.cl\/rios\/multitudinaria-celebracion-del-dia-de-la-tierra-en-la-plaza-de-la-republica\/#primaryimage","url":"https:\/\/explora.cl\/rios\/wp-content\/uploads\/sites\/16\/2018\/06\/f01a411ba24bf657741a3c9ff4ad2a84.jpg","contentUrl":"https:\/\/explora.cl\/rios\/wp-content\/uploads\/sites\/16\/2018\/06\/f01a411ba24bf657741a3c9ff4ad2a84.jpg","width":4928,"height":3264},{"@type":"BreadcrumbList","@id":"https:\/\/explora.cl\/rios\/multitudinaria-celebracion-del-dia-de-la-tierra-en-la-plaza-de-la-republica\/#breadcrumb","itemListElement":[{"@type":"ListItem","position":1,"name":"Portada","item":"https:\/\/explora.cl\/rios\/"},{"@type":"ListItem","position":2,"name":"Multitudinaria celebraci\u00f3n del D\u00eda de la Tierra en la Plaza de la Rep\u00fablica"}]},{"@type":"WebSite","@id":"https:\/\/explora.cl\/rios\/#website","url":"https:\/\/explora.cl\/rios\/","name":"Los R\u00edos","description":"Otro sitio m\u00e1s de explora.cl","potentialAction":[{"@type":"SearchAction","target":{"@type":"EntryPoint","urlTemplate":"https:\/\/explora.cl\/rios\/?s={search_term_string}"},"query-input":{"@type":"PropertyValueSpecification","valueRequired":true,"valueName":"search_term_string"}}],"inLanguage":"es-CL"},{"@type":"Person","@id":"https:\/\/explora.cl\/rios\/#\/schema\/person\/cb8349c13ea2d324080adf8480d7ba5d","name":"webman","image":{"@type":"ImageObject","inLanguage":"es-CL","@id":"https:\/\/explora.cl\/rios\/#\/schema\/person\/image\/","url":"https:\/\/secure.gravatar.com\/avatar\/eeff3c82f2c02f7177d13663b7e6f890e9a6a0647ce9bb29cae02dcb094c7312?s=96&d=mm&r=g","contentUrl":"https:\/\/secure.gravatar.com\/avatar\/eeff3c82f2c02f7177d13663b7e6f890e9a6a0647ce9bb29cae02dcb094c7312?s=96&d=mm&r=g","caption":"webman"},"url":"https:\/\/explora.cl\/rios\/author\/webman\/"}]}},"_links":{"self":[{"href":"https:\/\/explora.cl\/rios\/wp-json\/wp\/v2\/posts\/340","targetHints":{"allow":["GET"]}}],"collection":[{"href":"https:\/\/explora.cl\/rios\/wp-json\/wp\/v2\/posts"}],"about":[{"href":"https:\/\/explora.cl\/rios\/wp-json\/wp\/v2\/types\/post"}],"author":[{"embeddable":true,"href":"https:\/\/explora.cl\/rios\/wp-json\/wp\/v2\/users\/2"}],"replies":[{"embeddable":true,"href":"https:\/\/explora.cl\/rios\/wp-json\/wp\/v2\/comments?post=340"}],"version-history":[{"count":1,"href":"https:\/\/explora.cl\/rios\/wp-json\/wp\/v2\/posts\/340\/revisions"}],"predecessor-version":[{"id":37960,"href":"https:\/\/explora.cl\/rios\/wp-json\/wp\/v2\/posts\/340\/revisions\/37960"}],"wp:featuredmedia":[{"embeddable":true,"href":"https:\/\/explora.cl\/rios\/wp-json\/wp\/v2\/media\/341"}],"wp:attachment":[{"href":"https:\/\/explora.cl\/rios\/wp-json\/wp\/v2\/media?parent=340"}],"wp:term":[{"taxonomy":"category","embeddable":true,"href":"https:\/\/explora.cl\/rios\/wp-json\/wp\/v2\/categories?post=340"},{"taxonomy":"post_tag","embeddable":true,"href":"https:\/\/explora.cl\/rios\/wp-json\/wp\/v2\/tags?post=340"}],"curies":[{"name":"wp","href":"https:\/\/api.w.org\/{rel}","templated":true}]}}