{"id":332,"date":"2015-04-10T00:00:00","date_gmt":"2015-04-10T04:00:00","guid":{"rendered":"https:\/\/explora.cl\/rios\/blog\/2015\/04\/10\/profesores-de-los-rios-se-capacitaron-en-educacion-cientifica\/"},"modified":"2019-05-20T19:31:14","modified_gmt":"2019-05-20T19:31:14","slug":"profesores-de-los-rios-se-capacitaron-en-educacion-cientifica","status":"publish","type":"post","link":"https:\/\/explora.cl\/rios\/profesores-de-los-rios-se-capacitaron-en-educacion-cientifica\/","title":{"rendered":"Profesores de Los R\u00edos se capacitaron en educaci\u00f3n cient\u00edfica"},"content":{"rendered":"<p><img fetchpriority=\"high\" decoding=\"async\" class=\" size-full wp-image-10113\" src=\"http:\/\/ec2-34-218-253-251.us-west-2.compute.amazonaws.com\/wp-content\/uploads\/2015\/04\/6aacbde6ecec0b18a9466ce52dda7096.jpg\" alt=\"\" width=\"2000\" height=\"1325\" \/><\/p>\n<p>El Programa Tus Competencias en Ciencias certific\u00f3 a 24 profesores de 9 comunas de la Regi\u00f3n de Los R\u00edos. La ceremonia fue realizada en el sal\u00f3n Jorge Millas y cont\u00f3 con la presencia de directores de los establecimientos beneficiados por este programa. En el evento se realiz\u00f3 la firma de convenio entre los establecimientos educacionales que impartir\u00e1n talleres cient\u00edficos y el PAR EXPLORA Los R\u00edos.<\/p>\n<p>Durante tres jornadas los profesionales de la educaci\u00f3n de educaci\u00f3n parvularia, b\u00e1sica segundo ciclo y educaci\u00f3n media, conocieron la metodolog\u00eda del programa, que busca despertar las habilidades de \u00a0los estudiantes en el \u00e1mbito cient\u00edfico. Como parte de la capacitaci\u00f3n se entreg\u00f3 un kit metodol\u00f3gico para que facilitadores puedan replicar las experiencias que conocieron en el taller.<\/p>\n<p>Durante el segundo semestre del 2015 se realizar\u00e1 la capacitaci\u00f3n a profesionales de primer ciclo b\u00e1sico, nivel que por primera vez recibir\u00e1 su certificaci\u00f3n en el programa.<\/p>\n<p><a href=\"https:\/\/www.facebook.com\/media\/set\/?set=a.914932321870937.1073741988.572061129491393&amp;type=1\"><img decoding=\"async\" class=\" size-full wp-image-3298\" src=\"http:\/\/ec2-34-218-253-251.us-west-2.compute.amazonaws.com\/wp-content\/uploads\/2014\/05\/galeria-facebook.png\" border=\"0\" alt=\"\" width=\"900\" height=\"58\" \/><\/a><\/p>\n","protected":false},"excerpt":{"rendered":"<p>El Programa Tus Competencias en Ciencias certific\u00f3 a 24 profesores de 9 comunas de la Regi\u00f3n de Los R\u00edos. La ceremonia fue realizada en el sal\u00f3n Jorge Millas y cont\u00f3 con la presencia de directores de los establecimientos beneficiados por este programa. En el evento se realiz\u00f3 la firma de convenio entre los establecimientos educacionales [&hellip;]<\/p>\n","protected":false},"author":2,"featured_media":333,"comment_status":"open","ping_status":"open","sticky":false,"template":"","format":"standard","meta":{"_acf_changed":false,"_exactmetrics_skip_tracking":false,"_exactmetrics_sitenote_active":false,"_exactmetrics_sitenote_note":"","_exactmetrics_sitenote_category":0,"footnotes":"","_links_to":"","_links_to_target":""},"categories":[4],"tags":[],"class_list":["post-332","post","type-post","status-publish","format-standard","has-post-thumbnail","hentry","category-noticias"],"acf":[],"yoast_head":"<!-- This site is optimized with the Yoast SEO plugin v26.9 - https:\/\/yoast.com\/product\/yoast-seo-wordpress\/ -->\n<title>Profesores de Los R\u00edos se capacitaron en educaci\u00f3n cient\u00edfica - Los R\u00edos<\/title>\n<meta name=\"robots\" content=\"index, follow, max-snippet:-1, max-image-preview:large, max-video-preview:-1\" \/>\n<link rel=\"canonical\" href=\"https:\/\/explora.cl\/rios\/profesores-de-los-rios-se-capacitaron-en-educacion-cientifica\/\" class=\"yoast-seo-meta-tag\" \/>\n<meta property=\"og:locale\" content=\"es_ES\" class=\"yoast-seo-meta-tag\" \/>\n<meta property=\"og:type\" content=\"article\" class=\"yoast-seo-meta-tag\" \/>\n<meta property=\"og:title\" content=\"Profesores de Los R\u00edos se capacitaron en educaci\u00f3n cient\u00edfica - Los R\u00edos\" class=\"yoast-seo-meta-tag\" \/>\n<meta property=\"og:description\" content=\"El Programa Tus Competencias en Ciencias certific\u00f3 a 24 profesores de 9 comunas de la Regi\u00f3n de Los R\u00edos. La ceremonia fue realizada en el sal\u00f3n Jorge Millas y cont\u00f3 con la presencia de directores de los establecimientos beneficiados por este programa. En el evento se realiz\u00f3 la firma de convenio entre los establecimientos educacionales [&hellip;]\" class=\"yoast-seo-meta-tag\" \/>\n<meta property=\"og:url\" content=\"https:\/\/explora.cl\/rios\/profesores-de-los-rios-se-capacitaron-en-educacion-cientifica\/\" class=\"yoast-seo-meta-tag\" \/>\n<meta property=\"og:site_name\" content=\"Los R\u00edos\" class=\"yoast-seo-meta-tag\" \/>\n<meta property=\"article:published_time\" content=\"2015-04-10T04:00:00+00:00\" class=\"yoast-seo-meta-tag\" \/>\n<meta property=\"article:modified_time\" content=\"2019-05-20T19:31:14+00:00\" class=\"yoast-seo-meta-tag\" \/>\n<meta property=\"og:image\" content=\"https:\/\/explora.cl\/rios\/wp-content\/uploads\/sites\/16\/2018\/06\/6aacbde6ecec0b18a9466ce52dda7096.jpg\" class=\"yoast-seo-meta-tag\" \/>\n\t<meta property=\"og:image:width\" content=\"2000\" class=\"yoast-seo-meta-tag\" \/>\n\t<meta property=\"og:image:height\" content=\"1325\" class=\"yoast-seo-meta-tag\" \/>\n\t<meta property=\"og:image:type\" content=\"image\/jpeg\" class=\"yoast-seo-meta-tag\" \/>\n<meta name=\"author\" content=\"webman\" class=\"yoast-seo-meta-tag\" \/>\n<meta name=\"twitter:card\" content=\"summary_large_image\" class=\"yoast-seo-meta-tag\" \/>\n<meta name=\"twitter:label1\" content=\"Escrito por\" class=\"yoast-seo-meta-tag\" \/>\n\t<meta name=\"twitter:data1\" content=\"webman\" class=\"yoast-seo-meta-tag\" \/>\n\t<meta name=\"twitter:label2\" content=\"Tiempo estimado de lectura\" class=\"yoast-seo-meta-tag\" \/>\n\t<meta name=\"twitter:data2\" content=\"1 minuto\" class=\"yoast-seo-meta-tag\" \/>\n<script type=\"application\/ld+json\" class=\"yoast-schema-graph\">{\"@context\":\"https:\/\/schema.org\",\"@graph\":[{\"@type\":\"Article\",\"@id\":\"https:\/\/explora.cl\/rios\/profesores-de-los-rios-se-capacitaron-en-educacion-cientifica\/#article\",\"isPartOf\":{\"@id\":\"https:\/\/explora.cl\/rios\/profesores-de-los-rios-se-capacitaron-en-educacion-cientifica\/\"},\"author\":{\"name\":\"webman\",\"@id\":\"https:\/\/explora.cl\/rios\/#\/schema\/person\/cb8349c13ea2d324080adf8480d7ba5d\"},\"headline\":\"Profesores de Los R\u00edos se capacitaron en educaci\u00f3n cient\u00edfica\",\"datePublished\":\"2015-04-10T04:00:00+00:00\",\"dateModified\":\"2019-05-20T19:31:14+00:00\",\"mainEntityOfPage\":{\"@id\":\"https:\/\/explora.cl\/rios\/profesores-de-los-rios-se-capacitaron-en-educacion-cientifica\/\"},\"wordCount\":174,\"commentCount\":0,\"image\":{\"@id\":\"https:\/\/explora.cl\/rios\/profesores-de-los-rios-se-capacitaron-en-educacion-cientifica\/#primaryimage\"},\"thumbnailUrl\":\"https:\/\/explora.cl\/rios\/wp-content\/uploads\/sites\/16\/2018\/06\/6aacbde6ecec0b18a9466ce52dda7096.jpg\",\"articleSection\":[\"Noticias\"],\"inLanguage\":\"es-CL\",\"potentialAction\":[{\"@type\":\"CommentAction\",\"name\":\"Comment\",\"target\":[\"https:\/\/explora.cl\/rios\/profesores-de-los-rios-se-capacitaron-en-educacion-cientifica\/#respond\"]}]},{\"@type\":\"WebPage\",\"@id\":\"https:\/\/explora.cl\/rios\/profesores-de-los-rios-se-capacitaron-en-educacion-cientifica\/\",\"url\":\"https:\/\/explora.cl\/rios\/profesores-de-los-rios-se-capacitaron-en-educacion-cientifica\/\",\"name\":\"Profesores de Los R\u00edos se capacitaron en educaci\u00f3n cient\u00edfica - Los R\u00edos\",\"isPartOf\":{\"@id\":\"https:\/\/explora.cl\/rios\/#website\"},\"primaryImageOfPage\":{\"@id\":\"https:\/\/explora.cl\/rios\/profesores-de-los-rios-se-capacitaron-en-educacion-cientifica\/#primaryimage\"},\"image\":{\"@id\":\"https:\/\/explora.cl\/rios\/profesores-de-los-rios-se-capacitaron-en-educacion-cientifica\/#primaryimage\"},\"thumbnailUrl\":\"https:\/\/explora.cl\/rios\/wp-content\/uploads\/sites\/16\/2018\/06\/6aacbde6ecec0b18a9466ce52dda7096.jpg\",\"datePublished\":\"2015-04-10T04:00:00+00:00\",\"dateModified\":\"2019-05-20T19:31:14+00:00\",\"author\":{\"@id\":\"https:\/\/explora.cl\/rios\/#\/schema\/person\/cb8349c13ea2d324080adf8480d7ba5d\"},\"breadcrumb\":{\"@id\":\"https:\/\/explora.cl\/rios\/profesores-de-los-rios-se-capacitaron-en-educacion-cientifica\/#breadcrumb\"},\"inLanguage\":\"es-CL\",\"potentialAction\":[{\"@type\":\"ReadAction\",\"target\":[\"https:\/\/explora.cl\/rios\/profesores-de-los-rios-se-capacitaron-en-educacion-cientifica\/\"]}]},{\"@type\":\"ImageObject\",\"inLanguage\":\"es-CL\",\"@id\":\"https:\/\/explora.cl\/rios\/profesores-de-los-rios-se-capacitaron-en-educacion-cientifica\/#primaryimage\",\"url\":\"https:\/\/explora.cl\/rios\/wp-content\/uploads\/sites\/16\/2018\/06\/6aacbde6ecec0b18a9466ce52dda7096.jpg\",\"contentUrl\":\"https:\/\/explora.cl\/rios\/wp-content\/uploads\/sites\/16\/2018\/06\/6aacbde6ecec0b18a9466ce52dda7096.jpg\",\"width\":2000,\"height\":1325},{\"@type\":\"BreadcrumbList\",\"@id\":\"https:\/\/explora.cl\/rios\/profesores-de-los-rios-se-capacitaron-en-educacion-cientifica\/#breadcrumb\",\"itemListElement\":[{\"@type\":\"ListItem\",\"position\":1,\"name\":\"Portada\",\"item\":\"https:\/\/explora.cl\/rios\/\"},{\"@type\":\"ListItem\",\"position\":2,\"name\":\"Profesores de Los R\u00edos se capacitaron en educaci\u00f3n cient\u00edfica\"}]},{\"@type\":\"WebSite\",\"@id\":\"https:\/\/explora.cl\/rios\/#website\",\"url\":\"https:\/\/explora.cl\/rios\/\",\"name\":\"Los R\u00edos\",\"description\":\"Otro sitio m\u00e1s de explora.cl\",\"potentialAction\":[{\"@type\":\"SearchAction\",\"target\":{\"@type\":\"EntryPoint\",\"urlTemplate\":\"https:\/\/explora.cl\/rios\/?s={search_term_string}\"},\"query-input\":{\"@type\":\"PropertyValueSpecification\",\"valueRequired\":true,\"valueName\":\"search_term_string\"}}],\"inLanguage\":\"es-CL\"},{\"@type\":\"Person\",\"@id\":\"https:\/\/explora.cl\/rios\/#\/schema\/person\/cb8349c13ea2d324080adf8480d7ba5d\",\"name\":\"webman\",\"image\":{\"@type\":\"ImageObject\",\"inLanguage\":\"es-CL\",\"@id\":\"https:\/\/explora.cl\/rios\/#\/schema\/person\/image\/\",\"url\":\"https:\/\/secure.gravatar.com\/avatar\/eeff3c82f2c02f7177d13663b7e6f890e9a6a0647ce9bb29cae02dcb094c7312?s=96&d=mm&r=g\",\"contentUrl\":\"https:\/\/secure.gravatar.com\/avatar\/eeff3c82f2c02f7177d13663b7e6f890e9a6a0647ce9bb29cae02dcb094c7312?s=96&d=mm&r=g\",\"caption\":\"webman\"},\"url\":\"https:\/\/explora.cl\/rios\/author\/webman\/\"}]}<\/script>\n<!-- \/ Yoast SEO plugin. -->","yoast_head_json":{"title":"Profesores de Los R\u00edos se capacitaron en educaci\u00f3n cient\u00edfica - Los R\u00edos","robots":{"index":"index","follow":"follow","max-snippet":"max-snippet:-1","max-image-preview":"max-image-preview:large","max-video-preview":"max-video-preview:-1"},"canonical":"https:\/\/explora.cl\/rios\/profesores-de-los-rios-se-capacitaron-en-educacion-cientifica\/","og_locale":"es_ES","og_type":"article","og_title":"Profesores de Los R\u00edos se capacitaron en educaci\u00f3n cient\u00edfica - Los R\u00edos","og_description":"El Programa Tus Competencias en Ciencias certific\u00f3 a 24 profesores de 9 comunas de la Regi\u00f3n de Los R\u00edos. La ceremonia fue realizada en el sal\u00f3n Jorge Millas y cont\u00f3 con la presencia de directores de los establecimientos beneficiados por este programa. En el evento se realiz\u00f3 la firma de convenio entre los establecimientos educacionales [&hellip;]","og_url":"https:\/\/explora.cl\/rios\/profesores-de-los-rios-se-capacitaron-en-educacion-cientifica\/","og_site_name":"Los R\u00edos","article_published_time":"2015-04-10T04:00:00+00:00","article_modified_time":"2019-05-20T19:31:14+00:00","og_image":[{"width":2000,"height":1325,"url":"https:\/\/explora.cl\/rios\/wp-content\/uploads\/sites\/16\/2018\/06\/6aacbde6ecec0b18a9466ce52dda7096.jpg","type":"image\/jpeg"}],"author":"webman","twitter_card":"summary_large_image","twitter_misc":{"Escrito por":"webman","Tiempo estimado de lectura":"1 minuto"},"schema":{"@context":"https:\/\/schema.org","@graph":[{"@type":"Article","@id":"https:\/\/explora.cl\/rios\/profesores-de-los-rios-se-capacitaron-en-educacion-cientifica\/#article","isPartOf":{"@id":"https:\/\/explora.cl\/rios\/profesores-de-los-rios-se-capacitaron-en-educacion-cientifica\/"},"author":{"name":"webman","@id":"https:\/\/explora.cl\/rios\/#\/schema\/person\/cb8349c13ea2d324080adf8480d7ba5d"},"headline":"Profesores de Los R\u00edos se capacitaron en educaci\u00f3n cient\u00edfica","datePublished":"2015-04-10T04:00:00+00:00","dateModified":"2019-05-20T19:31:14+00:00","mainEntityOfPage":{"@id":"https:\/\/explora.cl\/rios\/profesores-de-los-rios-se-capacitaron-en-educacion-cientifica\/"},"wordCount":174,"commentCount":0,"image":{"@id":"https:\/\/explora.cl\/rios\/profesores-de-los-rios-se-capacitaron-en-educacion-cientifica\/#primaryimage"},"thumbnailUrl":"https:\/\/explora.cl\/rios\/wp-content\/uploads\/sites\/16\/2018\/06\/6aacbde6ecec0b18a9466ce52dda7096.jpg","articleSection":["Noticias"],"inLanguage":"es-CL","potentialAction":[{"@type":"CommentAction","name":"Comment","target":["https:\/\/explora.cl\/rios\/profesores-de-los-rios-se-capacitaron-en-educacion-cientifica\/#respond"]}]},{"@type":"WebPage","@id":"https:\/\/explora.cl\/rios\/profesores-de-los-rios-se-capacitaron-en-educacion-cientifica\/","url":"https:\/\/explora.cl\/rios\/profesores-de-los-rios-se-capacitaron-en-educacion-cientifica\/","name":"Profesores de Los R\u00edos se capacitaron en educaci\u00f3n cient\u00edfica - Los R\u00edos","isPartOf":{"@id":"https:\/\/explora.cl\/rios\/#website"},"primaryImageOfPage":{"@id":"https:\/\/explora.cl\/rios\/profesores-de-los-rios-se-capacitaron-en-educacion-cientifica\/#primaryimage"},"image":{"@id":"https:\/\/explora.cl\/rios\/profesores-de-los-rios-se-capacitaron-en-educacion-cientifica\/#primaryimage"},"thumbnailUrl":"https:\/\/explora.cl\/rios\/wp-content\/uploads\/sites\/16\/2018\/06\/6aacbde6ecec0b18a9466ce52dda7096.jpg","datePublished":"2015-04-10T04:00:00+00:00","dateModified":"2019-05-20T19:31:14+00:00","author":{"@id":"https:\/\/explora.cl\/rios\/#\/schema\/person\/cb8349c13ea2d324080adf8480d7ba5d"},"breadcrumb":{"@id":"https:\/\/explora.cl\/rios\/profesores-de-los-rios-se-capacitaron-en-educacion-cientifica\/#breadcrumb"},"inLanguage":"es-CL","potentialAction":[{"@type":"ReadAction","target":["https:\/\/explora.cl\/rios\/profesores-de-los-rios-se-capacitaron-en-educacion-cientifica\/"]}]},{"@type":"ImageObject","inLanguage":"es-CL","@id":"https:\/\/explora.cl\/rios\/profesores-de-los-rios-se-capacitaron-en-educacion-cientifica\/#primaryimage","url":"https:\/\/explora.cl\/rios\/wp-content\/uploads\/sites\/16\/2018\/06\/6aacbde6ecec0b18a9466ce52dda7096.jpg","contentUrl":"https:\/\/explora.cl\/rios\/wp-content\/uploads\/sites\/16\/2018\/06\/6aacbde6ecec0b18a9466ce52dda7096.jpg","width":2000,"height":1325},{"@type":"BreadcrumbList","@id":"https:\/\/explora.cl\/rios\/profesores-de-los-rios-se-capacitaron-en-educacion-cientifica\/#breadcrumb","itemListElement":[{"@type":"ListItem","position":1,"name":"Portada","item":"https:\/\/explora.cl\/rios\/"},{"@type":"ListItem","position":2,"name":"Profesores de Los R\u00edos se capacitaron en educaci\u00f3n cient\u00edfica"}]},{"@type":"WebSite","@id":"https:\/\/explora.cl\/rios\/#website","url":"https:\/\/explora.cl\/rios\/","name":"Los R\u00edos","description":"Otro sitio m\u00e1s de explora.cl","potentialAction":[{"@type":"SearchAction","target":{"@type":"EntryPoint","urlTemplate":"https:\/\/explora.cl\/rios\/?s={search_term_string}"},"query-input":{"@type":"PropertyValueSpecification","valueRequired":true,"valueName":"search_term_string"}}],"inLanguage":"es-CL"},{"@type":"Person","@id":"https:\/\/explora.cl\/rios\/#\/schema\/person\/cb8349c13ea2d324080adf8480d7ba5d","name":"webman","image":{"@type":"ImageObject","inLanguage":"es-CL","@id":"https:\/\/explora.cl\/rios\/#\/schema\/person\/image\/","url":"https:\/\/secure.gravatar.com\/avatar\/eeff3c82f2c02f7177d13663b7e6f890e9a6a0647ce9bb29cae02dcb094c7312?s=96&d=mm&r=g","contentUrl":"https:\/\/secure.gravatar.com\/avatar\/eeff3c82f2c02f7177d13663b7e6f890e9a6a0647ce9bb29cae02dcb094c7312?s=96&d=mm&r=g","caption":"webman"},"url":"https:\/\/explora.cl\/rios\/author\/webman\/"}]}},"_links":{"self":[{"href":"https:\/\/explora.cl\/rios\/wp-json\/wp\/v2\/posts\/332","targetHints":{"allow":["GET"]}}],"collection":[{"href":"https:\/\/explora.cl\/rios\/wp-json\/wp\/v2\/posts"}],"about":[{"href":"https:\/\/explora.cl\/rios\/wp-json\/wp\/v2\/types\/post"}],"author":[{"embeddable":true,"href":"https:\/\/explora.cl\/rios\/wp-json\/wp\/v2\/users\/2"}],"replies":[{"embeddable":true,"href":"https:\/\/explora.cl\/rios\/wp-json\/wp\/v2\/comments?post=332"}],"version-history":[{"count":1,"href":"https:\/\/explora.cl\/rios\/wp-json\/wp\/v2\/posts\/332\/revisions"}],"predecessor-version":[{"id":37964,"href":"https:\/\/explora.cl\/rios\/wp-json\/wp\/v2\/posts\/332\/revisions\/37964"}],"wp:featuredmedia":[{"embeddable":true,"href":"https:\/\/explora.cl\/rios\/wp-json\/wp\/v2\/media\/333"}],"wp:attachment":[{"href":"https:\/\/explora.cl\/rios\/wp-json\/wp\/v2\/media?parent=332"}],"wp:term":[{"taxonomy":"category","embeddable":true,"href":"https:\/\/explora.cl\/rios\/wp-json\/wp\/v2\/categories?post=332"},{"taxonomy":"post_tag","embeddable":true,"href":"https:\/\/explora.cl\/rios\/wp-json\/wp\/v2\/tags?post=332"}],"curies":[{"name":"wp","href":"https:\/\/api.w.org\/{rel}","templated":true}]}}