{"id":113,"date":"2014-06-25T00:00:00","date_gmt":"2014-06-25T04:00:00","guid":{"rendered":"https:\/\/explora.cl\/rios\/blog\/2014\/06\/25\/una-version-especialmente-dirigida-a-los-estudiantes-sera-exhibida-en-las-comunas-de-paillaco-lago-ranco-la-union-los-lagos-y-lanco\/"},"modified":"2019-05-20T19:32:31","modified_gmt":"2019-05-20T19:32:31","slug":"una-version-especialmente-dirigida-a-los-estudiantes-sera-exhibida-en-las-comunas-de-paillaco-lago-ranco-la-union-los-lagos-y-lanco","status":"publish","type":"post","link":"https:\/\/explora.cl\/rios\/una-version-especialmente-dirigida-a-los-estudiantes-sera-exhibida-en-las-comunas-de-paillaco-lago-ranco-la-union-los-lagos-y-lanco\/","title":{"rendered":"Documental sobre fiordo Marinelli inicia gira por Regi\u00f3n de Los R\u00edos"},"content":{"rendered":"<p><img fetchpriority=\"high\" decoding=\"async\" class=\" size-full wp-image-3432\" src=\"http:\/\/ec2-34-218-253-251.us-west-2.compute.amazonaws.com\/wp-content\/uploads\/2014\/06\/8d7d615a68d2ad1b0beadd8091ab5b84.jpg\" alt=\"\" width=\"1128\" height=\"1610\" \/><\/p>\n<p style=\"text-align: justify\">Despu\u00e9s del estreno del Documental &#8220;Laboratorio Natural de Oceanograf\u00eda: Fiordo Marinelli&#8221; en Valdivia y en Punta Arenas, el equipo realizador program\u00f3 una serie de exhibiciones a estudiantes en cinco comunas de la Regi\u00f3n de Los R\u00edos.<\/p>\n<p style=\"text-align: justify\">A diferencia del estreno, ser\u00e1 un versi\u00f3n de 15 minutos la que se mostrar\u00e1 a los estudiantes de las comunas de Paillaco (24.06.2014), Lago Ranco (24.06.2014 dos funciones), La Uni\u00f3n (26.06.2014) Los Lagos (26.06.2014) y Lanco (24.06.2014).<\/p>\n<p style=\"text-align: justify\">La pieza audiovisual muestra el trabajo de un grupo de cient\u00edficos de la Universidad Austral de Chile, dirigidos por la Dra. Claudia Aracena, a los pies de la Cordillera Darwin, una de las \u00e1reas m\u00e1s remotas de Tierra del Fuego en la Regi\u00f3n de Magallanes. En el lugar, los investigadores estudian la influencia del derretimiento glaciar sobre el comportamiento del fitoplancton, mostrando a trav\u00e9s de un lenguaje de f\u00e1cil comprensi\u00f3n, los detalles de su investigaci\u00f3n.<\/p>\n<p style=\"text-align: justify\">Este documental se desarroll\u00f3 en el marco del Primer Concurso Nacional de Apoyo a Actividades de Divulgaci\u00f3n &#8220;Chile: Laboratorio Natural\u201d del Programa EXPLORA CONICYT y muestra c\u00f3mo se genera el conocimiento cient\u00edfico, visibilizando el trabajo en terreno, equipamiento y m\u00e9todos de an\u00e1lisis utilizados, especialidades de los distintos miembros del equipo, as\u00ed como las particularidades del mar austral de nuestro pa\u00eds para realizar este tipo de estudios.<\/p>\n<p style=\"text-align: justify\">De acuerdo a lo explicado por la Dra. Aracena, el documental resume cinco d\u00edas de intenso trabajo a bordo del crucero cient\u00edfico, con el fin de mostrar que es posible realizar ciencia en \u00e1reas remotas de nuestro pa\u00eds.<\/p>\n<p style=\"text-align: justify\">\u00a0<\/p>\n","protected":false},"excerpt":{"rendered":"<p>Despu\u00e9s del estreno del Documental &#8220;Laboratorio Natural de Oceanograf\u00eda: Fiordo Marinelli&#8221; en Valdivia y en Punta Arenas, el equipo realizador program\u00f3 una serie de exhibiciones a estudiantes en cinco comunas de la Regi\u00f3n de Los R\u00edos. A diferencia del estreno, ser\u00e1 un versi\u00f3n de 15 minutos la que se mostrar\u00e1 a los estudiantes de las [&hellip;]<\/p>\n","protected":false},"author":2,"featured_media":114,"comment_status":"open","ping_status":"open","sticky":false,"template":"","format":"standard","meta":{"_acf_changed":false,"_exactmetrics_skip_tracking":false,"_exactmetrics_sitenote_active":false,"_exactmetrics_sitenote_note":"","_exactmetrics_sitenote_category":0,"footnotes":"","_links_to":"","_links_to_target":""},"categories":[4],"tags":[],"class_list":["post-113","post","type-post","status-publish","format-standard","has-post-thumbnail","hentry","category-noticias"],"acf":[],"yoast_head":"<!-- This site is optimized with the Yoast SEO plugin v26.9 - https:\/\/yoast.com\/product\/yoast-seo-wordpress\/ -->\n<title>Documental sobre fiordo Marinelli inicia gira por Regi\u00f3n de Los R\u00edos - Los R\u00edos<\/title>\n<meta name=\"robots\" content=\"index, follow, max-snippet:-1, max-image-preview:large, max-video-preview:-1\" \/>\n<link rel=\"canonical\" href=\"https:\/\/explora.cl\/rios\/una-version-especialmente-dirigida-a-los-estudiantes-sera-exhibida-en-las-comunas-de-paillaco-lago-ranco-la-union-los-lagos-y-lanco\/\" class=\"yoast-seo-meta-tag\" \/>\n<meta property=\"og:locale\" content=\"es_ES\" class=\"yoast-seo-meta-tag\" \/>\n<meta property=\"og:type\" content=\"article\" class=\"yoast-seo-meta-tag\" \/>\n<meta property=\"og:title\" content=\"Documental sobre fiordo Marinelli inicia gira por Regi\u00f3n de Los R\u00edos - Los R\u00edos\" class=\"yoast-seo-meta-tag\" \/>\n<meta property=\"og:description\" content=\"Despu\u00e9s del estreno del Documental &#8220;Laboratorio Natural de Oceanograf\u00eda: Fiordo Marinelli&#8221; en Valdivia y en Punta Arenas, el equipo realizador program\u00f3 una serie de exhibiciones a estudiantes en cinco comunas de la Regi\u00f3n de Los R\u00edos. A diferencia del estreno, ser\u00e1 un versi\u00f3n de 15 minutos la que se mostrar\u00e1 a los estudiantes de las [&hellip;]\" class=\"yoast-seo-meta-tag\" \/>\n<meta property=\"og:url\" content=\"https:\/\/explora.cl\/rios\/una-version-especialmente-dirigida-a-los-estudiantes-sera-exhibida-en-las-comunas-de-paillaco-lago-ranco-la-union-los-lagos-y-lanco\/\" class=\"yoast-seo-meta-tag\" \/>\n<meta property=\"og:site_name\" content=\"Los R\u00edos\" class=\"yoast-seo-meta-tag\" \/>\n<meta property=\"article:published_time\" content=\"2014-06-25T04:00:00+00:00\" class=\"yoast-seo-meta-tag\" \/>\n<meta property=\"article:modified_time\" content=\"2019-05-20T19:32:31+00:00\" class=\"yoast-seo-meta-tag\" \/>\n<meta property=\"og:image\" content=\"https:\/\/explora.cl\/rios\/wp-content\/uploads\/sites\/16\/2018\/06\/8d7d615a68d2ad1b0beadd8091ab5b84.jpg\" class=\"yoast-seo-meta-tag\" \/>\n\t<meta property=\"og:image:width\" content=\"1128\" class=\"yoast-seo-meta-tag\" \/>\n\t<meta property=\"og:image:height\" content=\"1610\" class=\"yoast-seo-meta-tag\" \/>\n\t<meta property=\"og:image:type\" content=\"image\/jpeg\" class=\"yoast-seo-meta-tag\" \/>\n<meta name=\"author\" content=\"webman\" class=\"yoast-seo-meta-tag\" \/>\n<meta name=\"twitter:card\" content=\"summary_large_image\" class=\"yoast-seo-meta-tag\" \/>\n<meta name=\"twitter:label1\" content=\"Escrito por\" class=\"yoast-seo-meta-tag\" \/>\n\t<meta name=\"twitter:data1\" content=\"webman\" class=\"yoast-seo-meta-tag\" \/>\n\t<meta name=\"twitter:label2\" content=\"Tiempo estimado de lectura\" class=\"yoast-seo-meta-tag\" \/>\n\t<meta name=\"twitter:data2\" content=\"1 minuto\" class=\"yoast-seo-meta-tag\" \/>\n<script type=\"application\/ld+json\" class=\"yoast-schema-graph\">{\"@context\":\"https:\/\/schema.org\",\"@graph\":[{\"@type\":\"Article\",\"@id\":\"https:\/\/explora.cl\/rios\/una-version-especialmente-dirigida-a-los-estudiantes-sera-exhibida-en-las-comunas-de-paillaco-lago-ranco-la-union-los-lagos-y-lanco\/#article\",\"isPartOf\":{\"@id\":\"https:\/\/explora.cl\/rios\/una-version-especialmente-dirigida-a-los-estudiantes-sera-exhibida-en-las-comunas-de-paillaco-lago-ranco-la-union-los-lagos-y-lanco\/\"},\"author\":{\"name\":\"webman\",\"@id\":\"https:\/\/explora.cl\/rios\/#\/schema\/person\/cb8349c13ea2d324080adf8480d7ba5d\"},\"headline\":\"Documental sobre fiordo Marinelli inicia gira por Regi\u00f3n de Los R\u00edos\",\"datePublished\":\"2014-06-25T04:00:00+00:00\",\"dateModified\":\"2019-05-20T19:32:31+00:00\",\"mainEntityOfPage\":{\"@id\":\"https:\/\/explora.cl\/rios\/una-version-especialmente-dirigida-a-los-estudiantes-sera-exhibida-en-las-comunas-de-paillaco-lago-ranco-la-union-los-lagos-y-lanco\/\"},\"wordCount\":281,\"commentCount\":0,\"image\":{\"@id\":\"https:\/\/explora.cl\/rios\/una-version-especialmente-dirigida-a-los-estudiantes-sera-exhibida-en-las-comunas-de-paillaco-lago-ranco-la-union-los-lagos-y-lanco\/#primaryimage\"},\"thumbnailUrl\":\"https:\/\/explora.cl\/rios\/wp-content\/uploads\/sites\/16\/2018\/06\/8d7d615a68d2ad1b0beadd8091ab5b84.jpg\",\"articleSection\":[\"Noticias\"],\"inLanguage\":\"es-CL\",\"potentialAction\":[{\"@type\":\"CommentAction\",\"name\":\"Comment\",\"target\":[\"https:\/\/explora.cl\/rios\/una-version-especialmente-dirigida-a-los-estudiantes-sera-exhibida-en-las-comunas-de-paillaco-lago-ranco-la-union-los-lagos-y-lanco\/#respond\"]}]},{\"@type\":\"WebPage\",\"@id\":\"https:\/\/explora.cl\/rios\/una-version-especialmente-dirigida-a-los-estudiantes-sera-exhibida-en-las-comunas-de-paillaco-lago-ranco-la-union-los-lagos-y-lanco\/\",\"url\":\"https:\/\/explora.cl\/rios\/una-version-especialmente-dirigida-a-los-estudiantes-sera-exhibida-en-las-comunas-de-paillaco-lago-ranco-la-union-los-lagos-y-lanco\/\",\"name\":\"Documental sobre fiordo Marinelli inicia gira por Regi\u00f3n de Los R\u00edos - Los R\u00edos\",\"isPartOf\":{\"@id\":\"https:\/\/explora.cl\/rios\/#website\"},\"primaryImageOfPage\":{\"@id\":\"https:\/\/explora.cl\/rios\/una-version-especialmente-dirigida-a-los-estudiantes-sera-exhibida-en-las-comunas-de-paillaco-lago-ranco-la-union-los-lagos-y-lanco\/#primaryimage\"},\"image\":{\"@id\":\"https:\/\/explora.cl\/rios\/una-version-especialmente-dirigida-a-los-estudiantes-sera-exhibida-en-las-comunas-de-paillaco-lago-ranco-la-union-los-lagos-y-lanco\/#primaryimage\"},\"thumbnailUrl\":\"https:\/\/explora.cl\/rios\/wp-content\/uploads\/sites\/16\/2018\/06\/8d7d615a68d2ad1b0beadd8091ab5b84.jpg\",\"datePublished\":\"2014-06-25T04:00:00+00:00\",\"dateModified\":\"2019-05-20T19:32:31+00:00\",\"author\":{\"@id\":\"https:\/\/explora.cl\/rios\/#\/schema\/person\/cb8349c13ea2d324080adf8480d7ba5d\"},\"breadcrumb\":{\"@id\":\"https:\/\/explora.cl\/rios\/una-version-especialmente-dirigida-a-los-estudiantes-sera-exhibida-en-las-comunas-de-paillaco-lago-ranco-la-union-los-lagos-y-lanco\/#breadcrumb\"},\"inLanguage\":\"es-CL\",\"potentialAction\":[{\"@type\":\"ReadAction\",\"target\":[\"https:\/\/explora.cl\/rios\/una-version-especialmente-dirigida-a-los-estudiantes-sera-exhibida-en-las-comunas-de-paillaco-lago-ranco-la-union-los-lagos-y-lanco\/\"]}]},{\"@type\":\"ImageObject\",\"inLanguage\":\"es-CL\",\"@id\":\"https:\/\/explora.cl\/rios\/una-version-especialmente-dirigida-a-los-estudiantes-sera-exhibida-en-las-comunas-de-paillaco-lago-ranco-la-union-los-lagos-y-lanco\/#primaryimage\",\"url\":\"https:\/\/explora.cl\/rios\/wp-content\/uploads\/sites\/16\/2018\/06\/8d7d615a68d2ad1b0beadd8091ab5b84.jpg\",\"contentUrl\":\"https:\/\/explora.cl\/rios\/wp-content\/uploads\/sites\/16\/2018\/06\/8d7d615a68d2ad1b0beadd8091ab5b84.jpg\",\"width\":1128,\"height\":1610},{\"@type\":\"BreadcrumbList\",\"@id\":\"https:\/\/explora.cl\/rios\/una-version-especialmente-dirigida-a-los-estudiantes-sera-exhibida-en-las-comunas-de-paillaco-lago-ranco-la-union-los-lagos-y-lanco\/#breadcrumb\",\"itemListElement\":[{\"@type\":\"ListItem\",\"position\":1,\"name\":\"Portada\",\"item\":\"https:\/\/explora.cl\/rios\/\"},{\"@type\":\"ListItem\",\"position\":2,\"name\":\"Documental sobre fiordo Marinelli inicia gira por Regi\u00f3n de Los R\u00edos\"}]},{\"@type\":\"WebSite\",\"@id\":\"https:\/\/explora.cl\/rios\/#website\",\"url\":\"https:\/\/explora.cl\/rios\/\",\"name\":\"Los R\u00edos\",\"description\":\"Otro sitio m\u00e1s de explora.cl\",\"potentialAction\":[{\"@type\":\"SearchAction\",\"target\":{\"@type\":\"EntryPoint\",\"urlTemplate\":\"https:\/\/explora.cl\/rios\/?s={search_term_string}\"},\"query-input\":{\"@type\":\"PropertyValueSpecification\",\"valueRequired\":true,\"valueName\":\"search_term_string\"}}],\"inLanguage\":\"es-CL\"},{\"@type\":\"Person\",\"@id\":\"https:\/\/explora.cl\/rios\/#\/schema\/person\/cb8349c13ea2d324080adf8480d7ba5d\",\"name\":\"webman\",\"image\":{\"@type\":\"ImageObject\",\"inLanguage\":\"es-CL\",\"@id\":\"https:\/\/explora.cl\/rios\/#\/schema\/person\/image\/\",\"url\":\"https:\/\/secure.gravatar.com\/avatar\/eeff3c82f2c02f7177d13663b7e6f890e9a6a0647ce9bb29cae02dcb094c7312?s=96&d=mm&r=g\",\"contentUrl\":\"https:\/\/secure.gravatar.com\/avatar\/eeff3c82f2c02f7177d13663b7e6f890e9a6a0647ce9bb29cae02dcb094c7312?s=96&d=mm&r=g\",\"caption\":\"webman\"},\"url\":\"https:\/\/explora.cl\/rios\/author\/webman\/\"}]}<\/script>\n<!-- \/ Yoast SEO plugin. -->","yoast_head_json":{"title":"Documental sobre fiordo Marinelli inicia gira por Regi\u00f3n de Los R\u00edos - Los R\u00edos","robots":{"index":"index","follow":"follow","max-snippet":"max-snippet:-1","max-image-preview":"max-image-preview:large","max-video-preview":"max-video-preview:-1"},"canonical":"https:\/\/explora.cl\/rios\/una-version-especialmente-dirigida-a-los-estudiantes-sera-exhibida-en-las-comunas-de-paillaco-lago-ranco-la-union-los-lagos-y-lanco\/","og_locale":"es_ES","og_type":"article","og_title":"Documental sobre fiordo Marinelli inicia gira por Regi\u00f3n de Los R\u00edos - Los R\u00edos","og_description":"Despu\u00e9s del estreno del Documental &#8220;Laboratorio Natural de Oceanograf\u00eda: Fiordo Marinelli&#8221; en Valdivia y en Punta Arenas, el equipo realizador program\u00f3 una serie de exhibiciones a estudiantes en cinco comunas de la Regi\u00f3n de Los R\u00edos. A diferencia del estreno, ser\u00e1 un versi\u00f3n de 15 minutos la que se mostrar\u00e1 a los estudiantes de las [&hellip;]","og_url":"https:\/\/explora.cl\/rios\/una-version-especialmente-dirigida-a-los-estudiantes-sera-exhibida-en-las-comunas-de-paillaco-lago-ranco-la-union-los-lagos-y-lanco\/","og_site_name":"Los R\u00edos","article_published_time":"2014-06-25T04:00:00+00:00","article_modified_time":"2019-05-20T19:32:31+00:00","og_image":[{"width":1128,"height":1610,"url":"https:\/\/explora.cl\/rios\/wp-content\/uploads\/sites\/16\/2018\/06\/8d7d615a68d2ad1b0beadd8091ab5b84.jpg","type":"image\/jpeg"}],"author":"webman","twitter_card":"summary_large_image","twitter_misc":{"Escrito por":"webman","Tiempo estimado de lectura":"1 minuto"},"schema":{"@context":"https:\/\/schema.org","@graph":[{"@type":"Article","@id":"https:\/\/explora.cl\/rios\/una-version-especialmente-dirigida-a-los-estudiantes-sera-exhibida-en-las-comunas-de-paillaco-lago-ranco-la-union-los-lagos-y-lanco\/#article","isPartOf":{"@id":"https:\/\/explora.cl\/rios\/una-version-especialmente-dirigida-a-los-estudiantes-sera-exhibida-en-las-comunas-de-paillaco-lago-ranco-la-union-los-lagos-y-lanco\/"},"author":{"name":"webman","@id":"https:\/\/explora.cl\/rios\/#\/schema\/person\/cb8349c13ea2d324080adf8480d7ba5d"},"headline":"Documental sobre fiordo Marinelli inicia gira por Regi\u00f3n de Los R\u00edos","datePublished":"2014-06-25T04:00:00+00:00","dateModified":"2019-05-20T19:32:31+00:00","mainEntityOfPage":{"@id":"https:\/\/explora.cl\/rios\/una-version-especialmente-dirigida-a-los-estudiantes-sera-exhibida-en-las-comunas-de-paillaco-lago-ranco-la-union-los-lagos-y-lanco\/"},"wordCount":281,"commentCount":0,"image":{"@id":"https:\/\/explora.cl\/rios\/una-version-especialmente-dirigida-a-los-estudiantes-sera-exhibida-en-las-comunas-de-paillaco-lago-ranco-la-union-los-lagos-y-lanco\/#primaryimage"},"thumbnailUrl":"https:\/\/explora.cl\/rios\/wp-content\/uploads\/sites\/16\/2018\/06\/8d7d615a68d2ad1b0beadd8091ab5b84.jpg","articleSection":["Noticias"],"inLanguage":"es-CL","potentialAction":[{"@type":"CommentAction","name":"Comment","target":["https:\/\/explora.cl\/rios\/una-version-especialmente-dirigida-a-los-estudiantes-sera-exhibida-en-las-comunas-de-paillaco-lago-ranco-la-union-los-lagos-y-lanco\/#respond"]}]},{"@type":"WebPage","@id":"https:\/\/explora.cl\/rios\/una-version-especialmente-dirigida-a-los-estudiantes-sera-exhibida-en-las-comunas-de-paillaco-lago-ranco-la-union-los-lagos-y-lanco\/","url":"https:\/\/explora.cl\/rios\/una-version-especialmente-dirigida-a-los-estudiantes-sera-exhibida-en-las-comunas-de-paillaco-lago-ranco-la-union-los-lagos-y-lanco\/","name":"Documental sobre fiordo Marinelli inicia gira por Regi\u00f3n de Los R\u00edos - Los R\u00edos","isPartOf":{"@id":"https:\/\/explora.cl\/rios\/#website"},"primaryImageOfPage":{"@id":"https:\/\/explora.cl\/rios\/una-version-especialmente-dirigida-a-los-estudiantes-sera-exhibida-en-las-comunas-de-paillaco-lago-ranco-la-union-los-lagos-y-lanco\/#primaryimage"},"image":{"@id":"https:\/\/explora.cl\/rios\/una-version-especialmente-dirigida-a-los-estudiantes-sera-exhibida-en-las-comunas-de-paillaco-lago-ranco-la-union-los-lagos-y-lanco\/#primaryimage"},"thumbnailUrl":"https:\/\/explora.cl\/rios\/wp-content\/uploads\/sites\/16\/2018\/06\/8d7d615a68d2ad1b0beadd8091ab5b84.jpg","datePublished":"2014-06-25T04:00:00+00:00","dateModified":"2019-05-20T19:32:31+00:00","author":{"@id":"https:\/\/explora.cl\/rios\/#\/schema\/person\/cb8349c13ea2d324080adf8480d7ba5d"},"breadcrumb":{"@id":"https:\/\/explora.cl\/rios\/una-version-especialmente-dirigida-a-los-estudiantes-sera-exhibida-en-las-comunas-de-paillaco-lago-ranco-la-union-los-lagos-y-lanco\/#breadcrumb"},"inLanguage":"es-CL","potentialAction":[{"@type":"ReadAction","target":["https:\/\/explora.cl\/rios\/una-version-especialmente-dirigida-a-los-estudiantes-sera-exhibida-en-las-comunas-de-paillaco-lago-ranco-la-union-los-lagos-y-lanco\/"]}]},{"@type":"ImageObject","inLanguage":"es-CL","@id":"https:\/\/explora.cl\/rios\/una-version-especialmente-dirigida-a-los-estudiantes-sera-exhibida-en-las-comunas-de-paillaco-lago-ranco-la-union-los-lagos-y-lanco\/#primaryimage","url":"https:\/\/explora.cl\/rios\/wp-content\/uploads\/sites\/16\/2018\/06\/8d7d615a68d2ad1b0beadd8091ab5b84.jpg","contentUrl":"https:\/\/explora.cl\/rios\/wp-content\/uploads\/sites\/16\/2018\/06\/8d7d615a68d2ad1b0beadd8091ab5b84.jpg","width":1128,"height":1610},{"@type":"BreadcrumbList","@id":"https:\/\/explora.cl\/rios\/una-version-especialmente-dirigida-a-los-estudiantes-sera-exhibida-en-las-comunas-de-paillaco-lago-ranco-la-union-los-lagos-y-lanco\/#breadcrumb","itemListElement":[{"@type":"ListItem","position":1,"name":"Portada","item":"https:\/\/explora.cl\/rios\/"},{"@type":"ListItem","position":2,"name":"Documental sobre fiordo Marinelli inicia gira por Regi\u00f3n de Los R\u00edos"}]},{"@type":"WebSite","@id":"https:\/\/explora.cl\/rios\/#website","url":"https:\/\/explora.cl\/rios\/","name":"Los R\u00edos","description":"Otro sitio m\u00e1s de explora.cl","potentialAction":[{"@type":"SearchAction","target":{"@type":"EntryPoint","urlTemplate":"https:\/\/explora.cl\/rios\/?s={search_term_string}"},"query-input":{"@type":"PropertyValueSpecification","valueRequired":true,"valueName":"search_term_string"}}],"inLanguage":"es-CL"},{"@type":"Person","@id":"https:\/\/explora.cl\/rios\/#\/schema\/person\/cb8349c13ea2d324080adf8480d7ba5d","name":"webman","image":{"@type":"ImageObject","inLanguage":"es-CL","@id":"https:\/\/explora.cl\/rios\/#\/schema\/person\/image\/","url":"https:\/\/secure.gravatar.com\/avatar\/eeff3c82f2c02f7177d13663b7e6f890e9a6a0647ce9bb29cae02dcb094c7312?s=96&d=mm&r=g","contentUrl":"https:\/\/secure.gravatar.com\/avatar\/eeff3c82f2c02f7177d13663b7e6f890e9a6a0647ce9bb29cae02dcb094c7312?s=96&d=mm&r=g","caption":"webman"},"url":"https:\/\/explora.cl\/rios\/author\/webman\/"}]}},"_links":{"self":[{"href":"https:\/\/explora.cl\/rios\/wp-json\/wp\/v2\/posts\/113","targetHints":{"allow":["GET"]}}],"collection":[{"href":"https:\/\/explora.cl\/rios\/wp-json\/wp\/v2\/posts"}],"about":[{"href":"https:\/\/explora.cl\/rios\/wp-json\/wp\/v2\/types\/post"}],"author":[{"embeddable":true,"href":"https:\/\/explora.cl\/rios\/wp-json\/wp\/v2\/users\/2"}],"replies":[{"embeddable":true,"href":"https:\/\/explora.cl\/rios\/wp-json\/wp\/v2\/comments?post=113"}],"version-history":[{"count":1,"href":"https:\/\/explora.cl\/rios\/wp-json\/wp\/v2\/posts\/113\/revisions"}],"predecessor-version":[{"id":38062,"href":"https:\/\/explora.cl\/rios\/wp-json\/wp\/v2\/posts\/113\/revisions\/38062"}],"wp:featuredmedia":[{"embeddable":true,"href":"https:\/\/explora.cl\/rios\/wp-json\/wp\/v2\/media\/114"}],"wp:attachment":[{"href":"https:\/\/explora.cl\/rios\/wp-json\/wp\/v2\/media?parent=113"}],"wp:term":[{"taxonomy":"category","embeddable":true,"href":"https:\/\/explora.cl\/rios\/wp-json\/wp\/v2\/categories?post=113"},{"taxonomy":"post_tag","embeddable":true,"href":"https:\/\/explora.cl\/rios\/wp-json\/wp\/v2\/tags?post=113"}],"curies":[{"name":"wp","href":"https:\/\/api.w.org\/{rel}","templated":true}]}}