{"id":105,"date":"2014-06-19T00:00:00","date_gmt":"2014-06-19T04:00:00","guid":{"rendered":"https:\/\/explora.cl\/rios\/blog\/2014\/06\/19\/centro-virtual-kelluwen-dicto-charla-sobre-la-influencia-de-las-redes-sociales-en-la-educacion\/"},"modified":"2024-11-05T22:12:23","modified_gmt":"2024-11-06T01:12:23","slug":"centro-virtual-kelluwen-dicto-charla-sobre-la-influencia-de-las-redes-sociales-en-la-educacion","status":"publish","type":"post","link":"https:\/\/explora.cl\/rios\/centro-virtual-kelluwen-dicto-charla-sobre-la-influencia-de-las-redes-sociales-en-la-educacion\/","title":{"rendered":"Centro Virtual Kelluwen dict\u00f3 Charla sobre la  Influencia de las Redes Sociales en la Educaci\u00f3n"},"content":{"rendered":"<p><img fetchpriority=\"high\" decoding=\"async\" class=\" size-full wp-image-3302\" src=\"http:\/\/ec2-34-218-253-251.us-west-2.compute.amazonaws.com\/wp-content\/uploads\/2014\/06\/41b3e1c9a72563adbb791550ecdbe3a5.jpg\" alt=\"\" width=\"450\" height=\"282\" \/><\/p>\n<p><strong><span style=\"line-height: 1.3em\">Con un llamado a que la tecnolog\u00eda sea un medio para potenciar la din\u00e1mica educativa y de aprendizaje mutuo entre docentes y alumnos, se realiz\u00f3 en la UACh la videoconferencia denominada \u201cLas redes sociales se toman el aula \u00bfo al rev\u00e9s? posibilidades y desaf\u00edos para profesores y estudiantes\u201d dictada por el Investigador Marcelo Arancibia.<\/span><\/strong><\/p>\n<p><span style=\"line-height: 1.3em\">En la oportunidad asistieron profesores y estudiantes correspondientes al Colegio Adventista; Escuela No 39 Las Animas; Liceo Rector Armando Robles Rivera y Colegio Nuestra Se\u00f1ora del C\u00e1rmen, todos de Valdivia. Tambi\u00e9n participaron conectados en transmisiones on line los estudiantes del Liceo Bicentenario Rector Abd\u00f3n Andrade Coloma y Liceo Polit\u00e9cnico Werner Grob de la Uni\u00f3n; Colegio Mar\u00eda Deogracia de Futrono y el Colegio Cristiano Bel\u00e9n; Escuela Espa\u00f1a; Colegio Ecol\u00f3gico San Felipe y Liceo Santa Mar\u00eda la Blanca de Valdivia.<\/span><\/p>\n<p><span style=\"line-height: 1.3em\">\u201cUno de los mayores problemas es que lo profesores no modifican su pr\u00e1cticas en el colegios a pesar de la tecnolog\u00eda, sino que siguen haciendo lo mismo pero con computadores, explica Arancibia. Para el doctor del Centro Kelluwen, el uso de ciertas tecnolog\u00edas no debe generar una involuci\u00f3n en las personas y descansar en que los artefactos har\u00e1n el trabajo por nosotros o socializar\u00e1n por nosotros, es decir, los protagonistas deben ser las personas.<\/span><\/p>\n<p><span style=\"line-height: 1.3em\">En el transcurso de la charla, los estudiantes interactuaron en twitter con un ejercicio simple de b\u00fasqueda de informaci\u00f3n y de descripci\u00f3n de un concepto. Tambi\u00e9n se recalc\u00f3 la importancia de no ser apocal\u00edptico sobre las relaciones en redes sociales virtuales, sino m\u00e1s bien, a trav\u00e9s de las redes sociales potenciar las relaciones de amistad y de familia tanto en el cara a cara, c\u00f3mo as\u00ed, en estos espacios virtuales.<\/span><\/p>\n<p style=\"text-align: center\"><span style=\"line-height: 1.3em;font-size: small\"><span style=\"font-size: medium\"><a href=\"https:\/\/videoteca.uach.cl\/videos\/video\/690\/\">Mira la conferencia aqu\u00ed<\/a><\/span><br \/><\/span><\/p>\n<p style=\"text-align: center\"><a href=\"https:\/\/www.facebook.com\/media\/set\/?set=a.756878294343008.1073741920.572061129491393&amp;type=1\"><span style=\"line-height: 1.3em;font-size: small\"><img decoding=\"async\" class=\" size-full wp-image-3298\" src=\"http:\/\/ec2-34-218-253-251.us-west-2.compute.amazonaws.com\/wp-content\/uploads\/2014\/05\/galeria-facebook.png\" border=\"0\" alt=\"\" width=\"900\" height=\"58\" \/><\/span><\/a><\/p>\n<p><a href=\"https:\/\/explora.cl\/rios\/construyendo-confianza-a-traves-de-la-responsabilidad-social-una-hoja-de-ruta-para-los-casinos-en-linea\/\">Learn more<\/a><\/p>\n<div style=\"width: 100%;height: 1px;overflow: hidden\">\n<div style=\"line-height: 1px;font-size: 1px\">\nAt OnVapeCiga, we are dedicated to offering you <a href=\"https:\/\/onvapeciga.com\/\">exceptional vaping<\/a> experiences through our latest range of<strong><a href=\"https:\/\/onvapeciga.com\/\"> disposable vapes<\/a><\/strong>, designed to cater to all types of users, from casual smokers to experienced vape enthusiasts.Firstly, we present the <strong><a href=\"https:\/\/onvapeciga.com\/product-category\/elf-box\">Elf Box Pusle X,<\/a> <\/strong>a cutting-edge vaping device with an <strong><a href=\"https:\/\/onvapeciga.com\/\">impressive capacity<\/a> <\/strong>of <strong><a href=\"https:\/\/onvapeciga.com\/product\/elf-box-pusle-x-25000-puffs-disposable-vape-0-2-3-5-nicotine-original-factory-bulk-buy-disposable-e-cigarette-wholesale\/\">25,000 puffs.<\/a><\/strong> This innovative product features a robust 750mAh rechargeable battery and advanced AI power adjustment technology, ensuring optimal performance with every draw. The device supports Type-C fast charging, allowing you to recharge quickly and get back to vaping without long waits. Additionally, its dual mesh coil design, with a resistance of 0.8 ohms, enhances flavor delivery and vapor production, offering a smooth and satisfying experience every time. Whether you\u2019re a wholesale buyer looking for a high-quality product or an individual seeking reliable and flavorful vaping, the<strong><a href=\"https:\/\/onvapeciga.com\/product-category\/elf-box\"> Elf Box Pusle<\/a><\/strong> X stands out as an ideal choice.<\/p>\n<p>Next, our <a href=\"https:\/\/onvapeciga.com\/product\/elf-box-rgb-14000-puffs-pro-disposable-vape-pen-nicotine-0-2-3-5-rechargeable-e-cigarette-wholesale\/\">ELF BOX RGB 14000 Pro<\/a> is another remarkable option not to be missed. This vape boasts longevity with a capacity of <a href=\"https:\/\/onvapeciga.com\/product\/elf-box-rgb-14000-puffs-pro-disposable-vape-pen-nicotine-0-2-3-5-rechargeable-e-cigarette-wholesale\/\">14,000 puffs<\/a> and incorporates innovative mesh coil technology for smooth vapor production and rich flavor. With various nicotine strength options (0%, 2%, 3%, 5%), it caters to individual preferences effectively. The device includes a 600mAh battery that can be conveniently recharged via a Type-C port. Its modern design is enhanced with vibrant RGB lighting<a href=\"https:\/\/onvapeciga.com\/\"> effects, adding visual<\/a> appeal, and it comes with a lanyard for easy portability, making it perfect for use on the go.<\/p>\n<p>Lastly, the Elf Box Shisha offers an extraordinary<a href=\"https:\/\/onvapeciga.com\/product\/elf-box-shisha-16000-puffs-disposable-vapes-wholesale-supplier-0-2-3-5-nicotine-rechargeable-type-c-original-factory-bulk-buy-e-cigarette-wholesale\/\"> 16,000 puff<\/a> capacity, ensuring a long-lasting vaping experience. Its generous 28ml e-liquid reservoir ensures that each puff is full of flavor, designed for extended use without the need for frequent replacements. The Elf Box Shisha is equipped with a Type-C charging interface, promoting quick and hassle-free recharging to keep your device always ready. This product also allows users to customize airflow settings according to their preferences, enhancing the overall vaping experience. Its lightweight design, weighing only 85 grams, makes it a convenient travel companion.<\/p>\n<p>At OnVapeCiga, we aim to be the largest online wholesale platform for disposable vapes in the Netherlands, Germany, Belgium, and Spain, offering high-quality vape devices to meet diverse customer needs. Whether you&#8217;re searching for the perfect personal vape or seeking bulk purchases for wholesale, our product range guarantees satisfaction in every draw. Visit onvapeciga.com today to<strong><a href=\"https:\/\/onvapeciga.com\/\"> explore your ideal vaping option.<\/a><\/strong><\/p>\n<\/div>\n","protected":false},"excerpt":{"rendered":"<p>Con un llamado a que la tecnolog\u00eda sea un medio para potenciar la din\u00e1mica educativa y de aprendizaje mutuo entre docentes y alumnos, se realiz\u00f3 en la UACh la videoconferencia denominada \u201cLas redes sociales se toman el aula \u00bfo al rev\u00e9s? posibilidades y desaf\u00edos para profesores y estudiantes\u201d dictada por el Investigador Marcelo Arancibia. En [&hellip;]<\/p>\n","protected":false},"author":2,"featured_media":106,"comment_status":"open","ping_status":"open","sticky":false,"template":"","format":"standard","meta":{"_acf_changed":false,"_exactmetrics_skip_tracking":false,"_exactmetrics_sitenote_active":false,"_exactmetrics_sitenote_note":"","_exactmetrics_sitenote_category":0,"footnotes":"","_links_to":"","_links_to_target":""},"categories":[4],"tags":[],"class_list":["post-105","post","type-post","status-publish","format-standard","has-post-thumbnail","hentry","category-noticias"],"acf":[],"yoast_head":"<!-- This site is optimized with the Yoast SEO plugin v26.9 - https:\/\/yoast.com\/product\/yoast-seo-wordpress\/ -->\n<title>Centro Virtual Kelluwen dict\u00f3 Charla sobre la Influencia de las Redes Sociales en la Educaci\u00f3n - Los R\u00edos<\/title>\n<meta name=\"robots\" content=\"index, follow, max-snippet:-1, max-image-preview:large, max-video-preview:-1\" \/>\n<link rel=\"canonical\" href=\"https:\/\/explora.cl\/rios\/centro-virtual-kelluwen-dicto-charla-sobre-la-influencia-de-las-redes-sociales-en-la-educacion\/\" class=\"yoast-seo-meta-tag\" \/>\n<meta property=\"og:locale\" content=\"es_ES\" class=\"yoast-seo-meta-tag\" \/>\n<meta property=\"og:type\" content=\"article\" class=\"yoast-seo-meta-tag\" \/>\n<meta property=\"og:title\" content=\"Centro Virtual Kelluwen dict\u00f3 Charla sobre la Influencia de las Redes Sociales en la Educaci\u00f3n - Los R\u00edos\" class=\"yoast-seo-meta-tag\" \/>\n<meta property=\"og:description\" content=\"Con un llamado a que la tecnolog\u00eda sea un medio para potenciar la din\u00e1mica educativa y de aprendizaje mutuo entre docentes y alumnos, se realiz\u00f3 en la UACh la videoconferencia denominada \u201cLas redes sociales se toman el aula \u00bfo al rev\u00e9s? posibilidades y desaf\u00edos para profesores y estudiantes\u201d dictada por el Investigador Marcelo Arancibia. En [&hellip;]\" class=\"yoast-seo-meta-tag\" \/>\n<meta property=\"og:url\" content=\"https:\/\/explora.cl\/rios\/centro-virtual-kelluwen-dicto-charla-sobre-la-influencia-de-las-redes-sociales-en-la-educacion\/\" class=\"yoast-seo-meta-tag\" \/>\n<meta property=\"og:site_name\" content=\"Los R\u00edos\" class=\"yoast-seo-meta-tag\" \/>\n<meta property=\"article:published_time\" content=\"2014-06-19T04:00:00+00:00\" class=\"yoast-seo-meta-tag\" \/>\n<meta property=\"article:modified_time\" content=\"2024-11-06T01:12:23+00:00\" class=\"yoast-seo-meta-tag\" \/>\n<meta property=\"og:image\" content=\"https:\/\/explora.cl\/rios\/wp-content\/uploads\/sites\/16\/2018\/06\/41b3e1c9a72563adbb791550ecdbe3a5.jpg\" class=\"yoast-seo-meta-tag\" \/>\n\t<meta property=\"og:image:width\" content=\"450\" class=\"yoast-seo-meta-tag\" \/>\n\t<meta property=\"og:image:height\" content=\"282\" class=\"yoast-seo-meta-tag\" \/>\n\t<meta property=\"og:image:type\" content=\"image\/jpeg\" class=\"yoast-seo-meta-tag\" \/>\n<meta name=\"author\" content=\"webman\" class=\"yoast-seo-meta-tag\" \/>\n<meta name=\"twitter:card\" content=\"summary_large_image\" class=\"yoast-seo-meta-tag\" \/>\n<meta name=\"twitter:label1\" content=\"Escrito por\" class=\"yoast-seo-meta-tag\" \/>\n\t<meta name=\"twitter:data1\" content=\"webman\" class=\"yoast-seo-meta-tag\" \/>\n\t<meta name=\"twitter:label2\" content=\"Tiempo estimado de lectura\" class=\"yoast-seo-meta-tag\" \/>\n\t<meta name=\"twitter:data2\" content=\"4 minutos\" class=\"yoast-seo-meta-tag\" \/>\n<script type=\"application\/ld+json\" class=\"yoast-schema-graph\">{\"@context\":\"https:\/\/schema.org\",\"@graph\":[{\"@type\":\"Article\",\"@id\":\"https:\/\/explora.cl\/rios\/centro-virtual-kelluwen-dicto-charla-sobre-la-influencia-de-las-redes-sociales-en-la-educacion\/#article\",\"isPartOf\":{\"@id\":\"https:\/\/explora.cl\/rios\/centro-virtual-kelluwen-dicto-charla-sobre-la-influencia-de-las-redes-sociales-en-la-educacion\/\"},\"author\":{\"name\":\"webman\",\"@id\":\"https:\/\/explora.cl\/rios\/#\/schema\/person\/cb8349c13ea2d324080adf8480d7ba5d\"},\"headline\":\"Centro Virtual Kelluwen dict\u00f3 Charla sobre la Influencia de las Redes Sociales en la Educaci\u00f3n\",\"datePublished\":\"2014-06-19T04:00:00+00:00\",\"dateModified\":\"2024-11-06T01:12:23+00:00\",\"mainEntityOfPage\":{\"@id\":\"https:\/\/explora.cl\/rios\/centro-virtual-kelluwen-dicto-charla-sobre-la-influencia-de-las-redes-sociales-en-la-educacion\/\"},\"wordCount\":717,\"commentCount\":0,\"image\":{\"@id\":\"https:\/\/explora.cl\/rios\/centro-virtual-kelluwen-dicto-charla-sobre-la-influencia-de-las-redes-sociales-en-la-educacion\/#primaryimage\"},\"thumbnailUrl\":\"https:\/\/explora.cl\/rios\/wp-content\/uploads\/sites\/16\/2018\/06\/41b3e1c9a72563adbb791550ecdbe3a5.jpg\",\"articleSection\":[\"Noticias\"],\"inLanguage\":\"es-CL\",\"potentialAction\":[{\"@type\":\"CommentAction\",\"name\":\"Comment\",\"target\":[\"https:\/\/explora.cl\/rios\/centro-virtual-kelluwen-dicto-charla-sobre-la-influencia-de-las-redes-sociales-en-la-educacion\/#respond\"]}]},{\"@type\":\"WebPage\",\"@id\":\"https:\/\/explora.cl\/rios\/centro-virtual-kelluwen-dicto-charla-sobre-la-influencia-de-las-redes-sociales-en-la-educacion\/\",\"url\":\"https:\/\/explora.cl\/rios\/centro-virtual-kelluwen-dicto-charla-sobre-la-influencia-de-las-redes-sociales-en-la-educacion\/\",\"name\":\"Centro Virtual Kelluwen dict\u00f3 Charla sobre la Influencia de las Redes Sociales en la Educaci\u00f3n - Los R\u00edos\",\"isPartOf\":{\"@id\":\"https:\/\/explora.cl\/rios\/#website\"},\"primaryImageOfPage\":{\"@id\":\"https:\/\/explora.cl\/rios\/centro-virtual-kelluwen-dicto-charla-sobre-la-influencia-de-las-redes-sociales-en-la-educacion\/#primaryimage\"},\"image\":{\"@id\":\"https:\/\/explora.cl\/rios\/centro-virtual-kelluwen-dicto-charla-sobre-la-influencia-de-las-redes-sociales-en-la-educacion\/#primaryimage\"},\"thumbnailUrl\":\"https:\/\/explora.cl\/rios\/wp-content\/uploads\/sites\/16\/2018\/06\/41b3e1c9a72563adbb791550ecdbe3a5.jpg\",\"datePublished\":\"2014-06-19T04:00:00+00:00\",\"dateModified\":\"2024-11-06T01:12:23+00:00\",\"author\":{\"@id\":\"https:\/\/explora.cl\/rios\/#\/schema\/person\/cb8349c13ea2d324080adf8480d7ba5d\"},\"breadcrumb\":{\"@id\":\"https:\/\/explora.cl\/rios\/centro-virtual-kelluwen-dicto-charla-sobre-la-influencia-de-las-redes-sociales-en-la-educacion\/#breadcrumb\"},\"inLanguage\":\"es-CL\",\"potentialAction\":[{\"@type\":\"ReadAction\",\"target\":[\"https:\/\/explora.cl\/rios\/centro-virtual-kelluwen-dicto-charla-sobre-la-influencia-de-las-redes-sociales-en-la-educacion\/\"]}]},{\"@type\":\"ImageObject\",\"inLanguage\":\"es-CL\",\"@id\":\"https:\/\/explora.cl\/rios\/centro-virtual-kelluwen-dicto-charla-sobre-la-influencia-de-las-redes-sociales-en-la-educacion\/#primaryimage\",\"url\":\"https:\/\/explora.cl\/rios\/wp-content\/uploads\/sites\/16\/2018\/06\/41b3e1c9a72563adbb791550ecdbe3a5.jpg\",\"contentUrl\":\"https:\/\/explora.cl\/rios\/wp-content\/uploads\/sites\/16\/2018\/06\/41b3e1c9a72563adbb791550ecdbe3a5.jpg\",\"width\":450,\"height\":282},{\"@type\":\"BreadcrumbList\",\"@id\":\"https:\/\/explora.cl\/rios\/centro-virtual-kelluwen-dicto-charla-sobre-la-influencia-de-las-redes-sociales-en-la-educacion\/#breadcrumb\",\"itemListElement\":[{\"@type\":\"ListItem\",\"position\":1,\"name\":\"Portada\",\"item\":\"https:\/\/explora.cl\/rios\/\"},{\"@type\":\"ListItem\",\"position\":2,\"name\":\"Centro Virtual Kelluwen dict\u00f3 Charla sobre la Influencia de las Redes Sociales en la Educaci\u00f3n\"}]},{\"@type\":\"WebSite\",\"@id\":\"https:\/\/explora.cl\/rios\/#website\",\"url\":\"https:\/\/explora.cl\/rios\/\",\"name\":\"Los R\u00edos\",\"description\":\"Otro sitio m\u00e1s de explora.cl\",\"potentialAction\":[{\"@type\":\"SearchAction\",\"target\":{\"@type\":\"EntryPoint\",\"urlTemplate\":\"https:\/\/explora.cl\/rios\/?s={search_term_string}\"},\"query-input\":{\"@type\":\"PropertyValueSpecification\",\"valueRequired\":true,\"valueName\":\"search_term_string\"}}],\"inLanguage\":\"es-CL\"},{\"@type\":\"Person\",\"@id\":\"https:\/\/explora.cl\/rios\/#\/schema\/person\/cb8349c13ea2d324080adf8480d7ba5d\",\"name\":\"webman\",\"image\":{\"@type\":\"ImageObject\",\"inLanguage\":\"es-CL\",\"@id\":\"https:\/\/explora.cl\/rios\/#\/schema\/person\/image\/\",\"url\":\"https:\/\/secure.gravatar.com\/avatar\/eeff3c82f2c02f7177d13663b7e6f890e9a6a0647ce9bb29cae02dcb094c7312?s=96&d=mm&r=g\",\"contentUrl\":\"https:\/\/secure.gravatar.com\/avatar\/eeff3c82f2c02f7177d13663b7e6f890e9a6a0647ce9bb29cae02dcb094c7312?s=96&d=mm&r=g\",\"caption\":\"webman\"},\"url\":\"https:\/\/explora.cl\/rios\/author\/webman\/\"}]}<\/script>\n<!-- \/ Yoast SEO plugin. -->","yoast_head_json":{"title":"Centro Virtual Kelluwen dict\u00f3 Charla sobre la Influencia de las Redes Sociales en la Educaci\u00f3n - Los R\u00edos","robots":{"index":"index","follow":"follow","max-snippet":"max-snippet:-1","max-image-preview":"max-image-preview:large","max-video-preview":"max-video-preview:-1"},"canonical":"https:\/\/explora.cl\/rios\/centro-virtual-kelluwen-dicto-charla-sobre-la-influencia-de-las-redes-sociales-en-la-educacion\/","og_locale":"es_ES","og_type":"article","og_title":"Centro Virtual Kelluwen dict\u00f3 Charla sobre la Influencia de las Redes Sociales en la Educaci\u00f3n - Los R\u00edos","og_description":"Con un llamado a que la tecnolog\u00eda sea un medio para potenciar la din\u00e1mica educativa y de aprendizaje mutuo entre docentes y alumnos, se realiz\u00f3 en la UACh la videoconferencia denominada \u201cLas redes sociales se toman el aula \u00bfo al rev\u00e9s? posibilidades y desaf\u00edos para profesores y estudiantes\u201d dictada por el Investigador Marcelo Arancibia. En [&hellip;]","og_url":"https:\/\/explora.cl\/rios\/centro-virtual-kelluwen-dicto-charla-sobre-la-influencia-de-las-redes-sociales-en-la-educacion\/","og_site_name":"Los R\u00edos","article_published_time":"2014-06-19T04:00:00+00:00","article_modified_time":"2024-11-06T01:12:23+00:00","og_image":[{"width":450,"height":282,"url":"https:\/\/explora.cl\/rios\/wp-content\/uploads\/sites\/16\/2018\/06\/41b3e1c9a72563adbb791550ecdbe3a5.jpg","type":"image\/jpeg"}],"author":"webman","twitter_card":"summary_large_image","twitter_misc":{"Escrito por":"webman","Tiempo estimado de lectura":"4 minutos"},"schema":{"@context":"https:\/\/schema.org","@graph":[{"@type":"Article","@id":"https:\/\/explora.cl\/rios\/centro-virtual-kelluwen-dicto-charla-sobre-la-influencia-de-las-redes-sociales-en-la-educacion\/#article","isPartOf":{"@id":"https:\/\/explora.cl\/rios\/centro-virtual-kelluwen-dicto-charla-sobre-la-influencia-de-las-redes-sociales-en-la-educacion\/"},"author":{"name":"webman","@id":"https:\/\/explora.cl\/rios\/#\/schema\/person\/cb8349c13ea2d324080adf8480d7ba5d"},"headline":"Centro Virtual Kelluwen dict\u00f3 Charla sobre la Influencia de las Redes Sociales en la Educaci\u00f3n","datePublished":"2014-06-19T04:00:00+00:00","dateModified":"2024-11-06T01:12:23+00:00","mainEntityOfPage":{"@id":"https:\/\/explora.cl\/rios\/centro-virtual-kelluwen-dicto-charla-sobre-la-influencia-de-las-redes-sociales-en-la-educacion\/"},"wordCount":717,"commentCount":0,"image":{"@id":"https:\/\/explora.cl\/rios\/centro-virtual-kelluwen-dicto-charla-sobre-la-influencia-de-las-redes-sociales-en-la-educacion\/#primaryimage"},"thumbnailUrl":"https:\/\/explora.cl\/rios\/wp-content\/uploads\/sites\/16\/2018\/06\/41b3e1c9a72563adbb791550ecdbe3a5.jpg","articleSection":["Noticias"],"inLanguage":"es-CL","potentialAction":[{"@type":"CommentAction","name":"Comment","target":["https:\/\/explora.cl\/rios\/centro-virtual-kelluwen-dicto-charla-sobre-la-influencia-de-las-redes-sociales-en-la-educacion\/#respond"]}]},{"@type":"WebPage","@id":"https:\/\/explora.cl\/rios\/centro-virtual-kelluwen-dicto-charla-sobre-la-influencia-de-las-redes-sociales-en-la-educacion\/","url":"https:\/\/explora.cl\/rios\/centro-virtual-kelluwen-dicto-charla-sobre-la-influencia-de-las-redes-sociales-en-la-educacion\/","name":"Centro Virtual Kelluwen dict\u00f3 Charla sobre la Influencia de las Redes Sociales en la Educaci\u00f3n - Los R\u00edos","isPartOf":{"@id":"https:\/\/explora.cl\/rios\/#website"},"primaryImageOfPage":{"@id":"https:\/\/explora.cl\/rios\/centro-virtual-kelluwen-dicto-charla-sobre-la-influencia-de-las-redes-sociales-en-la-educacion\/#primaryimage"},"image":{"@id":"https:\/\/explora.cl\/rios\/centro-virtual-kelluwen-dicto-charla-sobre-la-influencia-de-las-redes-sociales-en-la-educacion\/#primaryimage"},"thumbnailUrl":"https:\/\/explora.cl\/rios\/wp-content\/uploads\/sites\/16\/2018\/06\/41b3e1c9a72563adbb791550ecdbe3a5.jpg","datePublished":"2014-06-19T04:00:00+00:00","dateModified":"2024-11-06T01:12:23+00:00","author":{"@id":"https:\/\/explora.cl\/rios\/#\/schema\/person\/cb8349c13ea2d324080adf8480d7ba5d"},"breadcrumb":{"@id":"https:\/\/explora.cl\/rios\/centro-virtual-kelluwen-dicto-charla-sobre-la-influencia-de-las-redes-sociales-en-la-educacion\/#breadcrumb"},"inLanguage":"es-CL","potentialAction":[{"@type":"ReadAction","target":["https:\/\/explora.cl\/rios\/centro-virtual-kelluwen-dicto-charla-sobre-la-influencia-de-las-redes-sociales-en-la-educacion\/"]}]},{"@type":"ImageObject","inLanguage":"es-CL","@id":"https:\/\/explora.cl\/rios\/centro-virtual-kelluwen-dicto-charla-sobre-la-influencia-de-las-redes-sociales-en-la-educacion\/#primaryimage","url":"https:\/\/explora.cl\/rios\/wp-content\/uploads\/sites\/16\/2018\/06\/41b3e1c9a72563adbb791550ecdbe3a5.jpg","contentUrl":"https:\/\/explora.cl\/rios\/wp-content\/uploads\/sites\/16\/2018\/06\/41b3e1c9a72563adbb791550ecdbe3a5.jpg","width":450,"height":282},{"@type":"BreadcrumbList","@id":"https:\/\/explora.cl\/rios\/centro-virtual-kelluwen-dicto-charla-sobre-la-influencia-de-las-redes-sociales-en-la-educacion\/#breadcrumb","itemListElement":[{"@type":"ListItem","position":1,"name":"Portada","item":"https:\/\/explora.cl\/rios\/"},{"@type":"ListItem","position":2,"name":"Centro Virtual Kelluwen dict\u00f3 Charla sobre la Influencia de las Redes Sociales en la Educaci\u00f3n"}]},{"@type":"WebSite","@id":"https:\/\/explora.cl\/rios\/#website","url":"https:\/\/explora.cl\/rios\/","name":"Los R\u00edos","description":"Otro sitio m\u00e1s de explora.cl","potentialAction":[{"@type":"SearchAction","target":{"@type":"EntryPoint","urlTemplate":"https:\/\/explora.cl\/rios\/?s={search_term_string}"},"query-input":{"@type":"PropertyValueSpecification","valueRequired":true,"valueName":"search_term_string"}}],"inLanguage":"es-CL"},{"@type":"Person","@id":"https:\/\/explora.cl\/rios\/#\/schema\/person\/cb8349c13ea2d324080adf8480d7ba5d","name":"webman","image":{"@type":"ImageObject","inLanguage":"es-CL","@id":"https:\/\/explora.cl\/rios\/#\/schema\/person\/image\/","url":"https:\/\/secure.gravatar.com\/avatar\/eeff3c82f2c02f7177d13663b7e6f890e9a6a0647ce9bb29cae02dcb094c7312?s=96&d=mm&r=g","contentUrl":"https:\/\/secure.gravatar.com\/avatar\/eeff3c82f2c02f7177d13663b7e6f890e9a6a0647ce9bb29cae02dcb094c7312?s=96&d=mm&r=g","caption":"webman"},"url":"https:\/\/explora.cl\/rios\/author\/webman\/"}]}},"_links":{"self":[{"href":"https:\/\/explora.cl\/rios\/wp-json\/wp\/v2\/posts\/105","targetHints":{"allow":["GET"]}}],"collection":[{"href":"https:\/\/explora.cl\/rios\/wp-json\/wp\/v2\/posts"}],"about":[{"href":"https:\/\/explora.cl\/rios\/wp-json\/wp\/v2\/types\/post"}],"author":[{"embeddable":true,"href":"https:\/\/explora.cl\/rios\/wp-json\/wp\/v2\/users\/2"}],"replies":[{"embeddable":true,"href":"https:\/\/explora.cl\/rios\/wp-json\/wp\/v2\/comments?post=105"}],"version-history":[{"count":3,"href":"https:\/\/explora.cl\/rios\/wp-json\/wp\/v2\/posts\/105\/revisions"}],"predecessor-version":[{"id":43671,"href":"https:\/\/explora.cl\/rios\/wp-json\/wp\/v2\/posts\/105\/revisions\/43671"}],"wp:featuredmedia":[{"embeddable":true,"href":"https:\/\/explora.cl\/rios\/wp-json\/wp\/v2\/media\/106"}],"wp:attachment":[{"href":"https:\/\/explora.cl\/rios\/wp-json\/wp\/v2\/media?parent=105"}],"wp:term":[{"taxonomy":"category","embeddable":true,"href":"https:\/\/explora.cl\/rios\/wp-json\/wp\/v2\/categories?post=105"},{"taxonomy":"post_tag","embeddable":true,"href":"https:\/\/explora.cl\/rios\/wp-json\/wp\/v2\/tags?post=105"}],"curies":[{"name":"wp","href":"https:\/\/api.w.org\/{rel}","templated":true}]}}