{"id":38487,"date":"2020-07-03T17:52:04","date_gmt":"2020-07-03T21:52:04","guid":{"rendered":"https:\/\/explora.cl\/ohiggins\/?p=38487"},"modified":"2020-07-03T17:55:04","modified_gmt":"2020-07-03T21:55:04","slug":"academias_cientificas","status":"publish","type":"post","link":"https:\/\/explora.cl\/ohiggins\/academias_cientificas\/","title":{"rendered":"Pabla Barr\u00eda, docente academias cient\u00edficas: \u201cSer parte de las academias nos permite avanzar a paso seguro\u201d"},"content":{"rendered":"<h2>Las Academias Cient\u00edficas Escolares son una instancia para que estudiantes y docentes desarrollen y potencien competencias cient\u00edficas y transversales asociadas a la investigaci\u00f3n cient\u00edfica escolar. A trav\u00e9s de ellas se genera motivaci\u00f3n, aprendizaje y ense\u00f1anza sobre las Ciencias, el Conocimiento, la Innovaci\u00f3n, la Tecnolog\u00eda, unidas a otras \u00e1reas del saber y del hacer como las Artes, el G\u00e9nero o la Educaci\u00f3n.<\/h2>\n<p>Pabla Barr\u00eda, profesora de f\u00edsica, trabaja hace a\u00f1os en la comuna de Machal\u00ed, Regi\u00f3n de O\u2019Higgins. Desde all\u00ed ha desarrollado una carrera innovadora con sus estudiantes. Diversos grupos han pasado por los talleres cient\u00edficos de la docente, quien ya lleva 15 a\u00f1os formando parte de este proceso de investigaci\u00f3n cient\u00edfica escolar del PAR Explora de la Regi\u00f3n de O\u2019Higgins.<\/p>\n<p>Para la docente, esta es una instancia para \u201cense\u00f1arles ciencia a mis estudiantes. Aqu\u00ed ellos pueden comprender, predecir y explicar los fen\u00f3menos que los rodean\u201d. Destaca el hecho que las academias son de participaci\u00f3n voluntaria, expresando que esto les permite potenciar el inter\u00e9s. \u201cSon los alumnos los que eligen participar en estos proyectos, eso hace que todo sea m\u00e1s amigable para ellos\u201d, destacando, adem\u00e1s, que las l\u00edneas de investigaci\u00f3n son determinadas tambi\u00e9n por los ni\u00f1os, ni\u00f1as y j\u00f3venes, naciendo de problemas locales, identificados en sus propias comunidades.<\/p>\n<p><img fetchpriority=\"high\" decoding=\"async\" class=\"size-medium wp-image-38490 alignleft\" src=\"https:\/\/explora.cl\/ohiggins\/wp-content\/uploads\/sites\/8\/2020\/07\/ACCI-3-300x200.jpg\" alt=\"\" width=\"300\" height=\"200\" srcset=\"https:\/\/explora.cl\/ohiggins\/wp-content\/uploads\/sites\/8\/2020\/07\/ACCI-3-300x200.jpg 300w, https:\/\/explora.cl\/ohiggins\/wp-content\/uploads\/sites\/8\/2020\/07\/ACCI-3-768x512.jpg 768w, https:\/\/explora.cl\/ohiggins\/wp-content\/uploads\/sites\/8\/2020\/07\/ACCI-3-1024x683.jpg 1024w\" sizes=\"(max-width: 300px) 100vw, 300px\" \/>En momentos de crisis social y pandemia, no ha sido f\u00e1cil continuar con el trabajo. Aun as\u00ed, Pabla cuenta con el apoyo de la directora del establecimiento y tal ha sido el inter\u00e9s y el reconocimiento a la importancia de estas nuevas metodolog\u00edas de ense\u00f1anza, que se le han designado horas de trabajo exclusivas para esta instancia. \u201cSer parte de academias nos permiten avanzar con paso seguro. PAR Explora nos va capacitando y acompa\u00f1ando; en este proceso vamos paso a paso partiendo del desarrollo de las preguntas de investigaci\u00f3n, la metodolog\u00eda y el an\u00e1lisis de resultados\u201d, menciona Pabla, y destaca la disponibilidad de \u201casesores cient\u00edficos (en su mayor\u00eda hoy de la Universidad de O\u2019Higgins), quienes gu\u00edan y \u201cresponden todas las dudas o preguntas que podamos tener\u201d.<\/p>\n<p>El nuevo escenario no es simple, sin embargo, \u201cel mundo virtual permite implementar estas experiencias de forma significativa. Hoy la plataforma UCampus de la Universidad de O\u2019Higgins, en conjunto con las nuevas herramientas de reuni\u00f3n virtual nos permiten llegar a los docentes, capacitarlos para la investigaci\u00f3n cient\u00edfica escolar y acompa\u00f1arlos en el proceso\u201d, menciona Rodrigo Verschae, Director del PAR Explora O\u2019Higgins, quien pese a reconocer que con la brecha digital no podemos llegar a todos los docentes y estudiantes, \u201cal menos podemos acceder a docentes en distintos territorios de la regi\u00f3n, sabiendo que ellos posteriormente podr\u00e1n acercarse a sus estudiantes y transferirles las habilidades desarrolladas en este proceso\u201d.<\/p>\n<p>El proceso de inscripci\u00f3n de academias para la Regi\u00f3n de O\u2019Higgins finaliza este lunes 6 de julio y pueden acceder a \u00e9l todos los\/as docentes, con o sin conocimiento de investigaci\u00f3n cient\u00edfica escolar, que confirmen grupos de m\u00ednimo 2 estudiantes desde 1er a\u00f1o de educaci\u00f3n b\u00e1sica hasta 4to a\u00f1o de educaci\u00f3n media. PAR Explora O\u2019Higgins proporcionar\u00e1 capacitaci\u00f3n desde el 17 de julio, modalidad remota a trav\u00e9s de plataforma y posterior seguimiento y acompa\u00f1amiento de asesores cient\u00edficos y pedag\u00f3gicos. <a href=\"https:\/\/explora.cl\/ohiggins\/academias\/\">(P<\/a><a href=\"https:\/\/explora.cl\/ohiggins\/academias\/\">ara inscribirte ver nota aqu\u00ed)<\/a><\/p>\n<figure id=\"attachment_38488\" aria-describedby=\"caption-attachment-38488\" style=\"width: 300px\" class=\"wp-caption alignright\"><img decoding=\"async\" class=\"wp-image-38488 size-medium\" src=\"https:\/\/explora.cl\/ohiggins\/wp-content\/uploads\/sites\/8\/2020\/07\/ACCI-2-300x200.jpg\" alt=\"\" width=\"300\" height=\"200\" srcset=\"https:\/\/explora.cl\/ohiggins\/wp-content\/uploads\/sites\/8\/2020\/07\/ACCI-2-300x200.jpg 300w, https:\/\/explora.cl\/ohiggins\/wp-content\/uploads\/sites\/8\/2020\/07\/ACCI-2-768x512.jpg 768w, https:\/\/explora.cl\/ohiggins\/wp-content\/uploads\/sites\/8\/2020\/07\/ACCI-2-1024x683.jpg 1024w\" sizes=\"(max-width: 300px) 100vw, 300px\" \/><figcaption id=\"caption-attachment-38488\" class=\"wp-caption-text\">Academia cient\u00edfica en Museo de Historia Natural<\/figcaption><\/figure>\n<p>\u201cYo invito a los profesores y profesoras de la regi\u00f3n a ser parte de esta nueva aventura, les va a dar grandes satisfacciones, tambi\u00e9n a sus estudiantes. Podr\u00e1n aprender a ense\u00f1ar la ciencia, a vivirla, sacando potencial a todas las riquezas de esta regi\u00f3n\u201d, concluye la docente Barr\u00eda.<\/p>\n","protected":false},"excerpt":{"rendered":"<p>Pabla Barr\u00eda, profesora de f\u00edsica, trabaja hace a\u00f1os en la comuna de Machal\u00ed, Regi\u00f3n de O\u2019Higgins. Desde all\u00ed ha desarrollado una carrera innovadora con sus estudiantes. Diversos grupos han pasado por los talleres cient\u00edficos de la docente, quien ya lleva 15 a\u00f1os formando parte de este proceso de investigaci\u00f3n cient\u00edfica escolar del PAR Explora de la Regi\u00f3n de O\u2019Higgins.<\/p>\n","protected":false},"author":23,"featured_media":38491,"comment_status":"closed","ping_status":"open","sticky":false,"template":"","format":"standard","meta":{"_acf_changed":false,"_exactmetrics_skip_tracking":false,"_exactmetrics_sitenote_active":false,"_exactmetrics_sitenote_note":"","_exactmetrics_sitenote_category":0,"footnotes":"","_links_to":"","_links_to_target":""},"categories":[139,4],"tags":[],"class_list":["post-38487","post","type-post","status-publish","format-standard","has-post-thumbnail","hentry","category-lugar-4","category-noticias"],"acf":[],"yoast_head":"<!-- This site is optimized with the Yoast SEO plugin v26.9 - https:\/\/yoast.com\/product\/yoast-seo-wordpress\/ -->\n<title>Pabla Barr\u00eda, docente academias cient\u00edficas: \u201cSer parte de las academias nos permite avanzar a paso seguro\u201d - O&#039;Higgins<\/title>\n<meta name=\"robots\" content=\"index, follow, max-snippet:-1, max-image-preview:large, max-video-preview:-1\" \/>\n<link rel=\"canonical\" href=\"https:\/\/explora.cl\/ohiggins\/academias_cientificas\/\" class=\"yoast-seo-meta-tag\" \/>\n<meta property=\"og:locale\" content=\"es_ES\" class=\"yoast-seo-meta-tag\" \/>\n<meta property=\"og:type\" content=\"article\" class=\"yoast-seo-meta-tag\" \/>\n<meta property=\"og:title\" content=\"Pabla Barr\u00eda, docente academias cient\u00edficas: \u201cSer parte de las academias nos permite avanzar a paso seguro\u201d - O&#039;Higgins\" class=\"yoast-seo-meta-tag\" \/>\n<meta property=\"og:description\" content=\"Pabla Barr\u00eda, profesora de f\u00edsica, trabaja hace a\u00f1os en la comuna de Machal\u00ed, Regi\u00f3n de O\u2019Higgins. Desde all\u00ed ha desarrollado una carrera innovadora con sus estudiantes. Diversos grupos han pasado por los talleres cient\u00edficos de la docente, quien ya lleva 15 a\u00f1os formando parte de este proceso de investigaci\u00f3n cient\u00edfica escolar del PAR Explora de la Regi\u00f3n de O\u2019Higgins.\" class=\"yoast-seo-meta-tag\" \/>\n<meta property=\"og:url\" content=\"https:\/\/explora.cl\/ohiggins\/academias_cientificas\/\" class=\"yoast-seo-meta-tag\" \/>\n<meta property=\"og:site_name\" content=\"O&#039;Higgins\" class=\"yoast-seo-meta-tag\" \/>\n<meta property=\"article:published_time\" content=\"2020-07-03T21:52:04+00:00\" class=\"yoast-seo-meta-tag\" \/>\n<meta property=\"article:modified_time\" content=\"2020-07-03T21:55:04+00:00\" class=\"yoast-seo-meta-tag\" \/>\n<meta property=\"og:image\" content=\"https:\/\/explora.cl\/ohiggins\/wp-content\/uploads\/sites\/8\/2020\/07\/ACCI-4.jpg\" class=\"yoast-seo-meta-tag\" \/>\n\t<meta property=\"og:image:width\" content=\"1000\" class=\"yoast-seo-meta-tag\" \/>\n\t<meta property=\"og:image:height\" content=\"667\" class=\"yoast-seo-meta-tag\" \/>\n\t<meta property=\"og:image:type\" content=\"image\/jpeg\" class=\"yoast-seo-meta-tag\" \/>\n<meta name=\"author\" content=\"nsalazar\" class=\"yoast-seo-meta-tag\" \/>\n<meta name=\"twitter:card\" content=\"summary_large_image\" class=\"yoast-seo-meta-tag\" \/>\n<meta name=\"twitter:label1\" content=\"Escrito por\" class=\"yoast-seo-meta-tag\" \/>\n\t<meta name=\"twitter:data1\" content=\"nsalazar\" class=\"yoast-seo-meta-tag\" \/>\n\t<meta name=\"twitter:label2\" content=\"Tiempo estimado de lectura\" class=\"yoast-seo-meta-tag\" \/>\n\t<meta name=\"twitter:data2\" content=\"3 minutos\" class=\"yoast-seo-meta-tag\" \/>\n<script type=\"application\/ld+json\" class=\"yoast-schema-graph\">{\"@context\":\"https:\/\/schema.org\",\"@graph\":[{\"@type\":\"Article\",\"@id\":\"https:\/\/explora.cl\/ohiggins\/academias_cientificas\/#article\",\"isPartOf\":{\"@id\":\"https:\/\/explora.cl\/ohiggins\/academias_cientificas\/\"},\"author\":{\"name\":\"nsalazar\",\"@id\":\"https:\/\/explora.cl\/ohiggins\/#\/schema\/person\/3240d62ad2624da9148a475abbc509b0\"},\"headline\":\"Pabla Barr\u00eda, docente academias cient\u00edficas: \u201cSer parte de las academias nos permite avanzar a paso seguro\u201d\",\"datePublished\":\"2020-07-03T21:52:04+00:00\",\"dateModified\":\"2020-07-03T21:55:04+00:00\",\"mainEntityOfPage\":{\"@id\":\"https:\/\/explora.cl\/ohiggins\/academias_cientificas\/\"},\"wordCount\":680,\"image\":{\"@id\":\"https:\/\/explora.cl\/ohiggins\/academias_cientificas\/#primaryimage\"},\"thumbnailUrl\":\"https:\/\/explora.cl\/ohiggins\/wp-content\/uploads\/sites\/8\/2020\/07\/ACCI-4.jpg\",\"articleSection\":[\"Lugar 4\",\"Noticias\"],\"inLanguage\":\"es-CL\"},{\"@type\":\"WebPage\",\"@id\":\"https:\/\/explora.cl\/ohiggins\/academias_cientificas\/\",\"url\":\"https:\/\/explora.cl\/ohiggins\/academias_cientificas\/\",\"name\":\"Pabla Barr\u00eda, docente academias cient\u00edficas: \u201cSer parte de las academias nos permite avanzar a paso seguro\u201d - O&#039;Higgins\",\"isPartOf\":{\"@id\":\"https:\/\/explora.cl\/ohiggins\/#website\"},\"primaryImageOfPage\":{\"@id\":\"https:\/\/explora.cl\/ohiggins\/academias_cientificas\/#primaryimage\"},\"image\":{\"@id\":\"https:\/\/explora.cl\/ohiggins\/academias_cientificas\/#primaryimage\"},\"thumbnailUrl\":\"https:\/\/explora.cl\/ohiggins\/wp-content\/uploads\/sites\/8\/2020\/07\/ACCI-4.jpg\",\"datePublished\":\"2020-07-03T21:52:04+00:00\",\"dateModified\":\"2020-07-03T21:55:04+00:00\",\"author\":{\"@id\":\"https:\/\/explora.cl\/ohiggins\/#\/schema\/person\/3240d62ad2624da9148a475abbc509b0\"},\"breadcrumb\":{\"@id\":\"https:\/\/explora.cl\/ohiggins\/academias_cientificas\/#breadcrumb\"},\"inLanguage\":\"es-CL\",\"potentialAction\":[{\"@type\":\"ReadAction\",\"target\":[\"https:\/\/explora.cl\/ohiggins\/academias_cientificas\/\"]}]},{\"@type\":\"ImageObject\",\"inLanguage\":\"es-CL\",\"@id\":\"https:\/\/explora.cl\/ohiggins\/academias_cientificas\/#primaryimage\",\"url\":\"https:\/\/explora.cl\/ohiggins\/wp-content\/uploads\/sites\/8\/2020\/07\/ACCI-4.jpg\",\"contentUrl\":\"https:\/\/explora.cl\/ohiggins\/wp-content\/uploads\/sites\/8\/2020\/07\/ACCI-4.jpg\",\"width\":1000,\"height\":667},{\"@type\":\"BreadcrumbList\",\"@id\":\"https:\/\/explora.cl\/ohiggins\/academias_cientificas\/#breadcrumb\",\"itemListElement\":[{\"@type\":\"ListItem\",\"position\":1,\"name\":\"Portada\",\"item\":\"https:\/\/explora.cl\/ohiggins\/\"},{\"@type\":\"ListItem\",\"position\":2,\"name\":\"Pabla Barr\u00eda, docente academias cient\u00edficas: \u201cSer parte de las academias nos permite avanzar a paso seguro\u201d\"}]},{\"@type\":\"WebSite\",\"@id\":\"https:\/\/explora.cl\/ohiggins\/#website\",\"url\":\"https:\/\/explora.cl\/ohiggins\/\",\"name\":\"O&#039;Higgins\",\"description\":\"Otro sitio m\u00e1s de explora.cl\",\"potentialAction\":[{\"@type\":\"SearchAction\",\"target\":{\"@type\":\"EntryPoint\",\"urlTemplate\":\"https:\/\/explora.cl\/ohiggins\/?s={search_term_string}\"},\"query-input\":{\"@type\":\"PropertyValueSpecification\",\"valueRequired\":true,\"valueName\":\"search_term_string\"}}],\"inLanguage\":\"es-CL\"},{\"@type\":\"Person\",\"@id\":\"https:\/\/explora.cl\/ohiggins\/#\/schema\/person\/3240d62ad2624da9148a475abbc509b0\",\"name\":\"nsalazar\",\"image\":{\"@type\":\"ImageObject\",\"inLanguage\":\"es-CL\",\"@id\":\"https:\/\/explora.cl\/ohiggins\/#\/schema\/person\/image\/\",\"url\":\"https:\/\/secure.gravatar.com\/avatar\/b8cf276f31998a0865a3b90e4d663d91b97848887282c9f9a56cad57ff01cc7e?s=96&d=mm&r=g\",\"contentUrl\":\"https:\/\/secure.gravatar.com\/avatar\/b8cf276f31998a0865a3b90e4d663d91b97848887282c9f9a56cad57ff01cc7e?s=96&d=mm&r=g\",\"caption\":\"nsalazar\"},\"url\":\"https:\/\/explora.cl\/ohiggins\/author\/nsalazar\/\"}]}<\/script>\n<!-- \/ Yoast SEO plugin. -->","yoast_head_json":{"title":"Pabla Barr\u00eda, docente academias cient\u00edficas: \u201cSer parte de las academias nos permite avanzar a paso seguro\u201d - O&#039;Higgins","robots":{"index":"index","follow":"follow","max-snippet":"max-snippet:-1","max-image-preview":"max-image-preview:large","max-video-preview":"max-video-preview:-1"},"canonical":"https:\/\/explora.cl\/ohiggins\/academias_cientificas\/","og_locale":"es_ES","og_type":"article","og_title":"Pabla Barr\u00eda, docente academias cient\u00edficas: \u201cSer parte de las academias nos permite avanzar a paso seguro\u201d - O&#039;Higgins","og_description":"Pabla Barr\u00eda, profesora de f\u00edsica, trabaja hace a\u00f1os en la comuna de Machal\u00ed, Regi\u00f3n de O\u2019Higgins. Desde all\u00ed ha desarrollado una carrera innovadora con sus estudiantes. Diversos grupos han pasado por los talleres cient\u00edficos de la docente, quien ya lleva 15 a\u00f1os formando parte de este proceso de investigaci\u00f3n cient\u00edfica escolar del PAR Explora de la Regi\u00f3n de O\u2019Higgins.","og_url":"https:\/\/explora.cl\/ohiggins\/academias_cientificas\/","og_site_name":"O&#039;Higgins","article_published_time":"2020-07-03T21:52:04+00:00","article_modified_time":"2020-07-03T21:55:04+00:00","og_image":[{"width":1000,"height":667,"url":"https:\/\/explora.cl\/ohiggins\/wp-content\/uploads\/sites\/8\/2020\/07\/ACCI-4.jpg","type":"image\/jpeg"}],"author":"nsalazar","twitter_card":"summary_large_image","twitter_misc":{"Escrito por":"nsalazar","Tiempo estimado de lectura":"3 minutos"},"schema":{"@context":"https:\/\/schema.org","@graph":[{"@type":"Article","@id":"https:\/\/explora.cl\/ohiggins\/academias_cientificas\/#article","isPartOf":{"@id":"https:\/\/explora.cl\/ohiggins\/academias_cientificas\/"},"author":{"name":"nsalazar","@id":"https:\/\/explora.cl\/ohiggins\/#\/schema\/person\/3240d62ad2624da9148a475abbc509b0"},"headline":"Pabla Barr\u00eda, docente academias cient\u00edficas: \u201cSer parte de las academias nos permite avanzar a paso seguro\u201d","datePublished":"2020-07-03T21:52:04+00:00","dateModified":"2020-07-03T21:55:04+00:00","mainEntityOfPage":{"@id":"https:\/\/explora.cl\/ohiggins\/academias_cientificas\/"},"wordCount":680,"image":{"@id":"https:\/\/explora.cl\/ohiggins\/academias_cientificas\/#primaryimage"},"thumbnailUrl":"https:\/\/explora.cl\/ohiggins\/wp-content\/uploads\/sites\/8\/2020\/07\/ACCI-4.jpg","articleSection":["Lugar 4","Noticias"],"inLanguage":"es-CL"},{"@type":"WebPage","@id":"https:\/\/explora.cl\/ohiggins\/academias_cientificas\/","url":"https:\/\/explora.cl\/ohiggins\/academias_cientificas\/","name":"Pabla Barr\u00eda, docente academias cient\u00edficas: \u201cSer parte de las academias nos permite avanzar a paso seguro\u201d - O&#039;Higgins","isPartOf":{"@id":"https:\/\/explora.cl\/ohiggins\/#website"},"primaryImageOfPage":{"@id":"https:\/\/explora.cl\/ohiggins\/academias_cientificas\/#primaryimage"},"image":{"@id":"https:\/\/explora.cl\/ohiggins\/academias_cientificas\/#primaryimage"},"thumbnailUrl":"https:\/\/explora.cl\/ohiggins\/wp-content\/uploads\/sites\/8\/2020\/07\/ACCI-4.jpg","datePublished":"2020-07-03T21:52:04+00:00","dateModified":"2020-07-03T21:55:04+00:00","author":{"@id":"https:\/\/explora.cl\/ohiggins\/#\/schema\/person\/3240d62ad2624da9148a475abbc509b0"},"breadcrumb":{"@id":"https:\/\/explora.cl\/ohiggins\/academias_cientificas\/#breadcrumb"},"inLanguage":"es-CL","potentialAction":[{"@type":"ReadAction","target":["https:\/\/explora.cl\/ohiggins\/academias_cientificas\/"]}]},{"@type":"ImageObject","inLanguage":"es-CL","@id":"https:\/\/explora.cl\/ohiggins\/academias_cientificas\/#primaryimage","url":"https:\/\/explora.cl\/ohiggins\/wp-content\/uploads\/sites\/8\/2020\/07\/ACCI-4.jpg","contentUrl":"https:\/\/explora.cl\/ohiggins\/wp-content\/uploads\/sites\/8\/2020\/07\/ACCI-4.jpg","width":1000,"height":667},{"@type":"BreadcrumbList","@id":"https:\/\/explora.cl\/ohiggins\/academias_cientificas\/#breadcrumb","itemListElement":[{"@type":"ListItem","position":1,"name":"Portada","item":"https:\/\/explora.cl\/ohiggins\/"},{"@type":"ListItem","position":2,"name":"Pabla Barr\u00eda, docente academias cient\u00edficas: \u201cSer parte de las academias nos permite avanzar a paso seguro\u201d"}]},{"@type":"WebSite","@id":"https:\/\/explora.cl\/ohiggins\/#website","url":"https:\/\/explora.cl\/ohiggins\/","name":"O&#039;Higgins","description":"Otro sitio m\u00e1s de explora.cl","potentialAction":[{"@type":"SearchAction","target":{"@type":"EntryPoint","urlTemplate":"https:\/\/explora.cl\/ohiggins\/?s={search_term_string}"},"query-input":{"@type":"PropertyValueSpecification","valueRequired":true,"valueName":"search_term_string"}}],"inLanguage":"es-CL"},{"@type":"Person","@id":"https:\/\/explora.cl\/ohiggins\/#\/schema\/person\/3240d62ad2624da9148a475abbc509b0","name":"nsalazar","image":{"@type":"ImageObject","inLanguage":"es-CL","@id":"https:\/\/explora.cl\/ohiggins\/#\/schema\/person\/image\/","url":"https:\/\/secure.gravatar.com\/avatar\/b8cf276f31998a0865a3b90e4d663d91b97848887282c9f9a56cad57ff01cc7e?s=96&d=mm&r=g","contentUrl":"https:\/\/secure.gravatar.com\/avatar\/b8cf276f31998a0865a3b90e4d663d91b97848887282c9f9a56cad57ff01cc7e?s=96&d=mm&r=g","caption":"nsalazar"},"url":"https:\/\/explora.cl\/ohiggins\/author\/nsalazar\/"}]}},"_links":{"self":[{"href":"https:\/\/explora.cl\/ohiggins\/wp-json\/wp\/v2\/posts\/38487","targetHints":{"allow":["GET"]}}],"collection":[{"href":"https:\/\/explora.cl\/ohiggins\/wp-json\/wp\/v2\/posts"}],"about":[{"href":"https:\/\/explora.cl\/ohiggins\/wp-json\/wp\/v2\/types\/post"}],"author":[{"embeddable":true,"href":"https:\/\/explora.cl\/ohiggins\/wp-json\/wp\/v2\/users\/23"}],"replies":[{"embeddable":true,"href":"https:\/\/explora.cl\/ohiggins\/wp-json\/wp\/v2\/comments?post=38487"}],"version-history":[{"count":2,"href":"https:\/\/explora.cl\/ohiggins\/wp-json\/wp\/v2\/posts\/38487\/revisions"}],"predecessor-version":[{"id":38492,"href":"https:\/\/explora.cl\/ohiggins\/wp-json\/wp\/v2\/posts\/38487\/revisions\/38492"}],"wp:featuredmedia":[{"embeddable":true,"href":"https:\/\/explora.cl\/ohiggins\/wp-json\/wp\/v2\/media\/38491"}],"wp:attachment":[{"href":"https:\/\/explora.cl\/ohiggins\/wp-json\/wp\/v2\/media?parent=38487"}],"wp:term":[{"taxonomy":"category","embeddable":true,"href":"https:\/\/explora.cl\/ohiggins\/wp-json\/wp\/v2\/categories?post=38487"},{"taxonomy":"post_tag","embeddable":true,"href":"https:\/\/explora.cl\/ohiggins\/wp-json\/wp\/v2\/tags?post=38487"}],"curies":[{"name":"wp","href":"https:\/\/api.w.org\/{rel}","templated":true}]}}