{"id":38373,"date":"2020-01-24T18:56:43","date_gmt":"2020-01-24T21:56:43","guid":{"rendered":"https:\/\/explora.cl\/ohiggins\/?p=38373"},"modified":"2020-01-24T18:57:27","modified_gmt":"2020-01-24T21:57:27","slug":"campamentoexplorava","status":"publish","type":"post","link":"https:\/\/explora.cl\/ohiggins\/campamentoexplorava\/","title":{"rendered":"Profesores de la regi\u00f3n se comprometen como Agentes de Cambio"},"content":{"rendered":"<h3>Cerca de 50 profesores de distintos puntos de la regi\u00f3n participaron en el Campamento Explora Va! O\u00b4Higgins, realizado en la comuna de Pichilemu durante el mes de enero. La iniciativa fue realizada por el PAR Explora del Ministerio de Ciencia, Tecnolog\u00eda, Conocimiento e Innovaci\u00f3n, \u00a0implementado en la regi\u00f3n por la Universidad de O\u2019Higgins.<\/h3>\n<p>La instancia, que permiti\u00f3 capacitar a los docentes en metodolog\u00edas de ense\u00f1anza de las ciencias, explor\u00f3 diversas t\u00e9cnicas y herramientas pedag\u00f3gicas, entre ellas el modelo indagatorio que da la oportunidad de un proceso m\u00e1s din\u00e1mico, donde los estudiantes son protagonistas de su propio aprendizaje.<\/p>\n<p><img fetchpriority=\"high\" decoding=\"async\" class=\"size-medium wp-image-38361 alignleft\" src=\"https:\/\/explora.cl\/ohiggins\/wp-content\/uploads\/sites\/8\/2019\/12\/7-300x200.jpg\" alt=\"\" width=\"300\" height=\"200\" srcset=\"https:\/\/explora.cl\/ohiggins\/wp-content\/uploads\/sites\/8\/2019\/12\/7-300x200.jpg 300w, https:\/\/explora.cl\/ohiggins\/wp-content\/uploads\/sites\/8\/2019\/12\/7-768x512.jpg 768w, https:\/\/explora.cl\/ohiggins\/wp-content\/uploads\/sites\/8\/2019\/12\/7-1024x683.jpg 1024w, https:\/\/explora.cl\/ohiggins\/wp-content\/uploads\/sites\/8\/2019\/12\/7.jpg 1200w\" sizes=\"(max-width: 300px) 100vw, 300px\" \/>Talleres de indagaci\u00f3n cient\u00edfica, salidas a terreno para la realizaci\u00f3n de laboratorios naturales, conversatorios, di\u00e1logos con profesores embajadores y estudiantes, incluso una exposici\u00f3n de experiencias cient\u00edficas institucionales, fueron algunas de las actividades llevadas a cabo en este campamento. Esta \u00faltima instancia permiti\u00f3 reunir a algunos socios colaboradores como Fundaci\u00f3n A\u00f1a\u00f1uca, Instituto de las Ciencias de la Educaci\u00f3n y de las Ciencias de la Salud, UOH; Programa de Admisi\u00f3n y PACE UOH, ARPA de la Universidad de Chile, Arquimed con Lego Education, DAEM Pichilemu y profesionales del \u00e1rea de la rob\u00f3tica.<\/p>\n<p>Rodrigo Verschae, Director del PAR Explora O\u2019Higgins, respecto al campamento, destaca que con esta iniciativa \u201cse busca perfeccionar y capacitar a los profesores de todos los niveles para que tengan herramientas que les permitan desarrollar ciencia en sus colegios, motivando a sus estudiantes y a otros docentes para realizar un trabajo conjunto\u201d.<\/p>\n<p>El Campamento Explora Va! busca trabajar con instituciones de la regi\u00f3n, fundaciones y docentes en particular, los que est\u00e1n invitados a trabajar con nosotros; es importante que ellos sepan que vamos a apoyarlos en lo que requieran para que puedan desarrollar ciencia en sus colegios, esperamos que se motiven y participen en las diversas ofertas del PAR, durante el a\u00f1o, finaliza Verschae, quien tambi\u00e9n es investigador del Instituto de Ciencias de la Ingenier\u00eda, UOH.<img decoding=\"async\" class=\"size-medium wp-image-38374 alignright\" src=\"https:\/\/explora.cl\/ohiggins\/wp-content\/uploads\/sites\/8\/2020\/01\/2F87FAC9-8B4F-4E82-9C0C-9D474D8CFD48-300x200.jpeg\" alt=\"\" width=\"300\" height=\"200\" srcset=\"https:\/\/explora.cl\/ohiggins\/wp-content\/uploads\/sites\/8\/2020\/01\/2F87FAC9-8B4F-4E82-9C0C-9D474D8CFD48-300x200.jpeg 300w, https:\/\/explora.cl\/ohiggins\/wp-content\/uploads\/sites\/8\/2020\/01\/2F87FAC9-8B4F-4E82-9C0C-9D474D8CFD48-768x512.jpeg 768w, https:\/\/explora.cl\/ohiggins\/wp-content\/uploads\/sites\/8\/2020\/01\/2F87FAC9-8B4F-4E82-9C0C-9D474D8CFD48-1024x683.jpeg 1024w, https:\/\/explora.cl\/ohiggins\/wp-content\/uploads\/sites\/8\/2020\/01\/2F87FAC9-8B4F-4E82-9C0C-9D474D8CFD48.jpeg 1200w\" sizes=\"(max-width: 300px) 100vw, 300px\" \/><\/p>\n<p>Respecto a los asistentes cabe mencionar que el p\u00fablico docente fue diverso. Educadoras de p\u00e1rvulo, profesores de educaci\u00f3n media y b\u00e1sica, directivos de jardines y jefes de UTP conformaron un grupo que logr\u00f3 intercambiar experiencias y conocerse. \u201cEl Campamento fue muy bien pensado. Ha logrado llegar a la parte afectiva y comprometernos con actividades m\u00e1s profundas, que den espacio para el intercambio de experiencias\u201d, menciona Pabla Barria, docente asistente, destacando adem\u00e1s que la formaci\u00f3n docente requiere herramientas como esta para llegar a los estudiantes.<\/p>\n<p>\u201cCon esta experiencia te puedes dar cuenta que puedes estimular y motivar a tus compa\u00f1eros de trabajo, de aula, a tus estudiantes, todo con el af\u00e1n de ense\u00f1ar de una forma diferente\u201d, menciona la educadora de p\u00e1rvulos, Mar\u00eda Jos\u00e9 Inostroza.<\/p>\n<p><img decoding=\"async\" class=\"size-medium wp-image-38375 alignleft\" src=\"https:\/\/explora.cl\/ohiggins\/wp-content\/uploads\/sites\/8\/2020\/01\/88BB74BD-8719-4B0D-925F-4782BE973883-300x200.jpeg\" alt=\"\" width=\"300\" height=\"200\" srcset=\"https:\/\/explora.cl\/ohiggins\/wp-content\/uploads\/sites\/8\/2020\/01\/88BB74BD-8719-4B0D-925F-4782BE973883-300x200.jpeg 300w, https:\/\/explora.cl\/ohiggins\/wp-content\/uploads\/sites\/8\/2020\/01\/88BB74BD-8719-4B0D-925F-4782BE973883-768x512.jpeg 768w, https:\/\/explora.cl\/ohiggins\/wp-content\/uploads\/sites\/8\/2020\/01\/88BB74BD-8719-4B0D-925F-4782BE973883-1024x683.jpeg 1024w, https:\/\/explora.cl\/ohiggins\/wp-content\/uploads\/sites\/8\/2020\/01\/88BB74BD-8719-4B0D-925F-4782BE973883.jpeg 1200w\" sizes=\"(max-width: 300px) 100vw, 300px\" \/><\/p>\n<p>La jornada de reflexi\u00f3n final inst\u00f3 a los docentes a dar unas palabras finales. Entre sus reflexiones destacan la profesora Marcela Roa, con 29 a\u00f1os de carrera docente, quien manifiesta que la actividad fue un regalo para ella, un espacio donde todos y todas, pese a sus diferencias, sintieron, participaron y se emocionaron de igual forma. La ciencia es para vivirla, explorar y sentirla, concluyeron.<\/p>\n<p>Se espera que los docentes participantes inicien un trabajo en el aula 2020 a trav\u00e9s de proyectos de investigaci\u00f3n cient\u00edfica escolar, donde podr\u00e1n participar con sus estudiantes en las academias cient\u00edficas regionales, con apoyo de asesores cient\u00edficos\/as.<\/p>\n<p>&nbsp;<\/p>\n<p>&nbsp;<\/p>\n","protected":false},"excerpt":{"rendered":"<p>Cerca de 50 profesores de distintos puntos de la regi\u00f3n participaron en el Campamento Explora Va! O\u00b4Higgins, realizado en la comuna de Pichilemu durante el mes de enero. La iniciativa fue realizada por el PAR Explora del Ministerio de Ciencia, Tecnolog\u00eda, Conocimiento e Innovaci\u00f3n,  implementado por la Universidad de O\u2019Higgins.<\/p>\n","protected":false},"author":23,"featured_media":38376,"comment_status":"closed","ping_status":"open","sticky":false,"template":"","format":"standard","meta":{"_acf_changed":false,"_exactmetrics_skip_tracking":false,"_exactmetrics_sitenote_active":false,"_exactmetrics_sitenote_note":"","_exactmetrics_sitenote_category":0,"footnotes":"","_links_to":"","_links_to_target":""},"categories":[139,4],"tags":[],"class_list":["post-38373","post","type-post","status-publish","format-standard","has-post-thumbnail","hentry","category-lugar-4","category-noticias"],"acf":[],"yoast_head":"<!-- This site is optimized with the Yoast SEO plugin v26.9 - https:\/\/yoast.com\/product\/yoast-seo-wordpress\/ -->\n<title>Profesores de la regi\u00f3n se comprometen como Agentes de Cambio - O&#039;Higgins<\/title>\n<meta name=\"robots\" content=\"index, follow, max-snippet:-1, max-image-preview:large, max-video-preview:-1\" \/>\n<link rel=\"canonical\" href=\"https:\/\/explora.cl\/ohiggins\/campamentoexplorava\/\" class=\"yoast-seo-meta-tag\" \/>\n<meta property=\"og:locale\" content=\"es_ES\" class=\"yoast-seo-meta-tag\" \/>\n<meta property=\"og:type\" content=\"article\" class=\"yoast-seo-meta-tag\" \/>\n<meta property=\"og:title\" content=\"Profesores de la regi\u00f3n se comprometen como Agentes de Cambio - O&#039;Higgins\" class=\"yoast-seo-meta-tag\" \/>\n<meta property=\"og:description\" content=\"Cerca de 50 profesores de distintos puntos de la regi\u00f3n participaron en el Campamento Explora Va! O\u00b4Higgins, realizado en la comuna de Pichilemu durante el mes de enero. La iniciativa fue realizada por el PAR Explora del Ministerio de Ciencia, Tecnolog\u00eda, Conocimiento e Innovaci\u00f3n, implementado por la Universidad de O\u2019Higgins.\" class=\"yoast-seo-meta-tag\" \/>\n<meta property=\"og:url\" content=\"https:\/\/explora.cl\/ohiggins\/campamentoexplorava\/\" class=\"yoast-seo-meta-tag\" \/>\n<meta property=\"og:site_name\" content=\"O&#039;Higgins\" class=\"yoast-seo-meta-tag\" \/>\n<meta property=\"article:published_time\" content=\"2020-01-24T21:56:43+00:00\" class=\"yoast-seo-meta-tag\" \/>\n<meta property=\"article:modified_time\" content=\"2020-01-24T21:57:27+00:00\" class=\"yoast-seo-meta-tag\" \/>\n<meta property=\"og:image\" content=\"https:\/\/explora.cl\/ohiggins\/wp-content\/uploads\/sites\/8\/2020\/01\/PHOTO-2020-01-17-15-22-47-1.jpg\" class=\"yoast-seo-meta-tag\" \/>\n\t<meta property=\"og:image:width\" content=\"640\" class=\"yoast-seo-meta-tag\" \/>\n\t<meta property=\"og:image:height\" content=\"360\" class=\"yoast-seo-meta-tag\" \/>\n\t<meta property=\"og:image:type\" content=\"image\/jpeg\" class=\"yoast-seo-meta-tag\" \/>\n<meta name=\"author\" content=\"nsalazar\" class=\"yoast-seo-meta-tag\" \/>\n<meta name=\"twitter:card\" content=\"summary_large_image\" class=\"yoast-seo-meta-tag\" \/>\n<meta name=\"twitter:label1\" content=\"Escrito por\" class=\"yoast-seo-meta-tag\" \/>\n\t<meta name=\"twitter:data1\" content=\"nsalazar\" class=\"yoast-seo-meta-tag\" \/>\n\t<meta name=\"twitter:label2\" content=\"Tiempo estimado de lectura\" class=\"yoast-seo-meta-tag\" \/>\n\t<meta name=\"twitter:data2\" content=\"3 minutos\" class=\"yoast-seo-meta-tag\" \/>\n<script type=\"application\/ld+json\" class=\"yoast-schema-graph\">{\"@context\":\"https:\/\/schema.org\",\"@graph\":[{\"@type\":\"Article\",\"@id\":\"https:\/\/explora.cl\/ohiggins\/campamentoexplorava\/#article\",\"isPartOf\":{\"@id\":\"https:\/\/explora.cl\/ohiggins\/campamentoexplorava\/\"},\"author\":{\"name\":\"nsalazar\",\"@id\":\"https:\/\/explora.cl\/ohiggins\/#\/schema\/person\/3240d62ad2624da9148a475abbc509b0\"},\"headline\":\"Profesores de la regi\u00f3n se comprometen como Agentes de Cambio\",\"datePublished\":\"2020-01-24T21:56:43+00:00\",\"dateModified\":\"2020-01-24T21:57:27+00:00\",\"mainEntityOfPage\":{\"@id\":\"https:\/\/explora.cl\/ohiggins\/campamentoexplorava\/\"},\"wordCount\":600,\"image\":{\"@id\":\"https:\/\/explora.cl\/ohiggins\/campamentoexplorava\/#primaryimage\"},\"thumbnailUrl\":\"https:\/\/explora.cl\/ohiggins\/wp-content\/uploads\/sites\/8\/2020\/01\/PHOTO-2020-01-17-15-22-47-1.jpg\",\"articleSection\":[\"Lugar 4\",\"Noticias\"],\"inLanguage\":\"es-CL\"},{\"@type\":\"WebPage\",\"@id\":\"https:\/\/explora.cl\/ohiggins\/campamentoexplorava\/\",\"url\":\"https:\/\/explora.cl\/ohiggins\/campamentoexplorava\/\",\"name\":\"Profesores de la regi\u00f3n se comprometen como Agentes de Cambio - O&#039;Higgins\",\"isPartOf\":{\"@id\":\"https:\/\/explora.cl\/ohiggins\/#website\"},\"primaryImageOfPage\":{\"@id\":\"https:\/\/explora.cl\/ohiggins\/campamentoexplorava\/#primaryimage\"},\"image\":{\"@id\":\"https:\/\/explora.cl\/ohiggins\/campamentoexplorava\/#primaryimage\"},\"thumbnailUrl\":\"https:\/\/explora.cl\/ohiggins\/wp-content\/uploads\/sites\/8\/2020\/01\/PHOTO-2020-01-17-15-22-47-1.jpg\",\"datePublished\":\"2020-01-24T21:56:43+00:00\",\"dateModified\":\"2020-01-24T21:57:27+00:00\",\"author\":{\"@id\":\"https:\/\/explora.cl\/ohiggins\/#\/schema\/person\/3240d62ad2624da9148a475abbc509b0\"},\"breadcrumb\":{\"@id\":\"https:\/\/explora.cl\/ohiggins\/campamentoexplorava\/#breadcrumb\"},\"inLanguage\":\"es-CL\",\"potentialAction\":[{\"@type\":\"ReadAction\",\"target\":[\"https:\/\/explora.cl\/ohiggins\/campamentoexplorava\/\"]}]},{\"@type\":\"ImageObject\",\"inLanguage\":\"es-CL\",\"@id\":\"https:\/\/explora.cl\/ohiggins\/campamentoexplorava\/#primaryimage\",\"url\":\"https:\/\/explora.cl\/ohiggins\/wp-content\/uploads\/sites\/8\/2020\/01\/PHOTO-2020-01-17-15-22-47-1.jpg\",\"contentUrl\":\"https:\/\/explora.cl\/ohiggins\/wp-content\/uploads\/sites\/8\/2020\/01\/PHOTO-2020-01-17-15-22-47-1.jpg\",\"width\":640,\"height\":360},{\"@type\":\"BreadcrumbList\",\"@id\":\"https:\/\/explora.cl\/ohiggins\/campamentoexplorava\/#breadcrumb\",\"itemListElement\":[{\"@type\":\"ListItem\",\"position\":1,\"name\":\"Portada\",\"item\":\"https:\/\/explora.cl\/ohiggins\/\"},{\"@type\":\"ListItem\",\"position\":2,\"name\":\"Profesores de la regi\u00f3n se comprometen como Agentes de Cambio\"}]},{\"@type\":\"WebSite\",\"@id\":\"https:\/\/explora.cl\/ohiggins\/#website\",\"url\":\"https:\/\/explora.cl\/ohiggins\/\",\"name\":\"O&#039;Higgins\",\"description\":\"Otro sitio m\u00e1s de explora.cl\",\"potentialAction\":[{\"@type\":\"SearchAction\",\"target\":{\"@type\":\"EntryPoint\",\"urlTemplate\":\"https:\/\/explora.cl\/ohiggins\/?s={search_term_string}\"},\"query-input\":{\"@type\":\"PropertyValueSpecification\",\"valueRequired\":true,\"valueName\":\"search_term_string\"}}],\"inLanguage\":\"es-CL\"},{\"@type\":\"Person\",\"@id\":\"https:\/\/explora.cl\/ohiggins\/#\/schema\/person\/3240d62ad2624da9148a475abbc509b0\",\"name\":\"nsalazar\",\"image\":{\"@type\":\"ImageObject\",\"inLanguage\":\"es-CL\",\"@id\":\"https:\/\/explora.cl\/ohiggins\/#\/schema\/person\/image\/\",\"url\":\"https:\/\/secure.gravatar.com\/avatar\/b8cf276f31998a0865a3b90e4d663d91b97848887282c9f9a56cad57ff01cc7e?s=96&d=mm&r=g\",\"contentUrl\":\"https:\/\/secure.gravatar.com\/avatar\/b8cf276f31998a0865a3b90e4d663d91b97848887282c9f9a56cad57ff01cc7e?s=96&d=mm&r=g\",\"caption\":\"nsalazar\"},\"url\":\"https:\/\/explora.cl\/ohiggins\/author\/nsalazar\/\"}]}<\/script>\n<!-- \/ Yoast SEO plugin. -->","yoast_head_json":{"title":"Profesores de la regi\u00f3n se comprometen como Agentes de Cambio - O&#039;Higgins","robots":{"index":"index","follow":"follow","max-snippet":"max-snippet:-1","max-image-preview":"max-image-preview:large","max-video-preview":"max-video-preview:-1"},"canonical":"https:\/\/explora.cl\/ohiggins\/campamentoexplorava\/","og_locale":"es_ES","og_type":"article","og_title":"Profesores de la regi\u00f3n se comprometen como Agentes de Cambio - O&#039;Higgins","og_description":"Cerca de 50 profesores de distintos puntos de la regi\u00f3n participaron en el Campamento Explora Va! O\u00b4Higgins, realizado en la comuna de Pichilemu durante el mes de enero. La iniciativa fue realizada por el PAR Explora del Ministerio de Ciencia, Tecnolog\u00eda, Conocimiento e Innovaci\u00f3n, implementado por la Universidad de O\u2019Higgins.","og_url":"https:\/\/explora.cl\/ohiggins\/campamentoexplorava\/","og_site_name":"O&#039;Higgins","article_published_time":"2020-01-24T21:56:43+00:00","article_modified_time":"2020-01-24T21:57:27+00:00","og_image":[{"width":640,"height":360,"url":"https:\/\/explora.cl\/ohiggins\/wp-content\/uploads\/sites\/8\/2020\/01\/PHOTO-2020-01-17-15-22-47-1.jpg","type":"image\/jpeg"}],"author":"nsalazar","twitter_card":"summary_large_image","twitter_misc":{"Escrito por":"nsalazar","Tiempo estimado de lectura":"3 minutos"},"schema":{"@context":"https:\/\/schema.org","@graph":[{"@type":"Article","@id":"https:\/\/explora.cl\/ohiggins\/campamentoexplorava\/#article","isPartOf":{"@id":"https:\/\/explora.cl\/ohiggins\/campamentoexplorava\/"},"author":{"name":"nsalazar","@id":"https:\/\/explora.cl\/ohiggins\/#\/schema\/person\/3240d62ad2624da9148a475abbc509b0"},"headline":"Profesores de la regi\u00f3n se comprometen como Agentes de Cambio","datePublished":"2020-01-24T21:56:43+00:00","dateModified":"2020-01-24T21:57:27+00:00","mainEntityOfPage":{"@id":"https:\/\/explora.cl\/ohiggins\/campamentoexplorava\/"},"wordCount":600,"image":{"@id":"https:\/\/explora.cl\/ohiggins\/campamentoexplorava\/#primaryimage"},"thumbnailUrl":"https:\/\/explora.cl\/ohiggins\/wp-content\/uploads\/sites\/8\/2020\/01\/PHOTO-2020-01-17-15-22-47-1.jpg","articleSection":["Lugar 4","Noticias"],"inLanguage":"es-CL"},{"@type":"WebPage","@id":"https:\/\/explora.cl\/ohiggins\/campamentoexplorava\/","url":"https:\/\/explora.cl\/ohiggins\/campamentoexplorava\/","name":"Profesores de la regi\u00f3n se comprometen como Agentes de Cambio - O&#039;Higgins","isPartOf":{"@id":"https:\/\/explora.cl\/ohiggins\/#website"},"primaryImageOfPage":{"@id":"https:\/\/explora.cl\/ohiggins\/campamentoexplorava\/#primaryimage"},"image":{"@id":"https:\/\/explora.cl\/ohiggins\/campamentoexplorava\/#primaryimage"},"thumbnailUrl":"https:\/\/explora.cl\/ohiggins\/wp-content\/uploads\/sites\/8\/2020\/01\/PHOTO-2020-01-17-15-22-47-1.jpg","datePublished":"2020-01-24T21:56:43+00:00","dateModified":"2020-01-24T21:57:27+00:00","author":{"@id":"https:\/\/explora.cl\/ohiggins\/#\/schema\/person\/3240d62ad2624da9148a475abbc509b0"},"breadcrumb":{"@id":"https:\/\/explora.cl\/ohiggins\/campamentoexplorava\/#breadcrumb"},"inLanguage":"es-CL","potentialAction":[{"@type":"ReadAction","target":["https:\/\/explora.cl\/ohiggins\/campamentoexplorava\/"]}]},{"@type":"ImageObject","inLanguage":"es-CL","@id":"https:\/\/explora.cl\/ohiggins\/campamentoexplorava\/#primaryimage","url":"https:\/\/explora.cl\/ohiggins\/wp-content\/uploads\/sites\/8\/2020\/01\/PHOTO-2020-01-17-15-22-47-1.jpg","contentUrl":"https:\/\/explora.cl\/ohiggins\/wp-content\/uploads\/sites\/8\/2020\/01\/PHOTO-2020-01-17-15-22-47-1.jpg","width":640,"height":360},{"@type":"BreadcrumbList","@id":"https:\/\/explora.cl\/ohiggins\/campamentoexplorava\/#breadcrumb","itemListElement":[{"@type":"ListItem","position":1,"name":"Portada","item":"https:\/\/explora.cl\/ohiggins\/"},{"@type":"ListItem","position":2,"name":"Profesores de la regi\u00f3n se comprometen como Agentes de Cambio"}]},{"@type":"WebSite","@id":"https:\/\/explora.cl\/ohiggins\/#website","url":"https:\/\/explora.cl\/ohiggins\/","name":"O&#039;Higgins","description":"Otro sitio m\u00e1s de explora.cl","potentialAction":[{"@type":"SearchAction","target":{"@type":"EntryPoint","urlTemplate":"https:\/\/explora.cl\/ohiggins\/?s={search_term_string}"},"query-input":{"@type":"PropertyValueSpecification","valueRequired":true,"valueName":"search_term_string"}}],"inLanguage":"es-CL"},{"@type":"Person","@id":"https:\/\/explora.cl\/ohiggins\/#\/schema\/person\/3240d62ad2624da9148a475abbc509b0","name":"nsalazar","image":{"@type":"ImageObject","inLanguage":"es-CL","@id":"https:\/\/explora.cl\/ohiggins\/#\/schema\/person\/image\/","url":"https:\/\/secure.gravatar.com\/avatar\/b8cf276f31998a0865a3b90e4d663d91b97848887282c9f9a56cad57ff01cc7e?s=96&d=mm&r=g","contentUrl":"https:\/\/secure.gravatar.com\/avatar\/b8cf276f31998a0865a3b90e4d663d91b97848887282c9f9a56cad57ff01cc7e?s=96&d=mm&r=g","caption":"nsalazar"},"url":"https:\/\/explora.cl\/ohiggins\/author\/nsalazar\/"}]}},"_links":{"self":[{"href":"https:\/\/explora.cl\/ohiggins\/wp-json\/wp\/v2\/posts\/38373","targetHints":{"allow":["GET"]}}],"collection":[{"href":"https:\/\/explora.cl\/ohiggins\/wp-json\/wp\/v2\/posts"}],"about":[{"href":"https:\/\/explora.cl\/ohiggins\/wp-json\/wp\/v2\/types\/post"}],"author":[{"embeddable":true,"href":"https:\/\/explora.cl\/ohiggins\/wp-json\/wp\/v2\/users\/23"}],"replies":[{"embeddable":true,"href":"https:\/\/explora.cl\/ohiggins\/wp-json\/wp\/v2\/comments?post=38373"}],"version-history":[{"count":2,"href":"https:\/\/explora.cl\/ohiggins\/wp-json\/wp\/v2\/posts\/38373\/revisions"}],"predecessor-version":[{"id":38379,"href":"https:\/\/explora.cl\/ohiggins\/wp-json\/wp\/v2\/posts\/38373\/revisions\/38379"}],"wp:featuredmedia":[{"embeddable":true,"href":"https:\/\/explora.cl\/ohiggins\/wp-json\/wp\/v2\/media\/38376"}],"wp:attachment":[{"href":"https:\/\/explora.cl\/ohiggins\/wp-json\/wp\/v2\/media?parent=38373"}],"wp:term":[{"taxonomy":"category","embeddable":true,"href":"https:\/\/explora.cl\/ohiggins\/wp-json\/wp\/v2\/categories?post=38373"},{"taxonomy":"post_tag","embeddable":true,"href":"https:\/\/explora.cl\/ohiggins\/wp-json\/wp\/v2\/tags?post=38373"}],"curies":[{"name":"wp","href":"https:\/\/api.w.org\/{rel}","templated":true}]}}