{"id":38365,"date":"2026-08-31T11:08:19","date_gmt":"2026-08-31T15:08:19","guid":{"rendered":"https:\/\/explora.cl\/nuble\/?p=38365"},"modified":"2026-08-31T11:08:19","modified_gmt":"2026-08-31T15:08:19","slug":"mas-de-30-equipos-de-educacion-parvularia-culminaron-su-proceso-formativo-pipe-en-nuble","status":"publish","type":"post","link":"https:\/\/explora.cl\/nuble\/mas-de-30-equipos-de-educacion-parvularia-culminaron-su-proceso-formativo-pipe-en-nuble\/","title":{"rendered":"M\u00e1s de 30 equipos de educaci\u00f3n parvularia culminaron su proceso formativo PIPE en \u00d1uble"},"content":{"rendered":"<p><b>La \u00faltima jornada de la edici\u00f3n 2025\u20132026 del Programa de Indagaci\u00f3n para Primeras Edades (PIPE) reuni\u00f3 a equipos provenientes de establecimientos rurales y urbanos de distintas comunas de la regi\u00f3n, quienes participaron en una instancia formativa\u00a0 dedicada al dise\u00f1o de sus propias experiencias de indagaci\u00f3n.<\/b><\/p>\n<p><span style=\"font-weight: 400\">Con una asistencia cercana al 100% de las participantes provenientes de los 40 establecimientos participantes, el <\/span><b>mi\u00e9rcoles 26 de agosto<\/b><span style=\"font-weight: 400\"> se desarroll\u00f3 la \u00faltima jornada formativa de la edici\u00f3n <\/span><b>2025\u20132026 del Programa de Indagaci\u00f3n para Primeras Edades (PIPE)<\/b><span style=\"font-weight: 400\">, iniciativa impulsada por el <\/span><b>PAR Explora \u00d1uble<\/b><span style=\"font-weight: 400\">, ejecutado por la Universidad de Concepci\u00f3n, Campus Chill\u00e1n y financiada por el Ministerio de Ciencia, Tecnolog\u00eda, Conocimiento e Innovaci\u00f3n..<\/span><\/p>\n<p><span style=\"font-weight: 400\">La jornada <\/span><b>\u201cDise\u00f1ando mi propia actividad PIPE\u201d<\/b><span style=\"font-weight: 400\"> reuni\u00f3 a m\u00e1s de 30 equipos de educaci\u00f3n parvularia provenientes de establecimientos de sectores rurales y urbanos de las distintas comunas de la Regi\u00f3n de \u00d1uble. Durante la instancia, las participantes trabajaron en el dise\u00f1o de sus propias actividades de indagaci\u00f3n, integrando los aprendizajes y herramientas metodol\u00f3gicas desarrollados durante la ruta formativa.<\/span><\/p>\n<p><span style=\"font-weight: 400\">La actividad cont\u00f3 con el acompa\u00f1amiento del relator <\/span><b>Ariel Araneda<\/b><span style=\"font-weight: 400\"> y con la presencia y apoyo de representantes de distintas instituciones vinculadas al trabajo educativo regional, entre ellas la <\/span><b>Universidad de Concepci\u00f3n, Campus Chill\u00e1n; la Secretar\u00eda Regional Ministerial de Ciencia, Tecnolog\u00eda, Conocimiento e Innovaci\u00f3n de \u00d1uble y Biob\u00edo; JUNJI; Fundaci\u00f3n Integra; SLEP Valle Diguill\u00edn y SLEP Punilla Cordillera<\/b><span style=\"font-weight: 400\">.<\/span><\/p>\n<p><span style=\"font-weight: 400\">Para las participantes, PIPE se ha convertido en una oportunidad para transformar la manera en que ni\u00f1as y ni\u00f1os se relacionan con la ciencia desde sus primeros a\u00f1os. As\u00ed lo se\u00f1ala <\/span><b>Marcela Espinoza<\/b><span style=\"font-weight: 400\">, educadora de p\u00e1rvulos del Jard\u00edn Infantil Copihuito de Coelemu, de Fundaci\u00f3n Integra, quien destac\u00f3 que la experiencia le permiti\u00f3 \u201cdescubrir nuevas formas de acercar la ciencia y la indagaci\u00f3n a los ni\u00f1os y ni\u00f1as en sus primeros a\u00f1os de vida\u201d.<\/span><\/p>\n<p><span style=\"font-weight: 400\">La educadora valor\u00f3 especialmente que PIPE permita comprender que <\/span><b>elementos simples y cotidianos pueden convertirse en oportunidades para despertar la curiosidad, el asombro y el deseo de explorar<\/b><span style=\"font-weight: 400\">, entregando nuevas herramientas para acompa\u00f1ar los ritmos, intereses y descubrimientos de ni\u00f1as y ni\u00f1os.<\/span><\/p>\n<p><span style=\"font-weight: 400\">El car\u00e1cter territorial de la iniciativa tambi\u00e9n fue destacado por <\/span><b>Soledad Mu\u00f1oz Cadena<\/b><span style=\"font-weight: 400\">, directora y educadora de la Sala Cuna y Jard\u00edn Infantil La Ranita de Cobquecura, quien valor\u00f3 la posibilidad de acceder a formaci\u00f3n, recursos e ideas innovadoras desde una comuna rural.<\/span><\/p>\n<p><span style=\"font-weight: 400\">\u201cPara quienes trabajamos en comunas alejadas y rurales es muy dif\u00edcil acceder a cursos, recursos e ideas innovadoras para desarrollar la indagaci\u00f3n en la primera infancia\u201d, se\u00f1al\u00f3.<\/span><\/p>\n<p><span style=\"font-weight: 400\">La directora agreg\u00f3 que los materiales entregados han permitido desarrollar experiencias significativas en las \u00e1reas de arte y ciencias, destacando el entusiasmo con que ni\u00f1as y ni\u00f1os han participado. \u201cEspero que iniciativas como esta puedan seguir llegando a las comunas m\u00e1s alejadas, fortaleciendo los procesos de ense\u00f1anza y aprendizaje y brindando nuevas oportunidades a nuestros ni\u00f1os y ni\u00f1as desde la ruralidad de nuestra comuna\u201d, expres\u00f3.<\/span><\/p>\n<p><b>La curiosidad como punto de partida<\/b><\/p>\n<p><span style=\"font-weight: 400\">Durante la jornada tambi\u00e9n se relev\u00f3 la importancia de generar oportunidades de aprendizaje cient\u00edfico desde las primeras edades. En este sentido, el <\/span><b>Seremi de Ciencia, Tecnolog\u00eda, Conocimiento e Innovaci\u00f3n de las regiones de \u00d1uble y Biob\u00edo, Pedro Ram\u00edrez Glade<\/b><span style=\"font-weight: 400\">, destac\u00f3 la convocatoria alcanzada por esta edici\u00f3n de PIPE y el compromiso de las instituciones que han permitido su desarrollo.<\/span><\/p>\n<p><span style=\"font-weight: 400\">\u201cLa curiosidad no hay que ense\u00f1arla, hay que cuidarla, acompa\u00f1arla e incentivarla. Esto es exactamente lo que hace PIPE\u201d, se\u00f1al\u00f3 la autoridad.<\/span><\/p>\n<p><span style=\"font-weight: 400\">Ram\u00edrez valor\u00f3 especialmente la participaci\u00f3n de educadoras de p\u00e1rvulos provenientes de distintos puntos de la regi\u00f3n y agradeci\u00f3 el apoyo de <\/span><b>JUNJI y Fundaci\u00f3n Integra<\/b><span style=\"font-weight: 400\">, instituciones que han facilitado la participaci\u00f3n de sus equipos en las actividades formativas.<\/span><\/p>\n<p><span style=\"font-weight: 400\">Macarena D\u00e1vila Vera, directora del Campus Chill\u00e1n de la Universidad de Concepci\u00f3n, quien asumi\u00f3 el cargo hace tres meses, destac\u00f3 la presencia de PIPE en 18 de las 21 comunas que conforman la Regi\u00f3n de \u00d1uble, se\u00f1alando que \u201cExplora ha realizado esfuerzos notables por ampliar su cobertura\u201d. La autoridad universitaria coincidi\u00f3 con el Seremi de Ciencia en la importancia de incentivar la curiosidad y la indagaci\u00f3n en ni\u00f1as y ni\u00f1os desde edades tempranas, y subray\u00f3 que es clave que las y los profesionales cuenten con las herramientas necesarias para desarrollar este trabajo de la mejor manera posible.\u00a0<\/span><\/p>\n<p><span style=\"font-weight: 400\">De esta manera, la jornada del 26 de agosto marc\u00f3 el cierre de un proceso que durante la edici\u00f3n <\/span><b>2025\u20132026<\/b><span style=\"font-weight: 400\"> convoc\u00f3 a equipos de educaci\u00f3n parvularia de diversos territorios de \u00d1uble, fortaleciendo sus capacidades para incorporar la <\/span><b>curiosidad, la exploraci\u00f3n y la indagaci\u00f3n<\/b><span style=\"font-weight: 400\"> como parte de las experiencias de aprendizaje de ni\u00f1as y ni\u00f1os.<\/span><\/p>\n<p><span style=\"font-weight: 400\">Esta \u00faltima jornada representa la continuidad de un desaf\u00edo que culmina en los pr\u00f3ximos meses con la socializaci\u00f3n de lo aprendido en las comunidades educativas de los establecimientos participantes.\u00a0<\/span><\/p>\n<p><span style=\"font-weight: 400\">Desde PAR Explora \u00d1uble, Aquiles Avil\u00e9s, coordinador de rutas formativas concluye argumentando:\u00a0 \u201c <\/span><b>El trabajo de dise\u00f1o de nuestras participantes nos demuestra una consolidaci\u00f3n y apropiaci\u00f3n del enfoque indagatorio en las actividades pedag\u00f3gicas, y nos permite co construir oportunidades para que las preguntas, el asombro y las ganas de descubrir tengan un lugar desde los primeros a\u00f1os de vida\u201d, finaliz\u00f3.<\/b><\/p>\n","protected":false},"excerpt":{"rendered":"<p>La \u00faltima jornada de la edici\u00f3n 2025\u20132026 del Programa de Indagaci\u00f3n para Primeras Edades (PIPE) reuni\u00f3 a equipos provenientes de establecimientos rurales y urbanos de distintas comunas de la regi\u00f3n, quienes participaron en una instancia formativa\u00a0 dedicada al dise\u00f1o de sus propias experiencias de indagaci\u00f3n. Con una asistencia cercana al 100% de las participantes provenientes [&hellip;]<\/p>\n","protected":false},"author":25,"featured_media":38366,"comment_status":"open","ping_status":"open","sticky":false,"template":"","format":"standard","meta":{"_acf_changed":false,"_exactmetrics_skip_tracking":false,"_exactmetrics_sitenote_active":false,"_exactmetrics_sitenote_note":"","_exactmetrics_sitenote_category":0,"footnotes":"","_links_to":"","_links_to_target":""},"categories":[4],"tags":[],"class_list":["post-38365","post","type-post","status-publish","format-standard","has-post-thumbnail","hentry","category-noticias"],"acf":[],"yoast_head":"<!-- This site is optimized with the Yoast SEO plugin v26.9 - https:\/\/yoast.com\/product\/yoast-seo-wordpress\/ -->\n<title>M\u00e1s de 30 equipos de educaci\u00f3n parvularia culminaron su proceso formativo PIPE en \u00d1uble - \u00d1uble<\/title>\n<meta name=\"robots\" content=\"index, follow, max-snippet:-1, max-image-preview:large, max-video-preview:-1\" \/>\n<link rel=\"canonical\" href=\"https:\/\/explora.cl\/nuble\/mas-de-30-equipos-de-educacion-parvularia-culminaron-su-proceso-formativo-pipe-en-nuble\/\" class=\"yoast-seo-meta-tag\" \/>\n<meta property=\"og:locale\" content=\"es_ES\" class=\"yoast-seo-meta-tag\" \/>\n<meta property=\"og:type\" content=\"article\" class=\"yoast-seo-meta-tag\" \/>\n<meta property=\"og:title\" content=\"M\u00e1s de 30 equipos de educaci\u00f3n parvularia culminaron su proceso formativo PIPE en \u00d1uble - \u00d1uble\" class=\"yoast-seo-meta-tag\" \/>\n<meta property=\"og:description\" content=\"La \u00faltima jornada de la edici\u00f3n 2025\u20132026 del Programa de Indagaci\u00f3n para Primeras Edades (PIPE) reuni\u00f3 a equipos provenientes de establecimientos rurales y urbanos de distintas comunas de la regi\u00f3n, quienes participaron en una instancia formativa\u00a0 dedicada al dise\u00f1o de sus propias experiencias de indagaci\u00f3n. Con una asistencia cercana al 100% de las participantes provenientes [&hellip;]\" class=\"yoast-seo-meta-tag\" \/>\n<meta property=\"og:url\" content=\"https:\/\/explora.cl\/nuble\/mas-de-30-equipos-de-educacion-parvularia-culminaron-su-proceso-formativo-pipe-en-nuble\/\" class=\"yoast-seo-meta-tag\" \/>\n<meta property=\"og:site_name\" content=\"\u00d1uble\" class=\"yoast-seo-meta-tag\" \/>\n<meta property=\"article:published_time\" content=\"2026-08-31T15:08:19+00:00\" class=\"yoast-seo-meta-tag\" \/>\n<meta property=\"og:image\" content=\"https:\/\/explora.cl\/nuble\/wp-content\/uploads\/sites\/10\/2026\/08\/WEB-scaled.jpg\" class=\"yoast-seo-meta-tag\" \/>\n\t<meta property=\"og:image:width\" content=\"2560\" class=\"yoast-seo-meta-tag\" \/>\n\t<meta property=\"og:image:height\" content=\"1422\" class=\"yoast-seo-meta-tag\" \/>\n\t<meta property=\"og:image:type\" content=\"image\/jpeg\" class=\"yoast-seo-meta-tag\" \/>\n<meta name=\"author\" content=\"cbeltran\" class=\"yoast-seo-meta-tag\" \/>\n<meta name=\"twitter:card\" content=\"summary_large_image\" class=\"yoast-seo-meta-tag\" \/>\n<meta name=\"twitter:label1\" content=\"Escrito por\" class=\"yoast-seo-meta-tag\" \/>\n\t<meta name=\"twitter:data1\" content=\"cbeltran\" class=\"yoast-seo-meta-tag\" \/>\n\t<meta name=\"twitter:label2\" content=\"Tiempo estimado de lectura\" class=\"yoast-seo-meta-tag\" \/>\n\t<meta name=\"twitter:data2\" content=\"5 minutos\" class=\"yoast-seo-meta-tag\" \/>\n<script type=\"application\/ld+json\" class=\"yoast-schema-graph\">{\"@context\":\"https:\/\/schema.org\",\"@graph\":[{\"@type\":\"Article\",\"@id\":\"https:\/\/explora.cl\/nuble\/mas-de-30-equipos-de-educacion-parvularia-culminaron-su-proceso-formativo-pipe-en-nuble\/#article\",\"isPartOf\":{\"@id\":\"https:\/\/explora.cl\/nuble\/mas-de-30-equipos-de-educacion-parvularia-culminaron-su-proceso-formativo-pipe-en-nuble\/\"},\"author\":{\"name\":\"cbeltran\",\"@id\":\"https:\/\/explora.cl\/nuble\/#\/schema\/person\/f611679f39b55ae7cdea76bc915b056e\"},\"headline\":\"M\u00e1s de 30 equipos de educaci\u00f3n parvularia culminaron su proceso formativo PIPE en \u00d1uble\",\"datePublished\":\"2026-08-31T15:08:19+00:00\",\"mainEntityOfPage\":{\"@id\":\"https:\/\/explora.cl\/nuble\/mas-de-30-equipos-de-educacion-parvularia-culminaron-su-proceso-formativo-pipe-en-nuble\/\"},\"wordCount\":940,\"commentCount\":0,\"image\":{\"@id\":\"https:\/\/explora.cl\/nuble\/mas-de-30-equipos-de-educacion-parvularia-culminaron-su-proceso-formativo-pipe-en-nuble\/#primaryimage\"},\"thumbnailUrl\":\"https:\/\/explora.cl\/nuble\/wp-content\/uploads\/sites\/10\/2026\/08\/WEB-scaled.jpg\",\"articleSection\":[\"Noticias\"],\"inLanguage\":\"es-CL\",\"potentialAction\":[{\"@type\":\"CommentAction\",\"name\":\"Comment\",\"target\":[\"https:\/\/explora.cl\/nuble\/mas-de-30-equipos-de-educacion-parvularia-culminaron-su-proceso-formativo-pipe-en-nuble\/#respond\"]}]},{\"@type\":\"WebPage\",\"@id\":\"https:\/\/explora.cl\/nuble\/mas-de-30-equipos-de-educacion-parvularia-culminaron-su-proceso-formativo-pipe-en-nuble\/\",\"url\":\"https:\/\/explora.cl\/nuble\/mas-de-30-equipos-de-educacion-parvularia-culminaron-su-proceso-formativo-pipe-en-nuble\/\",\"name\":\"M\u00e1s de 30 equipos de educaci\u00f3n parvularia culminaron su proceso formativo PIPE en \u00d1uble - \u00d1uble\",\"isPartOf\":{\"@id\":\"https:\/\/explora.cl\/nuble\/#website\"},\"primaryImageOfPage\":{\"@id\":\"https:\/\/explora.cl\/nuble\/mas-de-30-equipos-de-educacion-parvularia-culminaron-su-proceso-formativo-pipe-en-nuble\/#primaryimage\"},\"image\":{\"@id\":\"https:\/\/explora.cl\/nuble\/mas-de-30-equipos-de-educacion-parvularia-culminaron-su-proceso-formativo-pipe-en-nuble\/#primaryimage\"},\"thumbnailUrl\":\"https:\/\/explora.cl\/nuble\/wp-content\/uploads\/sites\/10\/2026\/08\/WEB-scaled.jpg\",\"datePublished\":\"2026-08-31T15:08:19+00:00\",\"author\":{\"@id\":\"https:\/\/explora.cl\/nuble\/#\/schema\/person\/f611679f39b55ae7cdea76bc915b056e\"},\"breadcrumb\":{\"@id\":\"https:\/\/explora.cl\/nuble\/mas-de-30-equipos-de-educacion-parvularia-culminaron-su-proceso-formativo-pipe-en-nuble\/#breadcrumb\"},\"inLanguage\":\"es-CL\",\"potentialAction\":[{\"@type\":\"ReadAction\",\"target\":[\"https:\/\/explora.cl\/nuble\/mas-de-30-equipos-de-educacion-parvularia-culminaron-su-proceso-formativo-pipe-en-nuble\/\"]}]},{\"@type\":\"ImageObject\",\"inLanguage\":\"es-CL\",\"@id\":\"https:\/\/explora.cl\/nuble\/mas-de-30-equipos-de-educacion-parvularia-culminaron-su-proceso-formativo-pipe-en-nuble\/#primaryimage\",\"url\":\"https:\/\/explora.cl\/nuble\/wp-content\/uploads\/sites\/10\/2026\/08\/WEB-scaled.jpg\",\"contentUrl\":\"https:\/\/explora.cl\/nuble\/wp-content\/uploads\/sites\/10\/2026\/08\/WEB-scaled.jpg\",\"width\":2560,\"height\":1422},{\"@type\":\"BreadcrumbList\",\"@id\":\"https:\/\/explora.cl\/nuble\/mas-de-30-equipos-de-educacion-parvularia-culminaron-su-proceso-formativo-pipe-en-nuble\/#breadcrumb\",\"itemListElement\":[{\"@type\":\"ListItem\",\"position\":1,\"name\":\"Portada\",\"item\":\"https:\/\/explora.cl\/nuble\/\"},{\"@type\":\"ListItem\",\"position\":2,\"name\":\"M\u00e1s de 30 equipos de educaci\u00f3n parvularia culminaron su proceso formativo PIPE en \u00d1uble\"}]},{\"@type\":\"WebSite\",\"@id\":\"https:\/\/explora.cl\/nuble\/#website\",\"url\":\"https:\/\/explora.cl\/nuble\/\",\"name\":\"\u00d1uble\",\"description\":\"Otro sitio m\u00e1s de explora.cl\",\"potentialAction\":[{\"@type\":\"SearchAction\",\"target\":{\"@type\":\"EntryPoint\",\"urlTemplate\":\"https:\/\/explora.cl\/nuble\/?s={search_term_string}\"},\"query-input\":{\"@type\":\"PropertyValueSpecification\",\"valueRequired\":true,\"valueName\":\"search_term_string\"}}],\"inLanguage\":\"es-CL\"},{\"@type\":\"Person\",\"@id\":\"https:\/\/explora.cl\/nuble\/#\/schema\/person\/f611679f39b55ae7cdea76bc915b056e\",\"name\":\"cbeltran\",\"image\":{\"@type\":\"ImageObject\",\"inLanguage\":\"es-CL\",\"@id\":\"https:\/\/explora.cl\/nuble\/#\/schema\/person\/image\/\",\"url\":\"https:\/\/secure.gravatar.com\/avatar\/fde624b0b0faed85e420465a1cdb73a02c199b16b1d2d6bfe0a82b9ba438afbd?s=96&d=mm&r=g\",\"contentUrl\":\"https:\/\/secure.gravatar.com\/avatar\/fde624b0b0faed85e420465a1cdb73a02c199b16b1d2d6bfe0a82b9ba438afbd?s=96&d=mm&r=g\",\"caption\":\"cbeltran\"},\"url\":\"https:\/\/explora.cl\/nuble\/author\/cbeltran\/\"}]}<\/script>\n<!-- \/ Yoast SEO plugin. -->","yoast_head_json":{"title":"M\u00e1s de 30 equipos de educaci\u00f3n parvularia culminaron su proceso formativo PIPE en \u00d1uble - \u00d1uble","robots":{"index":"index","follow":"follow","max-snippet":"max-snippet:-1","max-image-preview":"max-image-preview:large","max-video-preview":"max-video-preview:-1"},"canonical":"https:\/\/explora.cl\/nuble\/mas-de-30-equipos-de-educacion-parvularia-culminaron-su-proceso-formativo-pipe-en-nuble\/","og_locale":"es_ES","og_type":"article","og_title":"M\u00e1s de 30 equipos de educaci\u00f3n parvularia culminaron su proceso formativo PIPE en \u00d1uble - \u00d1uble","og_description":"La \u00faltima jornada de la edici\u00f3n 2025\u20132026 del Programa de Indagaci\u00f3n para Primeras Edades (PIPE) reuni\u00f3 a equipos provenientes de establecimientos rurales y urbanos de distintas comunas de la regi\u00f3n, quienes participaron en una instancia formativa\u00a0 dedicada al dise\u00f1o de sus propias experiencias de indagaci\u00f3n. Con una asistencia cercana al 100% de las participantes provenientes [&hellip;]","og_url":"https:\/\/explora.cl\/nuble\/mas-de-30-equipos-de-educacion-parvularia-culminaron-su-proceso-formativo-pipe-en-nuble\/","og_site_name":"\u00d1uble","article_published_time":"2026-08-31T15:08:19+00:00","og_image":[{"width":2560,"height":1422,"url":"https:\/\/explora.cl\/nuble\/wp-content\/uploads\/sites\/10\/2026\/08\/WEB-scaled.jpg","type":"image\/jpeg"}],"author":"cbeltran","twitter_card":"summary_large_image","twitter_misc":{"Escrito por":"cbeltran","Tiempo estimado de lectura":"5 minutos"},"schema":{"@context":"https:\/\/schema.org","@graph":[{"@type":"Article","@id":"https:\/\/explora.cl\/nuble\/mas-de-30-equipos-de-educacion-parvularia-culminaron-su-proceso-formativo-pipe-en-nuble\/#article","isPartOf":{"@id":"https:\/\/explora.cl\/nuble\/mas-de-30-equipos-de-educacion-parvularia-culminaron-su-proceso-formativo-pipe-en-nuble\/"},"author":{"name":"cbeltran","@id":"https:\/\/explora.cl\/nuble\/#\/schema\/person\/f611679f39b55ae7cdea76bc915b056e"},"headline":"M\u00e1s de 30 equipos de educaci\u00f3n parvularia culminaron su proceso formativo PIPE en \u00d1uble","datePublished":"2026-08-31T15:08:19+00:00","mainEntityOfPage":{"@id":"https:\/\/explora.cl\/nuble\/mas-de-30-equipos-de-educacion-parvularia-culminaron-su-proceso-formativo-pipe-en-nuble\/"},"wordCount":940,"commentCount":0,"image":{"@id":"https:\/\/explora.cl\/nuble\/mas-de-30-equipos-de-educacion-parvularia-culminaron-su-proceso-formativo-pipe-en-nuble\/#primaryimage"},"thumbnailUrl":"https:\/\/explora.cl\/nuble\/wp-content\/uploads\/sites\/10\/2026\/08\/WEB-scaled.jpg","articleSection":["Noticias"],"inLanguage":"es-CL","potentialAction":[{"@type":"CommentAction","name":"Comment","target":["https:\/\/explora.cl\/nuble\/mas-de-30-equipos-de-educacion-parvularia-culminaron-su-proceso-formativo-pipe-en-nuble\/#respond"]}]},{"@type":"WebPage","@id":"https:\/\/explora.cl\/nuble\/mas-de-30-equipos-de-educacion-parvularia-culminaron-su-proceso-formativo-pipe-en-nuble\/","url":"https:\/\/explora.cl\/nuble\/mas-de-30-equipos-de-educacion-parvularia-culminaron-su-proceso-formativo-pipe-en-nuble\/","name":"M\u00e1s de 30 equipos de educaci\u00f3n parvularia culminaron su proceso formativo PIPE en \u00d1uble - \u00d1uble","isPartOf":{"@id":"https:\/\/explora.cl\/nuble\/#website"},"primaryImageOfPage":{"@id":"https:\/\/explora.cl\/nuble\/mas-de-30-equipos-de-educacion-parvularia-culminaron-su-proceso-formativo-pipe-en-nuble\/#primaryimage"},"image":{"@id":"https:\/\/explora.cl\/nuble\/mas-de-30-equipos-de-educacion-parvularia-culminaron-su-proceso-formativo-pipe-en-nuble\/#primaryimage"},"thumbnailUrl":"https:\/\/explora.cl\/nuble\/wp-content\/uploads\/sites\/10\/2026\/08\/WEB-scaled.jpg","datePublished":"2026-08-31T15:08:19+00:00","author":{"@id":"https:\/\/explora.cl\/nuble\/#\/schema\/person\/f611679f39b55ae7cdea76bc915b056e"},"breadcrumb":{"@id":"https:\/\/explora.cl\/nuble\/mas-de-30-equipos-de-educacion-parvularia-culminaron-su-proceso-formativo-pipe-en-nuble\/#breadcrumb"},"inLanguage":"es-CL","potentialAction":[{"@type":"ReadAction","target":["https:\/\/explora.cl\/nuble\/mas-de-30-equipos-de-educacion-parvularia-culminaron-su-proceso-formativo-pipe-en-nuble\/"]}]},{"@type":"ImageObject","inLanguage":"es-CL","@id":"https:\/\/explora.cl\/nuble\/mas-de-30-equipos-de-educacion-parvularia-culminaron-su-proceso-formativo-pipe-en-nuble\/#primaryimage","url":"https:\/\/explora.cl\/nuble\/wp-content\/uploads\/sites\/10\/2026\/08\/WEB-scaled.jpg","contentUrl":"https:\/\/explora.cl\/nuble\/wp-content\/uploads\/sites\/10\/2026\/08\/WEB-scaled.jpg","width":2560,"height":1422},{"@type":"BreadcrumbList","@id":"https:\/\/explora.cl\/nuble\/mas-de-30-equipos-de-educacion-parvularia-culminaron-su-proceso-formativo-pipe-en-nuble\/#breadcrumb","itemListElement":[{"@type":"ListItem","position":1,"name":"Portada","item":"https:\/\/explora.cl\/nuble\/"},{"@type":"ListItem","position":2,"name":"M\u00e1s de 30 equipos de educaci\u00f3n parvularia culminaron su proceso formativo PIPE en \u00d1uble"}]},{"@type":"WebSite","@id":"https:\/\/explora.cl\/nuble\/#website","url":"https:\/\/explora.cl\/nuble\/","name":"\u00d1uble","description":"Otro sitio m\u00e1s de explora.cl","potentialAction":[{"@type":"SearchAction","target":{"@type":"EntryPoint","urlTemplate":"https:\/\/explora.cl\/nuble\/?s={search_term_string}"},"query-input":{"@type":"PropertyValueSpecification","valueRequired":true,"valueName":"search_term_string"}}],"inLanguage":"es-CL"},{"@type":"Person","@id":"https:\/\/explora.cl\/nuble\/#\/schema\/person\/f611679f39b55ae7cdea76bc915b056e","name":"cbeltran","image":{"@type":"ImageObject","inLanguage":"es-CL","@id":"https:\/\/explora.cl\/nuble\/#\/schema\/person\/image\/","url":"https:\/\/secure.gravatar.com\/avatar\/fde624b0b0faed85e420465a1cdb73a02c199b16b1d2d6bfe0a82b9ba438afbd?s=96&d=mm&r=g","contentUrl":"https:\/\/secure.gravatar.com\/avatar\/fde624b0b0faed85e420465a1cdb73a02c199b16b1d2d6bfe0a82b9ba438afbd?s=96&d=mm&r=g","caption":"cbeltran"},"url":"https:\/\/explora.cl\/nuble\/author\/cbeltran\/"}]}},"_links":{"self":[{"href":"https:\/\/explora.cl\/nuble\/wp-json\/wp\/v2\/posts\/38365","targetHints":{"allow":["GET"]}}],"collection":[{"href":"https:\/\/explora.cl\/nuble\/wp-json\/wp\/v2\/posts"}],"about":[{"href":"https:\/\/explora.cl\/nuble\/wp-json\/wp\/v2\/types\/post"}],"author":[{"embeddable":true,"href":"https:\/\/explora.cl\/nuble\/wp-json\/wp\/v2\/users\/25"}],"replies":[{"embeddable":true,"href":"https:\/\/explora.cl\/nuble\/wp-json\/wp\/v2\/comments?post=38365"}],"version-history":[{"count":1,"href":"https:\/\/explora.cl\/nuble\/wp-json\/wp\/v2\/posts\/38365\/revisions"}],"predecessor-version":[{"id":38367,"href":"https:\/\/explora.cl\/nuble\/wp-json\/wp\/v2\/posts\/38365\/revisions\/38367"}],"wp:featuredmedia":[{"embeddable":true,"href":"https:\/\/explora.cl\/nuble\/wp-json\/wp\/v2\/media\/38366"}],"wp:attachment":[{"href":"https:\/\/explora.cl\/nuble\/wp-json\/wp\/v2\/media?parent=38365"}],"wp:term":[{"taxonomy":"category","embeddable":true,"href":"https:\/\/explora.cl\/nuble\/wp-json\/wp\/v2\/categories?post=38365"},{"taxonomy":"post_tag","embeddable":true,"href":"https:\/\/explora.cl\/nuble\/wp-json\/wp\/v2\/tags?post=38365"}],"curies":[{"name":"wp","href":"https:\/\/api.w.org\/{rel}","templated":true}]}}