{"id":38187,"date":"2026-04-01T13:00:36","date_gmt":"2026-04-01T16:00:36","guid":{"rendered":"https:\/\/explora.cl\/nuble\/?p=38187"},"modified":"2026-04-01T13:00:36","modified_gmt":"2026-04-01T16:00:36","slug":"convocatoria-de-investigacion-e-innovacion-escolar-finaliza-con-alta-participacion","status":"publish","type":"post","link":"https:\/\/explora.cl\/nuble\/convocatoria-de-investigacion-e-innovacion-escolar-finaliza-con-alta-participacion\/","title":{"rendered":"Convocatoria de Investigaci\u00f3n e Innovaci\u00f3n Escolar finaliza con alta participaci\u00f3n"},"content":{"rendered":"<p class=\"isSelectedEnd\">La convocatoria de Investigaci\u00f3n e Innovaci\u00f3n Escolar ha finalizado su proceso de postulaci\u00f3n, marcando el cierre de una etapa que convoc\u00f3 a equipos de distintas comunidades educativas a sumarse a esta iniciativa.<\/p>\n<p class=\"isSelectedEnd\">Durante este periodo, docentes y estudiantes se motivaron para aceptar el desaf\u00edo durante 2026 de desarrollar ideas, formular preguntas y proyectar propuestas que reflejan su inter\u00e9s por comprender y transformar su entorno a trav\u00e9s de la investigaci\u00f3n y la innovaci\u00f3n.<\/p>\n<p class=\"isSelectedEnd\">Si bien la convocatoria ya se encuentra cerrada, el proceso contin\u00faa con lo que cada equipo est\u00e1 por mostrar: proyectos, aprendizajes y experiencias que dar\u00e1n cuenta del trabajo realizado en sus territorios.<\/p>\n<p>Desde Explora, valoramos el compromiso con la curiosidad, el pensamiento cr\u00edtico y la construcci\u00f3n colectiva de conocimiento. Pr\u00f3ximamente, se abrir\u00e1n nuevos espacios e instancias para seguir fortaleciendo estas experiencias y acompa\u00f1ar el desarrollo de la cultura cient\u00edfica escolar.<\/p>\n","protected":false},"excerpt":{"rendered":"<p>La convocatoria de Investigaci\u00f3n e Innovaci\u00f3n Escolar ha finalizado su proceso de postulaci\u00f3n, marcando el cierre de una etapa que convoc\u00f3 a equipos de distintas comunidades educativas a sumarse a esta iniciativa. Durante este periodo, docentes y estudiantes se motivaron para aceptar el desaf\u00edo durante 2026 de desarrollar ideas, formular preguntas y proyectar propuestas que [&hellip;]<\/p>\n","protected":false},"author":25,"featured_media":38188,"comment_status":"open","ping_status":"open","sticky":false,"template":"","format":"standard","meta":{"_acf_changed":false,"_exactmetrics_skip_tracking":false,"_exactmetrics_sitenote_active":false,"_exactmetrics_sitenote_note":"","_exactmetrics_sitenote_category":0,"footnotes":"","_links_to":"","_links_to_target":""},"categories":[4,1],"tags":[],"class_list":["post-38187","post","type-post","status-publish","format-standard","has-post-thumbnail","hentry","category-noticias","category-sin-categoria"],"acf":[],"yoast_head":"<!-- This site is optimized with the Yoast SEO plugin v26.9 - https:\/\/yoast.com\/product\/yoast-seo-wordpress\/ -->\n<title>Convocatoria de Investigaci\u00f3n e Innovaci\u00f3n Escolar finaliza con alta participaci\u00f3n - \u00d1uble<\/title>\n<meta name=\"robots\" content=\"index, follow, max-snippet:-1, max-image-preview:large, max-video-preview:-1\" \/>\n<link rel=\"canonical\" href=\"https:\/\/explora.cl\/nuble\/convocatoria-de-investigacion-e-innovacion-escolar-finaliza-con-alta-participacion\/\" class=\"yoast-seo-meta-tag\" \/>\n<meta property=\"og:locale\" content=\"es_ES\" class=\"yoast-seo-meta-tag\" \/>\n<meta property=\"og:type\" content=\"article\" class=\"yoast-seo-meta-tag\" \/>\n<meta property=\"og:title\" content=\"Convocatoria de Investigaci\u00f3n e Innovaci\u00f3n Escolar finaliza con alta participaci\u00f3n - \u00d1uble\" class=\"yoast-seo-meta-tag\" \/>\n<meta property=\"og:description\" content=\"La convocatoria de Investigaci\u00f3n e Innovaci\u00f3n Escolar ha finalizado su proceso de postulaci\u00f3n, marcando el cierre de una etapa que convoc\u00f3 a equipos de distintas comunidades educativas a sumarse a esta iniciativa. Durante este periodo, docentes y estudiantes se motivaron para aceptar el desaf\u00edo durante 2026 de desarrollar ideas, formular preguntas y proyectar propuestas que [&hellip;]\" class=\"yoast-seo-meta-tag\" \/>\n<meta property=\"og:url\" content=\"https:\/\/explora.cl\/nuble\/convocatoria-de-investigacion-e-innovacion-escolar-finaliza-con-alta-participacion\/\" class=\"yoast-seo-meta-tag\" \/>\n<meta property=\"og:site_name\" content=\"\u00d1uble\" class=\"yoast-seo-meta-tag\" \/>\n<meta property=\"article:published_time\" content=\"2026-04-01T16:00:36+00:00\" class=\"yoast-seo-meta-tag\" \/>\n<meta property=\"og:image\" content=\"https:\/\/explora.cl\/nuble\/wp-content\/uploads\/sites\/10\/2026\/04\/WEB-1-scaled.jpg\" class=\"yoast-seo-meta-tag\" \/>\n\t<meta property=\"og:image:width\" content=\"2560\" class=\"yoast-seo-meta-tag\" \/>\n\t<meta property=\"og:image:height\" content=\"1422\" class=\"yoast-seo-meta-tag\" \/>\n\t<meta property=\"og:image:type\" content=\"image\/jpeg\" class=\"yoast-seo-meta-tag\" \/>\n<meta name=\"author\" content=\"cbeltran\" class=\"yoast-seo-meta-tag\" \/>\n<meta name=\"twitter:card\" content=\"summary_large_image\" class=\"yoast-seo-meta-tag\" \/>\n<meta name=\"twitter:label1\" content=\"Escrito por\" class=\"yoast-seo-meta-tag\" \/>\n\t<meta name=\"twitter:data1\" content=\"cbeltran\" class=\"yoast-seo-meta-tag\" \/>\n\t<meta name=\"twitter:label2\" content=\"Tiempo estimado de lectura\" class=\"yoast-seo-meta-tag\" \/>\n\t<meta name=\"twitter:data2\" content=\"1 minuto\" class=\"yoast-seo-meta-tag\" \/>\n<script type=\"application\/ld+json\" class=\"yoast-schema-graph\">{\"@context\":\"https:\/\/schema.org\",\"@graph\":[{\"@type\":\"Article\",\"@id\":\"https:\/\/explora.cl\/nuble\/convocatoria-de-investigacion-e-innovacion-escolar-finaliza-con-alta-participacion\/#article\",\"isPartOf\":{\"@id\":\"https:\/\/explora.cl\/nuble\/convocatoria-de-investigacion-e-innovacion-escolar-finaliza-con-alta-participacion\/\"},\"author\":{\"name\":\"cbeltran\",\"@id\":\"https:\/\/explora.cl\/nuble\/#\/schema\/person\/f611679f39b55ae7cdea76bc915b056e\"},\"headline\":\"Convocatoria de Investigaci\u00f3n e Innovaci\u00f3n Escolar finaliza con alta participaci\u00f3n\",\"datePublished\":\"2026-04-01T16:00:36+00:00\",\"mainEntityOfPage\":{\"@id\":\"https:\/\/explora.cl\/nuble\/convocatoria-de-investigacion-e-innovacion-escolar-finaliza-con-alta-participacion\/\"},\"wordCount\":170,\"commentCount\":0,\"image\":{\"@id\":\"https:\/\/explora.cl\/nuble\/convocatoria-de-investigacion-e-innovacion-escolar-finaliza-con-alta-participacion\/#primaryimage\"},\"thumbnailUrl\":\"https:\/\/explora.cl\/nuble\/wp-content\/uploads\/sites\/10\/2026\/04\/WEB-1-scaled.jpg\",\"articleSection\":[\"Noticias\"],\"inLanguage\":\"es-CL\",\"potentialAction\":[{\"@type\":\"CommentAction\",\"name\":\"Comment\",\"target\":[\"https:\/\/explora.cl\/nuble\/convocatoria-de-investigacion-e-innovacion-escolar-finaliza-con-alta-participacion\/#respond\"]}]},{\"@type\":\"WebPage\",\"@id\":\"https:\/\/explora.cl\/nuble\/convocatoria-de-investigacion-e-innovacion-escolar-finaliza-con-alta-participacion\/\",\"url\":\"https:\/\/explora.cl\/nuble\/convocatoria-de-investigacion-e-innovacion-escolar-finaliza-con-alta-participacion\/\",\"name\":\"Convocatoria de Investigaci\u00f3n e Innovaci\u00f3n Escolar finaliza con alta participaci\u00f3n - \u00d1uble\",\"isPartOf\":{\"@id\":\"https:\/\/explora.cl\/nuble\/#website\"},\"primaryImageOfPage\":{\"@id\":\"https:\/\/explora.cl\/nuble\/convocatoria-de-investigacion-e-innovacion-escolar-finaliza-con-alta-participacion\/#primaryimage\"},\"image\":{\"@id\":\"https:\/\/explora.cl\/nuble\/convocatoria-de-investigacion-e-innovacion-escolar-finaliza-con-alta-participacion\/#primaryimage\"},\"thumbnailUrl\":\"https:\/\/explora.cl\/nuble\/wp-content\/uploads\/sites\/10\/2026\/04\/WEB-1-scaled.jpg\",\"datePublished\":\"2026-04-01T16:00:36+00:00\",\"author\":{\"@id\":\"https:\/\/explora.cl\/nuble\/#\/schema\/person\/f611679f39b55ae7cdea76bc915b056e\"},\"breadcrumb\":{\"@id\":\"https:\/\/explora.cl\/nuble\/convocatoria-de-investigacion-e-innovacion-escolar-finaliza-con-alta-participacion\/#breadcrumb\"},\"inLanguage\":\"es-CL\",\"potentialAction\":[{\"@type\":\"ReadAction\",\"target\":[\"https:\/\/explora.cl\/nuble\/convocatoria-de-investigacion-e-innovacion-escolar-finaliza-con-alta-participacion\/\"]}]},{\"@type\":\"ImageObject\",\"inLanguage\":\"es-CL\",\"@id\":\"https:\/\/explora.cl\/nuble\/convocatoria-de-investigacion-e-innovacion-escolar-finaliza-con-alta-participacion\/#primaryimage\",\"url\":\"https:\/\/explora.cl\/nuble\/wp-content\/uploads\/sites\/10\/2026\/04\/WEB-1-scaled.jpg\",\"contentUrl\":\"https:\/\/explora.cl\/nuble\/wp-content\/uploads\/sites\/10\/2026\/04\/WEB-1-scaled.jpg\",\"width\":2560,\"height\":1422},{\"@type\":\"BreadcrumbList\",\"@id\":\"https:\/\/explora.cl\/nuble\/convocatoria-de-investigacion-e-innovacion-escolar-finaliza-con-alta-participacion\/#breadcrumb\",\"itemListElement\":[{\"@type\":\"ListItem\",\"position\":1,\"name\":\"Portada\",\"item\":\"https:\/\/explora.cl\/nuble\/\"},{\"@type\":\"ListItem\",\"position\":2,\"name\":\"Convocatoria de Investigaci\u00f3n e Innovaci\u00f3n Escolar finaliza con alta participaci\u00f3n\"}]},{\"@type\":\"WebSite\",\"@id\":\"https:\/\/explora.cl\/nuble\/#website\",\"url\":\"https:\/\/explora.cl\/nuble\/\",\"name\":\"\u00d1uble\",\"description\":\"Otro sitio m\u00e1s de explora.cl\",\"potentialAction\":[{\"@type\":\"SearchAction\",\"target\":{\"@type\":\"EntryPoint\",\"urlTemplate\":\"https:\/\/explora.cl\/nuble\/?s={search_term_string}\"},\"query-input\":{\"@type\":\"PropertyValueSpecification\",\"valueRequired\":true,\"valueName\":\"search_term_string\"}}],\"inLanguage\":\"es-CL\"},{\"@type\":\"Person\",\"@id\":\"https:\/\/explora.cl\/nuble\/#\/schema\/person\/f611679f39b55ae7cdea76bc915b056e\",\"name\":\"cbeltran\",\"image\":{\"@type\":\"ImageObject\",\"inLanguage\":\"es-CL\",\"@id\":\"https:\/\/explora.cl\/nuble\/#\/schema\/person\/image\/\",\"url\":\"https:\/\/secure.gravatar.com\/avatar\/fde624b0b0faed85e420465a1cdb73a02c199b16b1d2d6bfe0a82b9ba438afbd?s=96&d=mm&r=g\",\"contentUrl\":\"https:\/\/secure.gravatar.com\/avatar\/fde624b0b0faed85e420465a1cdb73a02c199b16b1d2d6bfe0a82b9ba438afbd?s=96&d=mm&r=g\",\"caption\":\"cbeltran\"},\"url\":\"https:\/\/explora.cl\/nuble\/author\/cbeltran\/\"}]}<\/script>\n<!-- \/ Yoast SEO plugin. -->","yoast_head_json":{"title":"Convocatoria de Investigaci\u00f3n e Innovaci\u00f3n Escolar finaliza con alta participaci\u00f3n - \u00d1uble","robots":{"index":"index","follow":"follow","max-snippet":"max-snippet:-1","max-image-preview":"max-image-preview:large","max-video-preview":"max-video-preview:-1"},"canonical":"https:\/\/explora.cl\/nuble\/convocatoria-de-investigacion-e-innovacion-escolar-finaliza-con-alta-participacion\/","og_locale":"es_ES","og_type":"article","og_title":"Convocatoria de Investigaci\u00f3n e Innovaci\u00f3n Escolar finaliza con alta participaci\u00f3n - \u00d1uble","og_description":"La convocatoria de Investigaci\u00f3n e Innovaci\u00f3n Escolar ha finalizado su proceso de postulaci\u00f3n, marcando el cierre de una etapa que convoc\u00f3 a equipos de distintas comunidades educativas a sumarse a esta iniciativa. Durante este periodo, docentes y estudiantes se motivaron para aceptar el desaf\u00edo durante 2026 de desarrollar ideas, formular preguntas y proyectar propuestas que [&hellip;]","og_url":"https:\/\/explora.cl\/nuble\/convocatoria-de-investigacion-e-innovacion-escolar-finaliza-con-alta-participacion\/","og_site_name":"\u00d1uble","article_published_time":"2026-04-01T16:00:36+00:00","og_image":[{"width":2560,"height":1422,"url":"https:\/\/explora.cl\/nuble\/wp-content\/uploads\/sites\/10\/2026\/04\/WEB-1-scaled.jpg","type":"image\/jpeg"}],"author":"cbeltran","twitter_card":"summary_large_image","twitter_misc":{"Escrito por":"cbeltran","Tiempo estimado de lectura":"1 minuto"},"schema":{"@context":"https:\/\/schema.org","@graph":[{"@type":"Article","@id":"https:\/\/explora.cl\/nuble\/convocatoria-de-investigacion-e-innovacion-escolar-finaliza-con-alta-participacion\/#article","isPartOf":{"@id":"https:\/\/explora.cl\/nuble\/convocatoria-de-investigacion-e-innovacion-escolar-finaliza-con-alta-participacion\/"},"author":{"name":"cbeltran","@id":"https:\/\/explora.cl\/nuble\/#\/schema\/person\/f611679f39b55ae7cdea76bc915b056e"},"headline":"Convocatoria de Investigaci\u00f3n e Innovaci\u00f3n Escolar finaliza con alta participaci\u00f3n","datePublished":"2026-04-01T16:00:36+00:00","mainEntityOfPage":{"@id":"https:\/\/explora.cl\/nuble\/convocatoria-de-investigacion-e-innovacion-escolar-finaliza-con-alta-participacion\/"},"wordCount":170,"commentCount":0,"image":{"@id":"https:\/\/explora.cl\/nuble\/convocatoria-de-investigacion-e-innovacion-escolar-finaliza-con-alta-participacion\/#primaryimage"},"thumbnailUrl":"https:\/\/explora.cl\/nuble\/wp-content\/uploads\/sites\/10\/2026\/04\/WEB-1-scaled.jpg","articleSection":["Noticias"],"inLanguage":"es-CL","potentialAction":[{"@type":"CommentAction","name":"Comment","target":["https:\/\/explora.cl\/nuble\/convocatoria-de-investigacion-e-innovacion-escolar-finaliza-con-alta-participacion\/#respond"]}]},{"@type":"WebPage","@id":"https:\/\/explora.cl\/nuble\/convocatoria-de-investigacion-e-innovacion-escolar-finaliza-con-alta-participacion\/","url":"https:\/\/explora.cl\/nuble\/convocatoria-de-investigacion-e-innovacion-escolar-finaliza-con-alta-participacion\/","name":"Convocatoria de Investigaci\u00f3n e Innovaci\u00f3n Escolar finaliza con alta participaci\u00f3n - \u00d1uble","isPartOf":{"@id":"https:\/\/explora.cl\/nuble\/#website"},"primaryImageOfPage":{"@id":"https:\/\/explora.cl\/nuble\/convocatoria-de-investigacion-e-innovacion-escolar-finaliza-con-alta-participacion\/#primaryimage"},"image":{"@id":"https:\/\/explora.cl\/nuble\/convocatoria-de-investigacion-e-innovacion-escolar-finaliza-con-alta-participacion\/#primaryimage"},"thumbnailUrl":"https:\/\/explora.cl\/nuble\/wp-content\/uploads\/sites\/10\/2026\/04\/WEB-1-scaled.jpg","datePublished":"2026-04-01T16:00:36+00:00","author":{"@id":"https:\/\/explora.cl\/nuble\/#\/schema\/person\/f611679f39b55ae7cdea76bc915b056e"},"breadcrumb":{"@id":"https:\/\/explora.cl\/nuble\/convocatoria-de-investigacion-e-innovacion-escolar-finaliza-con-alta-participacion\/#breadcrumb"},"inLanguage":"es-CL","potentialAction":[{"@type":"ReadAction","target":["https:\/\/explora.cl\/nuble\/convocatoria-de-investigacion-e-innovacion-escolar-finaliza-con-alta-participacion\/"]}]},{"@type":"ImageObject","inLanguage":"es-CL","@id":"https:\/\/explora.cl\/nuble\/convocatoria-de-investigacion-e-innovacion-escolar-finaliza-con-alta-participacion\/#primaryimage","url":"https:\/\/explora.cl\/nuble\/wp-content\/uploads\/sites\/10\/2026\/04\/WEB-1-scaled.jpg","contentUrl":"https:\/\/explora.cl\/nuble\/wp-content\/uploads\/sites\/10\/2026\/04\/WEB-1-scaled.jpg","width":2560,"height":1422},{"@type":"BreadcrumbList","@id":"https:\/\/explora.cl\/nuble\/convocatoria-de-investigacion-e-innovacion-escolar-finaliza-con-alta-participacion\/#breadcrumb","itemListElement":[{"@type":"ListItem","position":1,"name":"Portada","item":"https:\/\/explora.cl\/nuble\/"},{"@type":"ListItem","position":2,"name":"Convocatoria de Investigaci\u00f3n e Innovaci\u00f3n Escolar finaliza con alta participaci\u00f3n"}]},{"@type":"WebSite","@id":"https:\/\/explora.cl\/nuble\/#website","url":"https:\/\/explora.cl\/nuble\/","name":"\u00d1uble","description":"Otro sitio m\u00e1s de explora.cl","potentialAction":[{"@type":"SearchAction","target":{"@type":"EntryPoint","urlTemplate":"https:\/\/explora.cl\/nuble\/?s={search_term_string}"},"query-input":{"@type":"PropertyValueSpecification","valueRequired":true,"valueName":"search_term_string"}}],"inLanguage":"es-CL"},{"@type":"Person","@id":"https:\/\/explora.cl\/nuble\/#\/schema\/person\/f611679f39b55ae7cdea76bc915b056e","name":"cbeltran","image":{"@type":"ImageObject","inLanguage":"es-CL","@id":"https:\/\/explora.cl\/nuble\/#\/schema\/person\/image\/","url":"https:\/\/secure.gravatar.com\/avatar\/fde624b0b0faed85e420465a1cdb73a02c199b16b1d2d6bfe0a82b9ba438afbd?s=96&d=mm&r=g","contentUrl":"https:\/\/secure.gravatar.com\/avatar\/fde624b0b0faed85e420465a1cdb73a02c199b16b1d2d6bfe0a82b9ba438afbd?s=96&d=mm&r=g","caption":"cbeltran"},"url":"https:\/\/explora.cl\/nuble\/author\/cbeltran\/"}]}},"_links":{"self":[{"href":"https:\/\/explora.cl\/nuble\/wp-json\/wp\/v2\/posts\/38187","targetHints":{"allow":["GET"]}}],"collection":[{"href":"https:\/\/explora.cl\/nuble\/wp-json\/wp\/v2\/posts"}],"about":[{"href":"https:\/\/explora.cl\/nuble\/wp-json\/wp\/v2\/types\/post"}],"author":[{"embeddable":true,"href":"https:\/\/explora.cl\/nuble\/wp-json\/wp\/v2\/users\/25"}],"replies":[{"embeddable":true,"href":"https:\/\/explora.cl\/nuble\/wp-json\/wp\/v2\/comments?post=38187"}],"version-history":[{"count":1,"href":"https:\/\/explora.cl\/nuble\/wp-json\/wp\/v2\/posts\/38187\/revisions"}],"predecessor-version":[{"id":38189,"href":"https:\/\/explora.cl\/nuble\/wp-json\/wp\/v2\/posts\/38187\/revisions\/38189"}],"wp:featuredmedia":[{"embeddable":true,"href":"https:\/\/explora.cl\/nuble\/wp-json\/wp\/v2\/media\/38188"}],"wp:attachment":[{"href":"https:\/\/explora.cl\/nuble\/wp-json\/wp\/v2\/media?parent=38187"}],"wp:term":[{"taxonomy":"category","embeddable":true,"href":"https:\/\/explora.cl\/nuble\/wp-json\/wp\/v2\/categories?post=38187"},{"taxonomy":"post_tag","embeddable":true,"href":"https:\/\/explora.cl\/nuble\/wp-json\/wp\/v2\/tags?post=38187"}],"curies":[{"name":"wp","href":"https:\/\/api.w.org\/{rel}","templated":true}]}}