{"id":37947,"date":"2025-12-11T15:04:52","date_gmt":"2025-12-11T18:04:52","guid":{"rendered":"https:\/\/explora.cl\/nuble\/?p=37947"},"modified":"2025-12-12T15:17:54","modified_gmt":"2025-12-12T18:17:54","slug":"campamento-explora-va-se-consolida-en-la-formacion-docente-en-competencias-cientificas-y-el-trabajo-colaborativo-en-nuble","status":"publish","type":"post","link":"https:\/\/explora.cl\/nuble\/campamento-explora-va-se-consolida-en-la-formacion-docente-en-competencias-cientificas-y-el-trabajo-colaborativo-en-nuble\/","title":{"rendered":"Campamento Explora Va! se consolida en la formaci\u00f3n docente en competencias cient\u00edficas y el trabajo colaborativo en \u00d1uble"},"content":{"rendered":"<p><strong>El programa formativo reuni\u00f3 a docentes de distintas comunas de \u00d1uble en una instancia que impuls\u00f3 nuevas tendencias de ense\u00f1ar ciencia desde el territorio. La jornada permiti\u00f3 articular colaboraciones, actualizar pr\u00e1cticas pedag\u00f3gicas y proyectar investigaciones escolares con sentido local.<\/strong><\/p>\n<p>Cinco d\u00edas de capacitaci\u00f3n, en formato inmersivo y rodeados de la naturaleza de Quill\u00f3n, vivieron 40 docentes provenientes de diversas comunas de \u00d1uble, quienes participaron en una experiencia dise\u00f1ada para integrar el modelo de competencias Explora, fortalecer la interdisciplinariedad y promover la ciencia como una pr\u00e1ctica situada en el territorio. La iniciativa, organizada por el Proyecto Asociativo Regional Explora \u00d1uble que es financiado por el Ministerio de Ciencia y ejecutado en \u00d1uble \u00a0por la Universidad de Concepci\u00f3n, campus Chill\u00e1n, busc\u00f3 articular nuevas estrategias pedag\u00f3gicas que acerquen la investigaci\u00f3n escolar a las realidades locales.<\/p>\n<p>La jornada inaugural, realizada en el Campus UdeC Chill\u00e1n, fue encabezada por el subdirector de campus, Dr. Daniel Sandoval Silva, quien destac\u00f3 el valor transformador del proceso formativo:<br \/>\n<strong>\u201cPara quienes no han estado vinculados a Explora, esta experiencia puede ser una de las m\u00e1s fruct\u00edferas, porque su formato de adquisici\u00f3n de competencias cient\u00edficas tiene un poder transformador. Y para quienes ya han participado en el programa, es una oportunidad para profundizar y aportar desde su experiencia a nuevas comunidades educativas\u201d.<\/strong><\/p>\n<p>A este saludo se sum\u00f3 el seremi de Ciencia de la Macrozona \u00d1uble\u2013Biob\u00edo, Gustavo N\u00fa\u00f1ez Acula, quien subray\u00f3 el car\u00e1cter territorial y colaborativo del campamento:<br \/>\n<strong>\u201cNo solo potencia estrategias de aprendizaje en ciencia, sino que fortalece el v\u00ednculo de profesoras y profesores con el territorio y con la diversidad de \u00d1uble, promoviendo la colaboraci\u00f3n, la creaci\u00f3n de redes y el reconocimiento de distintas miradas que luego se pondr\u00e1n al servicio de las comunidades educativas\u201d.<\/strong><\/p>\n<p>Durante la estancia en Quill\u00f3n, los equipos docentes participaron en actividades de reflexi\u00f3n pedag\u00f3gica, trabajo interdisciplinario y exploraci\u00f3n del entorno natural. Uno de los momentos m\u00e1s significativos fue la salida a la Laguna Coyanco, un complejo natural propiedad de Forestal Arauco, espacio en que realizaron mediciones de suelo, pH y temperatura del agua para dise\u00f1ar peque\u00f1os proyectos de investigaci\u00f3n. Estas experiencias permitieron reforzar metodolog\u00edas de indagaci\u00f3n contextualizadas y proyectarlas hacia futuras investigaciones en sus propios establecimientos.<\/p>\n<p>Campamento cont\u00f3 con la relator\u00eda principal de la especialista Gabriela Fern\u00e1ndez, quien gui\u00f3 la integraci\u00f3n de competencias Explora, y con talleres de educaci\u00f3n ambiental dictados por los cient\u00edficos Kora Menegoz y Gonzalo Ossa, de la ONG Dosel. Adem\u00e1s, el creador de contenidos Hans Contreras aport\u00f3 una perspectiva creativa sobre uso de tecnolog\u00edas y pr\u00e1cticas docentes innovadoras.<\/p>\n<p>Las experiencias interdisciplinarias fueron especialmente valoradas por los participantes. El profesor Andr\u00e9s Moyano, del Colegio San Buenaventura, coment\u00f3:<br \/>\n<strong>\u201cHemos mezclado en el colegio qu\u00edmica con artes, sobre todo en la elaboraci\u00f3n de pigmentos. Quiero desarrollar proyectos art\u00edstico-cient\u00edficos con m\u00e1s solidez, y esta formaci\u00f3n es clave para avanzar en esa direcci\u00f3n\u201d.<\/strong><\/p>\n<p>El cierre de la formaci\u00f3n se realiz\u00f3 con una exposici\u00f3n de los proyectos elaborados por las y los docentes, demostrando el potencial de la observaci\u00f3n directa del entorno como motor de aprendizajes cient\u00edficos. En la ceremonia final, la directora de PAR Explora \u00d1uble, dra. In\u00e9s Figueroa, destac\u00f3 la diversidad disciplinaria y el trabajo en equipo logrado durante la semana:<br \/>\n<strong>\u201cCon esta actividad formativa queda una evidencia tangible que la comunidad Explora en la regi\u00f3n se est\u00e1 fortaleciendo con la participaci\u00f3n de docentes de distintas \u00e1reas quienes trabajaron en equipo aportando sus diversas miradas, bajo nuestro principio de potenciar la interdisciplinariedad, tuvimos profesores de educaci\u00f3n f\u00edsica, ingl\u00e9s, historia, artes, quienes trabajaron codo a codo con los profesores de ciencias\u201d.<\/strong><\/p>\n<p>Las y los profesores participantes de Campamento Explora Va! seguir\u00e1n una ruta formativa en 2026, con capacitaciones presenciales y telem\u00e1ticas, adem\u00e1s se les realizar\u00e1 seguimiento de lo aprendido y aplicado en sus aulas, culminando su formaci\u00f3n en el segundo semestre del pr\u00f3ximo a\u00f1o.<\/p>\n<p>El Campamento Explora Va! de \u00d1uble reafirma as\u00ed su prop\u00f3sito de consolidar una comunidad docente activa, conectada al territorio y comprometida con promover experiencias cient\u00edficas significativas para ni\u00f1as, ni\u00f1os y j\u00f3venes de esta nueva regi\u00f3n.<\/p>\n<p>Galer\u00eda de im\u00e1genes<a href=\"https:\/\/explora.cl\/nuble\/wp-content\/uploads\/sites\/10\/2025\/12\/Fotos-Campamento-202511-1-scaled.jpg\"><img decoding=\"async\" class=\"alignleft size-thumbnail wp-image-37961\" src=\"https:\/\/explora.cl\/nuble\/wp-content\/uploads\/sites\/10\/2025\/12\/Fotos-Campamento-202511-1-150x150.jpg\" alt=\"\" width=\"150\" height=\"150\" srcset=\"https:\/\/explora.cl\/nuble\/wp-content\/uploads\/sites\/10\/2025\/12\/Fotos-Campamento-202511-1-150x150.jpg 150w, https:\/\/explora.cl\/nuble\/wp-content\/uploads\/sites\/10\/2025\/12\/Fotos-Campamento-202511-1-60x60.jpg 60w\" sizes=\"(max-width: 150px) 100vw, 150px\" \/><\/a> <a href=\"https:\/\/explora.cl\/nuble\/wp-content\/uploads\/sites\/10\/2025\/12\/Fotos-Campamento-202510-scaled.jpg\"><img decoding=\"async\" class=\"alignleft size-thumbnail wp-image-37962\" src=\"https:\/\/explora.cl\/nuble\/wp-content\/uploads\/sites\/10\/2025\/12\/Fotos-Campamento-202510-150x150.jpg\" alt=\"\" width=\"150\" height=\"150\" srcset=\"https:\/\/explora.cl\/nuble\/wp-content\/uploads\/sites\/10\/2025\/12\/Fotos-Campamento-202510-150x150.jpg 150w, https:\/\/explora.cl\/nuble\/wp-content\/uploads\/sites\/10\/2025\/12\/Fotos-Campamento-202510-60x60.jpg 60w\" sizes=\"(max-width: 150px) 100vw, 150px\" \/><\/a> <a href=\"https:\/\/explora.cl\/nuble\/wp-content\/uploads\/sites\/10\/2025\/12\/Fotos-Campamento-20259-1-scaled.jpg\"><img decoding=\"async\" class=\"alignleft size-thumbnail wp-image-37963\" src=\"https:\/\/explora.cl\/nuble\/wp-content\/uploads\/sites\/10\/2025\/12\/Fotos-Campamento-20259-1-150x150.jpg\" alt=\"\" width=\"150\" height=\"150\" srcset=\"https:\/\/explora.cl\/nuble\/wp-content\/uploads\/sites\/10\/2025\/12\/Fotos-Campamento-20259-1-150x150.jpg 150w, https:\/\/explora.cl\/nuble\/wp-content\/uploads\/sites\/10\/2025\/12\/Fotos-Campamento-20259-1-60x60.jpg 60w\" sizes=\"(max-width: 150px) 100vw, 150px\" \/><\/a> <a href=\"https:\/\/explora.cl\/nuble\/wp-content\/uploads\/sites\/10\/2025\/12\/Fotos-Campamento-20258-1-scaled.jpg\"><img loading=\"lazy\" decoding=\"async\" class=\"alignleft size-thumbnail wp-image-37964\" src=\"https:\/\/explora.cl\/nuble\/wp-content\/uploads\/sites\/10\/2025\/12\/Fotos-Campamento-20258-1-150x150.jpg\" alt=\"\" width=\"150\" height=\"150\" srcset=\"https:\/\/explora.cl\/nuble\/wp-content\/uploads\/sites\/10\/2025\/12\/Fotos-Campamento-20258-1-150x150.jpg 150w, https:\/\/explora.cl\/nuble\/wp-content\/uploads\/sites\/10\/2025\/12\/Fotos-Campamento-20258-1-60x60.jpg 60w\" sizes=\"(max-width: 150px) 100vw, 150px\" \/><\/a> <a href=\"https:\/\/explora.cl\/nuble\/wp-content\/uploads\/sites\/10\/2025\/12\/Fotos-Campamento-20257-scaled.jpg\"><img loading=\"lazy\" decoding=\"async\" class=\"alignleft size-thumbnail wp-image-37965\" src=\"https:\/\/explora.cl\/nuble\/wp-content\/uploads\/sites\/10\/2025\/12\/Fotos-Campamento-20257-150x150.jpg\" alt=\"\" width=\"150\" height=\"150\" srcset=\"https:\/\/explora.cl\/nuble\/wp-content\/uploads\/sites\/10\/2025\/12\/Fotos-Campamento-20257-150x150.jpg 150w, https:\/\/explora.cl\/nuble\/wp-content\/uploads\/sites\/10\/2025\/12\/Fotos-Campamento-20257-60x60.jpg 60w\" sizes=\"(max-width: 150px) 100vw, 150px\" \/><\/a> <a href=\"https:\/\/explora.cl\/nuble\/wp-content\/uploads\/sites\/10\/2025\/12\/Fotos-Campamento-20256-scaled.jpg\"><img loading=\"lazy\" decoding=\"async\" class=\"alignleft size-thumbnail wp-image-37966\" src=\"https:\/\/explora.cl\/nuble\/wp-content\/uploads\/sites\/10\/2025\/12\/Fotos-Campamento-20256-150x150.jpg\" alt=\"\" width=\"150\" height=\"150\" srcset=\"https:\/\/explora.cl\/nuble\/wp-content\/uploads\/sites\/10\/2025\/12\/Fotos-Campamento-20256-150x150.jpg 150w, https:\/\/explora.cl\/nuble\/wp-content\/uploads\/sites\/10\/2025\/12\/Fotos-Campamento-20256-60x60.jpg 60w\" sizes=\"(max-width: 150px) 100vw, 150px\" \/><\/a> <a href=\"https:\/\/explora.cl\/nuble\/wp-content\/uploads\/sites\/10\/2025\/12\/Fotos-Campamento-20255-scaled.jpg\"><img loading=\"lazy\" decoding=\"async\" class=\"alignleft size-thumbnail wp-image-37967\" src=\"https:\/\/explora.cl\/nuble\/wp-content\/uploads\/sites\/10\/2025\/12\/Fotos-Campamento-20255-150x150.jpg\" alt=\"\" width=\"150\" height=\"150\" srcset=\"https:\/\/explora.cl\/nuble\/wp-content\/uploads\/sites\/10\/2025\/12\/Fotos-Campamento-20255-150x150.jpg 150w, https:\/\/explora.cl\/nuble\/wp-content\/uploads\/sites\/10\/2025\/12\/Fotos-Campamento-20255-60x60.jpg 60w\" sizes=\"(max-width: 150px) 100vw, 150px\" \/><\/a> <a href=\"https:\/\/explora.cl\/nuble\/wp-content\/uploads\/sites\/10\/2025\/12\/Fotos-Campamento-20254-scaled.jpg\"><img loading=\"lazy\" decoding=\"async\" class=\"alignleft size-thumbnail wp-image-37968\" src=\"https:\/\/explora.cl\/nuble\/wp-content\/uploads\/sites\/10\/2025\/12\/Fotos-Campamento-20254-150x150.jpg\" alt=\"\" width=\"150\" height=\"150\" srcset=\"https:\/\/explora.cl\/nuble\/wp-content\/uploads\/sites\/10\/2025\/12\/Fotos-Campamento-20254-150x150.jpg 150w, https:\/\/explora.cl\/nuble\/wp-content\/uploads\/sites\/10\/2025\/12\/Fotos-Campamento-20254-60x60.jpg 60w\" sizes=\"(max-width: 150px) 100vw, 150px\" \/><\/a> <a href=\"https:\/\/explora.cl\/nuble\/wp-content\/uploads\/sites\/10\/2025\/12\/Fotos-Campamento-20253-1-scaled.jpg\"><img loading=\"lazy\" decoding=\"async\" class=\"alignleft size-thumbnail wp-image-37969\" src=\"https:\/\/explora.cl\/nuble\/wp-content\/uploads\/sites\/10\/2025\/12\/Fotos-Campamento-20253-1-150x150.jpg\" alt=\"\" width=\"150\" height=\"150\" srcset=\"https:\/\/explora.cl\/nuble\/wp-content\/uploads\/sites\/10\/2025\/12\/Fotos-Campamento-20253-1-150x150.jpg 150w, https:\/\/explora.cl\/nuble\/wp-content\/uploads\/sites\/10\/2025\/12\/Fotos-Campamento-20253-1-60x60.jpg 60w\" sizes=\"(max-width: 150px) 100vw, 150px\" \/><\/a> <a href=\"https:\/\/explora.cl\/nuble\/wp-content\/uploads\/sites\/10\/2025\/12\/Fotos-Campamento-20252-scaled.jpg\"><img loading=\"lazy\" decoding=\"async\" class=\"alignleft size-thumbnail wp-image-37970\" src=\"https:\/\/explora.cl\/nuble\/wp-content\/uploads\/sites\/10\/2025\/12\/Fotos-Campamento-20252-150x150.jpg\" alt=\"\" width=\"150\" height=\"150\" srcset=\"https:\/\/explora.cl\/nuble\/wp-content\/uploads\/sites\/10\/2025\/12\/Fotos-Campamento-20252-150x150.jpg 150w, https:\/\/explora.cl\/nuble\/wp-content\/uploads\/sites\/10\/2025\/12\/Fotos-Campamento-20252-60x60.jpg 60w\" sizes=\"(max-width: 150px) 100vw, 150px\" \/><\/a><a href=\"https:\/\/explora.cl\/nuble\/wp-content\/uploads\/sites\/10\/2025\/12\/Fotos-Campamento-202515-scaled.jpg\"><img loading=\"lazy\" decoding=\"async\" class=\"alignleft size-thumbnail wp-image-37971\" src=\"https:\/\/explora.cl\/nuble\/wp-content\/uploads\/sites\/10\/2025\/12\/Fotos-Campamento-202515-150x150.jpg\" alt=\"\" width=\"150\" height=\"150\" srcset=\"https:\/\/explora.cl\/nuble\/wp-content\/uploads\/sites\/10\/2025\/12\/Fotos-Campamento-202515-150x150.jpg 150w, https:\/\/explora.cl\/nuble\/wp-content\/uploads\/sites\/10\/2025\/12\/Fotos-Campamento-202515-60x60.jpg 60w\" sizes=\"(max-width: 150px) 100vw, 150px\" \/><\/a> <a href=\"https:\/\/explora.cl\/nuble\/wp-content\/uploads\/sites\/10\/2025\/12\/Fotos-Campamento-202514-1-scaled.jpg\"><img loading=\"lazy\" decoding=\"async\" class=\"alignleft size-thumbnail wp-image-37972\" src=\"https:\/\/explora.cl\/nuble\/wp-content\/uploads\/sites\/10\/2025\/12\/Fotos-Campamento-202514-1-150x150.jpg\" alt=\"\" width=\"150\" height=\"150\" srcset=\"https:\/\/explora.cl\/nuble\/wp-content\/uploads\/sites\/10\/2025\/12\/Fotos-Campamento-202514-1-150x150.jpg 150w, https:\/\/explora.cl\/nuble\/wp-content\/uploads\/sites\/10\/2025\/12\/Fotos-Campamento-202514-1-60x60.jpg 60w\" sizes=\"(max-width: 150px) 100vw, 150px\" \/><\/a> <a href=\"https:\/\/explora.cl\/nuble\/wp-content\/uploads\/sites\/10\/2025\/12\/Fotos-Campamento-202511-2-scaled.jpg\"><img loading=\"lazy\" decoding=\"async\" class=\"alignleft size-thumbnail wp-image-37973\" src=\"https:\/\/explora.cl\/nuble\/wp-content\/uploads\/sites\/10\/2025\/12\/Fotos-Campamento-202511-2-150x150.jpg\" alt=\"\" width=\"150\" height=\"150\" srcset=\"https:\/\/explora.cl\/nuble\/wp-content\/uploads\/sites\/10\/2025\/12\/Fotos-Campamento-202511-2-150x150.jpg 150w, https:\/\/explora.cl\/nuble\/wp-content\/uploads\/sites\/10\/2025\/12\/Fotos-Campamento-202511-2-60x60.jpg 60w\" sizes=\"(max-width: 150px) 100vw, 150px\" \/><\/a> <a href=\"https:\/\/explora.cl\/nuble\/wp-content\/uploads\/sites\/10\/2025\/12\/Fotos-Campamento-20258-2-scaled.jpg\"><img loading=\"lazy\" decoding=\"async\" class=\"alignleft size-thumbnail wp-image-37974\" src=\"https:\/\/explora.cl\/nuble\/wp-content\/uploads\/sites\/10\/2025\/12\/Fotos-Campamento-20258-2-150x150.jpg\" alt=\"\" width=\"150\" height=\"150\" srcset=\"https:\/\/explora.cl\/nuble\/wp-content\/uploads\/sites\/10\/2025\/12\/Fotos-Campamento-20258-2-150x150.jpg 150w, https:\/\/explora.cl\/nuble\/wp-content\/uploads\/sites\/10\/2025\/12\/Fotos-Campamento-20258-2-60x60.jpg 60w\" sizes=\"(max-width: 150px) 100vw, 150px\" \/><\/a> <a href=\"https:\/\/explora.cl\/nuble\/wp-content\/uploads\/sites\/10\/2025\/12\/Fotos-Campamento-20257-1-scaled.jpg\"><img loading=\"lazy\" decoding=\"async\" class=\"alignleft size-thumbnail wp-image-37975\" src=\"https:\/\/explora.cl\/nuble\/wp-content\/uploads\/sites\/10\/2025\/12\/Fotos-Campamento-20257-1-150x150.jpg\" alt=\"\" width=\"150\" height=\"150\" srcset=\"https:\/\/explora.cl\/nuble\/wp-content\/uploads\/sites\/10\/2025\/12\/Fotos-Campamento-20257-1-150x150.jpg 150w, https:\/\/explora.cl\/nuble\/wp-content\/uploads\/sites\/10\/2025\/12\/Fotos-Campamento-20257-1-60x60.jpg 60w\" sizes=\"(max-width: 150px) 100vw, 150px\" \/><\/a> <a href=\"https:\/\/explora.cl\/nuble\/wp-content\/uploads\/sites\/10\/2025\/12\/Fotos-Campamento-20256-1-scaled.jpg\"><img loading=\"lazy\" decoding=\"async\" class=\"alignleft size-thumbnail wp-image-37976\" src=\"https:\/\/explora.cl\/nuble\/wp-content\/uploads\/sites\/10\/2025\/12\/Fotos-Campamento-20256-1-150x150.jpg\" alt=\"\" width=\"150\" height=\"150\" srcset=\"https:\/\/explora.cl\/nuble\/wp-content\/uploads\/sites\/10\/2025\/12\/Fotos-Campamento-20256-1-150x150.jpg 150w, https:\/\/explora.cl\/nuble\/wp-content\/uploads\/sites\/10\/2025\/12\/Fotos-Campamento-20256-1-60x60.jpg 60w\" sizes=\"(max-width: 150px) 100vw, 150px\" \/><\/a> <a href=\"https:\/\/explora.cl\/nuble\/wp-content\/uploads\/sites\/10\/2025\/12\/Fotos-Campamento-20255-1-scaled.jpg\"><img loading=\"lazy\" decoding=\"async\" class=\"alignleft size-thumbnail wp-image-37977\" src=\"https:\/\/explora.cl\/nuble\/wp-content\/uploads\/sites\/10\/2025\/12\/Fotos-Campamento-20255-1-150x150.jpg\" alt=\"\" width=\"150\" height=\"150\" srcset=\"https:\/\/explora.cl\/nuble\/wp-content\/uploads\/sites\/10\/2025\/12\/Fotos-Campamento-20255-1-150x150.jpg 150w, https:\/\/explora.cl\/nuble\/wp-content\/uploads\/sites\/10\/2025\/12\/Fotos-Campamento-20255-1-60x60.jpg 60w\" sizes=\"(max-width: 150px) 100vw, 150px\" \/><\/a> <a href=\"https:\/\/explora.cl\/nuble\/wp-content\/uploads\/sites\/10\/2025\/12\/Fotos-Campamento-20253-2-scaled.jpg\"><img loading=\"lazy\" decoding=\"async\" class=\"alignleft size-thumbnail wp-image-37978\" src=\"https:\/\/explora.cl\/nuble\/wp-content\/uploads\/sites\/10\/2025\/12\/Fotos-Campamento-20253-2-150x150.jpg\" alt=\"\" width=\"150\" height=\"150\" srcset=\"https:\/\/explora.cl\/nuble\/wp-content\/uploads\/sites\/10\/2025\/12\/Fotos-Campamento-20253-2-150x150.jpg 150w, https:\/\/explora.cl\/nuble\/wp-content\/uploads\/sites\/10\/2025\/12\/Fotos-Campamento-20253-2-60x60.jpg 60w\" sizes=\"(max-width: 150px) 100vw, 150px\" \/><\/a><a href=\"https:\/\/explora.cl\/nuble\/wp-content\/uploads\/sites\/10\/2025\/12\/Fotos-Campamento-202514-2-scaled.jpg\"><img loading=\"lazy\" decoding=\"async\" class=\"alignleft size-thumbnail wp-image-37979\" src=\"https:\/\/explora.cl\/nuble\/wp-content\/uploads\/sites\/10\/2025\/12\/Fotos-Campamento-202514-2-150x150.jpg\" alt=\"\" width=\"150\" height=\"150\" srcset=\"https:\/\/explora.cl\/nuble\/wp-content\/uploads\/sites\/10\/2025\/12\/Fotos-Campamento-202514-2-150x150.jpg 150w, https:\/\/explora.cl\/nuble\/wp-content\/uploads\/sites\/10\/2025\/12\/Fotos-Campamento-202514-2-60x60.jpg 60w\" sizes=\"(max-width: 150px) 100vw, 150px\" \/><\/a> <a href=\"https:\/\/explora.cl\/nuble\/wp-content\/uploads\/sites\/10\/2025\/12\/Fotos-Campamento-202513-1-scaled.jpg\"><img loading=\"lazy\" decoding=\"async\" class=\"alignleft size-thumbnail wp-image-37980\" src=\"https:\/\/explora.cl\/nuble\/wp-content\/uploads\/sites\/10\/2025\/12\/Fotos-Campamento-202513-1-150x150.jpg\" alt=\"\" width=\"150\" height=\"150\" srcset=\"https:\/\/explora.cl\/nuble\/wp-content\/uploads\/sites\/10\/2025\/12\/Fotos-Campamento-202513-1-150x150.jpg 150w, https:\/\/explora.cl\/nuble\/wp-content\/uploads\/sites\/10\/2025\/12\/Fotos-Campamento-202513-1-60x60.jpg 60w\" sizes=\"(max-width: 150px) 100vw, 150px\" \/><\/a> <a href=\"https:\/\/explora.cl\/nuble\/wp-content\/uploads\/sites\/10\/2025\/12\/Fotos-Campamento-202512-1-scaled.jpg\"><img loading=\"lazy\" decoding=\"async\" class=\"alignleft size-thumbnail wp-image-37981\" src=\"https:\/\/explora.cl\/nuble\/wp-content\/uploads\/sites\/10\/2025\/12\/Fotos-Campamento-202512-1-150x150.jpg\" alt=\"\" width=\"150\" height=\"150\" srcset=\"https:\/\/explora.cl\/nuble\/wp-content\/uploads\/sites\/10\/2025\/12\/Fotos-Campamento-202512-1-150x150.jpg 150w, https:\/\/explora.cl\/nuble\/wp-content\/uploads\/sites\/10\/2025\/12\/Fotos-Campamento-202512-1-60x60.jpg 60w\" sizes=\"(max-width: 150px) 100vw, 150px\" \/><\/a> <a href=\"https:\/\/explora.cl\/nuble\/wp-content\/uploads\/sites\/10\/2025\/12\/Fotos-Campamento-202511-3-scaled.jpg\"><img loading=\"lazy\" decoding=\"async\" class=\"alignleft size-thumbnail wp-image-37982\" src=\"https:\/\/explora.cl\/nuble\/wp-content\/uploads\/sites\/10\/2025\/12\/Fotos-Campamento-202511-3-150x150.jpg\" alt=\"\" width=\"150\" height=\"150\" srcset=\"https:\/\/explora.cl\/nuble\/wp-content\/uploads\/sites\/10\/2025\/12\/Fotos-Campamento-202511-3-150x150.jpg 150w, https:\/\/explora.cl\/nuble\/wp-content\/uploads\/sites\/10\/2025\/12\/Fotos-Campamento-202511-3-60x60.jpg 60w\" sizes=\"(max-width: 150px) 100vw, 150px\" \/><\/a> <a href=\"https:\/\/explora.cl\/nuble\/wp-content\/uploads\/sites\/10\/2025\/12\/Fotos-Campamento-202510-1-scaled.jpg\"><img loading=\"lazy\" decoding=\"async\" class=\"alignleft size-thumbnail wp-image-37983\" src=\"https:\/\/explora.cl\/nuble\/wp-content\/uploads\/sites\/10\/2025\/12\/Fotos-Campamento-202510-1-150x150.jpg\" alt=\"\" width=\"150\" height=\"150\" srcset=\"https:\/\/explora.cl\/nuble\/wp-content\/uploads\/sites\/10\/2025\/12\/Fotos-Campamento-202510-1-150x150.jpg 150w, https:\/\/explora.cl\/nuble\/wp-content\/uploads\/sites\/10\/2025\/12\/Fotos-Campamento-202510-1-60x60.jpg 60w\" sizes=\"(max-width: 150px) 100vw, 150px\" \/><\/a> <a href=\"https:\/\/explora.cl\/nuble\/wp-content\/uploads\/sites\/10\/2025\/12\/Fotos-Campamento-20259-2-scaled.jpg\"><img loading=\"lazy\" decoding=\"async\" class=\"alignleft size-thumbnail wp-image-37984\" src=\"https:\/\/explora.cl\/nuble\/wp-content\/uploads\/sites\/10\/2025\/12\/Fotos-Campamento-20259-2-150x150.jpg\" alt=\"\" width=\"150\" height=\"150\" srcset=\"https:\/\/explora.cl\/nuble\/wp-content\/uploads\/sites\/10\/2025\/12\/Fotos-Campamento-20259-2-150x150.jpg 150w, https:\/\/explora.cl\/nuble\/wp-content\/uploads\/sites\/10\/2025\/12\/Fotos-Campamento-20259-2-60x60.jpg 60w\" sizes=\"(max-width: 150px) 100vw, 150px\" \/><\/a> <a href=\"https:\/\/explora.cl\/nuble\/wp-content\/uploads\/sites\/10\/2025\/12\/Fotos-Campamento-20258-3-scaled.jpg\"><img loading=\"lazy\" decoding=\"async\" class=\"alignleft size-thumbnail wp-image-37985\" src=\"https:\/\/explora.cl\/nuble\/wp-content\/uploads\/sites\/10\/2025\/12\/Fotos-Campamento-20258-3-150x150.jpg\" alt=\"\" width=\"150\" height=\"150\" srcset=\"https:\/\/explora.cl\/nuble\/wp-content\/uploads\/sites\/10\/2025\/12\/Fotos-Campamento-20258-3-150x150.jpg 150w, https:\/\/explora.cl\/nuble\/wp-content\/uploads\/sites\/10\/2025\/12\/Fotos-Campamento-20258-3-60x60.jpg 60w\" sizes=\"(max-width: 150px) 100vw, 150px\" \/><\/a> <a href=\"https:\/\/explora.cl\/nuble\/wp-content\/uploads\/sites\/10\/2025\/12\/Fotos-Campamento-20257-2-scaled.jpg\"><img loading=\"lazy\" decoding=\"async\" class=\"alignleft size-thumbnail wp-image-37986\" src=\"https:\/\/explora.cl\/nuble\/wp-content\/uploads\/sites\/10\/2025\/12\/Fotos-Campamento-20257-2-150x150.jpg\" alt=\"\" width=\"150\" height=\"150\" srcset=\"https:\/\/explora.cl\/nuble\/wp-content\/uploads\/sites\/10\/2025\/12\/Fotos-Campamento-20257-2-150x150.jpg 150w, https:\/\/explora.cl\/nuble\/wp-content\/uploads\/sites\/10\/2025\/12\/Fotos-Campamento-20257-2-60x60.jpg 60w\" sizes=\"(max-width: 150px) 100vw, 150px\" \/><\/a> <a href=\"https:\/\/explora.cl\/nuble\/wp-content\/uploads\/sites\/10\/2025\/12\/Fotos-Campamento-20256-2-scaled.jpg\"><img loading=\"lazy\" decoding=\"async\" class=\"alignleft size-thumbnail wp-image-37987\" src=\"https:\/\/explora.cl\/nuble\/wp-content\/uploads\/sites\/10\/2025\/12\/Fotos-Campamento-20256-2-150x150.jpg\" alt=\"\" width=\"150\" height=\"150\" srcset=\"https:\/\/explora.cl\/nuble\/wp-content\/uploads\/sites\/10\/2025\/12\/Fotos-Campamento-20256-2-150x150.jpg 150w, https:\/\/explora.cl\/nuble\/wp-content\/uploads\/sites\/10\/2025\/12\/Fotos-Campamento-20256-2-60x60.jpg 60w\" sizes=\"(max-width: 150px) 100vw, 150px\" \/><\/a><\/p>\n<p><a href=\"https:\/\/explora.cl\/nuble\/wp-content\/uploads\/sites\/10\/2025\/12\/Fotos-Campamento-20253-scaled.jpg\"><img loading=\"lazy\" decoding=\"async\" class=\"alignleft size-thumbnail wp-image-37953\" src=\"https:\/\/explora.cl\/nuble\/wp-content\/uploads\/sites\/10\/2025\/12\/Fotos-Campamento-20253-150x150.jpg\" alt=\"\" width=\"150\" height=\"150\" srcset=\"https:\/\/explora.cl\/nuble\/wp-content\/uploads\/sites\/10\/2025\/12\/Fotos-Campamento-20253-150x150.jpg 150w, https:\/\/explora.cl\/nuble\/wp-content\/uploads\/sites\/10\/2025\/12\/Fotos-Campamento-20253-60x60.jpg 60w\" sizes=\"(max-width: 150px) 100vw, 150px\" \/><\/a> <a href=\"https:\/\/explora.cl\/nuble\/wp-content\/uploads\/sites\/10\/2025\/12\/Fotos-Campamento-20258-scaled.jpg\"><img loading=\"lazy\" decoding=\"async\" class=\"alignleft size-thumbnail wp-image-37954\" src=\"https:\/\/explora.cl\/nuble\/wp-content\/uploads\/sites\/10\/2025\/12\/Fotos-Campamento-20258-150x150.jpg\" alt=\"\" width=\"150\" height=\"150\" srcset=\"https:\/\/explora.cl\/nuble\/wp-content\/uploads\/sites\/10\/2025\/12\/Fotos-Campamento-20258-150x150.jpg 150w, https:\/\/explora.cl\/nuble\/wp-content\/uploads\/sites\/10\/2025\/12\/Fotos-Campamento-20258-60x60.jpg 60w\" sizes=\"(max-width: 150px) 100vw, 150px\" \/><\/a> <a href=\"https:\/\/explora.cl\/nuble\/wp-content\/uploads\/sites\/10\/2025\/12\/Fotos-Campamento-20259-scaled.jpg\"><img loading=\"lazy\" decoding=\"async\" class=\"alignleft size-thumbnail wp-image-37955\" src=\"https:\/\/explora.cl\/nuble\/wp-content\/uploads\/sites\/10\/2025\/12\/Fotos-Campamento-20259-150x150.jpg\" alt=\"\" width=\"150\" height=\"150\" srcset=\"https:\/\/explora.cl\/nuble\/wp-content\/uploads\/sites\/10\/2025\/12\/Fotos-Campamento-20259-150x150.jpg 150w, https:\/\/explora.cl\/nuble\/wp-content\/uploads\/sites\/10\/2025\/12\/Fotos-Campamento-20259-60x60.jpg 60w\" sizes=\"(max-width: 150px) 100vw, 150px\" \/><\/a> <a href=\"https:\/\/explora.cl\/nuble\/wp-content\/uploads\/sites\/10\/2025\/12\/Fotos-Campamento-202511-scaled.jpg\"><img loading=\"lazy\" decoding=\"async\" class=\"alignleft size-thumbnail wp-image-37956\" src=\"https:\/\/explora.cl\/nuble\/wp-content\/uploads\/sites\/10\/2025\/12\/Fotos-Campamento-202511-150x150.jpg\" alt=\"\" width=\"150\" height=\"150\" srcset=\"https:\/\/explora.cl\/nuble\/wp-content\/uploads\/sites\/10\/2025\/12\/Fotos-Campamento-202511-150x150.jpg 150w, https:\/\/explora.cl\/nuble\/wp-content\/uploads\/sites\/10\/2025\/12\/Fotos-Campamento-202511-60x60.jpg 60w\" sizes=\"(max-width: 150px) 100vw, 150px\" \/><\/a> <a href=\"https:\/\/explora.cl\/nuble\/wp-content\/uploads\/sites\/10\/2025\/12\/Fotos-Campamento-202512-scaled.jpg\"><img loading=\"lazy\" decoding=\"async\" class=\"alignleft size-thumbnail wp-image-37957\" src=\"https:\/\/explora.cl\/nuble\/wp-content\/uploads\/sites\/10\/2025\/12\/Fotos-Campamento-202512-150x150.jpg\" alt=\"\" width=\"150\" height=\"150\" srcset=\"https:\/\/explora.cl\/nuble\/wp-content\/uploads\/sites\/10\/2025\/12\/Fotos-Campamento-202512-150x150.jpg 150w, https:\/\/explora.cl\/nuble\/wp-content\/uploads\/sites\/10\/2025\/12\/Fotos-Campamento-202512-60x60.jpg 60w\" sizes=\"(max-width: 150px) 100vw, 150px\" \/><\/a> <a href=\"https:\/\/explora.cl\/nuble\/wp-content\/uploads\/sites\/10\/2025\/12\/Fotos-Campamento-202513-scaled.jpg\"><img loading=\"lazy\" decoding=\"async\" class=\"alignleft size-thumbnail wp-image-37958\" src=\"https:\/\/explora.cl\/nuble\/wp-content\/uploads\/sites\/10\/2025\/12\/Fotos-Campamento-202513-150x150.jpg\" alt=\"\" width=\"150\" height=\"150\" srcset=\"https:\/\/explora.cl\/nuble\/wp-content\/uploads\/sites\/10\/2025\/12\/Fotos-Campamento-202513-150x150.jpg 150w, https:\/\/explora.cl\/nuble\/wp-content\/uploads\/sites\/10\/2025\/12\/Fotos-Campamento-202513-60x60.jpg 60w\" sizes=\"(max-width: 150px) 100vw, 150px\" \/><\/a> <a href=\"https:\/\/explora.cl\/nuble\/wp-content\/uploads\/sites\/10\/2025\/12\/Fotos-Campamento-202516-scaled.jpg\"><img loading=\"lazy\" decoding=\"async\" class=\"alignleft size-thumbnail wp-image-37959\" src=\"https:\/\/explora.cl\/nuble\/wp-content\/uploads\/sites\/10\/2025\/12\/Fotos-Campamento-202516-150x150.jpg\" alt=\"\" width=\"150\" height=\"150\" srcset=\"https:\/\/explora.cl\/nuble\/wp-content\/uploads\/sites\/10\/2025\/12\/Fotos-Campamento-202516-150x150.jpg 150w, https:\/\/explora.cl\/nuble\/wp-content\/uploads\/sites\/10\/2025\/12\/Fotos-Campamento-202516-60x60.jpg 60w\" sizes=\"(max-width: 150px) 100vw, 150px\" \/><\/a> <a href=\"https:\/\/explora.cl\/nuble\/wp-content\/uploads\/sites\/10\/2025\/12\/Fotos-Campamento-202514-scaled.jpg\"><img loading=\"lazy\" decoding=\"async\" class=\"alignleft size-thumbnail wp-image-37960\" src=\"https:\/\/explora.cl\/nuble\/wp-content\/uploads\/sites\/10\/2025\/12\/Fotos-Campamento-202514-150x150.jpg\" alt=\"\" width=\"150\" height=\"150\" srcset=\"https:\/\/explora.cl\/nuble\/wp-content\/uploads\/sites\/10\/2025\/12\/Fotos-Campamento-202514-150x150.jpg 150w, https:\/\/explora.cl\/nuble\/wp-content\/uploads\/sites\/10\/2025\/12\/Fotos-Campamento-202514-60x60.jpg 60w\" sizes=\"(max-width: 150px) 100vw, 150px\" \/><\/a><\/p>\n","protected":false},"excerpt":{"rendered":"<p>El programa formativo reuni\u00f3 a docentes de distintas comunas de \u00d1uble en una instancia que impuls\u00f3 nuevas tendencias de ense\u00f1ar ciencia desde el territorio. La jornada permiti\u00f3 articular colaboraciones, actualizar pr\u00e1cticas pedag\u00f3gicas y proyectar investigaciones escolares con sentido local. Cinco d\u00edas de capacitaci\u00f3n, en formato inmersivo y rodeados de la naturaleza de Quill\u00f3n, vivieron 40 [&hellip;]<\/p>\n","protected":false},"author":25,"featured_media":37949,"comment_status":"open","ping_status":"open","sticky":false,"template":"","format":"standard","meta":{"_acf_changed":false,"_exactmetrics_skip_tracking":false,"_exactmetrics_sitenote_active":false,"_exactmetrics_sitenote_note":"","_exactmetrics_sitenote_category":0,"footnotes":"","_links_to":"","_links_to_target":""},"categories":[4,1],"tags":[],"class_list":["post-37947","post","type-post","status-publish","format-standard","has-post-thumbnail","hentry","category-noticias","category-sin-categoria"],"acf":[],"yoast_head":"<!-- This site is optimized with the Yoast SEO plugin v26.9 - https:\/\/yoast.com\/product\/yoast-seo-wordpress\/ -->\n<title>Campamento Explora Va! se consolida en la formaci\u00f3n docente en competencias cient\u00edficas y el trabajo colaborativo en \u00d1uble - \u00d1uble<\/title>\n<meta name=\"robots\" content=\"index, follow, max-snippet:-1, max-image-preview:large, max-video-preview:-1\" \/>\n<link rel=\"canonical\" href=\"https:\/\/explora.cl\/nuble\/campamento-explora-va-se-consolida-en-la-formacion-docente-en-competencias-cientificas-y-el-trabajo-colaborativo-en-nuble\/\" class=\"yoast-seo-meta-tag\" \/>\n<meta property=\"og:locale\" content=\"es_ES\" class=\"yoast-seo-meta-tag\" \/>\n<meta property=\"og:type\" content=\"article\" class=\"yoast-seo-meta-tag\" \/>\n<meta property=\"og:title\" content=\"Campamento Explora Va! se consolida en la formaci\u00f3n docente en competencias cient\u00edficas y el trabajo colaborativo en \u00d1uble - \u00d1uble\" class=\"yoast-seo-meta-tag\" \/>\n<meta property=\"og:description\" content=\"El programa formativo reuni\u00f3 a docentes de distintas comunas de \u00d1uble en una instancia que impuls\u00f3 nuevas tendencias de ense\u00f1ar ciencia desde el territorio. La jornada permiti\u00f3 articular colaboraciones, actualizar pr\u00e1cticas pedag\u00f3gicas y proyectar investigaciones escolares con sentido local. Cinco d\u00edas de capacitaci\u00f3n, en formato inmersivo y rodeados de la naturaleza de Quill\u00f3n, vivieron 40 [&hellip;]\" class=\"yoast-seo-meta-tag\" \/>\n<meta property=\"og:url\" content=\"https:\/\/explora.cl\/nuble\/campamento-explora-va-se-consolida-en-la-formacion-docente-en-competencias-cientificas-y-el-trabajo-colaborativo-en-nuble\/\" class=\"yoast-seo-meta-tag\" \/>\n<meta property=\"og:site_name\" content=\"\u00d1uble\" class=\"yoast-seo-meta-tag\" \/>\n<meta property=\"article:published_time\" content=\"2025-12-11T18:04:52+00:00\" class=\"yoast-seo-meta-tag\" \/>\n<meta property=\"article:modified_time\" content=\"2025-12-12T18:17:54+00:00\" class=\"yoast-seo-meta-tag\" \/>\n<meta property=\"og:image\" content=\"https:\/\/explora.cl\/nuble\/wp-content\/uploads\/sites\/10\/2025\/12\/3-scaled.jpg\" class=\"yoast-seo-meta-tag\" \/>\n\t<meta property=\"og:image:width\" content=\"2560\" class=\"yoast-seo-meta-tag\" \/>\n\t<meta property=\"og:image:height\" content=\"1862\" class=\"yoast-seo-meta-tag\" \/>\n\t<meta property=\"og:image:type\" content=\"image\/jpeg\" class=\"yoast-seo-meta-tag\" \/>\n<meta name=\"author\" content=\"cbeltran\" class=\"yoast-seo-meta-tag\" \/>\n<meta name=\"twitter:card\" content=\"summary_large_image\" class=\"yoast-seo-meta-tag\" \/>\n<meta name=\"twitter:label1\" content=\"Escrito por\" class=\"yoast-seo-meta-tag\" \/>\n\t<meta name=\"twitter:data1\" content=\"cbeltran\" class=\"yoast-seo-meta-tag\" \/>\n\t<meta name=\"twitter:label2\" content=\"Tiempo estimado de lectura\" class=\"yoast-seo-meta-tag\" \/>\n\t<meta name=\"twitter:data2\" content=\"4 minutos\" class=\"yoast-seo-meta-tag\" \/>\n<script type=\"application\/ld+json\" class=\"yoast-schema-graph\">{\"@context\":\"https:\/\/schema.org\",\"@graph\":[{\"@type\":\"Article\",\"@id\":\"https:\/\/explora.cl\/nuble\/campamento-explora-va-se-consolida-en-la-formacion-docente-en-competencias-cientificas-y-el-trabajo-colaborativo-en-nuble\/#article\",\"isPartOf\":{\"@id\":\"https:\/\/explora.cl\/nuble\/campamento-explora-va-se-consolida-en-la-formacion-docente-en-competencias-cientificas-y-el-trabajo-colaborativo-en-nuble\/\"},\"author\":{\"name\":\"cbeltran\",\"@id\":\"https:\/\/explora.cl\/nuble\/#\/schema\/person\/f611679f39b55ae7cdea76bc915b056e\"},\"headline\":\"Campamento Explora Va! se consolida en la formaci\u00f3n docente en competencias cient\u00edficas y el trabajo colaborativo en \u00d1uble\",\"datePublished\":\"2025-12-11T18:04:52+00:00\",\"dateModified\":\"2025-12-12T18:17:54+00:00\",\"mainEntityOfPage\":{\"@id\":\"https:\/\/explora.cl\/nuble\/campamento-explora-va-se-consolida-en-la-formacion-docente-en-competencias-cientificas-y-el-trabajo-colaborativo-en-nuble\/\"},\"wordCount\":760,\"commentCount\":0,\"image\":{\"@id\":\"https:\/\/explora.cl\/nuble\/campamento-explora-va-se-consolida-en-la-formacion-docente-en-competencias-cientificas-y-el-trabajo-colaborativo-en-nuble\/#primaryimage\"},\"thumbnailUrl\":\"https:\/\/explora.cl\/nuble\/wp-content\/uploads\/sites\/10\/2025\/12\/3-scaled.jpg\",\"articleSection\":[\"Noticias\"],\"inLanguage\":\"es-CL\",\"potentialAction\":[{\"@type\":\"CommentAction\",\"name\":\"Comment\",\"target\":[\"https:\/\/explora.cl\/nuble\/campamento-explora-va-se-consolida-en-la-formacion-docente-en-competencias-cientificas-y-el-trabajo-colaborativo-en-nuble\/#respond\"]}]},{\"@type\":\"WebPage\",\"@id\":\"https:\/\/explora.cl\/nuble\/campamento-explora-va-se-consolida-en-la-formacion-docente-en-competencias-cientificas-y-el-trabajo-colaborativo-en-nuble\/\",\"url\":\"https:\/\/explora.cl\/nuble\/campamento-explora-va-se-consolida-en-la-formacion-docente-en-competencias-cientificas-y-el-trabajo-colaborativo-en-nuble\/\",\"name\":\"Campamento Explora Va! se consolida en la formaci\u00f3n docente en competencias cient\u00edficas y el trabajo colaborativo en \u00d1uble - \u00d1uble\",\"isPartOf\":{\"@id\":\"https:\/\/explora.cl\/nuble\/#website\"},\"primaryImageOfPage\":{\"@id\":\"https:\/\/explora.cl\/nuble\/campamento-explora-va-se-consolida-en-la-formacion-docente-en-competencias-cientificas-y-el-trabajo-colaborativo-en-nuble\/#primaryimage\"},\"image\":{\"@id\":\"https:\/\/explora.cl\/nuble\/campamento-explora-va-se-consolida-en-la-formacion-docente-en-competencias-cientificas-y-el-trabajo-colaborativo-en-nuble\/#primaryimage\"},\"thumbnailUrl\":\"https:\/\/explora.cl\/nuble\/wp-content\/uploads\/sites\/10\/2025\/12\/3-scaled.jpg\",\"datePublished\":\"2025-12-11T18:04:52+00:00\",\"dateModified\":\"2025-12-12T18:17:54+00:00\",\"author\":{\"@id\":\"https:\/\/explora.cl\/nuble\/#\/schema\/person\/f611679f39b55ae7cdea76bc915b056e\"},\"breadcrumb\":{\"@id\":\"https:\/\/explora.cl\/nuble\/campamento-explora-va-se-consolida-en-la-formacion-docente-en-competencias-cientificas-y-el-trabajo-colaborativo-en-nuble\/#breadcrumb\"},\"inLanguage\":\"es-CL\",\"potentialAction\":[{\"@type\":\"ReadAction\",\"target\":[\"https:\/\/explora.cl\/nuble\/campamento-explora-va-se-consolida-en-la-formacion-docente-en-competencias-cientificas-y-el-trabajo-colaborativo-en-nuble\/\"]}]},{\"@type\":\"ImageObject\",\"inLanguage\":\"es-CL\",\"@id\":\"https:\/\/explora.cl\/nuble\/campamento-explora-va-se-consolida-en-la-formacion-docente-en-competencias-cientificas-y-el-trabajo-colaborativo-en-nuble\/#primaryimage\",\"url\":\"https:\/\/explora.cl\/nuble\/wp-content\/uploads\/sites\/10\/2025\/12\/3-scaled.jpg\",\"contentUrl\":\"https:\/\/explora.cl\/nuble\/wp-content\/uploads\/sites\/10\/2025\/12\/3-scaled.jpg\",\"width\":2560,\"height\":1862},{\"@type\":\"BreadcrumbList\",\"@id\":\"https:\/\/explora.cl\/nuble\/campamento-explora-va-se-consolida-en-la-formacion-docente-en-competencias-cientificas-y-el-trabajo-colaborativo-en-nuble\/#breadcrumb\",\"itemListElement\":[{\"@type\":\"ListItem\",\"position\":1,\"name\":\"Portada\",\"item\":\"https:\/\/explora.cl\/nuble\/\"},{\"@type\":\"ListItem\",\"position\":2,\"name\":\"Campamento Explora Va! se consolida en la formaci\u00f3n docente en competencias cient\u00edficas y el trabajo colaborativo en \u00d1uble\"}]},{\"@type\":\"WebSite\",\"@id\":\"https:\/\/explora.cl\/nuble\/#website\",\"url\":\"https:\/\/explora.cl\/nuble\/\",\"name\":\"\u00d1uble\",\"description\":\"Otro sitio m\u00e1s de explora.cl\",\"potentialAction\":[{\"@type\":\"SearchAction\",\"target\":{\"@type\":\"EntryPoint\",\"urlTemplate\":\"https:\/\/explora.cl\/nuble\/?s={search_term_string}\"},\"query-input\":{\"@type\":\"PropertyValueSpecification\",\"valueRequired\":true,\"valueName\":\"search_term_string\"}}],\"inLanguage\":\"es-CL\"},{\"@type\":\"Person\",\"@id\":\"https:\/\/explora.cl\/nuble\/#\/schema\/person\/f611679f39b55ae7cdea76bc915b056e\",\"name\":\"cbeltran\",\"image\":{\"@type\":\"ImageObject\",\"inLanguage\":\"es-CL\",\"@id\":\"https:\/\/explora.cl\/nuble\/#\/schema\/person\/image\/\",\"url\":\"https:\/\/secure.gravatar.com\/avatar\/fde624b0b0faed85e420465a1cdb73a02c199b16b1d2d6bfe0a82b9ba438afbd?s=96&d=mm&r=g\",\"contentUrl\":\"https:\/\/secure.gravatar.com\/avatar\/fde624b0b0faed85e420465a1cdb73a02c199b16b1d2d6bfe0a82b9ba438afbd?s=96&d=mm&r=g\",\"caption\":\"cbeltran\"},\"url\":\"https:\/\/explora.cl\/nuble\/author\/cbeltran\/\"}]}<\/script>\n<!-- \/ Yoast SEO plugin. -->","yoast_head_json":{"title":"Campamento Explora Va! se consolida en la formaci\u00f3n docente en competencias cient\u00edficas y el trabajo colaborativo en \u00d1uble - \u00d1uble","robots":{"index":"index","follow":"follow","max-snippet":"max-snippet:-1","max-image-preview":"max-image-preview:large","max-video-preview":"max-video-preview:-1"},"canonical":"https:\/\/explora.cl\/nuble\/campamento-explora-va-se-consolida-en-la-formacion-docente-en-competencias-cientificas-y-el-trabajo-colaborativo-en-nuble\/","og_locale":"es_ES","og_type":"article","og_title":"Campamento Explora Va! se consolida en la formaci\u00f3n docente en competencias cient\u00edficas y el trabajo colaborativo en \u00d1uble - \u00d1uble","og_description":"El programa formativo reuni\u00f3 a docentes de distintas comunas de \u00d1uble en una instancia que impuls\u00f3 nuevas tendencias de ense\u00f1ar ciencia desde el territorio. La jornada permiti\u00f3 articular colaboraciones, actualizar pr\u00e1cticas pedag\u00f3gicas y proyectar investigaciones escolares con sentido local. Cinco d\u00edas de capacitaci\u00f3n, en formato inmersivo y rodeados de la naturaleza de Quill\u00f3n, vivieron 40 [&hellip;]","og_url":"https:\/\/explora.cl\/nuble\/campamento-explora-va-se-consolida-en-la-formacion-docente-en-competencias-cientificas-y-el-trabajo-colaborativo-en-nuble\/","og_site_name":"\u00d1uble","article_published_time":"2025-12-11T18:04:52+00:00","article_modified_time":"2025-12-12T18:17:54+00:00","og_image":[{"width":2560,"height":1862,"url":"https:\/\/explora.cl\/nuble\/wp-content\/uploads\/sites\/10\/2025\/12\/3-scaled.jpg","type":"image\/jpeg"}],"author":"cbeltran","twitter_card":"summary_large_image","twitter_misc":{"Escrito por":"cbeltran","Tiempo estimado de lectura":"4 minutos"},"schema":{"@context":"https:\/\/schema.org","@graph":[{"@type":"Article","@id":"https:\/\/explora.cl\/nuble\/campamento-explora-va-se-consolida-en-la-formacion-docente-en-competencias-cientificas-y-el-trabajo-colaborativo-en-nuble\/#article","isPartOf":{"@id":"https:\/\/explora.cl\/nuble\/campamento-explora-va-se-consolida-en-la-formacion-docente-en-competencias-cientificas-y-el-trabajo-colaborativo-en-nuble\/"},"author":{"name":"cbeltran","@id":"https:\/\/explora.cl\/nuble\/#\/schema\/person\/f611679f39b55ae7cdea76bc915b056e"},"headline":"Campamento Explora Va! se consolida en la formaci\u00f3n docente en competencias cient\u00edficas y el trabajo colaborativo en \u00d1uble","datePublished":"2025-12-11T18:04:52+00:00","dateModified":"2025-12-12T18:17:54+00:00","mainEntityOfPage":{"@id":"https:\/\/explora.cl\/nuble\/campamento-explora-va-se-consolida-en-la-formacion-docente-en-competencias-cientificas-y-el-trabajo-colaborativo-en-nuble\/"},"wordCount":760,"commentCount":0,"image":{"@id":"https:\/\/explora.cl\/nuble\/campamento-explora-va-se-consolida-en-la-formacion-docente-en-competencias-cientificas-y-el-trabajo-colaborativo-en-nuble\/#primaryimage"},"thumbnailUrl":"https:\/\/explora.cl\/nuble\/wp-content\/uploads\/sites\/10\/2025\/12\/3-scaled.jpg","articleSection":["Noticias"],"inLanguage":"es-CL","potentialAction":[{"@type":"CommentAction","name":"Comment","target":["https:\/\/explora.cl\/nuble\/campamento-explora-va-se-consolida-en-la-formacion-docente-en-competencias-cientificas-y-el-trabajo-colaborativo-en-nuble\/#respond"]}]},{"@type":"WebPage","@id":"https:\/\/explora.cl\/nuble\/campamento-explora-va-se-consolida-en-la-formacion-docente-en-competencias-cientificas-y-el-trabajo-colaborativo-en-nuble\/","url":"https:\/\/explora.cl\/nuble\/campamento-explora-va-se-consolida-en-la-formacion-docente-en-competencias-cientificas-y-el-trabajo-colaborativo-en-nuble\/","name":"Campamento Explora Va! se consolida en la formaci\u00f3n docente en competencias cient\u00edficas y el trabajo colaborativo en \u00d1uble - \u00d1uble","isPartOf":{"@id":"https:\/\/explora.cl\/nuble\/#website"},"primaryImageOfPage":{"@id":"https:\/\/explora.cl\/nuble\/campamento-explora-va-se-consolida-en-la-formacion-docente-en-competencias-cientificas-y-el-trabajo-colaborativo-en-nuble\/#primaryimage"},"image":{"@id":"https:\/\/explora.cl\/nuble\/campamento-explora-va-se-consolida-en-la-formacion-docente-en-competencias-cientificas-y-el-trabajo-colaborativo-en-nuble\/#primaryimage"},"thumbnailUrl":"https:\/\/explora.cl\/nuble\/wp-content\/uploads\/sites\/10\/2025\/12\/3-scaled.jpg","datePublished":"2025-12-11T18:04:52+00:00","dateModified":"2025-12-12T18:17:54+00:00","author":{"@id":"https:\/\/explora.cl\/nuble\/#\/schema\/person\/f611679f39b55ae7cdea76bc915b056e"},"breadcrumb":{"@id":"https:\/\/explora.cl\/nuble\/campamento-explora-va-se-consolida-en-la-formacion-docente-en-competencias-cientificas-y-el-trabajo-colaborativo-en-nuble\/#breadcrumb"},"inLanguage":"es-CL","potentialAction":[{"@type":"ReadAction","target":["https:\/\/explora.cl\/nuble\/campamento-explora-va-se-consolida-en-la-formacion-docente-en-competencias-cientificas-y-el-trabajo-colaborativo-en-nuble\/"]}]},{"@type":"ImageObject","inLanguage":"es-CL","@id":"https:\/\/explora.cl\/nuble\/campamento-explora-va-se-consolida-en-la-formacion-docente-en-competencias-cientificas-y-el-trabajo-colaborativo-en-nuble\/#primaryimage","url":"https:\/\/explora.cl\/nuble\/wp-content\/uploads\/sites\/10\/2025\/12\/3-scaled.jpg","contentUrl":"https:\/\/explora.cl\/nuble\/wp-content\/uploads\/sites\/10\/2025\/12\/3-scaled.jpg","width":2560,"height":1862},{"@type":"BreadcrumbList","@id":"https:\/\/explora.cl\/nuble\/campamento-explora-va-se-consolida-en-la-formacion-docente-en-competencias-cientificas-y-el-trabajo-colaborativo-en-nuble\/#breadcrumb","itemListElement":[{"@type":"ListItem","position":1,"name":"Portada","item":"https:\/\/explora.cl\/nuble\/"},{"@type":"ListItem","position":2,"name":"Campamento Explora Va! se consolida en la formaci\u00f3n docente en competencias cient\u00edficas y el trabajo colaborativo en \u00d1uble"}]},{"@type":"WebSite","@id":"https:\/\/explora.cl\/nuble\/#website","url":"https:\/\/explora.cl\/nuble\/","name":"\u00d1uble","description":"Otro sitio m\u00e1s de explora.cl","potentialAction":[{"@type":"SearchAction","target":{"@type":"EntryPoint","urlTemplate":"https:\/\/explora.cl\/nuble\/?s={search_term_string}"},"query-input":{"@type":"PropertyValueSpecification","valueRequired":true,"valueName":"search_term_string"}}],"inLanguage":"es-CL"},{"@type":"Person","@id":"https:\/\/explora.cl\/nuble\/#\/schema\/person\/f611679f39b55ae7cdea76bc915b056e","name":"cbeltran","image":{"@type":"ImageObject","inLanguage":"es-CL","@id":"https:\/\/explora.cl\/nuble\/#\/schema\/person\/image\/","url":"https:\/\/secure.gravatar.com\/avatar\/fde624b0b0faed85e420465a1cdb73a02c199b16b1d2d6bfe0a82b9ba438afbd?s=96&d=mm&r=g","contentUrl":"https:\/\/secure.gravatar.com\/avatar\/fde624b0b0faed85e420465a1cdb73a02c199b16b1d2d6bfe0a82b9ba438afbd?s=96&d=mm&r=g","caption":"cbeltran"},"url":"https:\/\/explora.cl\/nuble\/author\/cbeltran\/"}]}},"_links":{"self":[{"href":"https:\/\/explora.cl\/nuble\/wp-json\/wp\/v2\/posts\/37947","targetHints":{"allow":["GET"]}}],"collection":[{"href":"https:\/\/explora.cl\/nuble\/wp-json\/wp\/v2\/posts"}],"about":[{"href":"https:\/\/explora.cl\/nuble\/wp-json\/wp\/v2\/types\/post"}],"author":[{"embeddable":true,"href":"https:\/\/explora.cl\/nuble\/wp-json\/wp\/v2\/users\/25"}],"replies":[{"embeddable":true,"href":"https:\/\/explora.cl\/nuble\/wp-json\/wp\/v2\/comments?post=37947"}],"version-history":[{"count":3,"href":"https:\/\/explora.cl\/nuble\/wp-json\/wp\/v2\/posts\/37947\/revisions"}],"predecessor-version":[{"id":37988,"href":"https:\/\/explora.cl\/nuble\/wp-json\/wp\/v2\/posts\/37947\/revisions\/37988"}],"wp:featuredmedia":[{"embeddable":true,"href":"https:\/\/explora.cl\/nuble\/wp-json\/wp\/v2\/media\/37949"}],"wp:attachment":[{"href":"https:\/\/explora.cl\/nuble\/wp-json\/wp\/v2\/media?parent=37947"}],"wp:term":[{"taxonomy":"category","embeddable":true,"href":"https:\/\/explora.cl\/nuble\/wp-json\/wp\/v2\/categories?post=37947"},{"taxonomy":"post_tag","embeddable":true,"href":"https:\/\/explora.cl\/nuble\/wp-json\/wp\/v2\/tags?post=37947"}],"curies":[{"name":"wp","href":"https:\/\/api.w.org\/{rel}","templated":true}]}}