{"id":37896,"date":"2025-10-29T16:08:01","date_gmt":"2025-10-29T19:08:01","guid":{"rendered":"https:\/\/explora.cl\/nuble\/?p=37896"},"modified":"2025-11-10T16:03:37","modified_gmt":"2025-11-10T19:03:37","slug":"estudiantes-de-nuble-fortalecen-sus-habilidades-comunicacionales-en-jornadas-de-cierre-del-programa-iie","status":"publish","type":"post","link":"https:\/\/explora.cl\/nuble\/estudiantes-de-nuble-fortalecen-sus-habilidades-comunicacionales-en-jornadas-de-cierre-del-programa-iie\/","title":{"rendered":"Estudiantes de \u00d1uble fortalecen sus habilidades comunicacionales en jornadas de cierre del programa IIE"},"content":{"rendered":"<p data-start=\"268\" data-end=\"554\">Con una serie de talleres realizados entre el <strong data-start=\"314\" data-end=\"339\">21 y el 23 de octubre<\/strong>, el <strong data-start=\"344\" data-end=\"394\">Proyecto Asociativo Regional PAR Explora \u00d1uble<\/strong> culmin\u00f3 la etapa 2025 de la iniciativa <strong data-start=\"434\" data-end=\"478\">Investigaci\u00f3n e Innovaci\u00f3n Escolar (IIE)<\/strong>, con actividades dirigidas a estudiantes de distintos niveles educativos.<\/p>\n<p data-start=\"556\" data-end=\"880\">La primera jornada se desarroll\u00f3 el martes<strong data-start=\"592\" data-end=\"615\">\u00a021 de octubre<\/strong> en el <strong data-start=\"622\" data-end=\"681\">Centro de Extensi\u00f3n Cultural Alfonso Lagos (CECAL UdeC)<\/strong>, donde <strong data-start=\"689\" data-end=\"729\">ni\u00f1as y ni\u00f1os de primer ciclo b\u00e1sico<\/strong> participaron en din\u00e1micas dise\u00f1adas para acercarles, de manera l\u00fadica y participativa, a la comunicaci\u00f3n de sus ideas y descubrimientos cient\u00edficos. La relatora de esta actividad fue la periodista y actriz Catarina V\u00e1squez Latorre.<\/p>\n<p data-start=\"882\" data-end=\"1119\">El <strong data-start=\"885\" data-end=\"898\">mi\u00e9rcoles 22<\/strong> fue el turno de <strong data-start=\"915\" data-end=\"954\">estudiantes de segundo ciclo b\u00e1sico<\/strong>, quienes trabajaron en torno al desarrollo de estrategias para exponer sus proyectos de investigaci\u00f3n e innovaci\u00f3n con claridad, confianza y sentido colaborativo.<\/p>\n<p data-start=\"1121\" data-end=\"1431\">Finalmente, el <strong>jueves 23 de octubre<\/strong>, el <strong data-start=\"1168\" data-end=\"1203\">Liceo Bicentenario Marta Brunet<\/strong> acogi\u00f3 la jornada dirigida a <strong data-start=\"1233\" data-end=\"1252\">ense\u00f1anza media<\/strong>, donde los equipos escolares profundizaron en t\u00e9cnicas de presentaci\u00f3n y argumentaci\u00f3n. En ambos d\u00edas el profesional a cargo de los talleres fue John Inostroza Vald\u00e9s, especialista en competencias y habilidades Explora, docente de la Universidad de Santiago y Universidad de las Am\u00e9ricas.<\/p>\n<p data-start=\"1433\" data-end=\"1617\">Estas instancias marcaron el cierre de un proceso que, a lo largo del a\u00f1o, ha promovido el aprendizaje activo y el desarrollo de competencias cient\u00edficas en estudiantes de la regi\u00f3n.<\/p>\n<p data-start=\"1619\" data-end=\"1941\">El <strong data-start=\"1622\" data-end=\"1643\">PAR Explora \u00d1uble<\/strong>, ejecutado por la <strong data-start=\"1662\" data-end=\"1707\">Universidad de Concepci\u00f3n, Campus Chill\u00e1n<\/strong>, agradece la colaboraci\u00f3n de las instituciones que acogieron las jornadas y reafirma su compromiso con el fortalecimiento de la educaci\u00f3n cient\u00edfica.<\/p>\n<p data-start=\"1619\" data-end=\"1941\">Galer\u00eda de im\u00e1genes:<\/p>\n<p data-start=\"1619\" data-end=\"1941\"><a href=\"https:\/\/explora.cl\/nuble\/wp-content\/uploads\/sites\/10\/2025\/10\/3-scaled.jpg\"><img decoding=\"async\" class=\"alignleft size-thumbnail wp-image-37898\" src=\"https:\/\/explora.cl\/nuble\/wp-content\/uploads\/sites\/10\/2025\/10\/3-150x150.jpg\" alt=\"\" width=\"150\" height=\"150\" srcset=\"https:\/\/explora.cl\/nuble\/wp-content\/uploads\/sites\/10\/2025\/10\/3-150x150.jpg 150w, https:\/\/explora.cl\/nuble\/wp-content\/uploads\/sites\/10\/2025\/10\/3-60x60.jpg 60w\" sizes=\"(max-width: 150px) 100vw, 150px\" \/><\/a> <a href=\"https:\/\/explora.cl\/nuble\/wp-content\/uploads\/sites\/10\/2025\/10\/8-scaled.jpg\"><img decoding=\"async\" class=\"alignleft size-thumbnail wp-image-37899\" src=\"https:\/\/explora.cl\/nuble\/wp-content\/uploads\/sites\/10\/2025\/10\/8-150x150.jpg\" alt=\"\" width=\"150\" height=\"150\" srcset=\"https:\/\/explora.cl\/nuble\/wp-content\/uploads\/sites\/10\/2025\/10\/8-150x150.jpg 150w, https:\/\/explora.cl\/nuble\/wp-content\/uploads\/sites\/10\/2025\/10\/8-60x60.jpg 60w\" sizes=\"(max-width: 150px) 100vw, 150px\" \/><\/a> <a href=\"https:\/\/explora.cl\/nuble\/wp-content\/uploads\/sites\/10\/2025\/10\/7-scaled.jpg\"><img decoding=\"async\" class=\"alignleft size-thumbnail wp-image-37900\" src=\"https:\/\/explora.cl\/nuble\/wp-content\/uploads\/sites\/10\/2025\/10\/7-150x150.jpg\" alt=\"\" width=\"150\" height=\"150\" srcset=\"https:\/\/explora.cl\/nuble\/wp-content\/uploads\/sites\/10\/2025\/10\/7-150x150.jpg 150w, https:\/\/explora.cl\/nuble\/wp-content\/uploads\/sites\/10\/2025\/10\/7-60x60.jpg 60w\" sizes=\"(max-width: 150px) 100vw, 150px\" \/><\/a> <a href=\"https:\/\/explora.cl\/nuble\/wp-content\/uploads\/sites\/10\/2025\/10\/5-scaled.jpg\"><img loading=\"lazy\" decoding=\"async\" class=\"alignleft size-thumbnail wp-image-37901\" src=\"https:\/\/explora.cl\/nuble\/wp-content\/uploads\/sites\/10\/2025\/10\/5-150x150.jpg\" alt=\"\" width=\"150\" height=\"150\" srcset=\"https:\/\/explora.cl\/nuble\/wp-content\/uploads\/sites\/10\/2025\/10\/5-150x150.jpg 150w, https:\/\/explora.cl\/nuble\/wp-content\/uploads\/sites\/10\/2025\/10\/5-60x60.jpg 60w\" sizes=\"(max-width: 150px) 100vw, 150px\" \/><\/a> <a href=\"https:\/\/explora.cl\/nuble\/wp-content\/uploads\/sites\/10\/2025\/10\/6-scaled.jpg\"><img loading=\"lazy\" decoding=\"async\" class=\"alignleft size-thumbnail wp-image-37902\" src=\"https:\/\/explora.cl\/nuble\/wp-content\/uploads\/sites\/10\/2025\/10\/6-150x150.jpg\" alt=\"\" width=\"150\" height=\"150\" srcset=\"https:\/\/explora.cl\/nuble\/wp-content\/uploads\/sites\/10\/2025\/10\/6-150x150.jpg 150w, https:\/\/explora.cl\/nuble\/wp-content\/uploads\/sites\/10\/2025\/10\/6-60x60.jpg 60w\" sizes=\"(max-width: 150px) 100vw, 150px\" \/><\/a> <a href=\"https:\/\/explora.cl\/nuble\/wp-content\/uploads\/sites\/10\/2025\/10\/4-1-scaled.jpg\"><img loading=\"lazy\" decoding=\"async\" class=\"alignleft size-thumbnail wp-image-37903\" src=\"https:\/\/explora.cl\/nuble\/wp-content\/uploads\/sites\/10\/2025\/10\/4-1-150x150.jpg\" alt=\"\" width=\"150\" height=\"150\" srcset=\"https:\/\/explora.cl\/nuble\/wp-content\/uploads\/sites\/10\/2025\/10\/4-1-150x150.jpg 150w, https:\/\/explora.cl\/nuble\/wp-content\/uploads\/sites\/10\/2025\/10\/4-1-60x60.jpg 60w\" sizes=\"(max-width: 150px) 100vw, 150px\" \/><\/a> <a href=\"https:\/\/explora.cl\/nuble\/wp-content\/uploads\/sites\/10\/2025\/10\/FEED1-1-scaled.jpg\"><img loading=\"lazy\" decoding=\"async\" class=\"alignleft size-thumbnail wp-image-37904\" src=\"https:\/\/explora.cl\/nuble\/wp-content\/uploads\/sites\/10\/2025\/10\/FEED1-1-150x150.jpg\" alt=\"\" width=\"150\" height=\"150\" srcset=\"https:\/\/explora.cl\/nuble\/wp-content\/uploads\/sites\/10\/2025\/10\/FEED1-1-150x150.jpg 150w, https:\/\/explora.cl\/nuble\/wp-content\/uploads\/sites\/10\/2025\/10\/FEED1-1-60x60.jpg 60w\" sizes=\"(max-width: 150px) 100vw, 150px\" \/><\/a> <a href=\"https:\/\/explora.cl\/nuble\/wp-content\/uploads\/sites\/10\/2025\/10\/FEED2-1-scaled.jpg\"><img loading=\"lazy\" decoding=\"async\" class=\"alignleft size-thumbnail wp-image-37905\" src=\"https:\/\/explora.cl\/nuble\/wp-content\/uploads\/sites\/10\/2025\/10\/FEED2-1-150x150.jpg\" alt=\"\" width=\"150\" height=\"150\" srcset=\"https:\/\/explora.cl\/nuble\/wp-content\/uploads\/sites\/10\/2025\/10\/FEED2-1-150x150.jpg 150w, https:\/\/explora.cl\/nuble\/wp-content\/uploads\/sites\/10\/2025\/10\/FEED2-1-60x60.jpg 60w\" sizes=\"(max-width: 150px) 100vw, 150px\" \/><\/a> <a href=\"https:\/\/explora.cl\/nuble\/wp-content\/uploads\/sites\/10\/2025\/10\/FEED3-1-scaled.jpg\"><img loading=\"lazy\" decoding=\"async\" class=\"alignleft size-thumbnail wp-image-37906\" src=\"https:\/\/explora.cl\/nuble\/wp-content\/uploads\/sites\/10\/2025\/10\/FEED3-1-150x150.jpg\" alt=\"\" width=\"150\" height=\"150\" srcset=\"https:\/\/explora.cl\/nuble\/wp-content\/uploads\/sites\/10\/2025\/10\/FEED3-1-150x150.jpg 150w, https:\/\/explora.cl\/nuble\/wp-content\/uploads\/sites\/10\/2025\/10\/FEED3-1-60x60.jpg 60w\" sizes=\"(max-width: 150px) 100vw, 150px\" \/><\/a> <a href=\"https:\/\/explora.cl\/nuble\/wp-content\/uploads\/sites\/10\/2025\/10\/FEED4-1-scaled.jpg\"><img loading=\"lazy\" decoding=\"async\" class=\"alignleft size-thumbnail wp-image-37907\" src=\"https:\/\/explora.cl\/nuble\/wp-content\/uploads\/sites\/10\/2025\/10\/FEED4-1-150x150.jpg\" alt=\"\" width=\"150\" height=\"150\" srcset=\"https:\/\/explora.cl\/nuble\/wp-content\/uploads\/sites\/10\/2025\/10\/FEED4-1-150x150.jpg 150w, https:\/\/explora.cl\/nuble\/wp-content\/uploads\/sites\/10\/2025\/10\/FEED4-1-60x60.jpg 60w\" sizes=\"(max-width: 150px) 100vw, 150px\" \/><\/a> <a href=\"https:\/\/explora.cl\/nuble\/wp-content\/uploads\/sites\/10\/2025\/10\/FEED5-1-scaled.jpg\"><img loading=\"lazy\" decoding=\"async\" class=\"alignleft size-thumbnail wp-image-37908\" src=\"https:\/\/explora.cl\/nuble\/wp-content\/uploads\/sites\/10\/2025\/10\/FEED5-1-150x150.jpg\" alt=\"\" width=\"150\" height=\"150\" srcset=\"https:\/\/explora.cl\/nuble\/wp-content\/uploads\/sites\/10\/2025\/10\/FEED5-1-150x150.jpg 150w, https:\/\/explora.cl\/nuble\/wp-content\/uploads\/sites\/10\/2025\/10\/FEED5-1-60x60.jpg 60w\" sizes=\"(max-width: 150px) 100vw, 150px\" \/><\/a> <a href=\"https:\/\/explora.cl\/nuble\/wp-content\/uploads\/sites\/10\/2025\/10\/FEED6-1-scaled.jpg\"><img loading=\"lazy\" decoding=\"async\" class=\"alignleft size-thumbnail wp-image-37909\" src=\"https:\/\/explora.cl\/nuble\/wp-content\/uploads\/sites\/10\/2025\/10\/FEED6-1-150x150.jpg\" alt=\"\" width=\"150\" height=\"150\" srcset=\"https:\/\/explora.cl\/nuble\/wp-content\/uploads\/sites\/10\/2025\/10\/FEED6-1-150x150.jpg 150w, https:\/\/explora.cl\/nuble\/wp-content\/uploads\/sites\/10\/2025\/10\/FEED6-1-60x60.jpg 60w\" sizes=\"(max-width: 150px) 100vw, 150px\" \/><\/a> <a href=\"https:\/\/explora.cl\/nuble\/wp-content\/uploads\/sites\/10\/2025\/10\/FEED7-1-scaled.jpg\"><img loading=\"lazy\" decoding=\"async\" class=\"alignleft size-thumbnail wp-image-37910\" src=\"https:\/\/explora.cl\/nuble\/wp-content\/uploads\/sites\/10\/2025\/10\/FEED7-1-150x150.jpg\" alt=\"\" width=\"150\" height=\"150\" srcset=\"https:\/\/explora.cl\/nuble\/wp-content\/uploads\/sites\/10\/2025\/10\/FEED7-1-150x150.jpg 150w, https:\/\/explora.cl\/nuble\/wp-content\/uploads\/sites\/10\/2025\/10\/FEED7-1-60x60.jpg 60w\" sizes=\"(max-width: 150px) 100vw, 150px\" \/><\/a> <a href=\"https:\/\/explora.cl\/nuble\/wp-content\/uploads\/sites\/10\/2025\/10\/FEED8-1-scaled.jpg\"><img loading=\"lazy\" decoding=\"async\" class=\"alignleft size-thumbnail wp-image-37911\" src=\"https:\/\/explora.cl\/nuble\/wp-content\/uploads\/sites\/10\/2025\/10\/FEED8-1-150x150.jpg\" alt=\"\" width=\"150\" height=\"150\" srcset=\"https:\/\/explora.cl\/nuble\/wp-content\/uploads\/sites\/10\/2025\/10\/FEED8-1-150x150.jpg 150w, https:\/\/explora.cl\/nuble\/wp-content\/uploads\/sites\/10\/2025\/10\/FEED8-1-60x60.jpg 60w\" sizes=\"(max-width: 150px) 100vw, 150px\" \/><\/a> <a href=\"https:\/\/explora.cl\/nuble\/wp-content\/uploads\/sites\/10\/2025\/10\/FEED9-1-scaled.jpg\"><img loading=\"lazy\" decoding=\"async\" class=\"alignleft size-thumbnail wp-image-37912\" src=\"https:\/\/explora.cl\/nuble\/wp-content\/uploads\/sites\/10\/2025\/10\/FEED9-1-150x150.jpg\" alt=\"\" width=\"150\" height=\"150\" srcset=\"https:\/\/explora.cl\/nuble\/wp-content\/uploads\/sites\/10\/2025\/10\/FEED9-1-150x150.jpg 150w, https:\/\/explora.cl\/nuble\/wp-content\/uploads\/sites\/10\/2025\/10\/FEED9-1-60x60.jpg 60w\" sizes=\"(max-width: 150px) 100vw, 150px\" \/><\/a><\/p>\n","protected":false},"excerpt":{"rendered":"<p>Con una serie de talleres realizados entre el 21 y el 23 de octubre, el Proyecto Asociativo Regional PAR Explora \u00d1uble culmin\u00f3 la etapa 2025 de la iniciativa Investigaci\u00f3n e Innovaci\u00f3n Escolar (IIE), con actividades dirigidas a estudiantes de distintos niveles educativos. La primera jornada se desarroll\u00f3 el martes\u00a021 de octubre en el Centro de [&hellip;]<\/p>\n","protected":false},"author":25,"featured_media":37897,"comment_status":"open","ping_status":"open","sticky":false,"template":"","format":"standard","meta":{"_acf_changed":false,"_exactmetrics_skip_tracking":false,"_exactmetrics_sitenote_active":false,"_exactmetrics_sitenote_note":"","_exactmetrics_sitenote_category":0,"footnotes":"","_links_to":"","_links_to_target":""},"categories":[4,1],"tags":[],"class_list":["post-37896","post","type-post","status-publish","format-standard","has-post-thumbnail","hentry","category-noticias","category-sin-categoria"],"acf":[],"yoast_head":"<!-- This site is optimized with the Yoast SEO plugin v26.9 - https:\/\/yoast.com\/product\/yoast-seo-wordpress\/ -->\n<title>Estudiantes de \u00d1uble fortalecen sus habilidades comunicacionales en jornadas de cierre del programa IIE - \u00d1uble<\/title>\n<meta name=\"robots\" content=\"index, follow, max-snippet:-1, max-image-preview:large, max-video-preview:-1\" \/>\n<link rel=\"canonical\" href=\"https:\/\/explora.cl\/nuble\/estudiantes-de-nuble-fortalecen-sus-habilidades-comunicacionales-en-jornadas-de-cierre-del-programa-iie\/\" class=\"yoast-seo-meta-tag\" \/>\n<meta property=\"og:locale\" content=\"es_ES\" class=\"yoast-seo-meta-tag\" \/>\n<meta property=\"og:type\" content=\"article\" class=\"yoast-seo-meta-tag\" \/>\n<meta property=\"og:title\" content=\"Estudiantes de \u00d1uble fortalecen sus habilidades comunicacionales en jornadas de cierre del programa IIE - \u00d1uble\" class=\"yoast-seo-meta-tag\" \/>\n<meta property=\"og:description\" content=\"Con una serie de talleres realizados entre el 21 y el 23 de octubre, el Proyecto Asociativo Regional PAR Explora \u00d1uble culmin\u00f3 la etapa 2025 de la iniciativa Investigaci\u00f3n e Innovaci\u00f3n Escolar (IIE), con actividades dirigidas a estudiantes de distintos niveles educativos. La primera jornada se desarroll\u00f3 el martes\u00a021 de octubre en el Centro de [&hellip;]\" class=\"yoast-seo-meta-tag\" \/>\n<meta property=\"og:url\" content=\"https:\/\/explora.cl\/nuble\/estudiantes-de-nuble-fortalecen-sus-habilidades-comunicacionales-en-jornadas-de-cierre-del-programa-iie\/\" class=\"yoast-seo-meta-tag\" \/>\n<meta property=\"og:site_name\" content=\"\u00d1uble\" class=\"yoast-seo-meta-tag\" \/>\n<meta property=\"article:published_time\" content=\"2025-10-29T19:08:01+00:00\" class=\"yoast-seo-meta-tag\" \/>\n<meta property=\"article:modified_time\" content=\"2025-11-10T19:03:37+00:00\" class=\"yoast-seo-meta-tag\" \/>\n<meta property=\"og:image\" content=\"https:\/\/explora.cl\/nuble\/wp-content\/uploads\/sites\/10\/2025\/10\/IMG_20251023_113141-scaled.jpg\" class=\"yoast-seo-meta-tag\" \/>\n\t<meta property=\"og:image:width\" content=\"2560\" class=\"yoast-seo-meta-tag\" \/>\n\t<meta property=\"og:image:height\" content=\"1920\" class=\"yoast-seo-meta-tag\" \/>\n\t<meta property=\"og:image:type\" content=\"image\/jpeg\" class=\"yoast-seo-meta-tag\" \/>\n<meta name=\"author\" content=\"cbeltran\" class=\"yoast-seo-meta-tag\" \/>\n<meta name=\"twitter:card\" content=\"summary_large_image\" class=\"yoast-seo-meta-tag\" \/>\n<meta name=\"twitter:label1\" content=\"Escrito por\" class=\"yoast-seo-meta-tag\" \/>\n\t<meta name=\"twitter:data1\" content=\"cbeltran\" class=\"yoast-seo-meta-tag\" \/>\n\t<meta name=\"twitter:label2\" content=\"Tiempo estimado de lectura\" class=\"yoast-seo-meta-tag\" \/>\n\t<meta name=\"twitter:data2\" content=\"5 minutos\" class=\"yoast-seo-meta-tag\" \/>\n<script type=\"application\/ld+json\" class=\"yoast-schema-graph\">{\"@context\":\"https:\/\/schema.org\",\"@graph\":[{\"@type\":\"Article\",\"@id\":\"https:\/\/explora.cl\/nuble\/estudiantes-de-nuble-fortalecen-sus-habilidades-comunicacionales-en-jornadas-de-cierre-del-programa-iie\/#article\",\"isPartOf\":{\"@id\":\"https:\/\/explora.cl\/nuble\/estudiantes-de-nuble-fortalecen-sus-habilidades-comunicacionales-en-jornadas-de-cierre-del-programa-iie\/\"},\"author\":{\"name\":\"cbeltran\",\"@id\":\"https:\/\/explora.cl\/nuble\/#\/schema\/person\/f611679f39b55ae7cdea76bc915b056e\"},\"headline\":\"Estudiantes de \u00d1uble fortalecen sus habilidades comunicacionales en jornadas de cierre del programa IIE\",\"datePublished\":\"2025-10-29T19:08:01+00:00\",\"dateModified\":\"2025-11-10T19:03:37+00:00\",\"mainEntityOfPage\":{\"@id\":\"https:\/\/explora.cl\/nuble\/estudiantes-de-nuble-fortalecen-sus-habilidades-comunicacionales-en-jornadas-de-cierre-del-programa-iie\/\"},\"wordCount\":304,\"commentCount\":0,\"image\":{\"@id\":\"https:\/\/explora.cl\/nuble\/estudiantes-de-nuble-fortalecen-sus-habilidades-comunicacionales-en-jornadas-de-cierre-del-programa-iie\/#primaryimage\"},\"thumbnailUrl\":\"https:\/\/explora.cl\/nuble\/wp-content\/uploads\/sites\/10\/2025\/10\/IMG_20251023_113141-scaled.jpg\",\"articleSection\":[\"Noticias\"],\"inLanguage\":\"es-CL\",\"potentialAction\":[{\"@type\":\"CommentAction\",\"name\":\"Comment\",\"target\":[\"https:\/\/explora.cl\/nuble\/estudiantes-de-nuble-fortalecen-sus-habilidades-comunicacionales-en-jornadas-de-cierre-del-programa-iie\/#respond\"]}]},{\"@type\":\"WebPage\",\"@id\":\"https:\/\/explora.cl\/nuble\/estudiantes-de-nuble-fortalecen-sus-habilidades-comunicacionales-en-jornadas-de-cierre-del-programa-iie\/\",\"url\":\"https:\/\/explora.cl\/nuble\/estudiantes-de-nuble-fortalecen-sus-habilidades-comunicacionales-en-jornadas-de-cierre-del-programa-iie\/\",\"name\":\"Estudiantes de \u00d1uble fortalecen sus habilidades comunicacionales en jornadas de cierre del programa IIE - \u00d1uble\",\"isPartOf\":{\"@id\":\"https:\/\/explora.cl\/nuble\/#website\"},\"primaryImageOfPage\":{\"@id\":\"https:\/\/explora.cl\/nuble\/estudiantes-de-nuble-fortalecen-sus-habilidades-comunicacionales-en-jornadas-de-cierre-del-programa-iie\/#primaryimage\"},\"image\":{\"@id\":\"https:\/\/explora.cl\/nuble\/estudiantes-de-nuble-fortalecen-sus-habilidades-comunicacionales-en-jornadas-de-cierre-del-programa-iie\/#primaryimage\"},\"thumbnailUrl\":\"https:\/\/explora.cl\/nuble\/wp-content\/uploads\/sites\/10\/2025\/10\/IMG_20251023_113141-scaled.jpg\",\"datePublished\":\"2025-10-29T19:08:01+00:00\",\"dateModified\":\"2025-11-10T19:03:37+00:00\",\"author\":{\"@id\":\"https:\/\/explora.cl\/nuble\/#\/schema\/person\/f611679f39b55ae7cdea76bc915b056e\"},\"breadcrumb\":{\"@id\":\"https:\/\/explora.cl\/nuble\/estudiantes-de-nuble-fortalecen-sus-habilidades-comunicacionales-en-jornadas-de-cierre-del-programa-iie\/#breadcrumb\"},\"inLanguage\":\"es-CL\",\"potentialAction\":[{\"@type\":\"ReadAction\",\"target\":[\"https:\/\/explora.cl\/nuble\/estudiantes-de-nuble-fortalecen-sus-habilidades-comunicacionales-en-jornadas-de-cierre-del-programa-iie\/\"]}]},{\"@type\":\"ImageObject\",\"inLanguage\":\"es-CL\",\"@id\":\"https:\/\/explora.cl\/nuble\/estudiantes-de-nuble-fortalecen-sus-habilidades-comunicacionales-en-jornadas-de-cierre-del-programa-iie\/#primaryimage\",\"url\":\"https:\/\/explora.cl\/nuble\/wp-content\/uploads\/sites\/10\/2025\/10\/IMG_20251023_113141-scaled.jpg\",\"contentUrl\":\"https:\/\/explora.cl\/nuble\/wp-content\/uploads\/sites\/10\/2025\/10\/IMG_20251023_113141-scaled.jpg\",\"width\":2560,\"height\":1920},{\"@type\":\"BreadcrumbList\",\"@id\":\"https:\/\/explora.cl\/nuble\/estudiantes-de-nuble-fortalecen-sus-habilidades-comunicacionales-en-jornadas-de-cierre-del-programa-iie\/#breadcrumb\",\"itemListElement\":[{\"@type\":\"ListItem\",\"position\":1,\"name\":\"Portada\",\"item\":\"https:\/\/explora.cl\/nuble\/\"},{\"@type\":\"ListItem\",\"position\":2,\"name\":\"Estudiantes de \u00d1uble fortalecen sus habilidades comunicacionales en jornadas de cierre del programa IIE\"}]},{\"@type\":\"WebSite\",\"@id\":\"https:\/\/explora.cl\/nuble\/#website\",\"url\":\"https:\/\/explora.cl\/nuble\/\",\"name\":\"\u00d1uble\",\"description\":\"Otro sitio m\u00e1s de explora.cl\",\"potentialAction\":[{\"@type\":\"SearchAction\",\"target\":{\"@type\":\"EntryPoint\",\"urlTemplate\":\"https:\/\/explora.cl\/nuble\/?s={search_term_string}\"},\"query-input\":{\"@type\":\"PropertyValueSpecification\",\"valueRequired\":true,\"valueName\":\"search_term_string\"}}],\"inLanguage\":\"es-CL\"},{\"@type\":\"Person\",\"@id\":\"https:\/\/explora.cl\/nuble\/#\/schema\/person\/f611679f39b55ae7cdea76bc915b056e\",\"name\":\"cbeltran\",\"image\":{\"@type\":\"ImageObject\",\"inLanguage\":\"es-CL\",\"@id\":\"https:\/\/explora.cl\/nuble\/#\/schema\/person\/image\/\",\"url\":\"https:\/\/secure.gravatar.com\/avatar\/fde624b0b0faed85e420465a1cdb73a02c199b16b1d2d6bfe0a82b9ba438afbd?s=96&d=mm&r=g\",\"contentUrl\":\"https:\/\/secure.gravatar.com\/avatar\/fde624b0b0faed85e420465a1cdb73a02c199b16b1d2d6bfe0a82b9ba438afbd?s=96&d=mm&r=g\",\"caption\":\"cbeltran\"},\"url\":\"https:\/\/explora.cl\/nuble\/author\/cbeltran\/\"}]}<\/script>\n<!-- \/ Yoast SEO plugin. -->","yoast_head_json":{"title":"Estudiantes de \u00d1uble fortalecen sus habilidades comunicacionales en jornadas de cierre del programa IIE - \u00d1uble","robots":{"index":"index","follow":"follow","max-snippet":"max-snippet:-1","max-image-preview":"max-image-preview:large","max-video-preview":"max-video-preview:-1"},"canonical":"https:\/\/explora.cl\/nuble\/estudiantes-de-nuble-fortalecen-sus-habilidades-comunicacionales-en-jornadas-de-cierre-del-programa-iie\/","og_locale":"es_ES","og_type":"article","og_title":"Estudiantes de \u00d1uble fortalecen sus habilidades comunicacionales en jornadas de cierre del programa IIE - \u00d1uble","og_description":"Con una serie de talleres realizados entre el 21 y el 23 de octubre, el Proyecto Asociativo Regional PAR Explora \u00d1uble culmin\u00f3 la etapa 2025 de la iniciativa Investigaci\u00f3n e Innovaci\u00f3n Escolar (IIE), con actividades dirigidas a estudiantes de distintos niveles educativos. La primera jornada se desarroll\u00f3 el martes\u00a021 de octubre en el Centro de [&hellip;]","og_url":"https:\/\/explora.cl\/nuble\/estudiantes-de-nuble-fortalecen-sus-habilidades-comunicacionales-en-jornadas-de-cierre-del-programa-iie\/","og_site_name":"\u00d1uble","article_published_time":"2025-10-29T19:08:01+00:00","article_modified_time":"2025-11-10T19:03:37+00:00","og_image":[{"width":2560,"height":1920,"url":"https:\/\/explora.cl\/nuble\/wp-content\/uploads\/sites\/10\/2025\/10\/IMG_20251023_113141-scaled.jpg","type":"image\/jpeg"}],"author":"cbeltran","twitter_card":"summary_large_image","twitter_misc":{"Escrito por":"cbeltran","Tiempo estimado de lectura":"5 minutos"},"schema":{"@context":"https:\/\/schema.org","@graph":[{"@type":"Article","@id":"https:\/\/explora.cl\/nuble\/estudiantes-de-nuble-fortalecen-sus-habilidades-comunicacionales-en-jornadas-de-cierre-del-programa-iie\/#article","isPartOf":{"@id":"https:\/\/explora.cl\/nuble\/estudiantes-de-nuble-fortalecen-sus-habilidades-comunicacionales-en-jornadas-de-cierre-del-programa-iie\/"},"author":{"name":"cbeltran","@id":"https:\/\/explora.cl\/nuble\/#\/schema\/person\/f611679f39b55ae7cdea76bc915b056e"},"headline":"Estudiantes de \u00d1uble fortalecen sus habilidades comunicacionales en jornadas de cierre del programa IIE","datePublished":"2025-10-29T19:08:01+00:00","dateModified":"2025-11-10T19:03:37+00:00","mainEntityOfPage":{"@id":"https:\/\/explora.cl\/nuble\/estudiantes-de-nuble-fortalecen-sus-habilidades-comunicacionales-en-jornadas-de-cierre-del-programa-iie\/"},"wordCount":304,"commentCount":0,"image":{"@id":"https:\/\/explora.cl\/nuble\/estudiantes-de-nuble-fortalecen-sus-habilidades-comunicacionales-en-jornadas-de-cierre-del-programa-iie\/#primaryimage"},"thumbnailUrl":"https:\/\/explora.cl\/nuble\/wp-content\/uploads\/sites\/10\/2025\/10\/IMG_20251023_113141-scaled.jpg","articleSection":["Noticias"],"inLanguage":"es-CL","potentialAction":[{"@type":"CommentAction","name":"Comment","target":["https:\/\/explora.cl\/nuble\/estudiantes-de-nuble-fortalecen-sus-habilidades-comunicacionales-en-jornadas-de-cierre-del-programa-iie\/#respond"]}]},{"@type":"WebPage","@id":"https:\/\/explora.cl\/nuble\/estudiantes-de-nuble-fortalecen-sus-habilidades-comunicacionales-en-jornadas-de-cierre-del-programa-iie\/","url":"https:\/\/explora.cl\/nuble\/estudiantes-de-nuble-fortalecen-sus-habilidades-comunicacionales-en-jornadas-de-cierre-del-programa-iie\/","name":"Estudiantes de \u00d1uble fortalecen sus habilidades comunicacionales en jornadas de cierre del programa IIE - \u00d1uble","isPartOf":{"@id":"https:\/\/explora.cl\/nuble\/#website"},"primaryImageOfPage":{"@id":"https:\/\/explora.cl\/nuble\/estudiantes-de-nuble-fortalecen-sus-habilidades-comunicacionales-en-jornadas-de-cierre-del-programa-iie\/#primaryimage"},"image":{"@id":"https:\/\/explora.cl\/nuble\/estudiantes-de-nuble-fortalecen-sus-habilidades-comunicacionales-en-jornadas-de-cierre-del-programa-iie\/#primaryimage"},"thumbnailUrl":"https:\/\/explora.cl\/nuble\/wp-content\/uploads\/sites\/10\/2025\/10\/IMG_20251023_113141-scaled.jpg","datePublished":"2025-10-29T19:08:01+00:00","dateModified":"2025-11-10T19:03:37+00:00","author":{"@id":"https:\/\/explora.cl\/nuble\/#\/schema\/person\/f611679f39b55ae7cdea76bc915b056e"},"breadcrumb":{"@id":"https:\/\/explora.cl\/nuble\/estudiantes-de-nuble-fortalecen-sus-habilidades-comunicacionales-en-jornadas-de-cierre-del-programa-iie\/#breadcrumb"},"inLanguage":"es-CL","potentialAction":[{"@type":"ReadAction","target":["https:\/\/explora.cl\/nuble\/estudiantes-de-nuble-fortalecen-sus-habilidades-comunicacionales-en-jornadas-de-cierre-del-programa-iie\/"]}]},{"@type":"ImageObject","inLanguage":"es-CL","@id":"https:\/\/explora.cl\/nuble\/estudiantes-de-nuble-fortalecen-sus-habilidades-comunicacionales-en-jornadas-de-cierre-del-programa-iie\/#primaryimage","url":"https:\/\/explora.cl\/nuble\/wp-content\/uploads\/sites\/10\/2025\/10\/IMG_20251023_113141-scaled.jpg","contentUrl":"https:\/\/explora.cl\/nuble\/wp-content\/uploads\/sites\/10\/2025\/10\/IMG_20251023_113141-scaled.jpg","width":2560,"height":1920},{"@type":"BreadcrumbList","@id":"https:\/\/explora.cl\/nuble\/estudiantes-de-nuble-fortalecen-sus-habilidades-comunicacionales-en-jornadas-de-cierre-del-programa-iie\/#breadcrumb","itemListElement":[{"@type":"ListItem","position":1,"name":"Portada","item":"https:\/\/explora.cl\/nuble\/"},{"@type":"ListItem","position":2,"name":"Estudiantes de \u00d1uble fortalecen sus habilidades comunicacionales en jornadas de cierre del programa IIE"}]},{"@type":"WebSite","@id":"https:\/\/explora.cl\/nuble\/#website","url":"https:\/\/explora.cl\/nuble\/","name":"\u00d1uble","description":"Otro sitio m\u00e1s de explora.cl","potentialAction":[{"@type":"SearchAction","target":{"@type":"EntryPoint","urlTemplate":"https:\/\/explora.cl\/nuble\/?s={search_term_string}"},"query-input":{"@type":"PropertyValueSpecification","valueRequired":true,"valueName":"search_term_string"}}],"inLanguage":"es-CL"},{"@type":"Person","@id":"https:\/\/explora.cl\/nuble\/#\/schema\/person\/f611679f39b55ae7cdea76bc915b056e","name":"cbeltran","image":{"@type":"ImageObject","inLanguage":"es-CL","@id":"https:\/\/explora.cl\/nuble\/#\/schema\/person\/image\/","url":"https:\/\/secure.gravatar.com\/avatar\/fde624b0b0faed85e420465a1cdb73a02c199b16b1d2d6bfe0a82b9ba438afbd?s=96&d=mm&r=g","contentUrl":"https:\/\/secure.gravatar.com\/avatar\/fde624b0b0faed85e420465a1cdb73a02c199b16b1d2d6bfe0a82b9ba438afbd?s=96&d=mm&r=g","caption":"cbeltran"},"url":"https:\/\/explora.cl\/nuble\/author\/cbeltran\/"}]}},"_links":{"self":[{"href":"https:\/\/explora.cl\/nuble\/wp-json\/wp\/v2\/posts\/37896","targetHints":{"allow":["GET"]}}],"collection":[{"href":"https:\/\/explora.cl\/nuble\/wp-json\/wp\/v2\/posts"}],"about":[{"href":"https:\/\/explora.cl\/nuble\/wp-json\/wp\/v2\/types\/post"}],"author":[{"embeddable":true,"href":"https:\/\/explora.cl\/nuble\/wp-json\/wp\/v2\/users\/25"}],"replies":[{"embeddable":true,"href":"https:\/\/explora.cl\/nuble\/wp-json\/wp\/v2\/comments?post=37896"}],"version-history":[{"count":2,"href":"https:\/\/explora.cl\/nuble\/wp-json\/wp\/v2\/posts\/37896\/revisions"}],"predecessor-version":[{"id":37914,"href":"https:\/\/explora.cl\/nuble\/wp-json\/wp\/v2\/posts\/37896\/revisions\/37914"}],"wp:featuredmedia":[{"embeddable":true,"href":"https:\/\/explora.cl\/nuble\/wp-json\/wp\/v2\/media\/37897"}],"wp:attachment":[{"href":"https:\/\/explora.cl\/nuble\/wp-json\/wp\/v2\/media?parent=37896"}],"wp:term":[{"taxonomy":"category","embeddable":true,"href":"https:\/\/explora.cl\/nuble\/wp-json\/wp\/v2\/categories?post=37896"},{"taxonomy":"post_tag","embeddable":true,"href":"https:\/\/explora.cl\/nuble\/wp-json\/wp\/v2\/tags?post=37896"}],"curies":[{"name":"wp","href":"https:\/\/api.w.org\/{rel}","templated":true}]}}