{"id":37712,"date":"2025-08-29T10:04:27","date_gmt":"2025-08-29T14:04:27","guid":{"rendered":"https:\/\/explora.cl\/nuble\/?p=37712"},"modified":"2025-08-29T10:04:27","modified_gmt":"2025-08-29T14:04:27","slug":"entrega-de-diplomas-a-equipos-de-investigacion-e-innovacion-escolar","status":"publish","type":"post","link":"https:\/\/explora.cl\/nuble\/entrega-de-diplomas-a-equipos-de-investigacion-e-innovacion-escolar\/","title":{"rendered":"Entrega de diplomas a equipos de Investigaci\u00f3n e Innovaci\u00f3n Escolar"},"content":{"rendered":"<p data-start=\"196\" data-end=\"412\">En el marco del <em data-start=\"212\" data-end=\"250\">Congreso Regional Explora \u00d1uble 2025<\/em>, todos los equipos escolares que participaron en la etapa de investigaci\u00f3n e innovaci\u00f3n recibieron un diploma de reconocimiento por su dedicaci\u00f3n y compromiso.<\/p>\n<p data-start=\"414\" data-end=\"664\">La ceremonia destac\u00f3 el rigor con que estudiantes y docentes de distintos establecimientos de \u00d1uble desarrollaron sus proyectos, as\u00ed como la voluntad de aprender y la capacidad de observar con atenci\u00f3n su entorno para transformarlo en conocimiento.<\/p>\n<p data-start=\"666\" data-end=\"921\">Cada diploma reconoce un proceso formativo en el que la curiosidad se une al esfuerzo colectivo, dando valor al trabajo sostenido que realizan las comunidades educativas que apuestan por la investigaci\u00f3n y la innovaci\u00f3n como herramientas de aprendizaje.<\/p>\n<p data-start=\"666\" data-end=\"921\">Galer\u00eda de im\u00e1genes<\/p>\n<p data-start=\"666\" data-end=\"921\">\n<p data-start=\"666\" data-end=\"921\"><a href=\"https:\/\/explora.cl\/nuble\/wp-content\/uploads\/sites\/10\/2025\/08\/Fotos-Ceremonia-diplomas-scaled.jpg\"><img decoding=\"async\" class=\"alignleft size-thumbnail wp-image-37713\" src=\"https:\/\/explora.cl\/nuble\/wp-content\/uploads\/sites\/10\/2025\/08\/Fotos-Ceremonia-diplomas-150x150.jpg\" alt=\"\" width=\"150\" height=\"150\" srcset=\"https:\/\/explora.cl\/nuble\/wp-content\/uploads\/sites\/10\/2025\/08\/Fotos-Ceremonia-diplomas-150x150.jpg 150w, https:\/\/explora.cl\/nuble\/wp-content\/uploads\/sites\/10\/2025\/08\/Fotos-Ceremonia-diplomas-60x60.jpg 60w\" sizes=\"(max-width: 150px) 100vw, 150px\" \/><\/a> <a href=\"https:\/\/explora.cl\/nuble\/wp-content\/uploads\/sites\/10\/2025\/08\/Fotos-Ceremonia-diplomas2-scaled.jpg\"><img decoding=\"async\" class=\"alignleft size-thumbnail wp-image-37714\" src=\"https:\/\/explora.cl\/nuble\/wp-content\/uploads\/sites\/10\/2025\/08\/Fotos-Ceremonia-diplomas2-150x150.jpg\" alt=\"\" width=\"150\" height=\"150\" srcset=\"https:\/\/explora.cl\/nuble\/wp-content\/uploads\/sites\/10\/2025\/08\/Fotos-Ceremonia-diplomas2-150x150.jpg 150w, https:\/\/explora.cl\/nuble\/wp-content\/uploads\/sites\/10\/2025\/08\/Fotos-Ceremonia-diplomas2-60x60.jpg 60w\" sizes=\"(max-width: 150px) 100vw, 150px\" \/><\/a> <a href=\"https:\/\/explora.cl\/nuble\/wp-content\/uploads\/sites\/10\/2025\/08\/Fotos-Ceremonia-diplomas3-scaled.jpg\"><img decoding=\"async\" class=\"alignleft size-thumbnail wp-image-37715\" src=\"https:\/\/explora.cl\/nuble\/wp-content\/uploads\/sites\/10\/2025\/08\/Fotos-Ceremonia-diplomas3-150x150.jpg\" alt=\"\" width=\"150\" height=\"150\" srcset=\"https:\/\/explora.cl\/nuble\/wp-content\/uploads\/sites\/10\/2025\/08\/Fotos-Ceremonia-diplomas3-150x150.jpg 150w, https:\/\/explora.cl\/nuble\/wp-content\/uploads\/sites\/10\/2025\/08\/Fotos-Ceremonia-diplomas3-60x60.jpg 60w\" sizes=\"(max-width: 150px) 100vw, 150px\" \/><\/a> <a href=\"https:\/\/explora.cl\/nuble\/wp-content\/uploads\/sites\/10\/2025\/08\/Fotos-Ceremonia-diplomas4-scaled.jpg\"><img loading=\"lazy\" decoding=\"async\" class=\"alignleft size-thumbnail wp-image-37716\" src=\"https:\/\/explora.cl\/nuble\/wp-content\/uploads\/sites\/10\/2025\/08\/Fotos-Ceremonia-diplomas4-150x150.jpg\" alt=\"\" width=\"150\" height=\"150\" srcset=\"https:\/\/explora.cl\/nuble\/wp-content\/uploads\/sites\/10\/2025\/08\/Fotos-Ceremonia-diplomas4-150x150.jpg 150w, https:\/\/explora.cl\/nuble\/wp-content\/uploads\/sites\/10\/2025\/08\/Fotos-Ceremonia-diplomas4-60x60.jpg 60w\" sizes=\"(max-width: 150px) 100vw, 150px\" \/><\/a> <a href=\"https:\/\/explora.cl\/nuble\/wp-content\/uploads\/sites\/10\/2025\/08\/Fotos-Ceremonia-diplomas5-scaled.jpg\"><img loading=\"lazy\" decoding=\"async\" class=\"alignleft size-thumbnail wp-image-37717\" src=\"https:\/\/explora.cl\/nuble\/wp-content\/uploads\/sites\/10\/2025\/08\/Fotos-Ceremonia-diplomas5-150x150.jpg\" alt=\"\" width=\"150\" height=\"150\" srcset=\"https:\/\/explora.cl\/nuble\/wp-content\/uploads\/sites\/10\/2025\/08\/Fotos-Ceremonia-diplomas5-150x150.jpg 150w, https:\/\/explora.cl\/nuble\/wp-content\/uploads\/sites\/10\/2025\/08\/Fotos-Ceremonia-diplomas5-60x60.jpg 60w\" sizes=\"(max-width: 150px) 100vw, 150px\" \/><\/a> <a href=\"https:\/\/explora.cl\/nuble\/wp-content\/uploads\/sites\/10\/2025\/08\/Fotos-Ceremonia-diplomas6-scaled.jpg\"><img loading=\"lazy\" decoding=\"async\" class=\"alignleft size-thumbnail wp-image-37718\" src=\"https:\/\/explora.cl\/nuble\/wp-content\/uploads\/sites\/10\/2025\/08\/Fotos-Ceremonia-diplomas6-150x150.jpg\" alt=\"\" width=\"150\" height=\"150\" srcset=\"https:\/\/explora.cl\/nuble\/wp-content\/uploads\/sites\/10\/2025\/08\/Fotos-Ceremonia-diplomas6-150x150.jpg 150w, https:\/\/explora.cl\/nuble\/wp-content\/uploads\/sites\/10\/2025\/08\/Fotos-Ceremonia-diplomas6-60x60.jpg 60w\" sizes=\"(max-width: 150px) 100vw, 150px\" \/><\/a> <a href=\"https:\/\/explora.cl\/nuble\/wp-content\/uploads\/sites\/10\/2025\/08\/Fotos-Ceremonia-diplomas7-scaled.jpg\"><img loading=\"lazy\" decoding=\"async\" class=\"alignleft size-thumbnail wp-image-37719\" src=\"https:\/\/explora.cl\/nuble\/wp-content\/uploads\/sites\/10\/2025\/08\/Fotos-Ceremonia-diplomas7-150x150.jpg\" alt=\"\" width=\"150\" height=\"150\" srcset=\"https:\/\/explora.cl\/nuble\/wp-content\/uploads\/sites\/10\/2025\/08\/Fotos-Ceremonia-diplomas7-150x150.jpg 150w, https:\/\/explora.cl\/nuble\/wp-content\/uploads\/sites\/10\/2025\/08\/Fotos-Ceremonia-diplomas7-60x60.jpg 60w\" sizes=\"(max-width: 150px) 100vw, 150px\" \/><\/a> <a href=\"https:\/\/explora.cl\/nuble\/wp-content\/uploads\/sites\/10\/2025\/08\/Fotos-Ceremonia-diplomas8-scaled.jpg\"><img loading=\"lazy\" decoding=\"async\" class=\"alignleft size-thumbnail wp-image-37720\" src=\"https:\/\/explora.cl\/nuble\/wp-content\/uploads\/sites\/10\/2025\/08\/Fotos-Ceremonia-diplomas8-150x150.jpg\" alt=\"\" width=\"150\" height=\"150\" srcset=\"https:\/\/explora.cl\/nuble\/wp-content\/uploads\/sites\/10\/2025\/08\/Fotos-Ceremonia-diplomas8-150x150.jpg 150w, https:\/\/explora.cl\/nuble\/wp-content\/uploads\/sites\/10\/2025\/08\/Fotos-Ceremonia-diplomas8-60x60.jpg 60w\" sizes=\"(max-width: 150px) 100vw, 150px\" \/><\/a> <a href=\"https:\/\/explora.cl\/nuble\/wp-content\/uploads\/sites\/10\/2025\/08\/Fotos-Ceremonia-diplomas9-scaled.jpg\"><img loading=\"lazy\" decoding=\"async\" class=\"alignleft size-thumbnail wp-image-37721\" src=\"https:\/\/explora.cl\/nuble\/wp-content\/uploads\/sites\/10\/2025\/08\/Fotos-Ceremonia-diplomas9-150x150.jpg\" alt=\"\" width=\"150\" height=\"150\" srcset=\"https:\/\/explora.cl\/nuble\/wp-content\/uploads\/sites\/10\/2025\/08\/Fotos-Ceremonia-diplomas9-150x150.jpg 150w, https:\/\/explora.cl\/nuble\/wp-content\/uploads\/sites\/10\/2025\/08\/Fotos-Ceremonia-diplomas9-60x60.jpg 60w\" sizes=\"(max-width: 150px) 100vw, 150px\" \/><\/a> <a href=\"https:\/\/explora.cl\/nuble\/wp-content\/uploads\/sites\/10\/2025\/08\/Fotos-Ceremonia-diplomas10-scaled.jpg\"><img loading=\"lazy\" decoding=\"async\" class=\"alignleft size-thumbnail wp-image-37722\" src=\"https:\/\/explora.cl\/nuble\/wp-content\/uploads\/sites\/10\/2025\/08\/Fotos-Ceremonia-diplomas10-150x150.jpg\" alt=\"\" width=\"150\" height=\"150\" srcset=\"https:\/\/explora.cl\/nuble\/wp-content\/uploads\/sites\/10\/2025\/08\/Fotos-Ceremonia-diplomas10-150x150.jpg 150w, https:\/\/explora.cl\/nuble\/wp-content\/uploads\/sites\/10\/2025\/08\/Fotos-Ceremonia-diplomas10-60x60.jpg 60w\" sizes=\"(max-width: 150px) 100vw, 150px\" \/><\/a> <a href=\"https:\/\/explora.cl\/nuble\/wp-content\/uploads\/sites\/10\/2025\/08\/Fotos-Ceremonia-diplomas11-scaled.jpg\"><img loading=\"lazy\" decoding=\"async\" class=\"alignleft size-thumbnail wp-image-37723\" src=\"https:\/\/explora.cl\/nuble\/wp-content\/uploads\/sites\/10\/2025\/08\/Fotos-Ceremonia-diplomas11-150x150.jpg\" alt=\"\" width=\"150\" height=\"150\" srcset=\"https:\/\/explora.cl\/nuble\/wp-content\/uploads\/sites\/10\/2025\/08\/Fotos-Ceremonia-diplomas11-150x150.jpg 150w, https:\/\/explora.cl\/nuble\/wp-content\/uploads\/sites\/10\/2025\/08\/Fotos-Ceremonia-diplomas11-60x60.jpg 60w\" sizes=\"(max-width: 150px) 100vw, 150px\" \/><\/a> <a href=\"https:\/\/explora.cl\/nuble\/wp-content\/uploads\/sites\/10\/2025\/08\/Fotos-Ceremonia-diplomas12-scaled.jpg\"><img loading=\"lazy\" decoding=\"async\" class=\"alignleft size-thumbnail wp-image-37724\" src=\"https:\/\/explora.cl\/nuble\/wp-content\/uploads\/sites\/10\/2025\/08\/Fotos-Ceremonia-diplomas12-150x150.jpg\" alt=\"\" width=\"150\" height=\"150\" srcset=\"https:\/\/explora.cl\/nuble\/wp-content\/uploads\/sites\/10\/2025\/08\/Fotos-Ceremonia-diplomas12-150x150.jpg 150w, https:\/\/explora.cl\/nuble\/wp-content\/uploads\/sites\/10\/2025\/08\/Fotos-Ceremonia-diplomas12-60x60.jpg 60w\" sizes=\"(max-width: 150px) 100vw, 150px\" \/><\/a> <a href=\"https:\/\/explora.cl\/nuble\/wp-content\/uploads\/sites\/10\/2025\/08\/Fotos-Ceremonia-diplomas13-scaled.jpg\"><img loading=\"lazy\" decoding=\"async\" class=\"alignleft size-thumbnail wp-image-37725\" src=\"https:\/\/explora.cl\/nuble\/wp-content\/uploads\/sites\/10\/2025\/08\/Fotos-Ceremonia-diplomas13-150x150.jpg\" alt=\"\" width=\"150\" height=\"150\" srcset=\"https:\/\/explora.cl\/nuble\/wp-content\/uploads\/sites\/10\/2025\/08\/Fotos-Ceremonia-diplomas13-150x150.jpg 150w, https:\/\/explora.cl\/nuble\/wp-content\/uploads\/sites\/10\/2025\/08\/Fotos-Ceremonia-diplomas13-60x60.jpg 60w\" sizes=\"(max-width: 150px) 100vw, 150px\" \/><\/a> <a href=\"https:\/\/explora.cl\/nuble\/wp-content\/uploads\/sites\/10\/2025\/08\/Fotos-Ceremonia-diplomas14-scaled.jpg\"><img loading=\"lazy\" decoding=\"async\" class=\"alignleft size-thumbnail wp-image-37726\" src=\"https:\/\/explora.cl\/nuble\/wp-content\/uploads\/sites\/10\/2025\/08\/Fotos-Ceremonia-diplomas14-150x150.jpg\" alt=\"\" width=\"150\" height=\"150\" srcset=\"https:\/\/explora.cl\/nuble\/wp-content\/uploads\/sites\/10\/2025\/08\/Fotos-Ceremonia-diplomas14-150x150.jpg 150w, https:\/\/explora.cl\/nuble\/wp-content\/uploads\/sites\/10\/2025\/08\/Fotos-Ceremonia-diplomas14-60x60.jpg 60w\" sizes=\"(max-width: 150px) 100vw, 150px\" \/><\/a> <a href=\"https:\/\/explora.cl\/nuble\/wp-content\/uploads\/sites\/10\/2025\/08\/Fotos-Ceremonia-diplomas15-scaled.jpg\"><img loading=\"lazy\" decoding=\"async\" class=\"alignleft size-thumbnail wp-image-37727\" src=\"https:\/\/explora.cl\/nuble\/wp-content\/uploads\/sites\/10\/2025\/08\/Fotos-Ceremonia-diplomas15-150x150.jpg\" alt=\"\" width=\"150\" height=\"150\" srcset=\"https:\/\/explora.cl\/nuble\/wp-content\/uploads\/sites\/10\/2025\/08\/Fotos-Ceremonia-diplomas15-150x150.jpg 150w, https:\/\/explora.cl\/nuble\/wp-content\/uploads\/sites\/10\/2025\/08\/Fotos-Ceremonia-diplomas15-60x60.jpg 60w\" sizes=\"(max-width: 150px) 100vw, 150px\" \/><\/a> <a href=\"https:\/\/explora.cl\/nuble\/wp-content\/uploads\/sites\/10\/2025\/08\/Fotos-Ceremonia-diplomas16-scaled.jpg\"><img loading=\"lazy\" decoding=\"async\" class=\"alignleft size-thumbnail wp-image-37728\" src=\"https:\/\/explora.cl\/nuble\/wp-content\/uploads\/sites\/10\/2025\/08\/Fotos-Ceremonia-diplomas16-150x150.jpg\" alt=\"\" width=\"150\" height=\"150\" srcset=\"https:\/\/explora.cl\/nuble\/wp-content\/uploads\/sites\/10\/2025\/08\/Fotos-Ceremonia-diplomas16-150x150.jpg 150w, https:\/\/explora.cl\/nuble\/wp-content\/uploads\/sites\/10\/2025\/08\/Fotos-Ceremonia-diplomas16-60x60.jpg 60w\" sizes=\"(max-width: 150px) 100vw, 150px\" \/><\/a> <a href=\"https:\/\/explora.cl\/nuble\/wp-content\/uploads\/sites\/10\/2025\/08\/Fotos-Ceremonia-diplomas17-scaled.jpg\"><img loading=\"lazy\" decoding=\"async\" class=\"alignleft size-thumbnail wp-image-37729\" src=\"https:\/\/explora.cl\/nuble\/wp-content\/uploads\/sites\/10\/2025\/08\/Fotos-Ceremonia-diplomas17-150x150.jpg\" alt=\"\" width=\"150\" height=\"150\" srcset=\"https:\/\/explora.cl\/nuble\/wp-content\/uploads\/sites\/10\/2025\/08\/Fotos-Ceremonia-diplomas17-150x150.jpg 150w, https:\/\/explora.cl\/nuble\/wp-content\/uploads\/sites\/10\/2025\/08\/Fotos-Ceremonia-diplomas17-60x60.jpg 60w\" sizes=\"(max-width: 150px) 100vw, 150px\" \/><\/a> <a href=\"https:\/\/explora.cl\/nuble\/wp-content\/uploads\/sites\/10\/2025\/08\/Fotos-Ceremonia-diplomas18-scaled.jpg\"><img loading=\"lazy\" decoding=\"async\" class=\"alignleft size-thumbnail wp-image-37730\" src=\"https:\/\/explora.cl\/nuble\/wp-content\/uploads\/sites\/10\/2025\/08\/Fotos-Ceremonia-diplomas18-150x150.jpg\" alt=\"\" width=\"150\" height=\"150\" srcset=\"https:\/\/explora.cl\/nuble\/wp-content\/uploads\/sites\/10\/2025\/08\/Fotos-Ceremonia-diplomas18-150x150.jpg 150w, https:\/\/explora.cl\/nuble\/wp-content\/uploads\/sites\/10\/2025\/08\/Fotos-Ceremonia-diplomas18-60x60.jpg 60w\" sizes=\"(max-width: 150px) 100vw, 150px\" \/><\/a> <a href=\"https:\/\/explora.cl\/nuble\/wp-content\/uploads\/sites\/10\/2025\/08\/Fotos-Ceremonia-diplomas19-scaled.jpg\"><img loading=\"lazy\" decoding=\"async\" class=\"alignleft size-thumbnail wp-image-37731\" src=\"https:\/\/explora.cl\/nuble\/wp-content\/uploads\/sites\/10\/2025\/08\/Fotos-Ceremonia-diplomas19-150x150.jpg\" alt=\"\" width=\"150\" height=\"150\" srcset=\"https:\/\/explora.cl\/nuble\/wp-content\/uploads\/sites\/10\/2025\/08\/Fotos-Ceremonia-diplomas19-150x150.jpg 150w, https:\/\/explora.cl\/nuble\/wp-content\/uploads\/sites\/10\/2025\/08\/Fotos-Ceremonia-diplomas19-60x60.jpg 60w\" sizes=\"(max-width: 150px) 100vw, 150px\" \/><\/a> <a href=\"https:\/\/explora.cl\/nuble\/wp-content\/uploads\/sites\/10\/2025\/08\/Fotos-Ceremonia-diplomas20-scaled.jpg\"><img loading=\"lazy\" decoding=\"async\" class=\"alignleft size-thumbnail wp-image-37732\" src=\"https:\/\/explora.cl\/nuble\/wp-content\/uploads\/sites\/10\/2025\/08\/Fotos-Ceremonia-diplomas20-150x150.jpg\" alt=\"\" width=\"150\" height=\"150\" srcset=\"https:\/\/explora.cl\/nuble\/wp-content\/uploads\/sites\/10\/2025\/08\/Fotos-Ceremonia-diplomas20-150x150.jpg 150w, https:\/\/explora.cl\/nuble\/wp-content\/uploads\/sites\/10\/2025\/08\/Fotos-Ceremonia-diplomas20-60x60.jpg 60w\" sizes=\"(max-width: 150px) 100vw, 150px\" \/><\/a> <a href=\"https:\/\/explora.cl\/nuble\/wp-content\/uploads\/sites\/10\/2025\/08\/Fotos-Ceremonia-diplomas21-scaled.jpg\"><img loading=\"lazy\" decoding=\"async\" class=\"alignleft size-thumbnail wp-image-37733\" src=\"https:\/\/explora.cl\/nuble\/wp-content\/uploads\/sites\/10\/2025\/08\/Fotos-Ceremonia-diplomas21-150x150.jpg\" alt=\"\" width=\"150\" height=\"150\" srcset=\"https:\/\/explora.cl\/nuble\/wp-content\/uploads\/sites\/10\/2025\/08\/Fotos-Ceremonia-diplomas21-150x150.jpg 150w, https:\/\/explora.cl\/nuble\/wp-content\/uploads\/sites\/10\/2025\/08\/Fotos-Ceremonia-diplomas21-60x60.jpg 60w\" sizes=\"(max-width: 150px) 100vw, 150px\" \/><\/a> <a href=\"https:\/\/explora.cl\/nuble\/wp-content\/uploads\/sites\/10\/2025\/08\/Fotos-Ceremonia-diplomas22-scaled.jpg\"><img loading=\"lazy\" decoding=\"async\" class=\"alignleft size-thumbnail wp-image-37734\" src=\"https:\/\/explora.cl\/nuble\/wp-content\/uploads\/sites\/10\/2025\/08\/Fotos-Ceremonia-diplomas22-150x150.jpg\" alt=\"\" width=\"150\" height=\"150\" srcset=\"https:\/\/explora.cl\/nuble\/wp-content\/uploads\/sites\/10\/2025\/08\/Fotos-Ceremonia-diplomas22-150x150.jpg 150w, https:\/\/explora.cl\/nuble\/wp-content\/uploads\/sites\/10\/2025\/08\/Fotos-Ceremonia-diplomas22-60x60.jpg 60w\" sizes=\"(max-width: 150px) 100vw, 150px\" \/><\/a> <a href=\"https:\/\/explora.cl\/nuble\/wp-content\/uploads\/sites\/10\/2025\/08\/Fotos-Ceremonia-diplomas23-scaled.jpg\"><img loading=\"lazy\" decoding=\"async\" class=\"alignleft size-thumbnail wp-image-37735\" src=\"https:\/\/explora.cl\/nuble\/wp-content\/uploads\/sites\/10\/2025\/08\/Fotos-Ceremonia-diplomas23-150x150.jpg\" alt=\"\" width=\"150\" height=\"150\" srcset=\"https:\/\/explora.cl\/nuble\/wp-content\/uploads\/sites\/10\/2025\/08\/Fotos-Ceremonia-diplomas23-150x150.jpg 150w, https:\/\/explora.cl\/nuble\/wp-content\/uploads\/sites\/10\/2025\/08\/Fotos-Ceremonia-diplomas23-60x60.jpg 60w\" sizes=\"(max-width: 150px) 100vw, 150px\" \/><\/a> <a href=\"https:\/\/explora.cl\/nuble\/wp-content\/uploads\/sites\/10\/2025\/08\/Fotos-Ceremonia-diplomas24-scaled.jpg\"><img loading=\"lazy\" decoding=\"async\" class=\"alignleft size-thumbnail wp-image-37736\" src=\"https:\/\/explora.cl\/nuble\/wp-content\/uploads\/sites\/10\/2025\/08\/Fotos-Ceremonia-diplomas24-150x150.jpg\" alt=\"\" width=\"150\" height=\"150\" srcset=\"https:\/\/explora.cl\/nuble\/wp-content\/uploads\/sites\/10\/2025\/08\/Fotos-Ceremonia-diplomas24-150x150.jpg 150w, https:\/\/explora.cl\/nuble\/wp-content\/uploads\/sites\/10\/2025\/08\/Fotos-Ceremonia-diplomas24-60x60.jpg 60w\" sizes=\"(max-width: 150px) 100vw, 150px\" \/><\/a> <a href=\"https:\/\/explora.cl\/nuble\/wp-content\/uploads\/sites\/10\/2025\/08\/Fotos-Ceremonia-diplomas25-scaled.jpg\"><img loading=\"lazy\" decoding=\"async\" class=\"alignleft size-thumbnail wp-image-37737\" src=\"https:\/\/explora.cl\/nuble\/wp-content\/uploads\/sites\/10\/2025\/08\/Fotos-Ceremonia-diplomas25-150x150.jpg\" alt=\"\" width=\"150\" height=\"150\" srcset=\"https:\/\/explora.cl\/nuble\/wp-content\/uploads\/sites\/10\/2025\/08\/Fotos-Ceremonia-diplomas25-150x150.jpg 150w, https:\/\/explora.cl\/nuble\/wp-content\/uploads\/sites\/10\/2025\/08\/Fotos-Ceremonia-diplomas25-60x60.jpg 60w\" sizes=\"(max-width: 150px) 100vw, 150px\" \/><\/a> <a href=\"https:\/\/explora.cl\/nuble\/wp-content\/uploads\/sites\/10\/2025\/08\/Fotos-Ceremonia-diplomas26-scaled.jpg\"><img loading=\"lazy\" decoding=\"async\" class=\"alignleft size-thumbnail wp-image-37738\" src=\"https:\/\/explora.cl\/nuble\/wp-content\/uploads\/sites\/10\/2025\/08\/Fotos-Ceremonia-diplomas26-150x150.jpg\" alt=\"\" width=\"150\" height=\"150\" srcset=\"https:\/\/explora.cl\/nuble\/wp-content\/uploads\/sites\/10\/2025\/08\/Fotos-Ceremonia-diplomas26-150x150.jpg 150w, https:\/\/explora.cl\/nuble\/wp-content\/uploads\/sites\/10\/2025\/08\/Fotos-Ceremonia-diplomas26-60x60.jpg 60w\" sizes=\"(max-width: 150px) 100vw, 150px\" \/><\/a> <a href=\"https:\/\/explora.cl\/nuble\/wp-content\/uploads\/sites\/10\/2025\/08\/Fotos-Ceremonia-diplomas27-scaled.jpg\"><img loading=\"lazy\" decoding=\"async\" class=\"alignleft size-thumbnail wp-image-37739\" src=\"https:\/\/explora.cl\/nuble\/wp-content\/uploads\/sites\/10\/2025\/08\/Fotos-Ceremonia-diplomas27-150x150.jpg\" alt=\"\" width=\"150\" height=\"150\" srcset=\"https:\/\/explora.cl\/nuble\/wp-content\/uploads\/sites\/10\/2025\/08\/Fotos-Ceremonia-diplomas27-150x150.jpg 150w, https:\/\/explora.cl\/nuble\/wp-content\/uploads\/sites\/10\/2025\/08\/Fotos-Ceremonia-diplomas27-60x60.jpg 60w\" sizes=\"(max-width: 150px) 100vw, 150px\" \/><\/a> <a href=\"https:\/\/explora.cl\/nuble\/wp-content\/uploads\/sites\/10\/2025\/08\/Fotos-Ceremonia-diplomas28-scaled.jpg\"><img loading=\"lazy\" decoding=\"async\" class=\"alignleft size-thumbnail wp-image-37740\" src=\"https:\/\/explora.cl\/nuble\/wp-content\/uploads\/sites\/10\/2025\/08\/Fotos-Ceremonia-diplomas28-150x150.jpg\" alt=\"\" width=\"150\" height=\"150\" srcset=\"https:\/\/explora.cl\/nuble\/wp-content\/uploads\/sites\/10\/2025\/08\/Fotos-Ceremonia-diplomas28-150x150.jpg 150w, https:\/\/explora.cl\/nuble\/wp-content\/uploads\/sites\/10\/2025\/08\/Fotos-Ceremonia-diplomas28-60x60.jpg 60w\" sizes=\"(max-width: 150px) 100vw, 150px\" \/><\/a> <a href=\"https:\/\/explora.cl\/nuble\/wp-content\/uploads\/sites\/10\/2025\/08\/Fotos-Ceremonia-diplomas29-scaled.jpg\"><img loading=\"lazy\" decoding=\"async\" class=\"alignleft size-thumbnail wp-image-37741\" src=\"https:\/\/explora.cl\/nuble\/wp-content\/uploads\/sites\/10\/2025\/08\/Fotos-Ceremonia-diplomas29-150x150.jpg\" alt=\"\" width=\"150\" height=\"150\" srcset=\"https:\/\/explora.cl\/nuble\/wp-content\/uploads\/sites\/10\/2025\/08\/Fotos-Ceremonia-diplomas29-150x150.jpg 150w, https:\/\/explora.cl\/nuble\/wp-content\/uploads\/sites\/10\/2025\/08\/Fotos-Ceremonia-diplomas29-60x60.jpg 60w\" sizes=\"(max-width: 150px) 100vw, 150px\" \/><\/a> <a href=\"https:\/\/explora.cl\/nuble\/wp-content\/uploads\/sites\/10\/2025\/08\/Fotos-Ceremonia-diplomas30-scaled.jpg\"><img loading=\"lazy\" decoding=\"async\" class=\"alignleft size-thumbnail wp-image-37742\" src=\"https:\/\/explora.cl\/nuble\/wp-content\/uploads\/sites\/10\/2025\/08\/Fotos-Ceremonia-diplomas30-150x150.jpg\" alt=\"\" width=\"150\" height=\"150\" srcset=\"https:\/\/explora.cl\/nuble\/wp-content\/uploads\/sites\/10\/2025\/08\/Fotos-Ceremonia-diplomas30-150x150.jpg 150w, https:\/\/explora.cl\/nuble\/wp-content\/uploads\/sites\/10\/2025\/08\/Fotos-Ceremonia-diplomas30-60x60.jpg 60w\" sizes=\"(max-width: 150px) 100vw, 150px\" \/><\/a> <a href=\"https:\/\/explora.cl\/nuble\/wp-content\/uploads\/sites\/10\/2025\/08\/Fotos-Ceremonia-diplomas31-scaled.jpg\"><img loading=\"lazy\" decoding=\"async\" class=\"alignleft size-thumbnail wp-image-37743\" src=\"https:\/\/explora.cl\/nuble\/wp-content\/uploads\/sites\/10\/2025\/08\/Fotos-Ceremonia-diplomas31-150x150.jpg\" alt=\"\" width=\"150\" height=\"150\" srcset=\"https:\/\/explora.cl\/nuble\/wp-content\/uploads\/sites\/10\/2025\/08\/Fotos-Ceremonia-diplomas31-150x150.jpg 150w, https:\/\/explora.cl\/nuble\/wp-content\/uploads\/sites\/10\/2025\/08\/Fotos-Ceremonia-diplomas31-60x60.jpg 60w\" sizes=\"(max-width: 150px) 100vw, 150px\" \/><\/a> <a href=\"https:\/\/explora.cl\/nuble\/wp-content\/uploads\/sites\/10\/2025\/08\/Fotos-Ceremonia-diplomas32-scaled.jpg\"><img loading=\"lazy\" decoding=\"async\" class=\"alignleft size-thumbnail wp-image-37744\" src=\"https:\/\/explora.cl\/nuble\/wp-content\/uploads\/sites\/10\/2025\/08\/Fotos-Ceremonia-diplomas32-150x150.jpg\" alt=\"\" width=\"150\" height=\"150\" srcset=\"https:\/\/explora.cl\/nuble\/wp-content\/uploads\/sites\/10\/2025\/08\/Fotos-Ceremonia-diplomas32-150x150.jpg 150w, https:\/\/explora.cl\/nuble\/wp-content\/uploads\/sites\/10\/2025\/08\/Fotos-Ceremonia-diplomas32-60x60.jpg 60w\" sizes=\"(max-width: 150px) 100vw, 150px\" \/><\/a> <a href=\"https:\/\/explora.cl\/nuble\/wp-content\/uploads\/sites\/10\/2025\/08\/Fotos-Ceremonia-diplomas33-scaled.jpg\"><img loading=\"lazy\" decoding=\"async\" class=\"alignleft size-thumbnail wp-image-37745\" src=\"https:\/\/explora.cl\/nuble\/wp-content\/uploads\/sites\/10\/2025\/08\/Fotos-Ceremonia-diplomas33-150x150.jpg\" alt=\"\" width=\"150\" height=\"150\" srcset=\"https:\/\/explora.cl\/nuble\/wp-content\/uploads\/sites\/10\/2025\/08\/Fotos-Ceremonia-diplomas33-150x150.jpg 150w, https:\/\/explora.cl\/nuble\/wp-content\/uploads\/sites\/10\/2025\/08\/Fotos-Ceremonia-diplomas33-60x60.jpg 60w\" sizes=\"(max-width: 150px) 100vw, 150px\" \/><\/a> <a href=\"https:\/\/explora.cl\/nuble\/wp-content\/uploads\/sites\/10\/2025\/08\/Fotos-Ceremonia-diplomas34-scaled.jpg\"><img loading=\"lazy\" decoding=\"async\" class=\"alignleft size-thumbnail wp-image-37746\" src=\"https:\/\/explora.cl\/nuble\/wp-content\/uploads\/sites\/10\/2025\/08\/Fotos-Ceremonia-diplomas34-150x150.jpg\" alt=\"\" width=\"150\" height=\"150\" srcset=\"https:\/\/explora.cl\/nuble\/wp-content\/uploads\/sites\/10\/2025\/08\/Fotos-Ceremonia-diplomas34-150x150.jpg 150w, https:\/\/explora.cl\/nuble\/wp-content\/uploads\/sites\/10\/2025\/08\/Fotos-Ceremonia-diplomas34-60x60.jpg 60w\" sizes=\"(max-width: 150px) 100vw, 150px\" \/><\/a> <a href=\"https:\/\/explora.cl\/nuble\/wp-content\/uploads\/sites\/10\/2025\/08\/Fotos-Ceremonia-diplomas35-scaled.jpg\"><img loading=\"lazy\" decoding=\"async\" class=\"alignleft size-thumbnail wp-image-37747\" src=\"https:\/\/explora.cl\/nuble\/wp-content\/uploads\/sites\/10\/2025\/08\/Fotos-Ceremonia-diplomas35-150x150.jpg\" alt=\"\" width=\"150\" height=\"150\" srcset=\"https:\/\/explora.cl\/nuble\/wp-content\/uploads\/sites\/10\/2025\/08\/Fotos-Ceremonia-diplomas35-150x150.jpg 150w, https:\/\/explora.cl\/nuble\/wp-content\/uploads\/sites\/10\/2025\/08\/Fotos-Ceremonia-diplomas35-60x60.jpg 60w\" sizes=\"(max-width: 150px) 100vw, 150px\" \/><\/a> <a href=\"https:\/\/explora.cl\/nuble\/wp-content\/uploads\/sites\/10\/2025\/08\/Fotos-Ceremonia-diplomas36-scaled.jpg\"><img loading=\"lazy\" decoding=\"async\" class=\"alignleft size-thumbnail wp-image-37748\" src=\"https:\/\/explora.cl\/nuble\/wp-content\/uploads\/sites\/10\/2025\/08\/Fotos-Ceremonia-diplomas36-150x150.jpg\" alt=\"\" width=\"150\" height=\"150\" srcset=\"https:\/\/explora.cl\/nuble\/wp-content\/uploads\/sites\/10\/2025\/08\/Fotos-Ceremonia-diplomas36-150x150.jpg 150w, https:\/\/explora.cl\/nuble\/wp-content\/uploads\/sites\/10\/2025\/08\/Fotos-Ceremonia-diplomas36-60x60.jpg 60w\" sizes=\"(max-width: 150px) 100vw, 150px\" \/><\/a><\/p>\n","protected":false},"excerpt":{"rendered":"<p>En el marco del Congreso Regional Explora \u00d1uble 2025, todos los equipos escolares que participaron en la etapa de investigaci\u00f3n e innovaci\u00f3n recibieron un diploma de reconocimiento por su dedicaci\u00f3n y compromiso. La ceremonia destac\u00f3 el rigor con que estudiantes y docentes de distintos establecimientos de \u00d1uble desarrollaron sus proyectos, as\u00ed como la voluntad de [&hellip;]<\/p>\n","protected":false},"author":25,"featured_media":37749,"comment_status":"open","ping_status":"open","sticky":false,"template":"","format":"standard","meta":{"_acf_changed":false,"_exactmetrics_skip_tracking":false,"_exactmetrics_sitenote_active":false,"_exactmetrics_sitenote_note":"","_exactmetrics_sitenote_category":0,"footnotes":"","_links_to":"","_links_to_target":""},"categories":[137,4],"tags":[234,282],"class_list":["post-37712","post","type-post","status-publish","format-standard","has-post-thumbnail","hentry","category-lugar-2","category-noticias","tag-iie","tag-iie-investigacionescolar"],"acf":[],"yoast_head":"<!-- This site is optimized with the Yoast SEO plugin v26.9 - https:\/\/yoast.com\/product\/yoast-seo-wordpress\/ -->\n<title>Entrega de diplomas a equipos de Investigaci\u00f3n e Innovaci\u00f3n Escolar - \u00d1uble<\/title>\n<meta name=\"robots\" content=\"index, follow, max-snippet:-1, max-image-preview:large, max-video-preview:-1\" \/>\n<link rel=\"canonical\" href=\"https:\/\/explora.cl\/nuble\/entrega-de-diplomas-a-equipos-de-investigacion-e-innovacion-escolar\/\" class=\"yoast-seo-meta-tag\" \/>\n<meta property=\"og:locale\" content=\"es_ES\" class=\"yoast-seo-meta-tag\" \/>\n<meta property=\"og:type\" content=\"article\" class=\"yoast-seo-meta-tag\" \/>\n<meta property=\"og:title\" content=\"Entrega de diplomas a equipos de Investigaci\u00f3n e Innovaci\u00f3n Escolar - \u00d1uble\" class=\"yoast-seo-meta-tag\" \/>\n<meta property=\"og:description\" content=\"En el marco del Congreso Regional Explora \u00d1uble 2025, todos los equipos escolares que participaron en la etapa de investigaci\u00f3n e innovaci\u00f3n recibieron un diploma de reconocimiento por su dedicaci\u00f3n y compromiso. La ceremonia destac\u00f3 el rigor con que estudiantes y docentes de distintos establecimientos de \u00d1uble desarrollaron sus proyectos, as\u00ed como la voluntad de [&hellip;]\" class=\"yoast-seo-meta-tag\" \/>\n<meta property=\"og:url\" content=\"https:\/\/explora.cl\/nuble\/entrega-de-diplomas-a-equipos-de-investigacion-e-innovacion-escolar\/\" class=\"yoast-seo-meta-tag\" \/>\n<meta property=\"og:site_name\" content=\"\u00d1uble\" class=\"yoast-seo-meta-tag\" \/>\n<meta property=\"article:published_time\" content=\"2025-08-29T14:04:27+00:00\" class=\"yoast-seo-meta-tag\" \/>\n<meta property=\"og:image\" content=\"https:\/\/explora.cl\/nuble\/wp-content\/uploads\/sites\/10\/2025\/08\/Congreso-Regional2-1-scaled.jpg\" class=\"yoast-seo-meta-tag\" \/>\n\t<meta property=\"og:image:width\" content=\"2560\" class=\"yoast-seo-meta-tag\" \/>\n\t<meta property=\"og:image:height\" content=\"1441\" class=\"yoast-seo-meta-tag\" \/>\n\t<meta property=\"og:image:type\" content=\"image\/jpeg\" class=\"yoast-seo-meta-tag\" \/>\n<meta name=\"author\" content=\"cbeltran\" class=\"yoast-seo-meta-tag\" \/>\n<meta name=\"twitter:card\" content=\"summary_large_image\" class=\"yoast-seo-meta-tag\" \/>\n<meta name=\"twitter:label1\" content=\"Escrito por\" class=\"yoast-seo-meta-tag\" \/>\n\t<meta name=\"twitter:data1\" content=\"cbeltran\" class=\"yoast-seo-meta-tag\" \/>\n\t<meta name=\"twitter:label2\" content=\"Tiempo estimado de lectura\" class=\"yoast-seo-meta-tag\" \/>\n\t<meta name=\"twitter:data2\" content=\"8 minutos\" class=\"yoast-seo-meta-tag\" \/>\n<script type=\"application\/ld+json\" class=\"yoast-schema-graph\">{\"@context\":\"https:\/\/schema.org\",\"@graph\":[{\"@type\":\"Article\",\"@id\":\"https:\/\/explora.cl\/nuble\/entrega-de-diplomas-a-equipos-de-investigacion-e-innovacion-escolar\/#article\",\"isPartOf\":{\"@id\":\"https:\/\/explora.cl\/nuble\/entrega-de-diplomas-a-equipos-de-investigacion-e-innovacion-escolar\/\"},\"author\":{\"name\":\"cbeltran\",\"@id\":\"https:\/\/explora.cl\/nuble\/#\/schema\/person\/f611679f39b55ae7cdea76bc915b056e\"},\"headline\":\"Entrega de diplomas a equipos de Investigaci\u00f3n e Innovaci\u00f3n Escolar\",\"datePublished\":\"2025-08-29T14:04:27+00:00\",\"mainEntityOfPage\":{\"@id\":\"https:\/\/explora.cl\/nuble\/entrega-de-diplomas-a-equipos-de-investigacion-e-innovacion-escolar\/\"},\"wordCount\":129,\"commentCount\":0,\"image\":{\"@id\":\"https:\/\/explora.cl\/nuble\/entrega-de-diplomas-a-equipos-de-investigacion-e-innovacion-escolar\/#primaryimage\"},\"thumbnailUrl\":\"https:\/\/explora.cl\/nuble\/wp-content\/uploads\/sites\/10\/2025\/08\/Congreso-Regional2-1-scaled.jpg\",\"keywords\":[\"#IIE\",\"#IIE #Investigaci\u00f3nEscolar\"],\"articleSection\":[\"Lugar 2\",\"Noticias\"],\"inLanguage\":\"es-CL\",\"potentialAction\":[{\"@type\":\"CommentAction\",\"name\":\"Comment\",\"target\":[\"https:\/\/explora.cl\/nuble\/entrega-de-diplomas-a-equipos-de-investigacion-e-innovacion-escolar\/#respond\"]}]},{\"@type\":\"WebPage\",\"@id\":\"https:\/\/explora.cl\/nuble\/entrega-de-diplomas-a-equipos-de-investigacion-e-innovacion-escolar\/\",\"url\":\"https:\/\/explora.cl\/nuble\/entrega-de-diplomas-a-equipos-de-investigacion-e-innovacion-escolar\/\",\"name\":\"Entrega de diplomas a equipos de Investigaci\u00f3n e Innovaci\u00f3n Escolar - \u00d1uble\",\"isPartOf\":{\"@id\":\"https:\/\/explora.cl\/nuble\/#website\"},\"primaryImageOfPage\":{\"@id\":\"https:\/\/explora.cl\/nuble\/entrega-de-diplomas-a-equipos-de-investigacion-e-innovacion-escolar\/#primaryimage\"},\"image\":{\"@id\":\"https:\/\/explora.cl\/nuble\/entrega-de-diplomas-a-equipos-de-investigacion-e-innovacion-escolar\/#primaryimage\"},\"thumbnailUrl\":\"https:\/\/explora.cl\/nuble\/wp-content\/uploads\/sites\/10\/2025\/08\/Congreso-Regional2-1-scaled.jpg\",\"datePublished\":\"2025-08-29T14:04:27+00:00\",\"author\":{\"@id\":\"https:\/\/explora.cl\/nuble\/#\/schema\/person\/f611679f39b55ae7cdea76bc915b056e\"},\"breadcrumb\":{\"@id\":\"https:\/\/explora.cl\/nuble\/entrega-de-diplomas-a-equipos-de-investigacion-e-innovacion-escolar\/#breadcrumb\"},\"inLanguage\":\"es-CL\",\"potentialAction\":[{\"@type\":\"ReadAction\",\"target\":[\"https:\/\/explora.cl\/nuble\/entrega-de-diplomas-a-equipos-de-investigacion-e-innovacion-escolar\/\"]}]},{\"@type\":\"ImageObject\",\"inLanguage\":\"es-CL\",\"@id\":\"https:\/\/explora.cl\/nuble\/entrega-de-diplomas-a-equipos-de-investigacion-e-innovacion-escolar\/#primaryimage\",\"url\":\"https:\/\/explora.cl\/nuble\/wp-content\/uploads\/sites\/10\/2025\/08\/Congreso-Regional2-1-scaled.jpg\",\"contentUrl\":\"https:\/\/explora.cl\/nuble\/wp-content\/uploads\/sites\/10\/2025\/08\/Congreso-Regional2-1-scaled.jpg\",\"width\":2560,\"height\":1441},{\"@type\":\"BreadcrumbList\",\"@id\":\"https:\/\/explora.cl\/nuble\/entrega-de-diplomas-a-equipos-de-investigacion-e-innovacion-escolar\/#breadcrumb\",\"itemListElement\":[{\"@type\":\"ListItem\",\"position\":1,\"name\":\"Portada\",\"item\":\"https:\/\/explora.cl\/nuble\/\"},{\"@type\":\"ListItem\",\"position\":2,\"name\":\"Entrega de diplomas a equipos de Investigaci\u00f3n e Innovaci\u00f3n Escolar\"}]},{\"@type\":\"WebSite\",\"@id\":\"https:\/\/explora.cl\/nuble\/#website\",\"url\":\"https:\/\/explora.cl\/nuble\/\",\"name\":\"\u00d1uble\",\"description\":\"Otro sitio m\u00e1s de explora.cl\",\"potentialAction\":[{\"@type\":\"SearchAction\",\"target\":{\"@type\":\"EntryPoint\",\"urlTemplate\":\"https:\/\/explora.cl\/nuble\/?s={search_term_string}\"},\"query-input\":{\"@type\":\"PropertyValueSpecification\",\"valueRequired\":true,\"valueName\":\"search_term_string\"}}],\"inLanguage\":\"es-CL\"},{\"@type\":\"Person\",\"@id\":\"https:\/\/explora.cl\/nuble\/#\/schema\/person\/f611679f39b55ae7cdea76bc915b056e\",\"name\":\"cbeltran\",\"image\":{\"@type\":\"ImageObject\",\"inLanguage\":\"es-CL\",\"@id\":\"https:\/\/explora.cl\/nuble\/#\/schema\/person\/image\/\",\"url\":\"https:\/\/secure.gravatar.com\/avatar\/fde624b0b0faed85e420465a1cdb73a02c199b16b1d2d6bfe0a82b9ba438afbd?s=96&d=mm&r=g\",\"contentUrl\":\"https:\/\/secure.gravatar.com\/avatar\/fde624b0b0faed85e420465a1cdb73a02c199b16b1d2d6bfe0a82b9ba438afbd?s=96&d=mm&r=g\",\"caption\":\"cbeltran\"},\"url\":\"https:\/\/explora.cl\/nuble\/author\/cbeltran\/\"}]}<\/script>\n<!-- \/ Yoast SEO plugin. -->","yoast_head_json":{"title":"Entrega de diplomas a equipos de Investigaci\u00f3n e Innovaci\u00f3n Escolar - \u00d1uble","robots":{"index":"index","follow":"follow","max-snippet":"max-snippet:-1","max-image-preview":"max-image-preview:large","max-video-preview":"max-video-preview:-1"},"canonical":"https:\/\/explora.cl\/nuble\/entrega-de-diplomas-a-equipos-de-investigacion-e-innovacion-escolar\/","og_locale":"es_ES","og_type":"article","og_title":"Entrega de diplomas a equipos de Investigaci\u00f3n e Innovaci\u00f3n Escolar - \u00d1uble","og_description":"En el marco del Congreso Regional Explora \u00d1uble 2025, todos los equipos escolares que participaron en la etapa de investigaci\u00f3n e innovaci\u00f3n recibieron un diploma de reconocimiento por su dedicaci\u00f3n y compromiso. La ceremonia destac\u00f3 el rigor con que estudiantes y docentes de distintos establecimientos de \u00d1uble desarrollaron sus proyectos, as\u00ed como la voluntad de [&hellip;]","og_url":"https:\/\/explora.cl\/nuble\/entrega-de-diplomas-a-equipos-de-investigacion-e-innovacion-escolar\/","og_site_name":"\u00d1uble","article_published_time":"2025-08-29T14:04:27+00:00","og_image":[{"width":2560,"height":1441,"url":"https:\/\/explora.cl\/nuble\/wp-content\/uploads\/sites\/10\/2025\/08\/Congreso-Regional2-1-scaled.jpg","type":"image\/jpeg"}],"author":"cbeltran","twitter_card":"summary_large_image","twitter_misc":{"Escrito por":"cbeltran","Tiempo estimado de lectura":"8 minutos"},"schema":{"@context":"https:\/\/schema.org","@graph":[{"@type":"Article","@id":"https:\/\/explora.cl\/nuble\/entrega-de-diplomas-a-equipos-de-investigacion-e-innovacion-escolar\/#article","isPartOf":{"@id":"https:\/\/explora.cl\/nuble\/entrega-de-diplomas-a-equipos-de-investigacion-e-innovacion-escolar\/"},"author":{"name":"cbeltran","@id":"https:\/\/explora.cl\/nuble\/#\/schema\/person\/f611679f39b55ae7cdea76bc915b056e"},"headline":"Entrega de diplomas a equipos de Investigaci\u00f3n e Innovaci\u00f3n Escolar","datePublished":"2025-08-29T14:04:27+00:00","mainEntityOfPage":{"@id":"https:\/\/explora.cl\/nuble\/entrega-de-diplomas-a-equipos-de-investigacion-e-innovacion-escolar\/"},"wordCount":129,"commentCount":0,"image":{"@id":"https:\/\/explora.cl\/nuble\/entrega-de-diplomas-a-equipos-de-investigacion-e-innovacion-escolar\/#primaryimage"},"thumbnailUrl":"https:\/\/explora.cl\/nuble\/wp-content\/uploads\/sites\/10\/2025\/08\/Congreso-Regional2-1-scaled.jpg","keywords":["#IIE","#IIE #Investigaci\u00f3nEscolar"],"articleSection":["Lugar 2","Noticias"],"inLanguage":"es-CL","potentialAction":[{"@type":"CommentAction","name":"Comment","target":["https:\/\/explora.cl\/nuble\/entrega-de-diplomas-a-equipos-de-investigacion-e-innovacion-escolar\/#respond"]}]},{"@type":"WebPage","@id":"https:\/\/explora.cl\/nuble\/entrega-de-diplomas-a-equipos-de-investigacion-e-innovacion-escolar\/","url":"https:\/\/explora.cl\/nuble\/entrega-de-diplomas-a-equipos-de-investigacion-e-innovacion-escolar\/","name":"Entrega de diplomas a equipos de Investigaci\u00f3n e Innovaci\u00f3n Escolar - \u00d1uble","isPartOf":{"@id":"https:\/\/explora.cl\/nuble\/#website"},"primaryImageOfPage":{"@id":"https:\/\/explora.cl\/nuble\/entrega-de-diplomas-a-equipos-de-investigacion-e-innovacion-escolar\/#primaryimage"},"image":{"@id":"https:\/\/explora.cl\/nuble\/entrega-de-diplomas-a-equipos-de-investigacion-e-innovacion-escolar\/#primaryimage"},"thumbnailUrl":"https:\/\/explora.cl\/nuble\/wp-content\/uploads\/sites\/10\/2025\/08\/Congreso-Regional2-1-scaled.jpg","datePublished":"2025-08-29T14:04:27+00:00","author":{"@id":"https:\/\/explora.cl\/nuble\/#\/schema\/person\/f611679f39b55ae7cdea76bc915b056e"},"breadcrumb":{"@id":"https:\/\/explora.cl\/nuble\/entrega-de-diplomas-a-equipos-de-investigacion-e-innovacion-escolar\/#breadcrumb"},"inLanguage":"es-CL","potentialAction":[{"@type":"ReadAction","target":["https:\/\/explora.cl\/nuble\/entrega-de-diplomas-a-equipos-de-investigacion-e-innovacion-escolar\/"]}]},{"@type":"ImageObject","inLanguage":"es-CL","@id":"https:\/\/explora.cl\/nuble\/entrega-de-diplomas-a-equipos-de-investigacion-e-innovacion-escolar\/#primaryimage","url":"https:\/\/explora.cl\/nuble\/wp-content\/uploads\/sites\/10\/2025\/08\/Congreso-Regional2-1-scaled.jpg","contentUrl":"https:\/\/explora.cl\/nuble\/wp-content\/uploads\/sites\/10\/2025\/08\/Congreso-Regional2-1-scaled.jpg","width":2560,"height":1441},{"@type":"BreadcrumbList","@id":"https:\/\/explora.cl\/nuble\/entrega-de-diplomas-a-equipos-de-investigacion-e-innovacion-escolar\/#breadcrumb","itemListElement":[{"@type":"ListItem","position":1,"name":"Portada","item":"https:\/\/explora.cl\/nuble\/"},{"@type":"ListItem","position":2,"name":"Entrega de diplomas a equipos de Investigaci\u00f3n e Innovaci\u00f3n Escolar"}]},{"@type":"WebSite","@id":"https:\/\/explora.cl\/nuble\/#website","url":"https:\/\/explora.cl\/nuble\/","name":"\u00d1uble","description":"Otro sitio m\u00e1s de explora.cl","potentialAction":[{"@type":"SearchAction","target":{"@type":"EntryPoint","urlTemplate":"https:\/\/explora.cl\/nuble\/?s={search_term_string}"},"query-input":{"@type":"PropertyValueSpecification","valueRequired":true,"valueName":"search_term_string"}}],"inLanguage":"es-CL"},{"@type":"Person","@id":"https:\/\/explora.cl\/nuble\/#\/schema\/person\/f611679f39b55ae7cdea76bc915b056e","name":"cbeltran","image":{"@type":"ImageObject","inLanguage":"es-CL","@id":"https:\/\/explora.cl\/nuble\/#\/schema\/person\/image\/","url":"https:\/\/secure.gravatar.com\/avatar\/fde624b0b0faed85e420465a1cdb73a02c199b16b1d2d6bfe0a82b9ba438afbd?s=96&d=mm&r=g","contentUrl":"https:\/\/secure.gravatar.com\/avatar\/fde624b0b0faed85e420465a1cdb73a02c199b16b1d2d6bfe0a82b9ba438afbd?s=96&d=mm&r=g","caption":"cbeltran"},"url":"https:\/\/explora.cl\/nuble\/author\/cbeltran\/"}]}},"_links":{"self":[{"href":"https:\/\/explora.cl\/nuble\/wp-json\/wp\/v2\/posts\/37712","targetHints":{"allow":["GET"]}}],"collection":[{"href":"https:\/\/explora.cl\/nuble\/wp-json\/wp\/v2\/posts"}],"about":[{"href":"https:\/\/explora.cl\/nuble\/wp-json\/wp\/v2\/types\/post"}],"author":[{"embeddable":true,"href":"https:\/\/explora.cl\/nuble\/wp-json\/wp\/v2\/users\/25"}],"replies":[{"embeddable":true,"href":"https:\/\/explora.cl\/nuble\/wp-json\/wp\/v2\/comments?post=37712"}],"version-history":[{"count":2,"href":"https:\/\/explora.cl\/nuble\/wp-json\/wp\/v2\/posts\/37712\/revisions"}],"predecessor-version":[{"id":37751,"href":"https:\/\/explora.cl\/nuble\/wp-json\/wp\/v2\/posts\/37712\/revisions\/37751"}],"wp:featuredmedia":[{"embeddable":true,"href":"https:\/\/explora.cl\/nuble\/wp-json\/wp\/v2\/media\/37749"}],"wp:attachment":[{"href":"https:\/\/explora.cl\/nuble\/wp-json\/wp\/v2\/media?parent=37712"}],"wp:term":[{"taxonomy":"category","embeddable":true,"href":"https:\/\/explora.cl\/nuble\/wp-json\/wp\/v2\/categories?post=37712"},{"taxonomy":"post_tag","embeddable":true,"href":"https:\/\/explora.cl\/nuble\/wp-json\/wp\/v2\/tags?post=37712"}],"curies":[{"name":"wp","href":"https:\/\/api.w.org\/{rel}","templated":true}]}}