{"id":34659,"date":"2020-11-06T12:11:21","date_gmt":"2020-11-06T15:11:21","guid":{"rendered":"https:\/\/explora.cl\/nuble\/?p=34659"},"modified":"2020-11-19T14:04:21","modified_gmt":"2020-11-19T17:04:21","slug":"columna-de-opinion-la-ciencia-de-las-redes","status":"publish","type":"post","link":"https:\/\/explora.cl\/nuble\/columna-de-opinion-la-ciencia-de-las-redes\/","title":{"rendered":"Columna de Opini\u00f3n: &#8220;La ciencia de las redes&#8221;"},"content":{"rendered":"<p>Escrita por la Dra. In\u00e9s Figueroa Cares<br \/>\nDirectora del PAR Explora \u00d1uble<br \/>\nDocente de la Facultad de Agronom\u00eda, UdeC.<\/p>\n<p>Siete meses m\u00e1s tarde de la entrada en vigencia de la Regi\u00f3n de \u00d1uble, comenz\u00f3 la ejecuci\u00f3n del Proyecto Asociativo Regional, PAR, Explora \u00d1uble a cargo del Campus Chill\u00e1n de la Universidad de Concepci\u00f3n, financiado por el Ministerio de Ciencia, Tecnolog\u00eda, Conocimiento e Innovaci\u00f3n para contribuir al desarrollo de una cultura cient\u00edfica tecnol\u00f3gica en las provincias de Punilla, Itata y Diguill\u00edn a trav\u00e9s de iniciativas que promueven la valoraci\u00f3n y divulgaci\u00f3n de las ciencias, las artes y las tecnolog\u00edas en la comunidad escolar y general.<\/p>\n<p>El \u00e9xito en el desarrollo de una iniciativa regional como esta, no podr\u00eda lograrse sin la generaci\u00f3n de redes que permitan crear espacios de encuentro entre la comunidad cient\u00edfica, escolar y general, para dar a conocer el valor e impacto que tiene el desarrollo de las ciencias, la tecnolog\u00eda, las artes y las humanidades. Es as\u00ed como se han establecido v\u00ednculos tanto con establecimientos de educaci\u00f3n pre-escolar, b\u00e1sica, media, instituciones de educaci\u00f3n superior, como con instituciones de investigaci\u00f3n y organizaciones p\u00fablicas y privadas.<\/p>\n<p>La importancia de la generaci\u00f3n de redes y de la asociatividad con instituciones p\u00fablicas y privadas, vinculadas al quehacer cient\u00edfico tecnol\u00f3gico, radica en los objetivos compartidos de propiciar el encuentro entre la ciudadan\u00eda y el mundo de la ciencia y la tecnolog\u00eda y de apoyar trayectorias formativas de ni\u00f1os, ni\u00f1as y j\u00f3venes con inter\u00e9s las diversas \u00e1reas de investigaci\u00f3n.<\/p>\n<p>En este contexto, cabe destacar en la Regi\u00f3n de \u00d1uble la conformaci\u00f3n de la Mesa de Instituciones de Educaci\u00f3n Superior, integrada por la Universidad de Concepci\u00f3n, Universidad del B\u00edo-B\u00edo, Universidad Cat\u00f3lica de la Sant\u00edsima Concepci\u00f3n, Universidad Adventista de Chile, INACAP, Instituto Profesional Santo Tom\u00e1s e Instituto Profesional Virginio G\u00f3mez, con el objetivo de elaborar una propuestas de investigaci\u00f3n, desarrollo, innovaci\u00f3n y emprendimiento, lo cual evidencia la voluntad de contribuir en forma conjunta, al crecimiento y desarrollo sustentable de zona.<\/p>\n<p>Desde el 11 al 15 de noviembre se realizar\u00e1 el Festival de la Ciencia, FECI. El \u00a0que permitir\u00e1 conectar a la comunidad en general con avances cient\u00edficos y tecnol\u00f3gicos, as\u00ed como tambi\u00e9n permitir\u00e1 generar un espacio de encuentro sociocultural que en conjunto propenden al desarrollo de la regi\u00f3n. Gracias a la colaboraci\u00f3n de INIA Quilamapu, CRHIAM, UnACh, Facultad de Ingenier\u00eda Agr\u00edcola, ProChile, CATA, Masisa S.A., Teatro Inclusivo La Cuchara, DAEM de Chill\u00e1n, Teatro Municipal de Chill\u00e1n, Mesa Regional de la Mujer Rural de \u00d1uble, Seremi de la Mujer y equidad de G\u00e9nero y Seremi de Desarrollo Social la comunidad de las 21 comunas de \u00d1uble podr\u00e1 ser parte de las actividades \u00a0a trav\u00e9s de sus dispositivos m\u00f3viles.<\/p>\n<p>La invitaci\u00f3n es a participar de esta programaci\u00f3n online y promover la curiosidad como el veh\u00edculo de desarrollo de las diversas \u00e1reas del conocimiento. M\u00e1s informaci\u00f3n en <a href=\"https:\/\/explora.cl\/nuble\">explora.cl\/nuble<\/a> \u00a1\u00d1uble cuna\u00a0 de h\u00e9roes, artistas y ahora cient\u00edficos y cient\u00edficas!<\/p>\n","protected":false},"excerpt":{"rendered":"<p>Escrita por la Dra. In\u00e9s Figueroa Cares Directora del PAR Explora \u00d1uble Docente de la Facultad de Agronom\u00eda, UdeC. Siete meses m\u00e1s tarde de la entrada en vigencia de la Regi\u00f3n de \u00d1uble, comenz\u00f3 la ejecuci\u00f3n del Proyecto Asociativo Regional, PAR, Explora \u00d1uble a cargo del Campus Chill\u00e1n de la Universidad de Concepci\u00f3n, financiado por [&hellip;]<\/p>\n","protected":false},"author":25,"featured_media":34662,"comment_status":"open","ping_status":"open","sticky":false,"template":"","format":"standard","meta":{"_acf_changed":false,"_exactmetrics_skip_tracking":false,"_exactmetrics_sitenote_active":false,"_exactmetrics_sitenote_note":"","_exactmetrics_sitenote_category":0,"footnotes":"","_links_to":"","_links_to_target":""},"categories":[143,4],"tags":[220],"class_list":["post-34659","post","type-post","status-publish","format-standard","has-post-thumbnail","hentry","category-lugar-8","category-noticias","tag-feci-festivaldelaciencia-exploranuble"],"acf":[],"yoast_head":"<!-- This site is optimized with the Yoast SEO plugin v26.9 - https:\/\/yoast.com\/product\/yoast-seo-wordpress\/ -->\n<title>Columna de Opini\u00f3n: &quot;La ciencia de las redes&quot; - \u00d1uble<\/title>\n<meta name=\"robots\" content=\"index, follow, max-snippet:-1, max-image-preview:large, max-video-preview:-1\" \/>\n<link rel=\"canonical\" href=\"https:\/\/explora.cl\/nuble\/columna-de-opinion-la-ciencia-de-las-redes\/\" class=\"yoast-seo-meta-tag\" \/>\n<meta property=\"og:locale\" content=\"es_ES\" class=\"yoast-seo-meta-tag\" \/>\n<meta property=\"og:type\" content=\"article\" class=\"yoast-seo-meta-tag\" \/>\n<meta property=\"og:title\" content=\"Columna de Opini\u00f3n: &quot;La ciencia de las redes&quot; - \u00d1uble\" class=\"yoast-seo-meta-tag\" \/>\n<meta property=\"og:description\" content=\"Escrita por la Dra. In\u00e9s Figueroa Cares Directora del PAR Explora \u00d1uble Docente de la Facultad de Agronom\u00eda, UdeC. Siete meses m\u00e1s tarde de la entrada en vigencia de la Regi\u00f3n de \u00d1uble, comenz\u00f3 la ejecuci\u00f3n del Proyecto Asociativo Regional, PAR, Explora \u00d1uble a cargo del Campus Chill\u00e1n de la Universidad de Concepci\u00f3n, financiado por [&hellip;]\" class=\"yoast-seo-meta-tag\" \/>\n<meta property=\"og:url\" content=\"https:\/\/explora.cl\/nuble\/columna-de-opinion-la-ciencia-de-las-redes\/\" class=\"yoast-seo-meta-tag\" \/>\n<meta property=\"og:site_name\" content=\"\u00d1uble\" class=\"yoast-seo-meta-tag\" \/>\n<meta property=\"article:published_time\" content=\"2020-11-06T15:11:21+00:00\" class=\"yoast-seo-meta-tag\" \/>\n<meta property=\"article:modified_time\" content=\"2020-11-19T17:04:21+00:00\" class=\"yoast-seo-meta-tag\" \/>\n<meta property=\"og:image\" content=\"https:\/\/explora.cl\/nuble\/wp-content\/uploads\/sites\/10\/2020\/11\/Dra.-In\u00e9s-Figueroa-directora-PAR-Explora-\u00d1uble--963x1024.jpg\" class=\"yoast-seo-meta-tag\" \/>\n\t<meta property=\"og:image:width\" content=\"963\" class=\"yoast-seo-meta-tag\" \/>\n\t<meta property=\"og:image:height\" content=\"1024\" class=\"yoast-seo-meta-tag\" \/>\n\t<meta property=\"og:image:type\" content=\"image\/jpeg\" class=\"yoast-seo-meta-tag\" \/>\n<meta name=\"author\" content=\"cbeltran\" class=\"yoast-seo-meta-tag\" \/>\n<meta name=\"twitter:card\" content=\"summary_large_image\" class=\"yoast-seo-meta-tag\" \/>\n<meta name=\"twitter:label1\" content=\"Escrito por\" class=\"yoast-seo-meta-tag\" \/>\n\t<meta name=\"twitter:data1\" content=\"cbeltran\" class=\"yoast-seo-meta-tag\" \/>\n\t<meta name=\"twitter:label2\" content=\"Tiempo estimado de lectura\" class=\"yoast-seo-meta-tag\" \/>\n\t<meta name=\"twitter:data2\" content=\"3 minutos\" class=\"yoast-seo-meta-tag\" \/>\n<script type=\"application\/ld+json\" class=\"yoast-schema-graph\">{\"@context\":\"https:\/\/schema.org\",\"@graph\":[{\"@type\":\"Article\",\"@id\":\"https:\/\/explora.cl\/nuble\/columna-de-opinion-la-ciencia-de-las-redes\/#article\",\"isPartOf\":{\"@id\":\"https:\/\/explora.cl\/nuble\/columna-de-opinion-la-ciencia-de-las-redes\/\"},\"author\":{\"name\":\"cbeltran\",\"@id\":\"https:\/\/explora.cl\/nuble\/#\/schema\/person\/f611679f39b55ae7cdea76bc915b056e\"},\"headline\":\"Columna de Opini\u00f3n: &#8220;La ciencia de las redes&#8221;\",\"datePublished\":\"2020-11-06T15:11:21+00:00\",\"dateModified\":\"2020-11-19T17:04:21+00:00\",\"mainEntityOfPage\":{\"@id\":\"https:\/\/explora.cl\/nuble\/columna-de-opinion-la-ciencia-de-las-redes\/\"},\"wordCount\":559,\"commentCount\":0,\"image\":{\"@id\":\"https:\/\/explora.cl\/nuble\/columna-de-opinion-la-ciencia-de-las-redes\/#primaryimage\"},\"thumbnailUrl\":\"https:\/\/explora.cl\/nuble\/wp-content\/uploads\/sites\/10\/2020\/11\/Dra.-In\u00e9s-Figueroa-directora-PAR-Explora-\u00d1uble-.jpg\",\"keywords\":[\"#FECI #FestivalDeLaCiencia #Explora\u00d1uble\"],\"articleSection\":[\"Lugar 8\",\"Noticias\"],\"inLanguage\":\"es-CL\",\"potentialAction\":[{\"@type\":\"CommentAction\",\"name\":\"Comment\",\"target\":[\"https:\/\/explora.cl\/nuble\/columna-de-opinion-la-ciencia-de-las-redes\/#respond\"]}]},{\"@type\":\"WebPage\",\"@id\":\"https:\/\/explora.cl\/nuble\/columna-de-opinion-la-ciencia-de-las-redes\/\",\"url\":\"https:\/\/explora.cl\/nuble\/columna-de-opinion-la-ciencia-de-las-redes\/\",\"name\":\"Columna de Opini\u00f3n: \\\"La ciencia de las redes\\\" - \u00d1uble\",\"isPartOf\":{\"@id\":\"https:\/\/explora.cl\/nuble\/#website\"},\"primaryImageOfPage\":{\"@id\":\"https:\/\/explora.cl\/nuble\/columna-de-opinion-la-ciencia-de-las-redes\/#primaryimage\"},\"image\":{\"@id\":\"https:\/\/explora.cl\/nuble\/columna-de-opinion-la-ciencia-de-las-redes\/#primaryimage\"},\"thumbnailUrl\":\"https:\/\/explora.cl\/nuble\/wp-content\/uploads\/sites\/10\/2020\/11\/Dra.-In\u00e9s-Figueroa-directora-PAR-Explora-\u00d1uble-.jpg\",\"datePublished\":\"2020-11-06T15:11:21+00:00\",\"dateModified\":\"2020-11-19T17:04:21+00:00\",\"author\":{\"@id\":\"https:\/\/explora.cl\/nuble\/#\/schema\/person\/f611679f39b55ae7cdea76bc915b056e\"},\"breadcrumb\":{\"@id\":\"https:\/\/explora.cl\/nuble\/columna-de-opinion-la-ciencia-de-las-redes\/#breadcrumb\"},\"inLanguage\":\"es-CL\",\"potentialAction\":[{\"@type\":\"ReadAction\",\"target\":[\"https:\/\/explora.cl\/nuble\/columna-de-opinion-la-ciencia-de-las-redes\/\"]}]},{\"@type\":\"ImageObject\",\"inLanguage\":\"es-CL\",\"@id\":\"https:\/\/explora.cl\/nuble\/columna-de-opinion-la-ciencia-de-las-redes\/#primaryimage\",\"url\":\"https:\/\/explora.cl\/nuble\/wp-content\/uploads\/sites\/10\/2020\/11\/Dra.-In\u00e9s-Figueroa-directora-PAR-Explora-\u00d1uble-.jpg\",\"contentUrl\":\"https:\/\/explora.cl\/nuble\/wp-content\/uploads\/sites\/10\/2020\/11\/Dra.-In\u00e9s-Figueroa-directora-PAR-Explora-\u00d1uble-.jpg\",\"width\":3456,\"height\":3676},{\"@type\":\"BreadcrumbList\",\"@id\":\"https:\/\/explora.cl\/nuble\/columna-de-opinion-la-ciencia-de-las-redes\/#breadcrumb\",\"itemListElement\":[{\"@type\":\"ListItem\",\"position\":1,\"name\":\"Portada\",\"item\":\"https:\/\/explora.cl\/nuble\/\"},{\"@type\":\"ListItem\",\"position\":2,\"name\":\"Columna de Opini\u00f3n: &#8220;La ciencia de las redes&#8221;\"}]},{\"@type\":\"WebSite\",\"@id\":\"https:\/\/explora.cl\/nuble\/#website\",\"url\":\"https:\/\/explora.cl\/nuble\/\",\"name\":\"\u00d1uble\",\"description\":\"Otro sitio m\u00e1s de explora.cl\",\"potentialAction\":[{\"@type\":\"SearchAction\",\"target\":{\"@type\":\"EntryPoint\",\"urlTemplate\":\"https:\/\/explora.cl\/nuble\/?s={search_term_string}\"},\"query-input\":{\"@type\":\"PropertyValueSpecification\",\"valueRequired\":true,\"valueName\":\"search_term_string\"}}],\"inLanguage\":\"es-CL\"},{\"@type\":\"Person\",\"@id\":\"https:\/\/explora.cl\/nuble\/#\/schema\/person\/f611679f39b55ae7cdea76bc915b056e\",\"name\":\"cbeltran\",\"image\":{\"@type\":\"ImageObject\",\"inLanguage\":\"es-CL\",\"@id\":\"https:\/\/explora.cl\/nuble\/#\/schema\/person\/image\/\",\"url\":\"https:\/\/secure.gravatar.com\/avatar\/fde624b0b0faed85e420465a1cdb73a02c199b16b1d2d6bfe0a82b9ba438afbd?s=96&d=mm&r=g\",\"contentUrl\":\"https:\/\/secure.gravatar.com\/avatar\/fde624b0b0faed85e420465a1cdb73a02c199b16b1d2d6bfe0a82b9ba438afbd?s=96&d=mm&r=g\",\"caption\":\"cbeltran\"},\"url\":\"https:\/\/explora.cl\/nuble\/author\/cbeltran\/\"}]}<\/script>\n<!-- \/ Yoast SEO plugin. -->","yoast_head_json":{"title":"Columna de Opini\u00f3n: \"La ciencia de las redes\" - \u00d1uble","robots":{"index":"index","follow":"follow","max-snippet":"max-snippet:-1","max-image-preview":"max-image-preview:large","max-video-preview":"max-video-preview:-1"},"canonical":"https:\/\/explora.cl\/nuble\/columna-de-opinion-la-ciencia-de-las-redes\/","og_locale":"es_ES","og_type":"article","og_title":"Columna de Opini\u00f3n: \"La ciencia de las redes\" - \u00d1uble","og_description":"Escrita por la Dra. In\u00e9s Figueroa Cares Directora del PAR Explora \u00d1uble Docente de la Facultad de Agronom\u00eda, UdeC. Siete meses m\u00e1s tarde de la entrada en vigencia de la Regi\u00f3n de \u00d1uble, comenz\u00f3 la ejecuci\u00f3n del Proyecto Asociativo Regional, PAR, Explora \u00d1uble a cargo del Campus Chill\u00e1n de la Universidad de Concepci\u00f3n, financiado por [&hellip;]","og_url":"https:\/\/explora.cl\/nuble\/columna-de-opinion-la-ciencia-de-las-redes\/","og_site_name":"\u00d1uble","article_published_time":"2020-11-06T15:11:21+00:00","article_modified_time":"2020-11-19T17:04:21+00:00","og_image":[{"width":963,"height":1024,"url":"https:\/\/explora.cl\/nuble\/wp-content\/uploads\/sites\/10\/2020\/11\/Dra.-In\u00e9s-Figueroa-directora-PAR-Explora-\u00d1uble--963x1024.jpg","type":"image\/jpeg"}],"author":"cbeltran","twitter_card":"summary_large_image","twitter_misc":{"Escrito por":"cbeltran","Tiempo estimado de lectura":"3 minutos"},"schema":{"@context":"https:\/\/schema.org","@graph":[{"@type":"Article","@id":"https:\/\/explora.cl\/nuble\/columna-de-opinion-la-ciencia-de-las-redes\/#article","isPartOf":{"@id":"https:\/\/explora.cl\/nuble\/columna-de-opinion-la-ciencia-de-las-redes\/"},"author":{"name":"cbeltran","@id":"https:\/\/explora.cl\/nuble\/#\/schema\/person\/f611679f39b55ae7cdea76bc915b056e"},"headline":"Columna de Opini\u00f3n: &#8220;La ciencia de las redes&#8221;","datePublished":"2020-11-06T15:11:21+00:00","dateModified":"2020-11-19T17:04:21+00:00","mainEntityOfPage":{"@id":"https:\/\/explora.cl\/nuble\/columna-de-opinion-la-ciencia-de-las-redes\/"},"wordCount":559,"commentCount":0,"image":{"@id":"https:\/\/explora.cl\/nuble\/columna-de-opinion-la-ciencia-de-las-redes\/#primaryimage"},"thumbnailUrl":"https:\/\/explora.cl\/nuble\/wp-content\/uploads\/sites\/10\/2020\/11\/Dra.-In\u00e9s-Figueroa-directora-PAR-Explora-\u00d1uble-.jpg","keywords":["#FECI #FestivalDeLaCiencia #Explora\u00d1uble"],"articleSection":["Lugar 8","Noticias"],"inLanguage":"es-CL","potentialAction":[{"@type":"CommentAction","name":"Comment","target":["https:\/\/explora.cl\/nuble\/columna-de-opinion-la-ciencia-de-las-redes\/#respond"]}]},{"@type":"WebPage","@id":"https:\/\/explora.cl\/nuble\/columna-de-opinion-la-ciencia-de-las-redes\/","url":"https:\/\/explora.cl\/nuble\/columna-de-opinion-la-ciencia-de-las-redes\/","name":"Columna de Opini\u00f3n: \"La ciencia de las redes\" - \u00d1uble","isPartOf":{"@id":"https:\/\/explora.cl\/nuble\/#website"},"primaryImageOfPage":{"@id":"https:\/\/explora.cl\/nuble\/columna-de-opinion-la-ciencia-de-las-redes\/#primaryimage"},"image":{"@id":"https:\/\/explora.cl\/nuble\/columna-de-opinion-la-ciencia-de-las-redes\/#primaryimage"},"thumbnailUrl":"https:\/\/explora.cl\/nuble\/wp-content\/uploads\/sites\/10\/2020\/11\/Dra.-In\u00e9s-Figueroa-directora-PAR-Explora-\u00d1uble-.jpg","datePublished":"2020-11-06T15:11:21+00:00","dateModified":"2020-11-19T17:04:21+00:00","author":{"@id":"https:\/\/explora.cl\/nuble\/#\/schema\/person\/f611679f39b55ae7cdea76bc915b056e"},"breadcrumb":{"@id":"https:\/\/explora.cl\/nuble\/columna-de-opinion-la-ciencia-de-las-redes\/#breadcrumb"},"inLanguage":"es-CL","potentialAction":[{"@type":"ReadAction","target":["https:\/\/explora.cl\/nuble\/columna-de-opinion-la-ciencia-de-las-redes\/"]}]},{"@type":"ImageObject","inLanguage":"es-CL","@id":"https:\/\/explora.cl\/nuble\/columna-de-opinion-la-ciencia-de-las-redes\/#primaryimage","url":"https:\/\/explora.cl\/nuble\/wp-content\/uploads\/sites\/10\/2020\/11\/Dra.-In\u00e9s-Figueroa-directora-PAR-Explora-\u00d1uble-.jpg","contentUrl":"https:\/\/explora.cl\/nuble\/wp-content\/uploads\/sites\/10\/2020\/11\/Dra.-In\u00e9s-Figueroa-directora-PAR-Explora-\u00d1uble-.jpg","width":3456,"height":3676},{"@type":"BreadcrumbList","@id":"https:\/\/explora.cl\/nuble\/columna-de-opinion-la-ciencia-de-las-redes\/#breadcrumb","itemListElement":[{"@type":"ListItem","position":1,"name":"Portada","item":"https:\/\/explora.cl\/nuble\/"},{"@type":"ListItem","position":2,"name":"Columna de Opini\u00f3n: &#8220;La ciencia de las redes&#8221;"}]},{"@type":"WebSite","@id":"https:\/\/explora.cl\/nuble\/#website","url":"https:\/\/explora.cl\/nuble\/","name":"\u00d1uble","description":"Otro sitio m\u00e1s de explora.cl","potentialAction":[{"@type":"SearchAction","target":{"@type":"EntryPoint","urlTemplate":"https:\/\/explora.cl\/nuble\/?s={search_term_string}"},"query-input":{"@type":"PropertyValueSpecification","valueRequired":true,"valueName":"search_term_string"}}],"inLanguage":"es-CL"},{"@type":"Person","@id":"https:\/\/explora.cl\/nuble\/#\/schema\/person\/f611679f39b55ae7cdea76bc915b056e","name":"cbeltran","image":{"@type":"ImageObject","inLanguage":"es-CL","@id":"https:\/\/explora.cl\/nuble\/#\/schema\/person\/image\/","url":"https:\/\/secure.gravatar.com\/avatar\/fde624b0b0faed85e420465a1cdb73a02c199b16b1d2d6bfe0a82b9ba438afbd?s=96&d=mm&r=g","contentUrl":"https:\/\/secure.gravatar.com\/avatar\/fde624b0b0faed85e420465a1cdb73a02c199b16b1d2d6bfe0a82b9ba438afbd?s=96&d=mm&r=g","caption":"cbeltran"},"url":"https:\/\/explora.cl\/nuble\/author\/cbeltran\/"}]}},"_links":{"self":[{"href":"https:\/\/explora.cl\/nuble\/wp-json\/wp\/v2\/posts\/34659","targetHints":{"allow":["GET"]}}],"collection":[{"href":"https:\/\/explora.cl\/nuble\/wp-json\/wp\/v2\/posts"}],"about":[{"href":"https:\/\/explora.cl\/nuble\/wp-json\/wp\/v2\/types\/post"}],"author":[{"embeddable":true,"href":"https:\/\/explora.cl\/nuble\/wp-json\/wp\/v2\/users\/25"}],"replies":[{"embeddable":true,"href":"https:\/\/explora.cl\/nuble\/wp-json\/wp\/v2\/comments?post=34659"}],"version-history":[{"count":2,"href":"https:\/\/explora.cl\/nuble\/wp-json\/wp\/v2\/posts\/34659\/revisions"}],"predecessor-version":[{"id":34663,"href":"https:\/\/explora.cl\/nuble\/wp-json\/wp\/v2\/posts\/34659\/revisions\/34663"}],"wp:featuredmedia":[{"embeddable":true,"href":"https:\/\/explora.cl\/nuble\/wp-json\/wp\/v2\/media\/34662"}],"wp:attachment":[{"href":"https:\/\/explora.cl\/nuble\/wp-json\/wp\/v2\/media?parent=34659"}],"wp:term":[{"taxonomy":"category","embeddable":true,"href":"https:\/\/explora.cl\/nuble\/wp-json\/wp\/v2\/categories?post=34659"},{"taxonomy":"post_tag","embeddable":true,"href":"https:\/\/explora.cl\/nuble\/wp-json\/wp\/v2\/tags?post=34659"}],"curies":[{"name":"wp","href":"https:\/\/api.w.org\/{rel}","templated":true}]}}