{"id":874,"date":"2014-06-16T19:58:20","date_gmt":"2014-06-16T19:58:20","guid":{"rendered":"https:\/\/explora.cl\/maule\/blog\/2014\/06\/16\/profesores-de-constitucion-y-talca-se-capacitaron-en-metodo-cientifico\/"},"modified":"2019-05-20T18:19:49","modified_gmt":"2019-05-20T18:19:49","slug":"profesores-de-constitucion-y-talca-se-capacitaron-en-metodo-cientifico","status":"publish","type":"post","link":"https:\/\/explora.cl\/maule\/profesores-de-constitucion-y-talca-se-capacitaron-en-metodo-cientifico\/","title":{"rendered":"Profesores de Constituci\u00f3n y Talca se capacitaron en m\u00e9todo cient\u00edfico"},"content":{"rendered":"<p><img fetchpriority=\"high\" decoding=\"async\" class=\" size-full wp-image-3207\" src=\"http:\/\/ec2-34-218-253-251.us-west-2.compute.amazonaws.com\/wp-content\/uploads\/2014\/06\/64726cd81121b00d59d067e49338b3d6.jpg\" alt=\"\" width=\"1024\" height=\"765\" \/><\/p>\n<p><em>Durante dos d\u00edas, docentes de la Regi\u00f3n se capacitaron en la utilizaci\u00f3n del m\u00e9todo cient\u00edfico con enfoque en la investigaci\u00f3n escolar ant\u00e1rtica. La actividad permiti\u00f3 entregar herramientas para generar investigaciones que representen al Maule en la pr\u00f3xima versi\u00f3n de la Feria Ant\u00e1rtica Escolar (FAE), que se desarrollar\u00e1 entre el 6 y 9 de noviembre en Punta Arenas.<\/em><\/p>\n<p>Con una masiva participaci\u00f3n de docentes maulinos se desarrollaron sendos talleres, en Constituci\u00f3n y Talca, de postulaci\u00f3n a la Feria Ant\u00e1rtica Escolar 2014 (FAE). Las capacitaciones fueron dictadas por el Dr. Edgardo Vega, acad\u00e9mico de la Universidad de Concepci\u00f3n (UdeC). La versi\u00f3n maulina se realiz\u00f3 el jueves 12 de junio en la Sede del Proyecto Maule HUB, mientras que en Talca se llev\u00f3 a cabo en el campus de la Universidad de Talca el viernes 13. En la capacitaci\u00f3n participaron 30 profesores de diversas comunas de la Regi\u00f3n del Maule.<\/p>\n<p>El objetivo de los talleres fue ense\u00f1ar a los docentes como utilizar el m\u00e9todo cient\u00edfico para que desarrollen junto a sus estudiantes investigaciones sobre temas ant\u00e1rticos. Adem\u00e1s se explic\u00f3 c\u00f3mo completar el formulario para la postulaci\u00f3n de proyectos tanto en la categor\u00eda experimental como en la bibliogr\u00e1fica.<\/p>\n<p>Para Rodrigo Ram\u00edrez, director del Proyecto EXPLORA CONICYT Maule, las capacitaciones en temas ant\u00e1rticos, responden a una variable de equidad de acceso al conocimiento cient\u00edfico, puesto que permite a los docentes del Maule conocer el continente.\u00a0\u201cNuestros profesores vuelven a sus aulas con mayores herramientas, para que junto a sus estudiantes generen una investigaci\u00f3n que permita llevar al menos un equipo de la Regi\u00f3n del Maule a la Feria Ant\u00e1rtica Escolar en Punta Arenas\u201d, coment\u00f3 Ram\u00edrez.<\/p>\n<p>Por su parte, Edgardo Vega, Coordinador FAE Maule &#8211; B\u00edob\u00edo y docente UdeC, se\u00f1al\u00f3 que la capacitaci\u00f3n permiti\u00f3 empoderar a los profesores sobre c\u00f3mo postular a la Feria Ant\u00e1rtica Escolar. &#8220;<span style=\"line-height: 1.3em\">La idea fue mostrarles los formularios y aportar una serie de elementos para que ellos gu\u00eden la investigaciones de sus estudiante. Vincular la ciencia ant\u00e1rtica es fundamental para la construcci\u00f3n de ciudadanos que asuman la importancia del continente de la paz y de la ciencia para nuestro Pa\u00eds\u201d, indic\u00f3 Vega.<\/span><\/p>\n<p>Una de las acciones innovadoras que se realizar\u00e1n en la Regi\u00f3n son las \u201cPasant\u00edas Ant\u00e1rticas Escolares\u201d. Se trata del trabajo en conjunto entre un docente universitario y los equipos de investigaci\u00f3n escolares. El acad\u00e9mico guiar\u00e1 el trabajo para lograr un mayor desarrollo de la investigaci\u00f3n. El plazo para postular a esta instancia termina el 22 de junio.<\/p>\n<p>Grace Montecino, profesora del Colegio Juan Piamarta de Talca, se\u00f1al\u00f3 que los talleres acercaron el tema ant\u00e1rtico a la realidad local. \u201cMe gustar\u00eda realizar junto a mis estudiantes un trabajo que relacione la especies locales con las ant\u00e1rticas. Por ejemplo relacionar el poder regenerativo del Krill con crust\u00e1ceos de la zona\u201d, explic\u00f3 Montecino. <\/p>\n<p>El proyecto EXPLORA CONICYT Maule en conjunto con el programa Vincularse de la Universidad de Talca, est\u00e1n desarrollando diversas actividades de promoci\u00f3n en la Regi\u00f3n del Maule de la XI Feria Escolar Ant\u00e1rtica (FAE), que se desarrollar\u00e1 el 6 y el 9 de noviembre, en la ciudad de Punta Arenas. El plazo para presentar investigaciones escolares, vence el 5 de septiembre a las 12:00 Horas. Para mayor informaci\u00f3n debe ingresar a la p\u00e1gina web: www.inach.cl\/fae.<\/p>\n","protected":false},"excerpt":{"rendered":"<p>Durante dos d\u00edas, docentes de la Regi\u00f3n se capacitaron en la utilizaci\u00f3n del m\u00e9todo cient\u00edfico con enfoque en la investigaci\u00f3n escolar ant\u00e1rtica. La actividad permiti\u00f3 entregar herramientas para generar investigaciones que representen al Maule en la pr\u00f3xima versi\u00f3n de la Feria Ant\u00e1rtica Escolar (FAE), que se desarrollar\u00e1 entre el 6 y 9 de noviembre en [&hellip;]<\/p>\n","protected":false},"author":2,"featured_media":3207,"comment_status":"closed","ping_status":"open","sticky":false,"template":"","format":"standard","meta":{"_acf_changed":false,"_exactmetrics_skip_tracking":false,"_exactmetrics_sitenote_active":false,"_exactmetrics_sitenote_note":"","_exactmetrics_sitenote_category":0,"footnotes":"","_links_to":"","_links_to_target":""},"categories":[4],"tags":[],"class_list":["post-874","post","type-post","status-publish","format-standard","has-post-thumbnail","hentry","category-noticias"],"acf":[],"yoast_head":"<!-- This site is optimized with the Yoast SEO plugin v26.9 - https:\/\/yoast.com\/product\/yoast-seo-wordpress\/ -->\n<title>Profesores de Constituci\u00f3n y Talca se capacitaron en m\u00e9todo cient\u00edfico - Maule<\/title>\n<meta name=\"robots\" content=\"index, follow, max-snippet:-1, max-image-preview:large, max-video-preview:-1\" \/>\n<link rel=\"canonical\" href=\"https:\/\/explora.cl\/maule\/profesores-de-constitucion-y-talca-se-capacitaron-en-metodo-cientifico\/\" class=\"yoast-seo-meta-tag\" \/>\n<meta property=\"og:locale\" content=\"es_ES\" class=\"yoast-seo-meta-tag\" \/>\n<meta property=\"og:type\" content=\"article\" class=\"yoast-seo-meta-tag\" \/>\n<meta property=\"og:title\" content=\"Profesores de Constituci\u00f3n y Talca se capacitaron en m\u00e9todo cient\u00edfico - Maule\" class=\"yoast-seo-meta-tag\" \/>\n<meta property=\"og:description\" content=\"Durante dos d\u00edas, docentes de la Regi\u00f3n se capacitaron en la utilizaci\u00f3n del m\u00e9todo cient\u00edfico con enfoque en la investigaci\u00f3n escolar ant\u00e1rtica. La actividad permiti\u00f3 entregar herramientas para generar investigaciones que representen al Maule en la pr\u00f3xima versi\u00f3n de la Feria Ant\u00e1rtica Escolar (FAE), que se desarrollar\u00e1 entre el 6 y 9 de noviembre en [&hellip;]\" class=\"yoast-seo-meta-tag\" \/>\n<meta property=\"og:url\" content=\"https:\/\/explora.cl\/maule\/profesores-de-constitucion-y-talca-se-capacitaron-en-metodo-cientifico\/\" class=\"yoast-seo-meta-tag\" \/>\n<meta property=\"og:site_name\" content=\"Maule\" class=\"yoast-seo-meta-tag\" \/>\n<meta property=\"article:published_time\" content=\"2014-06-16T19:58:20+00:00\" class=\"yoast-seo-meta-tag\" \/>\n<meta property=\"article:modified_time\" content=\"2019-05-20T18:19:49+00:00\" class=\"yoast-seo-meta-tag\" \/>\n<meta name=\"author\" content=\"webman\" class=\"yoast-seo-meta-tag\" \/>\n<meta name=\"twitter:card\" content=\"summary_large_image\" class=\"yoast-seo-meta-tag\" \/>\n<meta name=\"twitter:label1\" content=\"Escrito por\" class=\"yoast-seo-meta-tag\" \/>\n\t<meta name=\"twitter:data1\" content=\"webman\" class=\"yoast-seo-meta-tag\" \/>\n\t<meta name=\"twitter:label2\" content=\"Tiempo estimado de lectura\" class=\"yoast-seo-meta-tag\" \/>\n\t<meta name=\"twitter:data2\" content=\"3 minutos\" class=\"yoast-seo-meta-tag\" \/>\n<script type=\"application\/ld+json\" class=\"yoast-schema-graph\">{\"@context\":\"https:\/\/schema.org\",\"@graph\":[{\"@type\":\"Article\",\"@id\":\"https:\/\/explora.cl\/maule\/profesores-de-constitucion-y-talca-se-capacitaron-en-metodo-cientifico\/#article\",\"isPartOf\":{\"@id\":\"https:\/\/explora.cl\/maule\/profesores-de-constitucion-y-talca-se-capacitaron-en-metodo-cientifico\/\"},\"author\":{\"name\":\"webman\",\"@id\":\"https:\/\/explora.cl\/maule\/#\/schema\/person\/cb8349c13ea2d324080adf8480d7ba5d\"},\"headline\":\"Profesores de Constituci\u00f3n y Talca se capacitaron en m\u00e9todo cient\u00edfico\",\"datePublished\":\"2014-06-16T19:58:20+00:00\",\"dateModified\":\"2019-05-20T18:19:49+00:00\",\"mainEntityOfPage\":{\"@id\":\"https:\/\/explora.cl\/maule\/profesores-de-constitucion-y-talca-se-capacitaron-en-metodo-cientifico\/\"},\"wordCount\":603,\"image\":{\"@id\":\"https:\/\/explora.cl\/maule\/profesores-de-constitucion-y-talca-se-capacitaron-en-metodo-cientifico\/#primaryimage\"},\"thumbnailUrl\":\"\",\"articleSection\":[\"Noticias\"],\"inLanguage\":\"es-CL\"},{\"@type\":\"WebPage\",\"@id\":\"https:\/\/explora.cl\/maule\/profesores-de-constitucion-y-talca-se-capacitaron-en-metodo-cientifico\/\",\"url\":\"https:\/\/explora.cl\/maule\/profesores-de-constitucion-y-talca-se-capacitaron-en-metodo-cientifico\/\",\"name\":\"Profesores de Constituci\u00f3n y Talca se capacitaron en m\u00e9todo cient\u00edfico - Maule\",\"isPartOf\":{\"@id\":\"https:\/\/explora.cl\/maule\/#website\"},\"primaryImageOfPage\":{\"@id\":\"https:\/\/explora.cl\/maule\/profesores-de-constitucion-y-talca-se-capacitaron-en-metodo-cientifico\/#primaryimage\"},\"image\":{\"@id\":\"https:\/\/explora.cl\/maule\/profesores-de-constitucion-y-talca-se-capacitaron-en-metodo-cientifico\/#primaryimage\"},\"thumbnailUrl\":\"\",\"datePublished\":\"2014-06-16T19:58:20+00:00\",\"dateModified\":\"2019-05-20T18:19:49+00:00\",\"author\":{\"@id\":\"https:\/\/explora.cl\/maule\/#\/schema\/person\/cb8349c13ea2d324080adf8480d7ba5d\"},\"breadcrumb\":{\"@id\":\"https:\/\/explora.cl\/maule\/profesores-de-constitucion-y-talca-se-capacitaron-en-metodo-cientifico\/#breadcrumb\"},\"inLanguage\":\"es-CL\",\"potentialAction\":[{\"@type\":\"ReadAction\",\"target\":[\"https:\/\/explora.cl\/maule\/profesores-de-constitucion-y-talca-se-capacitaron-en-metodo-cientifico\/\"]}]},{\"@type\":\"ImageObject\",\"inLanguage\":\"es-CL\",\"@id\":\"https:\/\/explora.cl\/maule\/profesores-de-constitucion-y-talca-se-capacitaron-en-metodo-cientifico\/#primaryimage\",\"url\":\"\",\"contentUrl\":\"\"},{\"@type\":\"BreadcrumbList\",\"@id\":\"https:\/\/explora.cl\/maule\/profesores-de-constitucion-y-talca-se-capacitaron-en-metodo-cientifico\/#breadcrumb\",\"itemListElement\":[{\"@type\":\"ListItem\",\"position\":1,\"name\":\"Portada\",\"item\":\"https:\/\/explora.cl\/maule\/\"},{\"@type\":\"ListItem\",\"position\":2,\"name\":\"Profesores de Constituci\u00f3n y Talca se capacitaron en m\u00e9todo cient\u00edfico\"}]},{\"@type\":\"WebSite\",\"@id\":\"https:\/\/explora.cl\/maule\/#website\",\"url\":\"https:\/\/explora.cl\/maule\/\",\"name\":\"Maule\",\"description\":\"Otro sitio m\u00e1s de explora.cl\",\"potentialAction\":[{\"@type\":\"SearchAction\",\"target\":{\"@type\":\"EntryPoint\",\"urlTemplate\":\"https:\/\/explora.cl\/maule\/?s={search_term_string}\"},\"query-input\":{\"@type\":\"PropertyValueSpecification\",\"valueRequired\":true,\"valueName\":\"search_term_string\"}}],\"inLanguage\":\"es-CL\"},{\"@type\":\"Person\",\"@id\":\"https:\/\/explora.cl\/maule\/#\/schema\/person\/cb8349c13ea2d324080adf8480d7ba5d\",\"name\":\"webman\",\"image\":{\"@type\":\"ImageObject\",\"inLanguage\":\"es-CL\",\"@id\":\"https:\/\/explora.cl\/maule\/#\/schema\/person\/image\/\",\"url\":\"https:\/\/secure.gravatar.com\/avatar\/eeff3c82f2c02f7177d13663b7e6f890e9a6a0647ce9bb29cae02dcb094c7312?s=96&d=mm&r=g\",\"contentUrl\":\"https:\/\/secure.gravatar.com\/avatar\/eeff3c82f2c02f7177d13663b7e6f890e9a6a0647ce9bb29cae02dcb094c7312?s=96&d=mm&r=g\",\"caption\":\"webman\"},\"url\":\"https:\/\/explora.cl\/maule\/author\/webman\/\"}]}<\/script>\n<!-- \/ Yoast SEO plugin. -->","yoast_head_json":{"title":"Profesores de Constituci\u00f3n y Talca se capacitaron en m\u00e9todo cient\u00edfico - Maule","robots":{"index":"index","follow":"follow","max-snippet":"max-snippet:-1","max-image-preview":"max-image-preview:large","max-video-preview":"max-video-preview:-1"},"canonical":"https:\/\/explora.cl\/maule\/profesores-de-constitucion-y-talca-se-capacitaron-en-metodo-cientifico\/","og_locale":"es_ES","og_type":"article","og_title":"Profesores de Constituci\u00f3n y Talca se capacitaron en m\u00e9todo cient\u00edfico - Maule","og_description":"Durante dos d\u00edas, docentes de la Regi\u00f3n se capacitaron en la utilizaci\u00f3n del m\u00e9todo cient\u00edfico con enfoque en la investigaci\u00f3n escolar ant\u00e1rtica. La actividad permiti\u00f3 entregar herramientas para generar investigaciones que representen al Maule en la pr\u00f3xima versi\u00f3n de la Feria Ant\u00e1rtica Escolar (FAE), que se desarrollar\u00e1 entre el 6 y 9 de noviembre en [&hellip;]","og_url":"https:\/\/explora.cl\/maule\/profesores-de-constitucion-y-talca-se-capacitaron-en-metodo-cientifico\/","og_site_name":"Maule","article_published_time":"2014-06-16T19:58:20+00:00","article_modified_time":"2019-05-20T18:19:49+00:00","author":"webman","twitter_card":"summary_large_image","twitter_misc":{"Escrito por":"webman","Tiempo estimado de lectura":"3 minutos"},"schema":{"@context":"https:\/\/schema.org","@graph":[{"@type":"Article","@id":"https:\/\/explora.cl\/maule\/profesores-de-constitucion-y-talca-se-capacitaron-en-metodo-cientifico\/#article","isPartOf":{"@id":"https:\/\/explora.cl\/maule\/profesores-de-constitucion-y-talca-se-capacitaron-en-metodo-cientifico\/"},"author":{"name":"webman","@id":"https:\/\/explora.cl\/maule\/#\/schema\/person\/cb8349c13ea2d324080adf8480d7ba5d"},"headline":"Profesores de Constituci\u00f3n y Talca se capacitaron en m\u00e9todo cient\u00edfico","datePublished":"2014-06-16T19:58:20+00:00","dateModified":"2019-05-20T18:19:49+00:00","mainEntityOfPage":{"@id":"https:\/\/explora.cl\/maule\/profesores-de-constitucion-y-talca-se-capacitaron-en-metodo-cientifico\/"},"wordCount":603,"image":{"@id":"https:\/\/explora.cl\/maule\/profesores-de-constitucion-y-talca-se-capacitaron-en-metodo-cientifico\/#primaryimage"},"thumbnailUrl":"","articleSection":["Noticias"],"inLanguage":"es-CL"},{"@type":"WebPage","@id":"https:\/\/explora.cl\/maule\/profesores-de-constitucion-y-talca-se-capacitaron-en-metodo-cientifico\/","url":"https:\/\/explora.cl\/maule\/profesores-de-constitucion-y-talca-se-capacitaron-en-metodo-cientifico\/","name":"Profesores de Constituci\u00f3n y Talca se capacitaron en m\u00e9todo cient\u00edfico - Maule","isPartOf":{"@id":"https:\/\/explora.cl\/maule\/#website"},"primaryImageOfPage":{"@id":"https:\/\/explora.cl\/maule\/profesores-de-constitucion-y-talca-se-capacitaron-en-metodo-cientifico\/#primaryimage"},"image":{"@id":"https:\/\/explora.cl\/maule\/profesores-de-constitucion-y-talca-se-capacitaron-en-metodo-cientifico\/#primaryimage"},"thumbnailUrl":"","datePublished":"2014-06-16T19:58:20+00:00","dateModified":"2019-05-20T18:19:49+00:00","author":{"@id":"https:\/\/explora.cl\/maule\/#\/schema\/person\/cb8349c13ea2d324080adf8480d7ba5d"},"breadcrumb":{"@id":"https:\/\/explora.cl\/maule\/profesores-de-constitucion-y-talca-se-capacitaron-en-metodo-cientifico\/#breadcrumb"},"inLanguage":"es-CL","potentialAction":[{"@type":"ReadAction","target":["https:\/\/explora.cl\/maule\/profesores-de-constitucion-y-talca-se-capacitaron-en-metodo-cientifico\/"]}]},{"@type":"ImageObject","inLanguage":"es-CL","@id":"https:\/\/explora.cl\/maule\/profesores-de-constitucion-y-talca-se-capacitaron-en-metodo-cientifico\/#primaryimage","url":"","contentUrl":""},{"@type":"BreadcrumbList","@id":"https:\/\/explora.cl\/maule\/profesores-de-constitucion-y-talca-se-capacitaron-en-metodo-cientifico\/#breadcrumb","itemListElement":[{"@type":"ListItem","position":1,"name":"Portada","item":"https:\/\/explora.cl\/maule\/"},{"@type":"ListItem","position":2,"name":"Profesores de Constituci\u00f3n y Talca se capacitaron en m\u00e9todo cient\u00edfico"}]},{"@type":"WebSite","@id":"https:\/\/explora.cl\/maule\/#website","url":"https:\/\/explora.cl\/maule\/","name":"Maule","description":"Otro sitio m\u00e1s de explora.cl","potentialAction":[{"@type":"SearchAction","target":{"@type":"EntryPoint","urlTemplate":"https:\/\/explora.cl\/maule\/?s={search_term_string}"},"query-input":{"@type":"PropertyValueSpecification","valueRequired":true,"valueName":"search_term_string"}}],"inLanguage":"es-CL"},{"@type":"Person","@id":"https:\/\/explora.cl\/maule\/#\/schema\/person\/cb8349c13ea2d324080adf8480d7ba5d","name":"webman","image":{"@type":"ImageObject","inLanguage":"es-CL","@id":"https:\/\/explora.cl\/maule\/#\/schema\/person\/image\/","url":"https:\/\/secure.gravatar.com\/avatar\/eeff3c82f2c02f7177d13663b7e6f890e9a6a0647ce9bb29cae02dcb094c7312?s=96&d=mm&r=g","contentUrl":"https:\/\/secure.gravatar.com\/avatar\/eeff3c82f2c02f7177d13663b7e6f890e9a6a0647ce9bb29cae02dcb094c7312?s=96&d=mm&r=g","caption":"webman"},"url":"https:\/\/explora.cl\/maule\/author\/webman\/"}]}},"_links":{"self":[{"href":"https:\/\/explora.cl\/maule\/wp-json\/wp\/v2\/posts\/874","targetHints":{"allow":["GET"]}}],"collection":[{"href":"https:\/\/explora.cl\/maule\/wp-json\/wp\/v2\/posts"}],"about":[{"href":"https:\/\/explora.cl\/maule\/wp-json\/wp\/v2\/types\/post"}],"author":[{"embeddable":true,"href":"https:\/\/explora.cl\/maule\/wp-json\/wp\/v2\/users\/2"}],"replies":[{"embeddable":true,"href":"https:\/\/explora.cl\/maule\/wp-json\/wp\/v2\/comments?post=874"}],"version-history":[{"count":1,"href":"https:\/\/explora.cl\/maule\/wp-json\/wp\/v2\/posts\/874\/revisions"}],"predecessor-version":[{"id":37979,"href":"https:\/\/explora.cl\/maule\/wp-json\/wp\/v2\/posts\/874\/revisions\/37979"}],"wp:featuredmedia":[{"embeddable":true,"href":"https:\/\/explora.cl\/maule\/wp-json\/"}],"wp:attachment":[{"href":"https:\/\/explora.cl\/maule\/wp-json\/wp\/v2\/media?parent=874"}],"wp:term":[{"taxonomy":"category","embeddable":true,"href":"https:\/\/explora.cl\/maule\/wp-json\/wp\/v2\/categories?post=874"},{"taxonomy":"post_tag","embeddable":true,"href":"https:\/\/explora.cl\/maule\/wp-json\/wp\/v2\/tags?post=874"}],"curies":[{"name":"wp","href":"https:\/\/api.w.org\/{rel}","templated":true}]}}