{"id":866,"date":"2014-06-27T15:18:22","date_gmt":"2014-06-27T15:18:22","guid":{"rendered":"https:\/\/explora.cl\/maule\/blog\/2014\/06\/27\/difundiran-ciencia-y-tecnologia-en-espacios-publicos-de-la-region\/"},"modified":"2019-05-20T18:19:47","modified_gmt":"2019-05-20T18:19:47","slug":"difundiran-ciencia-y-tecnologia-en-espacios-publicos-de-la-region","status":"publish","type":"post","link":"https:\/\/explora.cl\/maule\/difundiran-ciencia-y-tecnologia-en-espacios-publicos-de-la-region\/","title":{"rendered":"Difundir\u00e1n ciencia y tecnolog\u00eda en espacios p\u00fablicos de la Regi\u00f3n"},"content":{"rendered":"<p><img fetchpriority=\"high\" decoding=\"async\" class=\" size-full wp-image-3511\" src=\"http:\/\/ec2-34-218-253-251.us-west-2.compute.amazonaws.com\/wp-content\/uploads\/2014\/06\/2607418eb931b0e4cba5a1047fd28d9d.jpg\" alt=\"\" width=\"640\" height=\"480\" \/><\/p>\n<p><em>El proyecto EXPLORA CONICYT Maule en conjunto con colegios municipales, subvencionados y particulares, realizar\u00e1n ferias cient\u00edficas escolares en m\u00e1s de 15 comunas del Maule.<\/em><\/p>\n<p>Representantes de colegios de diversas comunas de la Regi\u00f3n, se reunieron para definir el calendario de fechas de los Laboratorios Cient\u00edficos Escolares Maule Labs, que el proyecto EXPLORA CONICYT Maule en conjunto con establecimientos educacionales realizar\u00e1 en colegios y plazas p\u00fablicas de la Regi\u00f3n durante el 2014.<\/p>\n<p>Directores de colegios, sostenedores y profesores de ciencias participaron de una jornada de trabajo que se realiz\u00f3 ayer mi\u00e9rcoles 25 de junio en la Sala RSU de la Universidad de Talca. En la reuni\u00f3n, el equipo del Proyecto EXPLORA Maule les present\u00f3 el proyecto asociativo regional 2014-2015, adem\u00e1s de ofrecerles material y apoyo log\u00edstico para organizar las ferias cient\u00edficas en sus localidades.<\/p>\n<p>Los \u201cMaule Labs\u201d permitir\u00e1n que estudiantes junto a sus profesores muestren a la comunidad las investigaciones cient\u00edficas escolares que impulsan en sus colegios. La idea es utilizar los espacios p\u00fablicos y convertirlos en un gran laboratorio cient\u00edfico, donde la comunidad pueda reunirse a conocer c\u00f3mo estudiantes desarrollan ciencia y la tecnolog\u00eda.<\/p>\n<p>Para Rodrigo Ram\u00edrez, director del Proyecto EXPLORA CONICYT Maule, este tipo de iniciativas tienen como objetivo crear una cultura cient\u00edfica en la ciudadan\u00eda. \u201cLlevamos seis a\u00f1os realizando esta actividad. Ahora queremos dar un giro hacia la apropiaci\u00f3n del espacio p\u00fablico como plataforma de difusi\u00f3n de las ciencias. Invitamos a colegios y municipios a que se contacten con nosotros para que juntos organicemos ferias cient\u00edficas en sus comunidades\u201d, se\u00f1al\u00f3 Ram\u00edrez.<\/p>\n<p>La iniciativa &#8220;Maule Labs&#8221; se realizar\u00e1 entre agosto y diciembre del 2014, en m\u00e1s de 15 comunas de la Regi\u00f3n. Las fechas y lugares ser\u00e1n anunciados el 9 de julio en la primera reuni\u00f3n de la Red Territorial EXPLORA Maule, y ser\u00e1n publicados en el sitio web: explora.cl\/maule.<\/p>\n<p><strong>Ciencia Regional<\/strong><\/p>\n<p>La pr\u00f3xima actividad que se desarrollar\u00e1 el proyecto EXPLORA Maule, ser\u00e1 el lanzamiento oficial de sus actividades con una charla denominada \u201cAtlas de Mortalidad en Chile\u201d que ser\u00e1 ofrecida a la comunidad escolar por el equipo de cient\u00edficos encabezado por la Dra. Gloria Icaza, acad\u00e9mica de la Universidad de Talca.<br \/>Esta actividad se realizar\u00e1 el pr\u00f3ximo 3 de julio, a las 11:00 horas, en el Teatro Abate Molina de la Universidad de Talca, ubicado en calle 2 norte #685, Talca. Para mayor informaci\u00f3n, las personas interesadas pueden comunicarse al tel\u00e9fono 071- 2201658 o escribir a explora@utalca.cl.<\/p>\n","protected":false},"excerpt":{"rendered":"<p>El proyecto EXPLORA CONICYT Maule en conjunto con colegios municipales, subvencionados y particulares, realizar\u00e1n ferias cient\u00edficas escolares en m\u00e1s de 15 comunas del Maule. Representantes de colegios de diversas comunas de la Regi\u00f3n, se reunieron para definir el calendario de fechas de los Laboratorios Cient\u00edficos Escolares Maule Labs, que el proyecto EXPLORA CONICYT Maule en [&hellip;]<\/p>\n","protected":false},"author":2,"featured_media":3511,"comment_status":"closed","ping_status":"open","sticky":false,"template":"","format":"standard","meta":{"_acf_changed":false,"_exactmetrics_skip_tracking":false,"_exactmetrics_sitenote_active":false,"_exactmetrics_sitenote_note":"","_exactmetrics_sitenote_category":0,"footnotes":"","_links_to":"","_links_to_target":""},"categories":[4],"tags":[],"class_list":["post-866","post","type-post","status-publish","format-standard","has-post-thumbnail","hentry","category-noticias"],"acf":[],"yoast_head":"<!-- This site is optimized with the Yoast SEO plugin v26.9 - https:\/\/yoast.com\/product\/yoast-seo-wordpress\/ -->\n<title>Difundir\u00e1n ciencia y tecnolog\u00eda en espacios p\u00fablicos de la Regi\u00f3n - Maule<\/title>\n<meta name=\"robots\" content=\"index, follow, max-snippet:-1, max-image-preview:large, max-video-preview:-1\" \/>\n<link rel=\"canonical\" href=\"https:\/\/explora.cl\/maule\/difundiran-ciencia-y-tecnologia-en-espacios-publicos-de-la-region\/\" class=\"yoast-seo-meta-tag\" \/>\n<meta property=\"og:locale\" content=\"es_ES\" class=\"yoast-seo-meta-tag\" \/>\n<meta property=\"og:type\" content=\"article\" class=\"yoast-seo-meta-tag\" \/>\n<meta property=\"og:title\" content=\"Difundir\u00e1n ciencia y tecnolog\u00eda en espacios p\u00fablicos de la Regi\u00f3n - Maule\" class=\"yoast-seo-meta-tag\" \/>\n<meta property=\"og:description\" content=\"El proyecto EXPLORA CONICYT Maule en conjunto con colegios municipales, subvencionados y particulares, realizar\u00e1n ferias cient\u00edficas escolares en m\u00e1s de 15 comunas del Maule. Representantes de colegios de diversas comunas de la Regi\u00f3n, se reunieron para definir el calendario de fechas de los Laboratorios Cient\u00edficos Escolares Maule Labs, que el proyecto EXPLORA CONICYT Maule en [&hellip;]\" class=\"yoast-seo-meta-tag\" \/>\n<meta property=\"og:url\" content=\"https:\/\/explora.cl\/maule\/difundiran-ciencia-y-tecnologia-en-espacios-publicos-de-la-region\/\" class=\"yoast-seo-meta-tag\" \/>\n<meta property=\"og:site_name\" content=\"Maule\" class=\"yoast-seo-meta-tag\" \/>\n<meta property=\"article:published_time\" content=\"2014-06-27T15:18:22+00:00\" class=\"yoast-seo-meta-tag\" \/>\n<meta property=\"article:modified_time\" content=\"2019-05-20T18:19:47+00:00\" class=\"yoast-seo-meta-tag\" \/>\n<meta name=\"author\" content=\"webman\" class=\"yoast-seo-meta-tag\" \/>\n<meta name=\"twitter:card\" content=\"summary_large_image\" class=\"yoast-seo-meta-tag\" \/>\n<meta name=\"twitter:label1\" content=\"Escrito por\" class=\"yoast-seo-meta-tag\" \/>\n\t<meta name=\"twitter:data1\" content=\"webman\" class=\"yoast-seo-meta-tag\" \/>\n\t<meta name=\"twitter:label2\" content=\"Tiempo estimado de lectura\" class=\"yoast-seo-meta-tag\" \/>\n\t<meta name=\"twitter:data2\" content=\"2 minutos\" class=\"yoast-seo-meta-tag\" \/>\n<script type=\"application\/ld+json\" class=\"yoast-schema-graph\">{\"@context\":\"https:\/\/schema.org\",\"@graph\":[{\"@type\":\"Article\",\"@id\":\"https:\/\/explora.cl\/maule\/difundiran-ciencia-y-tecnologia-en-espacios-publicos-de-la-region\/#article\",\"isPartOf\":{\"@id\":\"https:\/\/explora.cl\/maule\/difundiran-ciencia-y-tecnologia-en-espacios-publicos-de-la-region\/\"},\"author\":{\"name\":\"webman\",\"@id\":\"https:\/\/explora.cl\/maule\/#\/schema\/person\/cb8349c13ea2d324080adf8480d7ba5d\"},\"headline\":\"Difundir\u00e1n ciencia y tecnolog\u00eda en espacios p\u00fablicos de la Regi\u00f3n\",\"datePublished\":\"2014-06-27T15:18:22+00:00\",\"dateModified\":\"2019-05-20T18:19:47+00:00\",\"mainEntityOfPage\":{\"@id\":\"https:\/\/explora.cl\/maule\/difundiran-ciencia-y-tecnologia-en-espacios-publicos-de-la-region\/\"},\"wordCount\":445,\"image\":{\"@id\":\"https:\/\/explora.cl\/maule\/difundiran-ciencia-y-tecnologia-en-espacios-publicos-de-la-region\/#primaryimage\"},\"thumbnailUrl\":\"\",\"articleSection\":[\"Noticias\"],\"inLanguage\":\"es-CL\"},{\"@type\":\"WebPage\",\"@id\":\"https:\/\/explora.cl\/maule\/difundiran-ciencia-y-tecnologia-en-espacios-publicos-de-la-region\/\",\"url\":\"https:\/\/explora.cl\/maule\/difundiran-ciencia-y-tecnologia-en-espacios-publicos-de-la-region\/\",\"name\":\"Difundir\u00e1n ciencia y tecnolog\u00eda en espacios p\u00fablicos de la Regi\u00f3n - Maule\",\"isPartOf\":{\"@id\":\"https:\/\/explora.cl\/maule\/#website\"},\"primaryImageOfPage\":{\"@id\":\"https:\/\/explora.cl\/maule\/difundiran-ciencia-y-tecnologia-en-espacios-publicos-de-la-region\/#primaryimage\"},\"image\":{\"@id\":\"https:\/\/explora.cl\/maule\/difundiran-ciencia-y-tecnologia-en-espacios-publicos-de-la-region\/#primaryimage\"},\"thumbnailUrl\":\"\",\"datePublished\":\"2014-06-27T15:18:22+00:00\",\"dateModified\":\"2019-05-20T18:19:47+00:00\",\"author\":{\"@id\":\"https:\/\/explora.cl\/maule\/#\/schema\/person\/cb8349c13ea2d324080adf8480d7ba5d\"},\"breadcrumb\":{\"@id\":\"https:\/\/explora.cl\/maule\/difundiran-ciencia-y-tecnologia-en-espacios-publicos-de-la-region\/#breadcrumb\"},\"inLanguage\":\"es-CL\",\"potentialAction\":[{\"@type\":\"ReadAction\",\"target\":[\"https:\/\/explora.cl\/maule\/difundiran-ciencia-y-tecnologia-en-espacios-publicos-de-la-region\/\"]}]},{\"@type\":\"ImageObject\",\"inLanguage\":\"es-CL\",\"@id\":\"https:\/\/explora.cl\/maule\/difundiran-ciencia-y-tecnologia-en-espacios-publicos-de-la-region\/#primaryimage\",\"url\":\"\",\"contentUrl\":\"\"},{\"@type\":\"BreadcrumbList\",\"@id\":\"https:\/\/explora.cl\/maule\/difundiran-ciencia-y-tecnologia-en-espacios-publicos-de-la-region\/#breadcrumb\",\"itemListElement\":[{\"@type\":\"ListItem\",\"position\":1,\"name\":\"Portada\",\"item\":\"https:\/\/explora.cl\/maule\/\"},{\"@type\":\"ListItem\",\"position\":2,\"name\":\"Difundir\u00e1n ciencia y tecnolog\u00eda en espacios p\u00fablicos de la Regi\u00f3n\"}]},{\"@type\":\"WebSite\",\"@id\":\"https:\/\/explora.cl\/maule\/#website\",\"url\":\"https:\/\/explora.cl\/maule\/\",\"name\":\"Maule\",\"description\":\"Otro sitio m\u00e1s de explora.cl\",\"potentialAction\":[{\"@type\":\"SearchAction\",\"target\":{\"@type\":\"EntryPoint\",\"urlTemplate\":\"https:\/\/explora.cl\/maule\/?s={search_term_string}\"},\"query-input\":{\"@type\":\"PropertyValueSpecification\",\"valueRequired\":true,\"valueName\":\"search_term_string\"}}],\"inLanguage\":\"es-CL\"},{\"@type\":\"Person\",\"@id\":\"https:\/\/explora.cl\/maule\/#\/schema\/person\/cb8349c13ea2d324080adf8480d7ba5d\",\"name\":\"webman\",\"image\":{\"@type\":\"ImageObject\",\"inLanguage\":\"es-CL\",\"@id\":\"https:\/\/explora.cl\/maule\/#\/schema\/person\/image\/\",\"url\":\"https:\/\/secure.gravatar.com\/avatar\/eeff3c82f2c02f7177d13663b7e6f890e9a6a0647ce9bb29cae02dcb094c7312?s=96&d=mm&r=g\",\"contentUrl\":\"https:\/\/secure.gravatar.com\/avatar\/eeff3c82f2c02f7177d13663b7e6f890e9a6a0647ce9bb29cae02dcb094c7312?s=96&d=mm&r=g\",\"caption\":\"webman\"},\"url\":\"https:\/\/explora.cl\/maule\/author\/webman\/\"}]}<\/script>\n<!-- \/ Yoast SEO plugin. -->","yoast_head_json":{"title":"Difundir\u00e1n ciencia y tecnolog\u00eda en espacios p\u00fablicos de la Regi\u00f3n - Maule","robots":{"index":"index","follow":"follow","max-snippet":"max-snippet:-1","max-image-preview":"max-image-preview:large","max-video-preview":"max-video-preview:-1"},"canonical":"https:\/\/explora.cl\/maule\/difundiran-ciencia-y-tecnologia-en-espacios-publicos-de-la-region\/","og_locale":"es_ES","og_type":"article","og_title":"Difundir\u00e1n ciencia y tecnolog\u00eda en espacios p\u00fablicos de la Regi\u00f3n - Maule","og_description":"El proyecto EXPLORA CONICYT Maule en conjunto con colegios municipales, subvencionados y particulares, realizar\u00e1n ferias cient\u00edficas escolares en m\u00e1s de 15 comunas del Maule. Representantes de colegios de diversas comunas de la Regi\u00f3n, se reunieron para definir el calendario de fechas de los Laboratorios Cient\u00edficos Escolares Maule Labs, que el proyecto EXPLORA CONICYT Maule en [&hellip;]","og_url":"https:\/\/explora.cl\/maule\/difundiran-ciencia-y-tecnologia-en-espacios-publicos-de-la-region\/","og_site_name":"Maule","article_published_time":"2014-06-27T15:18:22+00:00","article_modified_time":"2019-05-20T18:19:47+00:00","author":"webman","twitter_card":"summary_large_image","twitter_misc":{"Escrito por":"webman","Tiempo estimado de lectura":"2 minutos"},"schema":{"@context":"https:\/\/schema.org","@graph":[{"@type":"Article","@id":"https:\/\/explora.cl\/maule\/difundiran-ciencia-y-tecnologia-en-espacios-publicos-de-la-region\/#article","isPartOf":{"@id":"https:\/\/explora.cl\/maule\/difundiran-ciencia-y-tecnologia-en-espacios-publicos-de-la-region\/"},"author":{"name":"webman","@id":"https:\/\/explora.cl\/maule\/#\/schema\/person\/cb8349c13ea2d324080adf8480d7ba5d"},"headline":"Difundir\u00e1n ciencia y tecnolog\u00eda en espacios p\u00fablicos de la Regi\u00f3n","datePublished":"2014-06-27T15:18:22+00:00","dateModified":"2019-05-20T18:19:47+00:00","mainEntityOfPage":{"@id":"https:\/\/explora.cl\/maule\/difundiran-ciencia-y-tecnologia-en-espacios-publicos-de-la-region\/"},"wordCount":445,"image":{"@id":"https:\/\/explora.cl\/maule\/difundiran-ciencia-y-tecnologia-en-espacios-publicos-de-la-region\/#primaryimage"},"thumbnailUrl":"","articleSection":["Noticias"],"inLanguage":"es-CL"},{"@type":"WebPage","@id":"https:\/\/explora.cl\/maule\/difundiran-ciencia-y-tecnologia-en-espacios-publicos-de-la-region\/","url":"https:\/\/explora.cl\/maule\/difundiran-ciencia-y-tecnologia-en-espacios-publicos-de-la-region\/","name":"Difundir\u00e1n ciencia y tecnolog\u00eda en espacios p\u00fablicos de la Regi\u00f3n - Maule","isPartOf":{"@id":"https:\/\/explora.cl\/maule\/#website"},"primaryImageOfPage":{"@id":"https:\/\/explora.cl\/maule\/difundiran-ciencia-y-tecnologia-en-espacios-publicos-de-la-region\/#primaryimage"},"image":{"@id":"https:\/\/explora.cl\/maule\/difundiran-ciencia-y-tecnologia-en-espacios-publicos-de-la-region\/#primaryimage"},"thumbnailUrl":"","datePublished":"2014-06-27T15:18:22+00:00","dateModified":"2019-05-20T18:19:47+00:00","author":{"@id":"https:\/\/explora.cl\/maule\/#\/schema\/person\/cb8349c13ea2d324080adf8480d7ba5d"},"breadcrumb":{"@id":"https:\/\/explora.cl\/maule\/difundiran-ciencia-y-tecnologia-en-espacios-publicos-de-la-region\/#breadcrumb"},"inLanguage":"es-CL","potentialAction":[{"@type":"ReadAction","target":["https:\/\/explora.cl\/maule\/difundiran-ciencia-y-tecnologia-en-espacios-publicos-de-la-region\/"]}]},{"@type":"ImageObject","inLanguage":"es-CL","@id":"https:\/\/explora.cl\/maule\/difundiran-ciencia-y-tecnologia-en-espacios-publicos-de-la-region\/#primaryimage","url":"","contentUrl":""},{"@type":"BreadcrumbList","@id":"https:\/\/explora.cl\/maule\/difundiran-ciencia-y-tecnologia-en-espacios-publicos-de-la-region\/#breadcrumb","itemListElement":[{"@type":"ListItem","position":1,"name":"Portada","item":"https:\/\/explora.cl\/maule\/"},{"@type":"ListItem","position":2,"name":"Difundir\u00e1n ciencia y tecnolog\u00eda en espacios p\u00fablicos de la Regi\u00f3n"}]},{"@type":"WebSite","@id":"https:\/\/explora.cl\/maule\/#website","url":"https:\/\/explora.cl\/maule\/","name":"Maule","description":"Otro sitio m\u00e1s de explora.cl","potentialAction":[{"@type":"SearchAction","target":{"@type":"EntryPoint","urlTemplate":"https:\/\/explora.cl\/maule\/?s={search_term_string}"},"query-input":{"@type":"PropertyValueSpecification","valueRequired":true,"valueName":"search_term_string"}}],"inLanguage":"es-CL"},{"@type":"Person","@id":"https:\/\/explora.cl\/maule\/#\/schema\/person\/cb8349c13ea2d324080adf8480d7ba5d","name":"webman","image":{"@type":"ImageObject","inLanguage":"es-CL","@id":"https:\/\/explora.cl\/maule\/#\/schema\/person\/image\/","url":"https:\/\/secure.gravatar.com\/avatar\/eeff3c82f2c02f7177d13663b7e6f890e9a6a0647ce9bb29cae02dcb094c7312?s=96&d=mm&r=g","contentUrl":"https:\/\/secure.gravatar.com\/avatar\/eeff3c82f2c02f7177d13663b7e6f890e9a6a0647ce9bb29cae02dcb094c7312?s=96&d=mm&r=g","caption":"webman"},"url":"https:\/\/explora.cl\/maule\/author\/webman\/"}]}},"_links":{"self":[{"href":"https:\/\/explora.cl\/maule\/wp-json\/wp\/v2\/posts\/866","targetHints":{"allow":["GET"]}}],"collection":[{"href":"https:\/\/explora.cl\/maule\/wp-json\/wp\/v2\/posts"}],"about":[{"href":"https:\/\/explora.cl\/maule\/wp-json\/wp\/v2\/types\/post"}],"author":[{"embeddable":true,"href":"https:\/\/explora.cl\/maule\/wp-json\/wp\/v2\/users\/2"}],"replies":[{"embeddable":true,"href":"https:\/\/explora.cl\/maule\/wp-json\/wp\/v2\/comments?post=866"}],"version-history":[{"count":1,"href":"https:\/\/explora.cl\/maule\/wp-json\/wp\/v2\/posts\/866\/revisions"}],"predecessor-version":[{"id":37975,"href":"https:\/\/explora.cl\/maule\/wp-json\/wp\/v2\/posts\/866\/revisions\/37975"}],"wp:featuredmedia":[{"embeddable":true,"href":"https:\/\/explora.cl\/maule\/wp-json\/"}],"wp:attachment":[{"href":"https:\/\/explora.cl\/maule\/wp-json\/wp\/v2\/media?parent=866"}],"wp:term":[{"taxonomy":"category","embeddable":true,"href":"https:\/\/explora.cl\/maule\/wp-json\/wp\/v2\/categories?post=866"},{"taxonomy":"post_tag","embeddable":true,"href":"https:\/\/explora.cl\/maule\/wp-json\/wp\/v2\/tags?post=866"}],"curies":[{"name":"wp","href":"https:\/\/api.w.org\/{rel}","templated":true}]}}