{"id":862,"date":"2014-07-02T19:58:33","date_gmt":"2014-07-02T19:58:33","guid":{"rendered":"https:\/\/explora.cl\/maule\/blog\/2014\/07\/02\/par-explora-conicyt-maule-inicia-actividades-en-la-region\/"},"modified":"2019-05-20T18:19:47","modified_gmt":"2019-05-20T18:19:47","slug":"par-explora-conicyt-maule-inicia-actividades-en-la-region","status":"publish","type":"post","link":"https:\/\/explora.cl\/maule\/par-explora-conicyt-maule-inicia-actividades-en-la-region\/","title":{"rendered":"PAR EXPLORA CONICYT MAULE inicia actividades en la Regi\u00f3n"},"content":{"rendered":"<p><img fetchpriority=\"high\" decoding=\"async\" class=\" size-full wp-image-3658\" src=\"http:\/\/ec2-34-218-253-251.us-west-2.compute.amazonaws.com\/wp-content\/uploads\/2014\/07\/8837b40983130e6a3374aab6340cf46d.jpg\" alt=\"\" width=\"960\" height=\"720\" \/><\/p>\n<p>La iniciativa aportar\u00e1 al desarrollo de una cultura cient\u00edfica en el Maule. La presentaci\u00f3n a la comunidad se realizar\u00e1 con una charla ofrecida a escolares por el equipo cient\u00edfico que cre\u00f3 el primer atlas de mortalidad en Chile.<\/p>\n<p>Ma\u00f1ana jueves 3 de Julio en el Teatro Abate Molina de la UTalca, el proyecto EXPLORA CONICYT Maule realizar\u00e1 el lanzamiento oficial de sus actividades con una charla denominada \u201cAtlas de la Mortalidad en Chile\u201d que ser\u00e1 dictada por el equipo de cient\u00edficos encabezado por la Dra. Gloria Icaza, acad\u00e9mica de la Universidad de Talca.<\/p>\n<p>En la ocasi\u00f3n, la profesora Icaza junto a su equipo ense\u00f1ar\u00e1 las principales patolog\u00edas que causan el fallecimiento de la poblaci\u00f3n en Chile. Esta informaci\u00f3n se entregar\u00e1 con un enfoque territorial, ya que mostrar\u00e1 con mapas e infograf\u00edas las distintas enfermedades que afectan a los habitantes de nuestro pa\u00eds.<\/p>\n<p><span style=\"line-height: 1.3em\">Una veintena de iniciativas componen la propuesta del Proyecto Asociativo Regional EXPLORA CONICYT Regi\u00f3n del Maule para este a\u00f1o 2014. Entre las actividades que se desarrollar\u00e1n se cuentan: Ferias Cient\u00edficas, Festivales de teatro, exposiciones e intervenciones urbanas, capacitaci\u00f3n a profesores, charlas, concursos fotogr\u00e1ficos y de documentales, entre otras acciones que buscan que los habitantes del Maule se encanten con la ciencia y la integren a sus vidas.<\/span><\/p>\n<p>El equipo Explora Maule invita a toda la comunidad a participar de esta actividad que se realizar\u00e1 el pr\u00f3ximo 3 de julio, a las 11:00 horas, en el Teatro Abate Molina de la Universidad de Talca, ubicado en calle 2 norte #685, Talca.<\/p>\n","protected":false},"excerpt":{"rendered":"<p>La iniciativa aportar\u00e1 al desarrollo de una cultura cient\u00edfica en el Maule. La presentaci\u00f3n a la comunidad se realizar\u00e1 con una charla ofrecida a escolares por el equipo cient\u00edfico que cre\u00f3 el primer atlas de mortalidad en Chile. Ma\u00f1ana jueves 3 de Julio en el Teatro Abate Molina de la UTalca, el proyecto EXPLORA CONICYT [&hellip;]<\/p>\n","protected":false},"author":2,"featured_media":3658,"comment_status":"closed","ping_status":"open","sticky":false,"template":"","format":"standard","meta":{"_acf_changed":false,"_exactmetrics_skip_tracking":false,"_exactmetrics_sitenote_active":false,"_exactmetrics_sitenote_note":"","_exactmetrics_sitenote_category":0,"footnotes":"","_links_to":"","_links_to_target":""},"categories":[4],"tags":[],"class_list":["post-862","post","type-post","status-publish","format-standard","has-post-thumbnail","hentry","category-noticias"],"acf":[],"yoast_head":"<!-- This site is optimized with the Yoast SEO plugin v26.9 - https:\/\/yoast.com\/product\/yoast-seo-wordpress\/ -->\n<title>PAR EXPLORA CONICYT MAULE inicia actividades en la Regi\u00f3n - Maule<\/title>\n<meta name=\"robots\" content=\"index, follow, max-snippet:-1, max-image-preview:large, max-video-preview:-1\" \/>\n<link rel=\"canonical\" href=\"https:\/\/explora.cl\/maule\/par-explora-conicyt-maule-inicia-actividades-en-la-region\/\" class=\"yoast-seo-meta-tag\" \/>\n<meta property=\"og:locale\" content=\"es_ES\" class=\"yoast-seo-meta-tag\" \/>\n<meta property=\"og:type\" content=\"article\" class=\"yoast-seo-meta-tag\" \/>\n<meta property=\"og:title\" content=\"PAR EXPLORA CONICYT MAULE inicia actividades en la Regi\u00f3n - Maule\" class=\"yoast-seo-meta-tag\" \/>\n<meta property=\"og:description\" content=\"La iniciativa aportar\u00e1 al desarrollo de una cultura cient\u00edfica en el Maule. La presentaci\u00f3n a la comunidad se realizar\u00e1 con una charla ofrecida a escolares por el equipo cient\u00edfico que cre\u00f3 el primer atlas de mortalidad en Chile. Ma\u00f1ana jueves 3 de Julio en el Teatro Abate Molina de la UTalca, el proyecto EXPLORA CONICYT [&hellip;]\" class=\"yoast-seo-meta-tag\" \/>\n<meta property=\"og:url\" content=\"https:\/\/explora.cl\/maule\/par-explora-conicyt-maule-inicia-actividades-en-la-region\/\" class=\"yoast-seo-meta-tag\" \/>\n<meta property=\"og:site_name\" content=\"Maule\" class=\"yoast-seo-meta-tag\" \/>\n<meta property=\"article:published_time\" content=\"2014-07-02T19:58:33+00:00\" class=\"yoast-seo-meta-tag\" \/>\n<meta property=\"article:modified_time\" content=\"2019-05-20T18:19:47+00:00\" class=\"yoast-seo-meta-tag\" \/>\n<meta name=\"author\" content=\"webman\" class=\"yoast-seo-meta-tag\" \/>\n<meta name=\"twitter:card\" content=\"summary_large_image\" class=\"yoast-seo-meta-tag\" \/>\n<meta name=\"twitter:label1\" content=\"Escrito por\" class=\"yoast-seo-meta-tag\" \/>\n\t<meta name=\"twitter:data1\" content=\"webman\" class=\"yoast-seo-meta-tag\" \/>\n\t<meta name=\"twitter:label2\" content=\"Tiempo estimado de lectura\" class=\"yoast-seo-meta-tag\" \/>\n\t<meta name=\"twitter:data2\" content=\"1 minuto\" class=\"yoast-seo-meta-tag\" \/>\n<script type=\"application\/ld+json\" class=\"yoast-schema-graph\">{\"@context\":\"https:\/\/schema.org\",\"@graph\":[{\"@type\":\"Article\",\"@id\":\"https:\/\/explora.cl\/maule\/par-explora-conicyt-maule-inicia-actividades-en-la-region\/#article\",\"isPartOf\":{\"@id\":\"https:\/\/explora.cl\/maule\/par-explora-conicyt-maule-inicia-actividades-en-la-region\/\"},\"author\":{\"name\":\"webman\",\"@id\":\"https:\/\/explora.cl\/maule\/#\/schema\/person\/cb8349c13ea2d324080adf8480d7ba5d\"},\"headline\":\"PAR EXPLORA CONICYT MAULE inicia actividades en la Regi\u00f3n\",\"datePublished\":\"2014-07-02T19:58:33+00:00\",\"dateModified\":\"2019-05-20T18:19:47+00:00\",\"mainEntityOfPage\":{\"@id\":\"https:\/\/explora.cl\/maule\/par-explora-conicyt-maule-inicia-actividades-en-la-region\/\"},\"wordCount\":276,\"image\":{\"@id\":\"https:\/\/explora.cl\/maule\/par-explora-conicyt-maule-inicia-actividades-en-la-region\/#primaryimage\"},\"thumbnailUrl\":\"\",\"articleSection\":[\"Noticias\"],\"inLanguage\":\"es-CL\"},{\"@type\":\"WebPage\",\"@id\":\"https:\/\/explora.cl\/maule\/par-explora-conicyt-maule-inicia-actividades-en-la-region\/\",\"url\":\"https:\/\/explora.cl\/maule\/par-explora-conicyt-maule-inicia-actividades-en-la-region\/\",\"name\":\"PAR EXPLORA CONICYT MAULE inicia actividades en la Regi\u00f3n - Maule\",\"isPartOf\":{\"@id\":\"https:\/\/explora.cl\/maule\/#website\"},\"primaryImageOfPage\":{\"@id\":\"https:\/\/explora.cl\/maule\/par-explora-conicyt-maule-inicia-actividades-en-la-region\/#primaryimage\"},\"image\":{\"@id\":\"https:\/\/explora.cl\/maule\/par-explora-conicyt-maule-inicia-actividades-en-la-region\/#primaryimage\"},\"thumbnailUrl\":\"\",\"datePublished\":\"2014-07-02T19:58:33+00:00\",\"dateModified\":\"2019-05-20T18:19:47+00:00\",\"author\":{\"@id\":\"https:\/\/explora.cl\/maule\/#\/schema\/person\/cb8349c13ea2d324080adf8480d7ba5d\"},\"breadcrumb\":{\"@id\":\"https:\/\/explora.cl\/maule\/par-explora-conicyt-maule-inicia-actividades-en-la-region\/#breadcrumb\"},\"inLanguage\":\"es-CL\",\"potentialAction\":[{\"@type\":\"ReadAction\",\"target\":[\"https:\/\/explora.cl\/maule\/par-explora-conicyt-maule-inicia-actividades-en-la-region\/\"]}]},{\"@type\":\"ImageObject\",\"inLanguage\":\"es-CL\",\"@id\":\"https:\/\/explora.cl\/maule\/par-explora-conicyt-maule-inicia-actividades-en-la-region\/#primaryimage\",\"url\":\"\",\"contentUrl\":\"\"},{\"@type\":\"BreadcrumbList\",\"@id\":\"https:\/\/explora.cl\/maule\/par-explora-conicyt-maule-inicia-actividades-en-la-region\/#breadcrumb\",\"itemListElement\":[{\"@type\":\"ListItem\",\"position\":1,\"name\":\"Portada\",\"item\":\"https:\/\/explora.cl\/maule\/\"},{\"@type\":\"ListItem\",\"position\":2,\"name\":\"PAR EXPLORA CONICYT MAULE inicia actividades en la Regi\u00f3n\"}]},{\"@type\":\"WebSite\",\"@id\":\"https:\/\/explora.cl\/maule\/#website\",\"url\":\"https:\/\/explora.cl\/maule\/\",\"name\":\"Maule\",\"description\":\"Otro sitio m\u00e1s de explora.cl\",\"potentialAction\":[{\"@type\":\"SearchAction\",\"target\":{\"@type\":\"EntryPoint\",\"urlTemplate\":\"https:\/\/explora.cl\/maule\/?s={search_term_string}\"},\"query-input\":{\"@type\":\"PropertyValueSpecification\",\"valueRequired\":true,\"valueName\":\"search_term_string\"}}],\"inLanguage\":\"es-CL\"},{\"@type\":\"Person\",\"@id\":\"https:\/\/explora.cl\/maule\/#\/schema\/person\/cb8349c13ea2d324080adf8480d7ba5d\",\"name\":\"webman\",\"image\":{\"@type\":\"ImageObject\",\"inLanguage\":\"es-CL\",\"@id\":\"https:\/\/explora.cl\/maule\/#\/schema\/person\/image\/\",\"url\":\"https:\/\/secure.gravatar.com\/avatar\/eeff3c82f2c02f7177d13663b7e6f890e9a6a0647ce9bb29cae02dcb094c7312?s=96&d=mm&r=g\",\"contentUrl\":\"https:\/\/secure.gravatar.com\/avatar\/eeff3c82f2c02f7177d13663b7e6f890e9a6a0647ce9bb29cae02dcb094c7312?s=96&d=mm&r=g\",\"caption\":\"webman\"},\"url\":\"https:\/\/explora.cl\/maule\/author\/webman\/\"}]}<\/script>\n<!-- \/ Yoast SEO plugin. -->","yoast_head_json":{"title":"PAR EXPLORA CONICYT MAULE inicia actividades en la Regi\u00f3n - Maule","robots":{"index":"index","follow":"follow","max-snippet":"max-snippet:-1","max-image-preview":"max-image-preview:large","max-video-preview":"max-video-preview:-1"},"canonical":"https:\/\/explora.cl\/maule\/par-explora-conicyt-maule-inicia-actividades-en-la-region\/","og_locale":"es_ES","og_type":"article","og_title":"PAR EXPLORA CONICYT MAULE inicia actividades en la Regi\u00f3n - Maule","og_description":"La iniciativa aportar\u00e1 al desarrollo de una cultura cient\u00edfica en el Maule. La presentaci\u00f3n a la comunidad se realizar\u00e1 con una charla ofrecida a escolares por el equipo cient\u00edfico que cre\u00f3 el primer atlas de mortalidad en Chile. Ma\u00f1ana jueves 3 de Julio en el Teatro Abate Molina de la UTalca, el proyecto EXPLORA CONICYT [&hellip;]","og_url":"https:\/\/explora.cl\/maule\/par-explora-conicyt-maule-inicia-actividades-en-la-region\/","og_site_name":"Maule","article_published_time":"2014-07-02T19:58:33+00:00","article_modified_time":"2019-05-20T18:19:47+00:00","author":"webman","twitter_card":"summary_large_image","twitter_misc":{"Escrito por":"webman","Tiempo estimado de lectura":"1 minuto"},"schema":{"@context":"https:\/\/schema.org","@graph":[{"@type":"Article","@id":"https:\/\/explora.cl\/maule\/par-explora-conicyt-maule-inicia-actividades-en-la-region\/#article","isPartOf":{"@id":"https:\/\/explora.cl\/maule\/par-explora-conicyt-maule-inicia-actividades-en-la-region\/"},"author":{"name":"webman","@id":"https:\/\/explora.cl\/maule\/#\/schema\/person\/cb8349c13ea2d324080adf8480d7ba5d"},"headline":"PAR EXPLORA CONICYT MAULE inicia actividades en la Regi\u00f3n","datePublished":"2014-07-02T19:58:33+00:00","dateModified":"2019-05-20T18:19:47+00:00","mainEntityOfPage":{"@id":"https:\/\/explora.cl\/maule\/par-explora-conicyt-maule-inicia-actividades-en-la-region\/"},"wordCount":276,"image":{"@id":"https:\/\/explora.cl\/maule\/par-explora-conicyt-maule-inicia-actividades-en-la-region\/#primaryimage"},"thumbnailUrl":"","articleSection":["Noticias"],"inLanguage":"es-CL"},{"@type":"WebPage","@id":"https:\/\/explora.cl\/maule\/par-explora-conicyt-maule-inicia-actividades-en-la-region\/","url":"https:\/\/explora.cl\/maule\/par-explora-conicyt-maule-inicia-actividades-en-la-region\/","name":"PAR EXPLORA CONICYT MAULE inicia actividades en la Regi\u00f3n - Maule","isPartOf":{"@id":"https:\/\/explora.cl\/maule\/#website"},"primaryImageOfPage":{"@id":"https:\/\/explora.cl\/maule\/par-explora-conicyt-maule-inicia-actividades-en-la-region\/#primaryimage"},"image":{"@id":"https:\/\/explora.cl\/maule\/par-explora-conicyt-maule-inicia-actividades-en-la-region\/#primaryimage"},"thumbnailUrl":"","datePublished":"2014-07-02T19:58:33+00:00","dateModified":"2019-05-20T18:19:47+00:00","author":{"@id":"https:\/\/explora.cl\/maule\/#\/schema\/person\/cb8349c13ea2d324080adf8480d7ba5d"},"breadcrumb":{"@id":"https:\/\/explora.cl\/maule\/par-explora-conicyt-maule-inicia-actividades-en-la-region\/#breadcrumb"},"inLanguage":"es-CL","potentialAction":[{"@type":"ReadAction","target":["https:\/\/explora.cl\/maule\/par-explora-conicyt-maule-inicia-actividades-en-la-region\/"]}]},{"@type":"ImageObject","inLanguage":"es-CL","@id":"https:\/\/explora.cl\/maule\/par-explora-conicyt-maule-inicia-actividades-en-la-region\/#primaryimage","url":"","contentUrl":""},{"@type":"BreadcrumbList","@id":"https:\/\/explora.cl\/maule\/par-explora-conicyt-maule-inicia-actividades-en-la-region\/#breadcrumb","itemListElement":[{"@type":"ListItem","position":1,"name":"Portada","item":"https:\/\/explora.cl\/maule\/"},{"@type":"ListItem","position":2,"name":"PAR EXPLORA CONICYT MAULE inicia actividades en la Regi\u00f3n"}]},{"@type":"WebSite","@id":"https:\/\/explora.cl\/maule\/#website","url":"https:\/\/explora.cl\/maule\/","name":"Maule","description":"Otro sitio m\u00e1s de explora.cl","potentialAction":[{"@type":"SearchAction","target":{"@type":"EntryPoint","urlTemplate":"https:\/\/explora.cl\/maule\/?s={search_term_string}"},"query-input":{"@type":"PropertyValueSpecification","valueRequired":true,"valueName":"search_term_string"}}],"inLanguage":"es-CL"},{"@type":"Person","@id":"https:\/\/explora.cl\/maule\/#\/schema\/person\/cb8349c13ea2d324080adf8480d7ba5d","name":"webman","image":{"@type":"ImageObject","inLanguage":"es-CL","@id":"https:\/\/explora.cl\/maule\/#\/schema\/person\/image\/","url":"https:\/\/secure.gravatar.com\/avatar\/eeff3c82f2c02f7177d13663b7e6f890e9a6a0647ce9bb29cae02dcb094c7312?s=96&d=mm&r=g","contentUrl":"https:\/\/secure.gravatar.com\/avatar\/eeff3c82f2c02f7177d13663b7e6f890e9a6a0647ce9bb29cae02dcb094c7312?s=96&d=mm&r=g","caption":"webman"},"url":"https:\/\/explora.cl\/maule\/author\/webman\/"}]}},"_links":{"self":[{"href":"https:\/\/explora.cl\/maule\/wp-json\/wp\/v2\/posts\/862","targetHints":{"allow":["GET"]}}],"collection":[{"href":"https:\/\/explora.cl\/maule\/wp-json\/wp\/v2\/posts"}],"about":[{"href":"https:\/\/explora.cl\/maule\/wp-json\/wp\/v2\/types\/post"}],"author":[{"embeddable":true,"href":"https:\/\/explora.cl\/maule\/wp-json\/wp\/v2\/users\/2"}],"replies":[{"embeddable":true,"href":"https:\/\/explora.cl\/maule\/wp-json\/wp\/v2\/comments?post=862"}],"version-history":[{"count":1,"href":"https:\/\/explora.cl\/maule\/wp-json\/wp\/v2\/posts\/862\/revisions"}],"predecessor-version":[{"id":37974,"href":"https:\/\/explora.cl\/maule\/wp-json\/wp\/v2\/posts\/862\/revisions\/37974"}],"wp:featuredmedia":[{"embeddable":true,"href":"https:\/\/explora.cl\/maule\/wp-json\/"}],"wp:attachment":[{"href":"https:\/\/explora.cl\/maule\/wp-json\/wp\/v2\/media?parent=862"}],"wp:term":[{"taxonomy":"category","embeddable":true,"href":"https:\/\/explora.cl\/maule\/wp-json\/wp\/v2\/categories?post=862"},{"taxonomy":"post_tag","embeddable":true,"href":"https:\/\/explora.cl\/maule\/wp-json\/wp\/v2\/tags?post=862"}],"curies":[{"name":"wp","href":"https:\/\/api.w.org\/{rel}","templated":true}]}}