{"id":860,"date":"2014-07-04T16:50:50","date_gmt":"2014-07-04T16:50:50","guid":{"rendered":"https:\/\/explora.cl\/maule\/blog\/2014\/07\/04\/proyecto-explora-conicyt-plantea-crear-espacios-participativos-en-torno-a-la-ciencia\/"},"modified":"2019-05-20T18:19:46","modified_gmt":"2019-05-20T18:19:46","slug":"proyecto-explora-conicyt-plantea-crear-espacios-participativos-en-torno-a-la-ciencia","status":"publish","type":"post","link":"https:\/\/explora.cl\/maule\/proyecto-explora-conicyt-plantea-crear-espacios-participativos-en-torno-a-la-ciencia\/","title":{"rendered":"Proyecto EXPLORA CONICYT plantea crear espacios participativos en torno a la ciencia"},"content":{"rendered":"<p><img fetchpriority=\"high\" decoding=\"async\" class=\" size-full wp-image-3728\" src=\"http:\/\/ec2-34-218-253-251.us-west-2.compute.amazonaws.com\/wp-content\/uploads\/2014\/07\/d1450a2ed14552ed8e989d8f6d6cd95f.jpg\" alt=\"\" width=\"974\" height=\"547\" \/><\/p>\n<p><strong>En la charla inaugural, la acad\u00e9mica Gloria Icaza, explic\u00f3 en qu\u00e9 consiste el Atlas de Mortalidad en Chile, c\u00f3mo se construy\u00f3 este documento y la informaci\u00f3n que presenta.<\/strong><\/p>\n<p>Ciencia ciudadana y participaci\u00f3n de la comunidad son dos conceptos en torno a los cuales se desarrollar\u00e1 el PAR EXPLORA Maule, bajo el alero de la Direcci\u00f3n de Responsabilidad Universitaria (RSU) de la Universidad de Talca. La inauguraci\u00f3n del a\u00f1o del proyecto se llev\u00f3 a efecto en la sala \u201cAbate Molina\u201d, en una jornada interactiva a la que asistieron delegaciones estudiantiles de diversas comunas.<\/p>\n<p>Un ambiente de clara motivaci\u00f3n en torno a la ciencia caracteriz\u00f3 el acto, al que asistieron autoridades acad\u00e9micas, entre quienes se encontraba el director de Investigaci\u00f3n de la UTalca, Iv\u00e1n Palomo.<\/p>\n<p>El director del PAR EXPLORA Maule, Rodrigo Ram\u00edrez,resalt\u00f3 el inter\u00e9s de la Universidad de Talca, que -como instituci\u00f3n de educaci\u00f3n p\u00fablica- est\u00e1 comprometida a compartir el conocimiento con todos y constituye un espacio de intercambio. En el mismo contexto, sostuvo que ciencia ciudadana es el aporte que hacen las personas a la investigaci\u00f3n, al punto que hoy no es posible el desarrollo cient\u00edfico sin la participaci\u00f3n de los ciudadanos. \u201cEl laboratorio cerrado, inmerso en la academia, sin mirar qu\u00e9 pasa en su entorno, ya no es viable\u201d, enfatiz\u00f3.<\/p>\n<p>En busca de ejemplos cercanos, dijo que el Mundial de F\u00fatbol es una gran experiencia en ese \u00e1mbito, puesto que \u201cla pelota, el gran producto cient\u00edfico que arroj\u00f3 este Mundial fue probado por personas de los cinco continentes y no solo en un laboratorio. Es decir, hoy estamos en condiciones como acad\u00e9micos de abrir nuestro espacio de conocimiento y tambi\u00e9n valorar el que proviene de la ciudadan\u00eda\u201d.<\/p>\n<p><strong>Tambi\u00e9n en el f\u00fatbol<\/strong><\/p>\n<p>Ram\u00edrez explic\u00f3 que tambi\u00e9n la ciencia est\u00e1 presente en el Campeonato Mundial en el exoesqueleto del joven con par\u00e1lisis que pudo ponerse de pie para dar el puntapi\u00e9 inicial en la ceremonia de inauguraci\u00f3n; asimismo, en el campo de juego, en torno al cual se dispone de una red tecnol\u00f3gica de c\u00e1maras y sensores de apoyo a los arbitrajes, de manera que en \u00e9stos haya menos errores. Se puede apreciar, adem\u00e1s, en la alta definici\u00f3n de las im\u00e1genes transmitidas. Agreg\u00f3 que la ciencia y la tecnolog\u00eda est\u00e1n en el compromiso con el medio ambiente, traducido en la construcci\u00f3n de estadios sustentables.<\/p>\n<p>En relaci\u00f3n al proyecto que comienza, manifest\u00f3 que el Proyecto Asociativo Regional aspira a ir m\u00e1s all\u00e1 del mundo escolar y se busca incorporar a toda la comunidad. \u201cTenemos una oferta de actividades \u00a0que invita a que los ciudadanos \u00a0a que se apropien de los beneficios de la ciencia y tecnolog\u00eda\u201d, apunt\u00f3.<\/p>\n<p>Posteriormente, Yesenia Osorio, ejecutiva del Programa EXPLORA CONICYT , enfatiz\u00f3 el objetivo del programa y el trabajo en red, con el fin de lograr las sinergias que aseguren la cobertura de las acciones que se realicen este a\u00f1o, bajo el lema \u201cVida, Ciencia y Tecnolog\u00eda\u201d. Al mismo tiempo expres\u00f3 un especial reconocimiento al compromiso que ha tenido la Universidad de Talca con ese programa de divulgaci\u00f3n cient\u00edfica y a la creaci\u00f3n de una cultura de ciencia y tecnolog\u00eda.<\/p>\n<p><strong>Atlas de Mortalidad<\/strong><\/p>\n<p>En la segunda parte de la jornada inaugural, la acad\u00e9mica de la Universidad deTalca, Gloria Icaza, realiz\u00f3 una charla en la que explic\u00f3 los aspectos m\u00e1s relevantes del proyecto \u201cAtlas de Mortalidad en Chile\u201d, en el que trabaj\u00f3 junto a un equipo de investigadores.<\/p>\n<p>En su exposici\u00f3n dio a conocer c\u00f3mo se construy\u00f3 el atlas, en qu\u00e9 consiste y el rol que juega la estad\u00edstica en este tipo de trabajos. Precis\u00f3 que la Raz\u00f3n de Mortalidad Estandarizada (RME) es un indicador sobre el riesgo relativo de morir en una comuna con respecto al resto del pa\u00eds. De ese modo, los hombres de las regiones del norte y de la Regi\u00f3n Metropolitana tienen mayor riesgo de morir de c\u00e1ncer al pulm\u00f3n que los de otras regiones. Este nivel de riesgo tambi\u00e9n es alto en mujeres de la Regi\u00f3n Metropolitana.<\/p>\n<p>El atlas muestra que en regiones del centro sur, entre las cuales est\u00e1 la del Maule, existe mayor riesgo de muerte por c\u00e1ncer g\u00e1strico que en otras zonas del pa\u00eds, el que tambi\u00e9n es alto en comunas populares de la Regi\u00f3n Metropolitana.<\/p>\n<p>Finalmente, algunos profesores y varios alumnos formularon consultas a la investigadora sobre el tema de su charla.<\/p>\n<p><strong>\u00a0<\/strong><\/p>\n","protected":false},"excerpt":{"rendered":"<p>En la charla inaugural, la acad\u00e9mica Gloria Icaza, explic\u00f3 en qu\u00e9 consiste el Atlas de Mortalidad en Chile, c\u00f3mo se construy\u00f3 este documento y la informaci\u00f3n que presenta. Ciencia ciudadana y participaci\u00f3n de la comunidad son dos conceptos en torno a los cuales se desarrollar\u00e1 el PAR EXPLORA Maule, bajo el alero de la Direcci\u00f3n [&hellip;]<\/p>\n","protected":false},"author":2,"featured_media":3728,"comment_status":"closed","ping_status":"open","sticky":false,"template":"","format":"standard","meta":{"_acf_changed":false,"_exactmetrics_skip_tracking":false,"_exactmetrics_sitenote_active":false,"_exactmetrics_sitenote_note":"","_exactmetrics_sitenote_category":0,"footnotes":"","_links_to":"","_links_to_target":""},"categories":[4],"tags":[],"class_list":["post-860","post","type-post","status-publish","format-standard","has-post-thumbnail","hentry","category-noticias"],"acf":[],"yoast_head":"<!-- This site is optimized with the Yoast SEO plugin v26.9 - https:\/\/yoast.com\/product\/yoast-seo-wordpress\/ -->\n<title>Proyecto EXPLORA CONICYT plantea crear espacios participativos en torno a la ciencia - Maule<\/title>\n<meta name=\"robots\" content=\"index, follow, max-snippet:-1, max-image-preview:large, max-video-preview:-1\" \/>\n<link rel=\"canonical\" href=\"https:\/\/explora.cl\/maule\/proyecto-explora-conicyt-plantea-crear-espacios-participativos-en-torno-a-la-ciencia\/\" class=\"yoast-seo-meta-tag\" \/>\n<meta property=\"og:locale\" content=\"es_ES\" class=\"yoast-seo-meta-tag\" \/>\n<meta property=\"og:type\" content=\"article\" class=\"yoast-seo-meta-tag\" \/>\n<meta property=\"og:title\" content=\"Proyecto EXPLORA CONICYT plantea crear espacios participativos en torno a la ciencia - Maule\" class=\"yoast-seo-meta-tag\" \/>\n<meta property=\"og:description\" content=\"En la charla inaugural, la acad\u00e9mica Gloria Icaza, explic\u00f3 en qu\u00e9 consiste el Atlas de Mortalidad en Chile, c\u00f3mo se construy\u00f3 este documento y la informaci\u00f3n que presenta. Ciencia ciudadana y participaci\u00f3n de la comunidad son dos conceptos en torno a los cuales se desarrollar\u00e1 el PAR EXPLORA Maule, bajo el alero de la Direcci\u00f3n [&hellip;]\" class=\"yoast-seo-meta-tag\" \/>\n<meta property=\"og:url\" content=\"https:\/\/explora.cl\/maule\/proyecto-explora-conicyt-plantea-crear-espacios-participativos-en-torno-a-la-ciencia\/\" class=\"yoast-seo-meta-tag\" \/>\n<meta property=\"og:site_name\" content=\"Maule\" class=\"yoast-seo-meta-tag\" \/>\n<meta property=\"article:published_time\" content=\"2014-07-04T16:50:50+00:00\" class=\"yoast-seo-meta-tag\" \/>\n<meta property=\"article:modified_time\" content=\"2019-05-20T18:19:46+00:00\" class=\"yoast-seo-meta-tag\" \/>\n<meta name=\"author\" content=\"webman\" class=\"yoast-seo-meta-tag\" \/>\n<meta name=\"twitter:card\" content=\"summary_large_image\" class=\"yoast-seo-meta-tag\" \/>\n<meta name=\"twitter:label1\" content=\"Escrito por\" class=\"yoast-seo-meta-tag\" \/>\n\t<meta name=\"twitter:data1\" content=\"webman\" class=\"yoast-seo-meta-tag\" \/>\n\t<meta name=\"twitter:label2\" content=\"Tiempo estimado de lectura\" class=\"yoast-seo-meta-tag\" \/>\n\t<meta name=\"twitter:data2\" content=\"4 minutos\" class=\"yoast-seo-meta-tag\" \/>\n<script type=\"application\/ld+json\" class=\"yoast-schema-graph\">{\"@context\":\"https:\/\/schema.org\",\"@graph\":[{\"@type\":\"Article\",\"@id\":\"https:\/\/explora.cl\/maule\/proyecto-explora-conicyt-plantea-crear-espacios-participativos-en-torno-a-la-ciencia\/#article\",\"isPartOf\":{\"@id\":\"https:\/\/explora.cl\/maule\/proyecto-explora-conicyt-plantea-crear-espacios-participativos-en-torno-a-la-ciencia\/\"},\"author\":{\"name\":\"webman\",\"@id\":\"https:\/\/explora.cl\/maule\/#\/schema\/person\/cb8349c13ea2d324080adf8480d7ba5d\"},\"headline\":\"Proyecto EXPLORA CONICYT plantea crear espacios participativos en torno a la ciencia\",\"datePublished\":\"2014-07-04T16:50:50+00:00\",\"dateModified\":\"2019-05-20T18:19:46+00:00\",\"mainEntityOfPage\":{\"@id\":\"https:\/\/explora.cl\/maule\/proyecto-explora-conicyt-plantea-crear-espacios-participativos-en-torno-a-la-ciencia\/\"},\"wordCount\":789,\"image\":{\"@id\":\"https:\/\/explora.cl\/maule\/proyecto-explora-conicyt-plantea-crear-espacios-participativos-en-torno-a-la-ciencia\/#primaryimage\"},\"thumbnailUrl\":\"\",\"articleSection\":[\"Noticias\"],\"inLanguage\":\"es-CL\"},{\"@type\":\"WebPage\",\"@id\":\"https:\/\/explora.cl\/maule\/proyecto-explora-conicyt-plantea-crear-espacios-participativos-en-torno-a-la-ciencia\/\",\"url\":\"https:\/\/explora.cl\/maule\/proyecto-explora-conicyt-plantea-crear-espacios-participativos-en-torno-a-la-ciencia\/\",\"name\":\"Proyecto EXPLORA CONICYT plantea crear espacios participativos en torno a la ciencia - Maule\",\"isPartOf\":{\"@id\":\"https:\/\/explora.cl\/maule\/#website\"},\"primaryImageOfPage\":{\"@id\":\"https:\/\/explora.cl\/maule\/proyecto-explora-conicyt-plantea-crear-espacios-participativos-en-torno-a-la-ciencia\/#primaryimage\"},\"image\":{\"@id\":\"https:\/\/explora.cl\/maule\/proyecto-explora-conicyt-plantea-crear-espacios-participativos-en-torno-a-la-ciencia\/#primaryimage\"},\"thumbnailUrl\":\"\",\"datePublished\":\"2014-07-04T16:50:50+00:00\",\"dateModified\":\"2019-05-20T18:19:46+00:00\",\"author\":{\"@id\":\"https:\/\/explora.cl\/maule\/#\/schema\/person\/cb8349c13ea2d324080adf8480d7ba5d\"},\"breadcrumb\":{\"@id\":\"https:\/\/explora.cl\/maule\/proyecto-explora-conicyt-plantea-crear-espacios-participativos-en-torno-a-la-ciencia\/#breadcrumb\"},\"inLanguage\":\"es-CL\",\"potentialAction\":[{\"@type\":\"ReadAction\",\"target\":[\"https:\/\/explora.cl\/maule\/proyecto-explora-conicyt-plantea-crear-espacios-participativos-en-torno-a-la-ciencia\/\"]}]},{\"@type\":\"ImageObject\",\"inLanguage\":\"es-CL\",\"@id\":\"https:\/\/explora.cl\/maule\/proyecto-explora-conicyt-plantea-crear-espacios-participativos-en-torno-a-la-ciencia\/#primaryimage\",\"url\":\"\",\"contentUrl\":\"\"},{\"@type\":\"BreadcrumbList\",\"@id\":\"https:\/\/explora.cl\/maule\/proyecto-explora-conicyt-plantea-crear-espacios-participativos-en-torno-a-la-ciencia\/#breadcrumb\",\"itemListElement\":[{\"@type\":\"ListItem\",\"position\":1,\"name\":\"Portada\",\"item\":\"https:\/\/explora.cl\/maule\/\"},{\"@type\":\"ListItem\",\"position\":2,\"name\":\"Proyecto EXPLORA CONICYT plantea crear espacios participativos en torno a la ciencia\"}]},{\"@type\":\"WebSite\",\"@id\":\"https:\/\/explora.cl\/maule\/#website\",\"url\":\"https:\/\/explora.cl\/maule\/\",\"name\":\"Maule\",\"description\":\"Otro sitio m\u00e1s de explora.cl\",\"potentialAction\":[{\"@type\":\"SearchAction\",\"target\":{\"@type\":\"EntryPoint\",\"urlTemplate\":\"https:\/\/explora.cl\/maule\/?s={search_term_string}\"},\"query-input\":{\"@type\":\"PropertyValueSpecification\",\"valueRequired\":true,\"valueName\":\"search_term_string\"}}],\"inLanguage\":\"es-CL\"},{\"@type\":\"Person\",\"@id\":\"https:\/\/explora.cl\/maule\/#\/schema\/person\/cb8349c13ea2d324080adf8480d7ba5d\",\"name\":\"webman\",\"image\":{\"@type\":\"ImageObject\",\"inLanguage\":\"es-CL\",\"@id\":\"https:\/\/explora.cl\/maule\/#\/schema\/person\/image\/\",\"url\":\"https:\/\/secure.gravatar.com\/avatar\/eeff3c82f2c02f7177d13663b7e6f890e9a6a0647ce9bb29cae02dcb094c7312?s=96&d=mm&r=g\",\"contentUrl\":\"https:\/\/secure.gravatar.com\/avatar\/eeff3c82f2c02f7177d13663b7e6f890e9a6a0647ce9bb29cae02dcb094c7312?s=96&d=mm&r=g\",\"caption\":\"webman\"},\"url\":\"https:\/\/explora.cl\/maule\/author\/webman\/\"}]}<\/script>\n<!-- \/ Yoast SEO plugin. -->","yoast_head_json":{"title":"Proyecto EXPLORA CONICYT plantea crear espacios participativos en torno a la ciencia - Maule","robots":{"index":"index","follow":"follow","max-snippet":"max-snippet:-1","max-image-preview":"max-image-preview:large","max-video-preview":"max-video-preview:-1"},"canonical":"https:\/\/explora.cl\/maule\/proyecto-explora-conicyt-plantea-crear-espacios-participativos-en-torno-a-la-ciencia\/","og_locale":"es_ES","og_type":"article","og_title":"Proyecto EXPLORA CONICYT plantea crear espacios participativos en torno a la ciencia - Maule","og_description":"En la charla inaugural, la acad\u00e9mica Gloria Icaza, explic\u00f3 en qu\u00e9 consiste el Atlas de Mortalidad en Chile, c\u00f3mo se construy\u00f3 este documento y la informaci\u00f3n que presenta. Ciencia ciudadana y participaci\u00f3n de la comunidad son dos conceptos en torno a los cuales se desarrollar\u00e1 el PAR EXPLORA Maule, bajo el alero de la Direcci\u00f3n [&hellip;]","og_url":"https:\/\/explora.cl\/maule\/proyecto-explora-conicyt-plantea-crear-espacios-participativos-en-torno-a-la-ciencia\/","og_site_name":"Maule","article_published_time":"2014-07-04T16:50:50+00:00","article_modified_time":"2019-05-20T18:19:46+00:00","author":"webman","twitter_card":"summary_large_image","twitter_misc":{"Escrito por":"webman","Tiempo estimado de lectura":"4 minutos"},"schema":{"@context":"https:\/\/schema.org","@graph":[{"@type":"Article","@id":"https:\/\/explora.cl\/maule\/proyecto-explora-conicyt-plantea-crear-espacios-participativos-en-torno-a-la-ciencia\/#article","isPartOf":{"@id":"https:\/\/explora.cl\/maule\/proyecto-explora-conicyt-plantea-crear-espacios-participativos-en-torno-a-la-ciencia\/"},"author":{"name":"webman","@id":"https:\/\/explora.cl\/maule\/#\/schema\/person\/cb8349c13ea2d324080adf8480d7ba5d"},"headline":"Proyecto EXPLORA CONICYT plantea crear espacios participativos en torno a la ciencia","datePublished":"2014-07-04T16:50:50+00:00","dateModified":"2019-05-20T18:19:46+00:00","mainEntityOfPage":{"@id":"https:\/\/explora.cl\/maule\/proyecto-explora-conicyt-plantea-crear-espacios-participativos-en-torno-a-la-ciencia\/"},"wordCount":789,"image":{"@id":"https:\/\/explora.cl\/maule\/proyecto-explora-conicyt-plantea-crear-espacios-participativos-en-torno-a-la-ciencia\/#primaryimage"},"thumbnailUrl":"","articleSection":["Noticias"],"inLanguage":"es-CL"},{"@type":"WebPage","@id":"https:\/\/explora.cl\/maule\/proyecto-explora-conicyt-plantea-crear-espacios-participativos-en-torno-a-la-ciencia\/","url":"https:\/\/explora.cl\/maule\/proyecto-explora-conicyt-plantea-crear-espacios-participativos-en-torno-a-la-ciencia\/","name":"Proyecto EXPLORA CONICYT plantea crear espacios participativos en torno a la ciencia - Maule","isPartOf":{"@id":"https:\/\/explora.cl\/maule\/#website"},"primaryImageOfPage":{"@id":"https:\/\/explora.cl\/maule\/proyecto-explora-conicyt-plantea-crear-espacios-participativos-en-torno-a-la-ciencia\/#primaryimage"},"image":{"@id":"https:\/\/explora.cl\/maule\/proyecto-explora-conicyt-plantea-crear-espacios-participativos-en-torno-a-la-ciencia\/#primaryimage"},"thumbnailUrl":"","datePublished":"2014-07-04T16:50:50+00:00","dateModified":"2019-05-20T18:19:46+00:00","author":{"@id":"https:\/\/explora.cl\/maule\/#\/schema\/person\/cb8349c13ea2d324080adf8480d7ba5d"},"breadcrumb":{"@id":"https:\/\/explora.cl\/maule\/proyecto-explora-conicyt-plantea-crear-espacios-participativos-en-torno-a-la-ciencia\/#breadcrumb"},"inLanguage":"es-CL","potentialAction":[{"@type":"ReadAction","target":["https:\/\/explora.cl\/maule\/proyecto-explora-conicyt-plantea-crear-espacios-participativos-en-torno-a-la-ciencia\/"]}]},{"@type":"ImageObject","inLanguage":"es-CL","@id":"https:\/\/explora.cl\/maule\/proyecto-explora-conicyt-plantea-crear-espacios-participativos-en-torno-a-la-ciencia\/#primaryimage","url":"","contentUrl":""},{"@type":"BreadcrumbList","@id":"https:\/\/explora.cl\/maule\/proyecto-explora-conicyt-plantea-crear-espacios-participativos-en-torno-a-la-ciencia\/#breadcrumb","itemListElement":[{"@type":"ListItem","position":1,"name":"Portada","item":"https:\/\/explora.cl\/maule\/"},{"@type":"ListItem","position":2,"name":"Proyecto EXPLORA CONICYT plantea crear espacios participativos en torno a la ciencia"}]},{"@type":"WebSite","@id":"https:\/\/explora.cl\/maule\/#website","url":"https:\/\/explora.cl\/maule\/","name":"Maule","description":"Otro sitio m\u00e1s de explora.cl","potentialAction":[{"@type":"SearchAction","target":{"@type":"EntryPoint","urlTemplate":"https:\/\/explora.cl\/maule\/?s={search_term_string}"},"query-input":{"@type":"PropertyValueSpecification","valueRequired":true,"valueName":"search_term_string"}}],"inLanguage":"es-CL"},{"@type":"Person","@id":"https:\/\/explora.cl\/maule\/#\/schema\/person\/cb8349c13ea2d324080adf8480d7ba5d","name":"webman","image":{"@type":"ImageObject","inLanguage":"es-CL","@id":"https:\/\/explora.cl\/maule\/#\/schema\/person\/image\/","url":"https:\/\/secure.gravatar.com\/avatar\/eeff3c82f2c02f7177d13663b7e6f890e9a6a0647ce9bb29cae02dcb094c7312?s=96&d=mm&r=g","contentUrl":"https:\/\/secure.gravatar.com\/avatar\/eeff3c82f2c02f7177d13663b7e6f890e9a6a0647ce9bb29cae02dcb094c7312?s=96&d=mm&r=g","caption":"webman"},"url":"https:\/\/explora.cl\/maule\/author\/webman\/"}]}},"_links":{"self":[{"href":"https:\/\/explora.cl\/maule\/wp-json\/wp\/v2\/posts\/860","targetHints":{"allow":["GET"]}}],"collection":[{"href":"https:\/\/explora.cl\/maule\/wp-json\/wp\/v2\/posts"}],"about":[{"href":"https:\/\/explora.cl\/maule\/wp-json\/wp\/v2\/types\/post"}],"author":[{"embeddable":true,"href":"https:\/\/explora.cl\/maule\/wp-json\/wp\/v2\/users\/2"}],"replies":[{"embeddable":true,"href":"https:\/\/explora.cl\/maule\/wp-json\/wp\/v2\/comments?post=860"}],"version-history":[{"count":1,"href":"https:\/\/explora.cl\/maule\/wp-json\/wp\/v2\/posts\/860\/revisions"}],"predecessor-version":[{"id":37973,"href":"https:\/\/explora.cl\/maule\/wp-json\/wp\/v2\/posts\/860\/revisions\/37973"}],"wp:featuredmedia":[{"embeddable":true,"href":"https:\/\/explora.cl\/maule\/wp-json\/"}],"wp:attachment":[{"href":"https:\/\/explora.cl\/maule\/wp-json\/wp\/v2\/media?parent=860"}],"wp:term":[{"taxonomy":"category","embeddable":true,"href":"https:\/\/explora.cl\/maule\/wp-json\/wp\/v2\/categories?post=860"},{"taxonomy":"post_tag","embeddable":true,"href":"https:\/\/explora.cl\/maule\/wp-json\/wp\/v2\/tags?post=860"}],"curies":[{"name":"wp","href":"https:\/\/api.w.org\/{rel}","templated":true}]}}