{"id":853,"date":"2014-07-11T19:59:53","date_gmt":"2014-07-11T19:59:53","guid":{"rendered":"https:\/\/explora.cl\/maule\/blog\/2014\/07\/11\/docentes-participaron-en-primera-reunion-de-la-red-maule-ciencia\/"},"modified":"2019-05-20T18:19:45","modified_gmt":"2019-05-20T18:19:45","slug":"docentes-participaron-en-primera-reunion-de-la-red-maule-ciencia","status":"publish","type":"post","link":"https:\/\/explora.cl\/maule\/docentes-participaron-en-primera-reunion-de-la-red-maule-ciencia\/","title":{"rendered":"Docentes participaron en primera reuni\u00f3n de la Red Maule Ciencia"},"content":{"rendered":"<p><img fetchpriority=\"high\" decoding=\"async\" class=\" size-full wp-image-3949\" src=\"http:\/\/ec2-34-218-253-251.us-west-2.compute.amazonaws.com\/wp-content\/uploads\/2014\/07\/6a3a0b770ea5a67437a45b728e7f1fdc.jpg\" alt=\"\" width=\"3872\" height=\"2592\" \/><\/p>\n<p><em><span style=\"color: #000000;font-family: Calibri;font-size: medium\">La iniciativa pionera en la Regi\u00f3n permitir\u00e1 generar una plataforma de colaboraci\u00f3n y coordinaci\u00f3n de actividades de difusi\u00f3n y divulgaci\u00f3n de las ciencias.<\/span><\/em><em><span style=\"color: #000000;font-family: Calibri;font-size: medium\">\u00a0<\/span><\/em><\/p>\n<p><span style=\"font-family: Calibri\"><span style=\"color: #000000;font-size: medium\">M\u00e1s de 40 profesores de ciencias y profesionales de Departamentos<\/span><span style=\"color: #000000;font-size: medium\">\u00a0 <\/span><span style=\"color: #000000;font-size: medium\">de Educaci\u00f3n Municipal de diversas comunas de la Regi\u00f3n, participaron de la primera reuni\u00f3n de la RED Territorial Maule Ciencia que se realiz\u00f3 el pasado mi\u00e9rcoles 9 de julio en el auditorio de la Direcci\u00f3n de Responsabilidad Social de la Universidad de Talca.<\/span><\/span><\/p>\n<p><span style=\"font-family: Calibri\"><span style=\"color: #000000;font-size: medium\">En la ocasi\u00f3n, los asistentes conocieron las l\u00edneas de trabajo que componen el PAR EXPLORA Maule y se informaron de las fechas de algunas de las iniciativas que se ejecutar\u00e1n los meses de julio y agosto, entre las que destacan: las capacitaciones en m\u00e9todo cient\u00edfico para profesores de educaci\u00f3n b\u00e1sica y media que dictar\u00e1 la<\/span><span style=\"color: #000000;font-size: medium\">\u00a0 <\/span><span style=\"color: #000000;font-size: medium\">asesora cient\u00edfica del Proyecto Asociativo Regional y Docente UTalca, Dra. Mar\u00eda del Pilar Caramant\u00edn, los d\u00edas 30 y 31 de julio en el Instituto de Qu\u00edmica de la Universidad de Talca.<\/span><\/span><\/p>\n<p><span style=\"color: #000000;font-family: Calibri;font-size: medium\">Otra iniciativa que se realizar\u00e1 para fomentar el conocimiento cient\u00edfico y la investigaci\u00f3n escolar es el concurso de Clubes EXPLORA, que busca apoyar el desarrollo de proyectos cient\u00edfico-tecnol\u00f3gicos de estudiantes entre quinto b\u00e1sico y tercero medio de establecimientos educacionales de la Regi\u00f3n. <\/span><\/p>\n<p><span style=\"font-family: Calibri\"><span style=\"color: #000000;font-size: medium\">Para promover<\/span><span style=\"color: #000000;font-size: medium\">\u00a0 <\/span><span style=\"color: #000000;font-size: medium\">la postulaci\u00f3n de los colegios, se realizar\u00e1n una serie de talleres en las 4 provincias del Maule. El 5 de agosto en Linares y Cauquenes y el 12 de agosto en Curic\u00f3 y Talca. El proceso de postulaci\u00f3n comienza hoy y finaliza el pr\u00f3ximo 22 de agosto, las bases y formulario de postulaci\u00f3n se encuentran en: <\/span><\/span><a href=\"maule\"><span style=\"text-decoration: underline\"><span style=\"color: #0000ff;font-family: Calibri;font-size: medium\">explora.cl\/maule<\/span><\/span><\/a><span style=\"color: #000000;font-family: Calibri;font-size: medium\">. <\/span><\/p>\n<p><span style=\"color: #000000;font-family: Calibri;font-size: medium\">Rodrigo Ram\u00edrez, Director PAR EXPLORA Maule, coment\u00f3 que el sentido de esta l\u00ednea de acci\u00f3n es fomentar el dialogo y co-creaci\u00f3n de actividades que fomenten una cultura cient\u00edfica en la Regi\u00f3n.<\/span><\/p>\n<p><span style=\"font-family: Calibri\"><span style=\"color: #000000;font-size: medium\">\u201cLas Universidades y las instituciones generadoras de conocimientos ya no pueden trabajar aislados o encerrados en sus laboratorios. Nosotros como PAR EXPLORA Maule<\/span><span style=\"color: #000000;font-size: medium\">\u00a0 <\/span><span style=\"color: #000000;font-size: medium\">creemos en la Ciencia Ciudadana como paradigma de acci\u00f3n y la RED <\/span><span style=\"color: #000000;font-size: medium\">\u00a0<\/span><span style=\"color: #000000;font-size: medium\">Maule Ciencia es fruto de esta convicci\u00f3n, se\u00f1al\u00f3 Ram\u00edrez. <\/span><span style=\"color: #000000;font-size: medium\">\u00a0<\/span><\/span><\/p>\n<p><span style=\"color: #000000;font-family: Calibri;font-size: medium\">La pr\u00f3xima reuni\u00f3n de la Red Territorial Maule Ciencia, se efectuar\u00e1 el mi\u00e9rcoles 6 de agosto a las 15:00 Horas en el auditorio de la Direcci\u00f3n de Responsabilidad Social Universitaria de la Universidad de Talca, ubicado en Av. Lircay S\/N. <\/span><\/p>\n<p><span style=\"color: #000000;font-family: Calibri;font-size: medium\">Los docentes y Direcciones Municipales de Educaci\u00f3n interesados en participar de esta red de fomento de la valoraci\u00f3n y divulgaci\u00f3n cient\u00edfica, pueden solicitar informaci\u00f3n a <\/span><a href=\"mailto:explora@utalca.cl\"><span style=\"text-decoration: underline\"><span style=\"color: #0000ff;font-family: Calibri;font-size: medium\">explora@utalca.cl<\/span><\/span><\/a><span style=\"color: #000000;font-family: Calibri;font-size: medium\"> o al tel\u00e9fono 71-2201658.<\/span><\/p>\n<p><span style=\"color: #000000;font-family: Calibri;font-size: medium\">\u00a0<\/span><\/p>\n","protected":false},"excerpt":{"rendered":"<p>La iniciativa pionera en la Regi\u00f3n permitir\u00e1 generar una plataforma de colaboraci\u00f3n y coordinaci\u00f3n de actividades de difusi\u00f3n y divulgaci\u00f3n de las ciencias.\u00a0 M\u00e1s de 40 profesores de ciencias y profesionales de Departamentos\u00a0 de Educaci\u00f3n Municipal de diversas comunas de la Regi\u00f3n, participaron de la primera reuni\u00f3n de la RED Territorial Maule Ciencia que se [&hellip;]<\/p>\n","protected":false},"author":2,"featured_media":3949,"comment_status":"closed","ping_status":"open","sticky":false,"template":"","format":"standard","meta":{"_acf_changed":false,"_exactmetrics_skip_tracking":false,"_exactmetrics_sitenote_active":false,"_exactmetrics_sitenote_note":"","_exactmetrics_sitenote_category":0,"footnotes":"","_links_to":"","_links_to_target":""},"categories":[4],"tags":[],"class_list":["post-853","post","type-post","status-publish","format-standard","has-post-thumbnail","hentry","category-noticias"],"acf":[],"yoast_head":"<!-- This site is optimized with the Yoast SEO plugin v26.9 - https:\/\/yoast.com\/product\/yoast-seo-wordpress\/ -->\n<title>Docentes participaron en primera reuni\u00f3n de la Red Maule Ciencia - Maule<\/title>\n<meta name=\"robots\" content=\"index, follow, max-snippet:-1, max-image-preview:large, max-video-preview:-1\" \/>\n<link rel=\"canonical\" href=\"https:\/\/explora.cl\/maule\/docentes-participaron-en-primera-reunion-de-la-red-maule-ciencia\/\" class=\"yoast-seo-meta-tag\" \/>\n<meta property=\"og:locale\" content=\"es_ES\" class=\"yoast-seo-meta-tag\" \/>\n<meta property=\"og:type\" content=\"article\" class=\"yoast-seo-meta-tag\" \/>\n<meta property=\"og:title\" content=\"Docentes participaron en primera reuni\u00f3n de la Red Maule Ciencia - Maule\" class=\"yoast-seo-meta-tag\" \/>\n<meta property=\"og:description\" content=\"La iniciativa pionera en la Regi\u00f3n permitir\u00e1 generar una plataforma de colaboraci\u00f3n y coordinaci\u00f3n de actividades de difusi\u00f3n y divulgaci\u00f3n de las ciencias.\u00a0 M\u00e1s de 40 profesores de ciencias y profesionales de Departamentos\u00a0 de Educaci\u00f3n Municipal de diversas comunas de la Regi\u00f3n, participaron de la primera reuni\u00f3n de la RED Territorial Maule Ciencia que se [&hellip;]\" class=\"yoast-seo-meta-tag\" \/>\n<meta property=\"og:url\" content=\"https:\/\/explora.cl\/maule\/docentes-participaron-en-primera-reunion-de-la-red-maule-ciencia\/\" class=\"yoast-seo-meta-tag\" \/>\n<meta property=\"og:site_name\" content=\"Maule\" class=\"yoast-seo-meta-tag\" \/>\n<meta property=\"article:published_time\" content=\"2014-07-11T19:59:53+00:00\" class=\"yoast-seo-meta-tag\" \/>\n<meta property=\"article:modified_time\" content=\"2019-05-20T18:19:45+00:00\" class=\"yoast-seo-meta-tag\" \/>\n<meta name=\"author\" content=\"webman\" class=\"yoast-seo-meta-tag\" \/>\n<meta name=\"twitter:card\" content=\"summary_large_image\" class=\"yoast-seo-meta-tag\" \/>\n<meta name=\"twitter:label1\" content=\"Escrito por\" class=\"yoast-seo-meta-tag\" \/>\n\t<meta name=\"twitter:data1\" content=\"webman\" class=\"yoast-seo-meta-tag\" \/>\n\t<meta name=\"twitter:label2\" content=\"Tiempo estimado de lectura\" class=\"yoast-seo-meta-tag\" \/>\n\t<meta name=\"twitter:data2\" content=\"2 minutos\" class=\"yoast-seo-meta-tag\" \/>\n<script type=\"application\/ld+json\" class=\"yoast-schema-graph\">{\"@context\":\"https:\/\/schema.org\",\"@graph\":[{\"@type\":\"Article\",\"@id\":\"https:\/\/explora.cl\/maule\/docentes-participaron-en-primera-reunion-de-la-red-maule-ciencia\/#article\",\"isPartOf\":{\"@id\":\"https:\/\/explora.cl\/maule\/docentes-participaron-en-primera-reunion-de-la-red-maule-ciencia\/\"},\"author\":{\"name\":\"webman\",\"@id\":\"https:\/\/explora.cl\/maule\/#\/schema\/person\/cb8349c13ea2d324080adf8480d7ba5d\"},\"headline\":\"Docentes participaron en primera reuni\u00f3n de la Red Maule Ciencia\",\"datePublished\":\"2014-07-11T19:59:53+00:00\",\"dateModified\":\"2019-05-20T18:19:45+00:00\",\"mainEntityOfPage\":{\"@id\":\"https:\/\/explora.cl\/maule\/docentes-participaron-en-primera-reunion-de-la-red-maule-ciencia\/\"},\"wordCount\":468,\"image\":{\"@id\":\"https:\/\/explora.cl\/maule\/docentes-participaron-en-primera-reunion-de-la-red-maule-ciencia\/#primaryimage\"},\"thumbnailUrl\":\"\",\"articleSection\":[\"Noticias\"],\"inLanguage\":\"es-CL\"},{\"@type\":\"WebPage\",\"@id\":\"https:\/\/explora.cl\/maule\/docentes-participaron-en-primera-reunion-de-la-red-maule-ciencia\/\",\"url\":\"https:\/\/explora.cl\/maule\/docentes-participaron-en-primera-reunion-de-la-red-maule-ciencia\/\",\"name\":\"Docentes participaron en primera reuni\u00f3n de la Red Maule Ciencia - Maule\",\"isPartOf\":{\"@id\":\"https:\/\/explora.cl\/maule\/#website\"},\"primaryImageOfPage\":{\"@id\":\"https:\/\/explora.cl\/maule\/docentes-participaron-en-primera-reunion-de-la-red-maule-ciencia\/#primaryimage\"},\"image\":{\"@id\":\"https:\/\/explora.cl\/maule\/docentes-participaron-en-primera-reunion-de-la-red-maule-ciencia\/#primaryimage\"},\"thumbnailUrl\":\"\",\"datePublished\":\"2014-07-11T19:59:53+00:00\",\"dateModified\":\"2019-05-20T18:19:45+00:00\",\"author\":{\"@id\":\"https:\/\/explora.cl\/maule\/#\/schema\/person\/cb8349c13ea2d324080adf8480d7ba5d\"},\"breadcrumb\":{\"@id\":\"https:\/\/explora.cl\/maule\/docentes-participaron-en-primera-reunion-de-la-red-maule-ciencia\/#breadcrumb\"},\"inLanguage\":\"es-CL\",\"potentialAction\":[{\"@type\":\"ReadAction\",\"target\":[\"https:\/\/explora.cl\/maule\/docentes-participaron-en-primera-reunion-de-la-red-maule-ciencia\/\"]}]},{\"@type\":\"ImageObject\",\"inLanguage\":\"es-CL\",\"@id\":\"https:\/\/explora.cl\/maule\/docentes-participaron-en-primera-reunion-de-la-red-maule-ciencia\/#primaryimage\",\"url\":\"\",\"contentUrl\":\"\"},{\"@type\":\"BreadcrumbList\",\"@id\":\"https:\/\/explora.cl\/maule\/docentes-participaron-en-primera-reunion-de-la-red-maule-ciencia\/#breadcrumb\",\"itemListElement\":[{\"@type\":\"ListItem\",\"position\":1,\"name\":\"Portada\",\"item\":\"https:\/\/explora.cl\/maule\/\"},{\"@type\":\"ListItem\",\"position\":2,\"name\":\"Docentes participaron en primera reuni\u00f3n de la Red Maule Ciencia\"}]},{\"@type\":\"WebSite\",\"@id\":\"https:\/\/explora.cl\/maule\/#website\",\"url\":\"https:\/\/explora.cl\/maule\/\",\"name\":\"Maule\",\"description\":\"Otro sitio m\u00e1s de explora.cl\",\"potentialAction\":[{\"@type\":\"SearchAction\",\"target\":{\"@type\":\"EntryPoint\",\"urlTemplate\":\"https:\/\/explora.cl\/maule\/?s={search_term_string}\"},\"query-input\":{\"@type\":\"PropertyValueSpecification\",\"valueRequired\":true,\"valueName\":\"search_term_string\"}}],\"inLanguage\":\"es-CL\"},{\"@type\":\"Person\",\"@id\":\"https:\/\/explora.cl\/maule\/#\/schema\/person\/cb8349c13ea2d324080adf8480d7ba5d\",\"name\":\"webman\",\"image\":{\"@type\":\"ImageObject\",\"inLanguage\":\"es-CL\",\"@id\":\"https:\/\/explora.cl\/maule\/#\/schema\/person\/image\/\",\"url\":\"https:\/\/secure.gravatar.com\/avatar\/eeff3c82f2c02f7177d13663b7e6f890e9a6a0647ce9bb29cae02dcb094c7312?s=96&d=mm&r=g\",\"contentUrl\":\"https:\/\/secure.gravatar.com\/avatar\/eeff3c82f2c02f7177d13663b7e6f890e9a6a0647ce9bb29cae02dcb094c7312?s=96&d=mm&r=g\",\"caption\":\"webman\"},\"url\":\"https:\/\/explora.cl\/maule\/author\/webman\/\"}]}<\/script>\n<!-- \/ Yoast SEO plugin. -->","yoast_head_json":{"title":"Docentes participaron en primera reuni\u00f3n de la Red Maule Ciencia - Maule","robots":{"index":"index","follow":"follow","max-snippet":"max-snippet:-1","max-image-preview":"max-image-preview:large","max-video-preview":"max-video-preview:-1"},"canonical":"https:\/\/explora.cl\/maule\/docentes-participaron-en-primera-reunion-de-la-red-maule-ciencia\/","og_locale":"es_ES","og_type":"article","og_title":"Docentes participaron en primera reuni\u00f3n de la Red Maule Ciencia - Maule","og_description":"La iniciativa pionera en la Regi\u00f3n permitir\u00e1 generar una plataforma de colaboraci\u00f3n y coordinaci\u00f3n de actividades de difusi\u00f3n y divulgaci\u00f3n de las ciencias.\u00a0 M\u00e1s de 40 profesores de ciencias y profesionales de Departamentos\u00a0 de Educaci\u00f3n Municipal de diversas comunas de la Regi\u00f3n, participaron de la primera reuni\u00f3n de la RED Territorial Maule Ciencia que se [&hellip;]","og_url":"https:\/\/explora.cl\/maule\/docentes-participaron-en-primera-reunion-de-la-red-maule-ciencia\/","og_site_name":"Maule","article_published_time":"2014-07-11T19:59:53+00:00","article_modified_time":"2019-05-20T18:19:45+00:00","author":"webman","twitter_card":"summary_large_image","twitter_misc":{"Escrito por":"webman","Tiempo estimado de lectura":"2 minutos"},"schema":{"@context":"https:\/\/schema.org","@graph":[{"@type":"Article","@id":"https:\/\/explora.cl\/maule\/docentes-participaron-en-primera-reunion-de-la-red-maule-ciencia\/#article","isPartOf":{"@id":"https:\/\/explora.cl\/maule\/docentes-participaron-en-primera-reunion-de-la-red-maule-ciencia\/"},"author":{"name":"webman","@id":"https:\/\/explora.cl\/maule\/#\/schema\/person\/cb8349c13ea2d324080adf8480d7ba5d"},"headline":"Docentes participaron en primera reuni\u00f3n de la Red Maule Ciencia","datePublished":"2014-07-11T19:59:53+00:00","dateModified":"2019-05-20T18:19:45+00:00","mainEntityOfPage":{"@id":"https:\/\/explora.cl\/maule\/docentes-participaron-en-primera-reunion-de-la-red-maule-ciencia\/"},"wordCount":468,"image":{"@id":"https:\/\/explora.cl\/maule\/docentes-participaron-en-primera-reunion-de-la-red-maule-ciencia\/#primaryimage"},"thumbnailUrl":"","articleSection":["Noticias"],"inLanguage":"es-CL"},{"@type":"WebPage","@id":"https:\/\/explora.cl\/maule\/docentes-participaron-en-primera-reunion-de-la-red-maule-ciencia\/","url":"https:\/\/explora.cl\/maule\/docentes-participaron-en-primera-reunion-de-la-red-maule-ciencia\/","name":"Docentes participaron en primera reuni\u00f3n de la Red Maule Ciencia - Maule","isPartOf":{"@id":"https:\/\/explora.cl\/maule\/#website"},"primaryImageOfPage":{"@id":"https:\/\/explora.cl\/maule\/docentes-participaron-en-primera-reunion-de-la-red-maule-ciencia\/#primaryimage"},"image":{"@id":"https:\/\/explora.cl\/maule\/docentes-participaron-en-primera-reunion-de-la-red-maule-ciencia\/#primaryimage"},"thumbnailUrl":"","datePublished":"2014-07-11T19:59:53+00:00","dateModified":"2019-05-20T18:19:45+00:00","author":{"@id":"https:\/\/explora.cl\/maule\/#\/schema\/person\/cb8349c13ea2d324080adf8480d7ba5d"},"breadcrumb":{"@id":"https:\/\/explora.cl\/maule\/docentes-participaron-en-primera-reunion-de-la-red-maule-ciencia\/#breadcrumb"},"inLanguage":"es-CL","potentialAction":[{"@type":"ReadAction","target":["https:\/\/explora.cl\/maule\/docentes-participaron-en-primera-reunion-de-la-red-maule-ciencia\/"]}]},{"@type":"ImageObject","inLanguage":"es-CL","@id":"https:\/\/explora.cl\/maule\/docentes-participaron-en-primera-reunion-de-la-red-maule-ciencia\/#primaryimage","url":"","contentUrl":""},{"@type":"BreadcrumbList","@id":"https:\/\/explora.cl\/maule\/docentes-participaron-en-primera-reunion-de-la-red-maule-ciencia\/#breadcrumb","itemListElement":[{"@type":"ListItem","position":1,"name":"Portada","item":"https:\/\/explora.cl\/maule\/"},{"@type":"ListItem","position":2,"name":"Docentes participaron en primera reuni\u00f3n de la Red Maule Ciencia"}]},{"@type":"WebSite","@id":"https:\/\/explora.cl\/maule\/#website","url":"https:\/\/explora.cl\/maule\/","name":"Maule","description":"Otro sitio m\u00e1s de explora.cl","potentialAction":[{"@type":"SearchAction","target":{"@type":"EntryPoint","urlTemplate":"https:\/\/explora.cl\/maule\/?s={search_term_string}"},"query-input":{"@type":"PropertyValueSpecification","valueRequired":true,"valueName":"search_term_string"}}],"inLanguage":"es-CL"},{"@type":"Person","@id":"https:\/\/explora.cl\/maule\/#\/schema\/person\/cb8349c13ea2d324080adf8480d7ba5d","name":"webman","image":{"@type":"ImageObject","inLanguage":"es-CL","@id":"https:\/\/explora.cl\/maule\/#\/schema\/person\/image\/","url":"https:\/\/secure.gravatar.com\/avatar\/eeff3c82f2c02f7177d13663b7e6f890e9a6a0647ce9bb29cae02dcb094c7312?s=96&d=mm&r=g","contentUrl":"https:\/\/secure.gravatar.com\/avatar\/eeff3c82f2c02f7177d13663b7e6f890e9a6a0647ce9bb29cae02dcb094c7312?s=96&d=mm&r=g","caption":"webman"},"url":"https:\/\/explora.cl\/maule\/author\/webman\/"}]}},"_links":{"self":[{"href":"https:\/\/explora.cl\/maule\/wp-json\/wp\/v2\/posts\/853","targetHints":{"allow":["GET"]}}],"collection":[{"href":"https:\/\/explora.cl\/maule\/wp-json\/wp\/v2\/posts"}],"about":[{"href":"https:\/\/explora.cl\/maule\/wp-json\/wp\/v2\/types\/post"}],"author":[{"embeddable":true,"href":"https:\/\/explora.cl\/maule\/wp-json\/wp\/v2\/users\/2"}],"replies":[{"embeddable":true,"href":"https:\/\/explora.cl\/maule\/wp-json\/wp\/v2\/comments?post=853"}],"version-history":[{"count":1,"href":"https:\/\/explora.cl\/maule\/wp-json\/wp\/v2\/posts\/853\/revisions"}],"predecessor-version":[{"id":37970,"href":"https:\/\/explora.cl\/maule\/wp-json\/wp\/v2\/posts\/853\/revisions\/37970"}],"wp:featuredmedia":[{"embeddable":true,"href":"https:\/\/explora.cl\/maule\/wp-json\/"}],"wp:attachment":[{"href":"https:\/\/explora.cl\/maule\/wp-json\/wp\/v2\/media?parent=853"}],"wp:term":[{"taxonomy":"category","embeddable":true,"href":"https:\/\/explora.cl\/maule\/wp-json\/wp\/v2\/categories?post=853"},{"taxonomy":"post_tag","embeddable":true,"href":"https:\/\/explora.cl\/maule\/wp-json\/wp\/v2\/tags?post=853"}],"curies":[{"name":"wp","href":"https:\/\/api.w.org\/{rel}","templated":true}]}}