{"id":851,"date":"2014-07-14T15:51:47","date_gmt":"2014-07-14T15:51:47","guid":{"rendered":"https:\/\/explora.cl\/maule\/blog\/2014\/07\/14\/escolares-de-pencahue-se-convirtieron-en-embajadores-por-la-justicia-climatica\/"},"modified":"2019-05-20T18:19:45","modified_gmt":"2019-05-20T18:19:45","slug":"escolares-de-pencahue-se-convirtieron-en-embajadores-por-la-justicia-climatica","status":"publish","type":"post","link":"https:\/\/explora.cl\/maule\/escolares-de-pencahue-se-convirtieron-en-embajadores-por-la-justicia-climatica\/","title":{"rendered":"Escolares de Pencahue  se convirtieron  en Embajadores por la Justicia Clim\u00e1tica"},"content":{"rendered":"<p><img fetchpriority=\"high\" decoding=\"async\" class=\" size-full wp-image-3968\" src=\"http:\/\/ec2-34-218-253-251.us-west-2.compute.amazonaws.com\/wp-content\/uploads\/2014\/07\/a34f09774741b64b4d575b5d72e61aa3.jpg\" alt=\"\" width=\"1024\" height=\"764\" \/><\/p>\n<p><strong><span style=\"font-family: Calibri\"><span style=\"color: #000000;font-size: medium\">La Direcci\u00f3n de Responsabilidad<\/span><span style=\"color: #000000;font-size: medium\">\u00a0 <\/span><span style=\"color: #000000;font-size: medium\">Social de la Universidad de Talca junto a<\/span><span style=\"color: #000000;font-size: medium\">\u00a0 <\/span><span style=\"color: #000000;font-size: medium\">la Corporaci\u00f3n Nacional Forestal (CONAF) y el PAR EXPLORA Maule, realizaron un Taller <\/span><span style=\"color: #000000;font-size: medium\">\u00a0<\/span><span style=\"color: #000000;font-size: medium\">que ense\u00f1\u00f3 a los estudiantes a cuidar el medio ambiente. <\/span><\/span><\/strong><\/p>\n<p><span style=\"font-family: Calibri\"><span style=\"color: #000000;font-size: medium\">Los estudiantes de la Escuela Padre Luis Navarrete Oliva, del sector Batuco de la comuna de Pencahue, se comprometieron a cuidar el medio ambiente tanto en la comuna, as\u00ed como en sus casas y en la escuela. Esto, tras participar el pasado lunes 7 de julio en la <\/span><span style=\"color: #000000;font-size: medium\">\u00a0<\/span><span style=\"color: #000000;font-size: medium\">Academia \u201cEmbajadores por la justicia clim\u00e1tica\u201d.<\/span><\/span><\/p>\n<p><span style=\"font-family: Calibri\"><span style=\"color: #000000;font-size: medium\">A trav\u00e9s de clases expositivas y juegos grupales, los estudiantes <\/span><span style=\"color: #000000;font-size: medium\">\u00a0<\/span><span style=\"color: #000000;font-size: medium\">conocieron sobre el efecto invernadero y el ciclo del carbono, cambio clim\u00e1tico y de sus efectos tanto a nivel global como local.<\/span><\/span><\/p>\n<p><span style=\"color: #000000;font-family: Calibri;font-size: medium\">Jaqueline Varas, directora (s) de la escuela, dijo que se trat\u00f3 de una actividad muy importante pues se hizo conciencia en los ni\u00f1os sobre el cuidado del medio ambiente.<\/span><\/p>\n<p><span style=\"font-family: Calibri\"><span style=\"color: #000000;font-size: medium\">\u201cAgradecemos <\/span><span style=\"color: #000000;font-size: medium\">\u00a0<\/span><span style=\"color: #000000;font-size: medium\">a la UTalca esta gesti\u00f3n, por haber logrado que los ni\u00f1os trabajaran entusiasmados y plantaran los \u00e1rboles de manera muy participativa. Est\u00e1n felices. Estos ni\u00f1os tiene un gran responsabilidad por el futuro del planeta&#8221;, indic\u00f3 la directora.<\/span><\/span><\/p>\n<p><span style=\"color: #000000;font-family: Calibri;font-size: medium\">Luego, el director del PAR EXPLORA Maule, Rodrigo Ram\u00edrez, se\u00f1al\u00f3 que la UTalca &#8220;tiene un compromiso con la regi\u00f3n, en el sentido de cooperar con el desarrollo territorial y de los ciudadanos que habitan espacios que -en ocasiones- est\u00e1n fuera de la estructura de oportunidades, como es la zona de Batuco. La comunidad escolar, especialmente los ni\u00f1os, son sujetos prioritarios con quienes compartimos conocimientos y valores, mediante este tipo de actividades l\u00fadicas y educativas&#8221;, se\u00f1al\u00f3 Rodrigo Ram\u00edrez.<\/span><\/p>\n<p><strong><br \/><\/strong><span style=\"color: #000000;font-family: Calibri;font-size: medium\">La actividad, organizada por el grupo de Sustentabilidad de la Direcci\u00f3n de Responsabilidad Social Universitaria (RSU) de la UTalca junto con CONAF y el PAR EXPLORA Maule, finaliz\u00f3 con la plantaci\u00f3n de 30 \u00e1rboles y con la certificaci\u00f3n de los estudiantes participantes.<\/span><\/p>\n","protected":false},"excerpt":{"rendered":"<p>La Direcci\u00f3n de Responsabilidad\u00a0 Social de la Universidad de Talca junto a\u00a0 la Corporaci\u00f3n Nacional Forestal (CONAF) y el PAR EXPLORA Maule, realizaron un Taller \u00a0que ense\u00f1\u00f3 a los estudiantes a cuidar el medio ambiente. Los estudiantes de la Escuela Padre Luis Navarrete Oliva, del sector Batuco de la comuna de Pencahue, se comprometieron a [&hellip;]<\/p>\n","protected":false},"author":2,"featured_media":3968,"comment_status":"closed","ping_status":"open","sticky":false,"template":"","format":"standard","meta":{"_acf_changed":false,"_exactmetrics_skip_tracking":false,"_exactmetrics_sitenote_active":false,"_exactmetrics_sitenote_note":"","_exactmetrics_sitenote_category":0,"footnotes":"","_links_to":"","_links_to_target":""},"categories":[4],"tags":[],"class_list":["post-851","post","type-post","status-publish","format-standard","has-post-thumbnail","hentry","category-noticias"],"acf":[],"yoast_head":"<!-- This site is optimized with the Yoast SEO plugin v26.9 - https:\/\/yoast.com\/product\/yoast-seo-wordpress\/ -->\n<title>Escolares de Pencahue se convirtieron en Embajadores por la Justicia Clim\u00e1tica - Maule<\/title>\n<meta name=\"robots\" content=\"index, follow, max-snippet:-1, max-image-preview:large, max-video-preview:-1\" \/>\n<link rel=\"canonical\" href=\"https:\/\/explora.cl\/maule\/escolares-de-pencahue-se-convirtieron-en-embajadores-por-la-justicia-climatica\/\" class=\"yoast-seo-meta-tag\" \/>\n<meta property=\"og:locale\" content=\"es_ES\" class=\"yoast-seo-meta-tag\" \/>\n<meta property=\"og:type\" content=\"article\" class=\"yoast-seo-meta-tag\" \/>\n<meta property=\"og:title\" content=\"Escolares de Pencahue se convirtieron en Embajadores por la Justicia Clim\u00e1tica - Maule\" class=\"yoast-seo-meta-tag\" \/>\n<meta property=\"og:description\" content=\"La Direcci\u00f3n de Responsabilidad\u00a0 Social de la Universidad de Talca junto a\u00a0 la Corporaci\u00f3n Nacional Forestal (CONAF) y el PAR EXPLORA Maule, realizaron un Taller \u00a0que ense\u00f1\u00f3 a los estudiantes a cuidar el medio ambiente. Los estudiantes de la Escuela Padre Luis Navarrete Oliva, del sector Batuco de la comuna de Pencahue, se comprometieron a [&hellip;]\" class=\"yoast-seo-meta-tag\" \/>\n<meta property=\"og:url\" content=\"https:\/\/explora.cl\/maule\/escolares-de-pencahue-se-convirtieron-en-embajadores-por-la-justicia-climatica\/\" class=\"yoast-seo-meta-tag\" \/>\n<meta property=\"og:site_name\" content=\"Maule\" class=\"yoast-seo-meta-tag\" \/>\n<meta property=\"article:published_time\" content=\"2014-07-14T15:51:47+00:00\" class=\"yoast-seo-meta-tag\" \/>\n<meta property=\"article:modified_time\" content=\"2019-05-20T18:19:45+00:00\" class=\"yoast-seo-meta-tag\" \/>\n<meta name=\"author\" content=\"webman\" class=\"yoast-seo-meta-tag\" \/>\n<meta name=\"twitter:card\" content=\"summary_large_image\" class=\"yoast-seo-meta-tag\" \/>\n<meta name=\"twitter:label1\" content=\"Escrito por\" class=\"yoast-seo-meta-tag\" \/>\n\t<meta name=\"twitter:data1\" content=\"webman\" class=\"yoast-seo-meta-tag\" \/>\n\t<meta name=\"twitter:label2\" content=\"Tiempo estimado de lectura\" class=\"yoast-seo-meta-tag\" \/>\n\t<meta name=\"twitter:data2\" content=\"2 minutos\" class=\"yoast-seo-meta-tag\" \/>\n<script type=\"application\/ld+json\" class=\"yoast-schema-graph\">{\"@context\":\"https:\/\/schema.org\",\"@graph\":[{\"@type\":\"Article\",\"@id\":\"https:\/\/explora.cl\/maule\/escolares-de-pencahue-se-convirtieron-en-embajadores-por-la-justicia-climatica\/#article\",\"isPartOf\":{\"@id\":\"https:\/\/explora.cl\/maule\/escolares-de-pencahue-se-convirtieron-en-embajadores-por-la-justicia-climatica\/\"},\"author\":{\"name\":\"webman\",\"@id\":\"https:\/\/explora.cl\/maule\/#\/schema\/person\/cb8349c13ea2d324080adf8480d7ba5d\"},\"headline\":\"Escolares de Pencahue se convirtieron en Embajadores por la Justicia Clim\u00e1tica\",\"datePublished\":\"2014-07-14T15:51:47+00:00\",\"dateModified\":\"2019-05-20T18:19:45+00:00\",\"mainEntityOfPage\":{\"@id\":\"https:\/\/explora.cl\/maule\/escolares-de-pencahue-se-convirtieron-en-embajadores-por-la-justicia-climatica\/\"},\"wordCount\":338,\"image\":{\"@id\":\"https:\/\/explora.cl\/maule\/escolares-de-pencahue-se-convirtieron-en-embajadores-por-la-justicia-climatica\/#primaryimage\"},\"thumbnailUrl\":\"\",\"articleSection\":[\"Noticias\"],\"inLanguage\":\"es-CL\"},{\"@type\":\"WebPage\",\"@id\":\"https:\/\/explora.cl\/maule\/escolares-de-pencahue-se-convirtieron-en-embajadores-por-la-justicia-climatica\/\",\"url\":\"https:\/\/explora.cl\/maule\/escolares-de-pencahue-se-convirtieron-en-embajadores-por-la-justicia-climatica\/\",\"name\":\"Escolares de Pencahue se convirtieron en Embajadores por la Justicia Clim\u00e1tica - Maule\",\"isPartOf\":{\"@id\":\"https:\/\/explora.cl\/maule\/#website\"},\"primaryImageOfPage\":{\"@id\":\"https:\/\/explora.cl\/maule\/escolares-de-pencahue-se-convirtieron-en-embajadores-por-la-justicia-climatica\/#primaryimage\"},\"image\":{\"@id\":\"https:\/\/explora.cl\/maule\/escolares-de-pencahue-se-convirtieron-en-embajadores-por-la-justicia-climatica\/#primaryimage\"},\"thumbnailUrl\":\"\",\"datePublished\":\"2014-07-14T15:51:47+00:00\",\"dateModified\":\"2019-05-20T18:19:45+00:00\",\"author\":{\"@id\":\"https:\/\/explora.cl\/maule\/#\/schema\/person\/cb8349c13ea2d324080adf8480d7ba5d\"},\"breadcrumb\":{\"@id\":\"https:\/\/explora.cl\/maule\/escolares-de-pencahue-se-convirtieron-en-embajadores-por-la-justicia-climatica\/#breadcrumb\"},\"inLanguage\":\"es-CL\",\"potentialAction\":[{\"@type\":\"ReadAction\",\"target\":[\"https:\/\/explora.cl\/maule\/escolares-de-pencahue-se-convirtieron-en-embajadores-por-la-justicia-climatica\/\"]}]},{\"@type\":\"ImageObject\",\"inLanguage\":\"es-CL\",\"@id\":\"https:\/\/explora.cl\/maule\/escolares-de-pencahue-se-convirtieron-en-embajadores-por-la-justicia-climatica\/#primaryimage\",\"url\":\"\",\"contentUrl\":\"\"},{\"@type\":\"BreadcrumbList\",\"@id\":\"https:\/\/explora.cl\/maule\/escolares-de-pencahue-se-convirtieron-en-embajadores-por-la-justicia-climatica\/#breadcrumb\",\"itemListElement\":[{\"@type\":\"ListItem\",\"position\":1,\"name\":\"Portada\",\"item\":\"https:\/\/explora.cl\/maule\/\"},{\"@type\":\"ListItem\",\"position\":2,\"name\":\"Escolares de Pencahue se convirtieron en Embajadores por la Justicia Clim\u00e1tica\"}]},{\"@type\":\"WebSite\",\"@id\":\"https:\/\/explora.cl\/maule\/#website\",\"url\":\"https:\/\/explora.cl\/maule\/\",\"name\":\"Maule\",\"description\":\"Otro sitio m\u00e1s de explora.cl\",\"potentialAction\":[{\"@type\":\"SearchAction\",\"target\":{\"@type\":\"EntryPoint\",\"urlTemplate\":\"https:\/\/explora.cl\/maule\/?s={search_term_string}\"},\"query-input\":{\"@type\":\"PropertyValueSpecification\",\"valueRequired\":true,\"valueName\":\"search_term_string\"}}],\"inLanguage\":\"es-CL\"},{\"@type\":\"Person\",\"@id\":\"https:\/\/explora.cl\/maule\/#\/schema\/person\/cb8349c13ea2d324080adf8480d7ba5d\",\"name\":\"webman\",\"image\":{\"@type\":\"ImageObject\",\"inLanguage\":\"es-CL\",\"@id\":\"https:\/\/explora.cl\/maule\/#\/schema\/person\/image\/\",\"url\":\"https:\/\/secure.gravatar.com\/avatar\/eeff3c82f2c02f7177d13663b7e6f890e9a6a0647ce9bb29cae02dcb094c7312?s=96&d=mm&r=g\",\"contentUrl\":\"https:\/\/secure.gravatar.com\/avatar\/eeff3c82f2c02f7177d13663b7e6f890e9a6a0647ce9bb29cae02dcb094c7312?s=96&d=mm&r=g\",\"caption\":\"webman\"},\"url\":\"https:\/\/explora.cl\/maule\/author\/webman\/\"}]}<\/script>\n<!-- \/ Yoast SEO plugin. -->","yoast_head_json":{"title":"Escolares de Pencahue se convirtieron en Embajadores por la Justicia Clim\u00e1tica - Maule","robots":{"index":"index","follow":"follow","max-snippet":"max-snippet:-1","max-image-preview":"max-image-preview:large","max-video-preview":"max-video-preview:-1"},"canonical":"https:\/\/explora.cl\/maule\/escolares-de-pencahue-se-convirtieron-en-embajadores-por-la-justicia-climatica\/","og_locale":"es_ES","og_type":"article","og_title":"Escolares de Pencahue se convirtieron en Embajadores por la Justicia Clim\u00e1tica - Maule","og_description":"La Direcci\u00f3n de Responsabilidad\u00a0 Social de la Universidad de Talca junto a\u00a0 la Corporaci\u00f3n Nacional Forestal (CONAF) y el PAR EXPLORA Maule, realizaron un Taller \u00a0que ense\u00f1\u00f3 a los estudiantes a cuidar el medio ambiente. Los estudiantes de la Escuela Padre Luis Navarrete Oliva, del sector Batuco de la comuna de Pencahue, se comprometieron a [&hellip;]","og_url":"https:\/\/explora.cl\/maule\/escolares-de-pencahue-se-convirtieron-en-embajadores-por-la-justicia-climatica\/","og_site_name":"Maule","article_published_time":"2014-07-14T15:51:47+00:00","article_modified_time":"2019-05-20T18:19:45+00:00","author":"webman","twitter_card":"summary_large_image","twitter_misc":{"Escrito por":"webman","Tiempo estimado de lectura":"2 minutos"},"schema":{"@context":"https:\/\/schema.org","@graph":[{"@type":"Article","@id":"https:\/\/explora.cl\/maule\/escolares-de-pencahue-se-convirtieron-en-embajadores-por-la-justicia-climatica\/#article","isPartOf":{"@id":"https:\/\/explora.cl\/maule\/escolares-de-pencahue-se-convirtieron-en-embajadores-por-la-justicia-climatica\/"},"author":{"name":"webman","@id":"https:\/\/explora.cl\/maule\/#\/schema\/person\/cb8349c13ea2d324080adf8480d7ba5d"},"headline":"Escolares de Pencahue se convirtieron en Embajadores por la Justicia Clim\u00e1tica","datePublished":"2014-07-14T15:51:47+00:00","dateModified":"2019-05-20T18:19:45+00:00","mainEntityOfPage":{"@id":"https:\/\/explora.cl\/maule\/escolares-de-pencahue-se-convirtieron-en-embajadores-por-la-justicia-climatica\/"},"wordCount":338,"image":{"@id":"https:\/\/explora.cl\/maule\/escolares-de-pencahue-se-convirtieron-en-embajadores-por-la-justicia-climatica\/#primaryimage"},"thumbnailUrl":"","articleSection":["Noticias"],"inLanguage":"es-CL"},{"@type":"WebPage","@id":"https:\/\/explora.cl\/maule\/escolares-de-pencahue-se-convirtieron-en-embajadores-por-la-justicia-climatica\/","url":"https:\/\/explora.cl\/maule\/escolares-de-pencahue-se-convirtieron-en-embajadores-por-la-justicia-climatica\/","name":"Escolares de Pencahue se convirtieron en Embajadores por la Justicia Clim\u00e1tica - Maule","isPartOf":{"@id":"https:\/\/explora.cl\/maule\/#website"},"primaryImageOfPage":{"@id":"https:\/\/explora.cl\/maule\/escolares-de-pencahue-se-convirtieron-en-embajadores-por-la-justicia-climatica\/#primaryimage"},"image":{"@id":"https:\/\/explora.cl\/maule\/escolares-de-pencahue-se-convirtieron-en-embajadores-por-la-justicia-climatica\/#primaryimage"},"thumbnailUrl":"","datePublished":"2014-07-14T15:51:47+00:00","dateModified":"2019-05-20T18:19:45+00:00","author":{"@id":"https:\/\/explora.cl\/maule\/#\/schema\/person\/cb8349c13ea2d324080adf8480d7ba5d"},"breadcrumb":{"@id":"https:\/\/explora.cl\/maule\/escolares-de-pencahue-se-convirtieron-en-embajadores-por-la-justicia-climatica\/#breadcrumb"},"inLanguage":"es-CL","potentialAction":[{"@type":"ReadAction","target":["https:\/\/explora.cl\/maule\/escolares-de-pencahue-se-convirtieron-en-embajadores-por-la-justicia-climatica\/"]}]},{"@type":"ImageObject","inLanguage":"es-CL","@id":"https:\/\/explora.cl\/maule\/escolares-de-pencahue-se-convirtieron-en-embajadores-por-la-justicia-climatica\/#primaryimage","url":"","contentUrl":""},{"@type":"BreadcrumbList","@id":"https:\/\/explora.cl\/maule\/escolares-de-pencahue-se-convirtieron-en-embajadores-por-la-justicia-climatica\/#breadcrumb","itemListElement":[{"@type":"ListItem","position":1,"name":"Portada","item":"https:\/\/explora.cl\/maule\/"},{"@type":"ListItem","position":2,"name":"Escolares de Pencahue se convirtieron en Embajadores por la Justicia Clim\u00e1tica"}]},{"@type":"WebSite","@id":"https:\/\/explora.cl\/maule\/#website","url":"https:\/\/explora.cl\/maule\/","name":"Maule","description":"Otro sitio m\u00e1s de explora.cl","potentialAction":[{"@type":"SearchAction","target":{"@type":"EntryPoint","urlTemplate":"https:\/\/explora.cl\/maule\/?s={search_term_string}"},"query-input":{"@type":"PropertyValueSpecification","valueRequired":true,"valueName":"search_term_string"}}],"inLanguage":"es-CL"},{"@type":"Person","@id":"https:\/\/explora.cl\/maule\/#\/schema\/person\/cb8349c13ea2d324080adf8480d7ba5d","name":"webman","image":{"@type":"ImageObject","inLanguage":"es-CL","@id":"https:\/\/explora.cl\/maule\/#\/schema\/person\/image\/","url":"https:\/\/secure.gravatar.com\/avatar\/eeff3c82f2c02f7177d13663b7e6f890e9a6a0647ce9bb29cae02dcb094c7312?s=96&d=mm&r=g","contentUrl":"https:\/\/secure.gravatar.com\/avatar\/eeff3c82f2c02f7177d13663b7e6f890e9a6a0647ce9bb29cae02dcb094c7312?s=96&d=mm&r=g","caption":"webman"},"url":"https:\/\/explora.cl\/maule\/author\/webman\/"}]}},"_links":{"self":[{"href":"https:\/\/explora.cl\/maule\/wp-json\/wp\/v2\/posts\/851","targetHints":{"allow":["GET"]}}],"collection":[{"href":"https:\/\/explora.cl\/maule\/wp-json\/wp\/v2\/posts"}],"about":[{"href":"https:\/\/explora.cl\/maule\/wp-json\/wp\/v2\/types\/post"}],"author":[{"embeddable":true,"href":"https:\/\/explora.cl\/maule\/wp-json\/wp\/v2\/users\/2"}],"replies":[{"embeddable":true,"href":"https:\/\/explora.cl\/maule\/wp-json\/wp\/v2\/comments?post=851"}],"version-history":[{"count":1,"href":"https:\/\/explora.cl\/maule\/wp-json\/wp\/v2\/posts\/851\/revisions"}],"predecessor-version":[{"id":37969,"href":"https:\/\/explora.cl\/maule\/wp-json\/wp\/v2\/posts\/851\/revisions\/37969"}],"wp:featuredmedia":[{"embeddable":true,"href":"https:\/\/explora.cl\/maule\/wp-json\/"}],"wp:attachment":[{"href":"https:\/\/explora.cl\/maule\/wp-json\/wp\/v2\/media?parent=851"}],"wp:term":[{"taxonomy":"category","embeddable":true,"href":"https:\/\/explora.cl\/maule\/wp-json\/wp\/v2\/categories?post=851"},{"taxonomy":"post_tag","embeddable":true,"href":"https:\/\/explora.cl\/maule\/wp-json\/wp\/v2\/tags?post=851"}],"curies":[{"name":"wp","href":"https:\/\/api.w.org\/{rel}","templated":true}]}}