{"id":847,"date":"2014-07-14T21:05:06","date_gmt":"2014-07-14T21:05:06","guid":{"rendered":"https:\/\/explora.cl\/maule\/blog\/2014\/07\/14\/centro-cultural-kuraf-werken-entrego-videos-educativos-a-escuelas-y-bibliotecas-de-la-region-del-maule\/"},"modified":"2019-05-20T18:19:43","modified_gmt":"2019-05-20T18:19:43","slug":"centro-cultural-kuraf-werken-entrego-videos-educativos-a-escuelas-y-bibliotecas-de-la-region-del-maule","status":"publish","type":"post","link":"https:\/\/explora.cl\/maule\/centro-cultural-kuraf-werken-entrego-videos-educativos-a-escuelas-y-bibliotecas-de-la-region-del-maule\/","title":{"rendered":"Centro cultural Kuraf Werken entreg\u00f3 videos educativos a escuelas y bibliotecas de la Regi\u00f3n del Maule"},"content":{"rendered":"<p><img fetchpriority=\"high\" decoding=\"async\" class=\" size-full wp-image-3987\" src=\"http:\/\/ec2-34-218-253-251.us-west-2.compute.amazonaws.com\/wp-content\/uploads\/2014\/07\/553eee60d42b6d2dd18b6ee1e3cd6428.jpg\" alt=\"\" width=\"800\" height=\"533\" \/><\/p>\n<p>La iniciativa se realiz\u00f3 en el marco del I Concurso de Actividades de Divulgaci\u00f3n \u201cChile Laboratorio Natural\u201d, del Programa EXPLORA CONICYT.<\/p>\n<p>El lunes 7 de julio, a las 11:30 horas, se realiz\u00f3 la ceremonia de cierre del proyecto \u201cChile: Laboratorio Natural, Narrado por Marionetas\u201d, en la sede de la Junta de Vecinos La Florida de Talca; proyecto con el cual se cre\u00f3 la obra de marionetas \u201cPrimera Feria de Cient\u00edficos\u201d, que interpret\u00f3 la Compa\u00f1\u00eda de Teatro de Marionetas Newen Kim\u00fcn, del Centro Cultural Kuraf Werken, y que se llev\u00f3 a cabo en el marco del \u201cI Concurso Nacional de Apoyo a Actividades de Divulgaci\u00f3n Chile: Laboratorio Natural\u201d, del Programa EXPLORA CONICYT, que se lanz\u00f3 el a\u00f1o pasado.<\/p>\n<p>La compa\u00f1\u00eda de marionetas realiz\u00f3 con la obra 15 funciones de manera gratuita en la regi\u00f3n, en las comunas de San Javier, San Clemente, San Rafael, Sagrada Familia, Pelarco, Constituci\u00f3n, Pelluhue, Chanco, Maule y Talca.<\/p>\n<p>Adem\u00e1s, el proyecto contempl\u00f3 la creaci\u00f3n de afiches y un video educativo con la grabaci\u00f3n de la obra de marionetas; 36 copias de ambas herramientas educativas fueron entregadas a la Direcci\u00f3n de Bibliotecas, Archivos y Museos, DIBAM, Regi\u00f3n del Maule y a su representante Gabriela Mu\u00f1oz, Encargada Programa Biblioredes, que asisti\u00f3 en representaci\u00f3n de la Coordinadora Regional.<\/p>\n<p>Por otro lado, se entregaron 888 copias de ambos productos a la Secretar\u00eda Ministerial de Educaci\u00f3n, a trav\u00e9s de Carlo Campano Vilches, Jefe Provincial de Educaci\u00f3n, para que ser distribuidas en todos los establecimientos educativos de la Regi\u00f3n del Maule.<\/p>\n<p>Tambi\u00e9n se subi\u00f3 el video de la obra al portal web del Centro Cultural, para que cualquier cibernauta pudiera tener acceso a \u00e9sta. Puedes ver la \u201cPrimera Feria de Cient\u00edficos\u201d en: www.kurafwerken.cl\/ligadecientificos\/<\/p>\n<p>Te dejamos algunas im\u00e1genes del cierre del proyecto.<br \/>http:\/\/www.kurafwerken.cl\/centro-cultural-kuraf-werken-entrego-videos-educativos-a-escuelas-y-bibliotecas-de-la-region-del-maule\/<\/p>\n<p>\u00a0Fuente: Centro Cultural Kuraf Werken<\/p>\n","protected":false},"excerpt":{"rendered":"<p>La iniciativa se realiz\u00f3 en el marco del I Concurso de Actividades de Divulgaci\u00f3n \u201cChile Laboratorio Natural\u201d, del Programa EXPLORA CONICYT. El lunes 7 de julio, a las 11:30 horas, se realiz\u00f3 la ceremonia de cierre del proyecto \u201cChile: Laboratorio Natural, Narrado por Marionetas\u201d, en la sede de la Junta de Vecinos La Florida de [&hellip;]<\/p>\n","protected":false},"author":2,"featured_media":3987,"comment_status":"closed","ping_status":"open","sticky":false,"template":"","format":"standard","meta":{"_acf_changed":false,"_exactmetrics_skip_tracking":false,"_exactmetrics_sitenote_active":false,"_exactmetrics_sitenote_note":"","_exactmetrics_sitenote_category":0,"footnotes":"","_links_to":"","_links_to_target":""},"categories":[4],"tags":[],"class_list":["post-847","post","type-post","status-publish","format-standard","has-post-thumbnail","hentry","category-noticias"],"acf":[],"yoast_head":"<!-- This site is optimized with the Yoast SEO plugin v26.9 - https:\/\/yoast.com\/product\/yoast-seo-wordpress\/ -->\n<title>Centro cultural Kuraf Werken entreg\u00f3 videos educativos a escuelas y bibliotecas de la Regi\u00f3n del Maule - Maule<\/title>\n<meta name=\"robots\" content=\"index, follow, max-snippet:-1, max-image-preview:large, max-video-preview:-1\" \/>\n<link rel=\"canonical\" href=\"https:\/\/explora.cl\/maule\/centro-cultural-kuraf-werken-entrego-videos-educativos-a-escuelas-y-bibliotecas-de-la-region-del-maule\/\" class=\"yoast-seo-meta-tag\" \/>\n<meta property=\"og:locale\" content=\"es_ES\" class=\"yoast-seo-meta-tag\" \/>\n<meta property=\"og:type\" content=\"article\" class=\"yoast-seo-meta-tag\" \/>\n<meta property=\"og:title\" content=\"Centro cultural Kuraf Werken entreg\u00f3 videos educativos a escuelas y bibliotecas de la Regi\u00f3n del Maule - Maule\" class=\"yoast-seo-meta-tag\" \/>\n<meta property=\"og:description\" content=\"La iniciativa se realiz\u00f3 en el marco del I Concurso de Actividades de Divulgaci\u00f3n \u201cChile Laboratorio Natural\u201d, del Programa EXPLORA CONICYT. El lunes 7 de julio, a las 11:30 horas, se realiz\u00f3 la ceremonia de cierre del proyecto \u201cChile: Laboratorio Natural, Narrado por Marionetas\u201d, en la sede de la Junta de Vecinos La Florida de [&hellip;]\" class=\"yoast-seo-meta-tag\" \/>\n<meta property=\"og:url\" content=\"https:\/\/explora.cl\/maule\/centro-cultural-kuraf-werken-entrego-videos-educativos-a-escuelas-y-bibliotecas-de-la-region-del-maule\/\" class=\"yoast-seo-meta-tag\" \/>\n<meta property=\"og:site_name\" content=\"Maule\" class=\"yoast-seo-meta-tag\" \/>\n<meta property=\"article:published_time\" content=\"2014-07-14T21:05:06+00:00\" class=\"yoast-seo-meta-tag\" \/>\n<meta property=\"article:modified_time\" content=\"2019-05-20T18:19:43+00:00\" class=\"yoast-seo-meta-tag\" \/>\n<meta name=\"author\" content=\"webman\" class=\"yoast-seo-meta-tag\" \/>\n<meta name=\"twitter:card\" content=\"summary_large_image\" class=\"yoast-seo-meta-tag\" \/>\n<meta name=\"twitter:label1\" content=\"Escrito por\" class=\"yoast-seo-meta-tag\" \/>\n\t<meta name=\"twitter:data1\" content=\"webman\" class=\"yoast-seo-meta-tag\" \/>\n\t<meta name=\"twitter:label2\" content=\"Tiempo estimado de lectura\" class=\"yoast-seo-meta-tag\" \/>\n\t<meta name=\"twitter:data2\" content=\"2 minutos\" class=\"yoast-seo-meta-tag\" \/>\n<script type=\"application\/ld+json\" class=\"yoast-schema-graph\">{\"@context\":\"https:\/\/schema.org\",\"@graph\":[{\"@type\":\"Article\",\"@id\":\"https:\/\/explora.cl\/maule\/centro-cultural-kuraf-werken-entrego-videos-educativos-a-escuelas-y-bibliotecas-de-la-region-del-maule\/#article\",\"isPartOf\":{\"@id\":\"https:\/\/explora.cl\/maule\/centro-cultural-kuraf-werken-entrego-videos-educativos-a-escuelas-y-bibliotecas-de-la-region-del-maule\/\"},\"author\":{\"name\":\"webman\",\"@id\":\"https:\/\/explora.cl\/maule\/#\/schema\/person\/cb8349c13ea2d324080adf8480d7ba5d\"},\"headline\":\"Centro cultural Kuraf Werken entreg\u00f3 videos educativos a escuelas y bibliotecas de la Regi\u00f3n del Maule\",\"datePublished\":\"2014-07-14T21:05:06+00:00\",\"dateModified\":\"2019-05-20T18:19:43+00:00\",\"mainEntityOfPage\":{\"@id\":\"https:\/\/explora.cl\/maule\/centro-cultural-kuraf-werken-entrego-videos-educativos-a-escuelas-y-bibliotecas-de-la-region-del-maule\/\"},\"wordCount\":338,\"image\":{\"@id\":\"https:\/\/explora.cl\/maule\/centro-cultural-kuraf-werken-entrego-videos-educativos-a-escuelas-y-bibliotecas-de-la-region-del-maule\/#primaryimage\"},\"thumbnailUrl\":\"\",\"articleSection\":[\"Noticias\"],\"inLanguage\":\"es-CL\"},{\"@type\":\"WebPage\",\"@id\":\"https:\/\/explora.cl\/maule\/centro-cultural-kuraf-werken-entrego-videos-educativos-a-escuelas-y-bibliotecas-de-la-region-del-maule\/\",\"url\":\"https:\/\/explora.cl\/maule\/centro-cultural-kuraf-werken-entrego-videos-educativos-a-escuelas-y-bibliotecas-de-la-region-del-maule\/\",\"name\":\"Centro cultural Kuraf Werken entreg\u00f3 videos educativos a escuelas y bibliotecas de la Regi\u00f3n del Maule - Maule\",\"isPartOf\":{\"@id\":\"https:\/\/explora.cl\/maule\/#website\"},\"primaryImageOfPage\":{\"@id\":\"https:\/\/explora.cl\/maule\/centro-cultural-kuraf-werken-entrego-videos-educativos-a-escuelas-y-bibliotecas-de-la-region-del-maule\/#primaryimage\"},\"image\":{\"@id\":\"https:\/\/explora.cl\/maule\/centro-cultural-kuraf-werken-entrego-videos-educativos-a-escuelas-y-bibliotecas-de-la-region-del-maule\/#primaryimage\"},\"thumbnailUrl\":\"\",\"datePublished\":\"2014-07-14T21:05:06+00:00\",\"dateModified\":\"2019-05-20T18:19:43+00:00\",\"author\":{\"@id\":\"https:\/\/explora.cl\/maule\/#\/schema\/person\/cb8349c13ea2d324080adf8480d7ba5d\"},\"breadcrumb\":{\"@id\":\"https:\/\/explora.cl\/maule\/centro-cultural-kuraf-werken-entrego-videos-educativos-a-escuelas-y-bibliotecas-de-la-region-del-maule\/#breadcrumb\"},\"inLanguage\":\"es-CL\",\"potentialAction\":[{\"@type\":\"ReadAction\",\"target\":[\"https:\/\/explora.cl\/maule\/centro-cultural-kuraf-werken-entrego-videos-educativos-a-escuelas-y-bibliotecas-de-la-region-del-maule\/\"]}]},{\"@type\":\"ImageObject\",\"inLanguage\":\"es-CL\",\"@id\":\"https:\/\/explora.cl\/maule\/centro-cultural-kuraf-werken-entrego-videos-educativos-a-escuelas-y-bibliotecas-de-la-region-del-maule\/#primaryimage\",\"url\":\"\",\"contentUrl\":\"\"},{\"@type\":\"BreadcrumbList\",\"@id\":\"https:\/\/explora.cl\/maule\/centro-cultural-kuraf-werken-entrego-videos-educativos-a-escuelas-y-bibliotecas-de-la-region-del-maule\/#breadcrumb\",\"itemListElement\":[{\"@type\":\"ListItem\",\"position\":1,\"name\":\"Portada\",\"item\":\"https:\/\/explora.cl\/maule\/\"},{\"@type\":\"ListItem\",\"position\":2,\"name\":\"Centro cultural Kuraf Werken entreg\u00f3 videos educativos a escuelas y bibliotecas de la Regi\u00f3n del Maule\"}]},{\"@type\":\"WebSite\",\"@id\":\"https:\/\/explora.cl\/maule\/#website\",\"url\":\"https:\/\/explora.cl\/maule\/\",\"name\":\"Maule\",\"description\":\"Otro sitio m\u00e1s de explora.cl\",\"potentialAction\":[{\"@type\":\"SearchAction\",\"target\":{\"@type\":\"EntryPoint\",\"urlTemplate\":\"https:\/\/explora.cl\/maule\/?s={search_term_string}\"},\"query-input\":{\"@type\":\"PropertyValueSpecification\",\"valueRequired\":true,\"valueName\":\"search_term_string\"}}],\"inLanguage\":\"es-CL\"},{\"@type\":\"Person\",\"@id\":\"https:\/\/explora.cl\/maule\/#\/schema\/person\/cb8349c13ea2d324080adf8480d7ba5d\",\"name\":\"webman\",\"image\":{\"@type\":\"ImageObject\",\"inLanguage\":\"es-CL\",\"@id\":\"https:\/\/explora.cl\/maule\/#\/schema\/person\/image\/\",\"url\":\"https:\/\/secure.gravatar.com\/avatar\/eeff3c82f2c02f7177d13663b7e6f890e9a6a0647ce9bb29cae02dcb094c7312?s=96&d=mm&r=g\",\"contentUrl\":\"https:\/\/secure.gravatar.com\/avatar\/eeff3c82f2c02f7177d13663b7e6f890e9a6a0647ce9bb29cae02dcb094c7312?s=96&d=mm&r=g\",\"caption\":\"webman\"},\"url\":\"https:\/\/explora.cl\/maule\/author\/webman\/\"}]}<\/script>\n<!-- \/ Yoast SEO plugin. -->","yoast_head_json":{"title":"Centro cultural Kuraf Werken entreg\u00f3 videos educativos a escuelas y bibliotecas de la Regi\u00f3n del Maule - Maule","robots":{"index":"index","follow":"follow","max-snippet":"max-snippet:-1","max-image-preview":"max-image-preview:large","max-video-preview":"max-video-preview:-1"},"canonical":"https:\/\/explora.cl\/maule\/centro-cultural-kuraf-werken-entrego-videos-educativos-a-escuelas-y-bibliotecas-de-la-region-del-maule\/","og_locale":"es_ES","og_type":"article","og_title":"Centro cultural Kuraf Werken entreg\u00f3 videos educativos a escuelas y bibliotecas de la Regi\u00f3n del Maule - Maule","og_description":"La iniciativa se realiz\u00f3 en el marco del I Concurso de Actividades de Divulgaci\u00f3n \u201cChile Laboratorio Natural\u201d, del Programa EXPLORA CONICYT. El lunes 7 de julio, a las 11:30 horas, se realiz\u00f3 la ceremonia de cierre del proyecto \u201cChile: Laboratorio Natural, Narrado por Marionetas\u201d, en la sede de la Junta de Vecinos La Florida de [&hellip;]","og_url":"https:\/\/explora.cl\/maule\/centro-cultural-kuraf-werken-entrego-videos-educativos-a-escuelas-y-bibliotecas-de-la-region-del-maule\/","og_site_name":"Maule","article_published_time":"2014-07-14T21:05:06+00:00","article_modified_time":"2019-05-20T18:19:43+00:00","author":"webman","twitter_card":"summary_large_image","twitter_misc":{"Escrito por":"webman","Tiempo estimado de lectura":"2 minutos"},"schema":{"@context":"https:\/\/schema.org","@graph":[{"@type":"Article","@id":"https:\/\/explora.cl\/maule\/centro-cultural-kuraf-werken-entrego-videos-educativos-a-escuelas-y-bibliotecas-de-la-region-del-maule\/#article","isPartOf":{"@id":"https:\/\/explora.cl\/maule\/centro-cultural-kuraf-werken-entrego-videos-educativos-a-escuelas-y-bibliotecas-de-la-region-del-maule\/"},"author":{"name":"webman","@id":"https:\/\/explora.cl\/maule\/#\/schema\/person\/cb8349c13ea2d324080adf8480d7ba5d"},"headline":"Centro cultural Kuraf Werken entreg\u00f3 videos educativos a escuelas y bibliotecas de la Regi\u00f3n del Maule","datePublished":"2014-07-14T21:05:06+00:00","dateModified":"2019-05-20T18:19:43+00:00","mainEntityOfPage":{"@id":"https:\/\/explora.cl\/maule\/centro-cultural-kuraf-werken-entrego-videos-educativos-a-escuelas-y-bibliotecas-de-la-region-del-maule\/"},"wordCount":338,"image":{"@id":"https:\/\/explora.cl\/maule\/centro-cultural-kuraf-werken-entrego-videos-educativos-a-escuelas-y-bibliotecas-de-la-region-del-maule\/#primaryimage"},"thumbnailUrl":"","articleSection":["Noticias"],"inLanguage":"es-CL"},{"@type":"WebPage","@id":"https:\/\/explora.cl\/maule\/centro-cultural-kuraf-werken-entrego-videos-educativos-a-escuelas-y-bibliotecas-de-la-region-del-maule\/","url":"https:\/\/explora.cl\/maule\/centro-cultural-kuraf-werken-entrego-videos-educativos-a-escuelas-y-bibliotecas-de-la-region-del-maule\/","name":"Centro cultural Kuraf Werken entreg\u00f3 videos educativos a escuelas y bibliotecas de la Regi\u00f3n del Maule - Maule","isPartOf":{"@id":"https:\/\/explora.cl\/maule\/#website"},"primaryImageOfPage":{"@id":"https:\/\/explora.cl\/maule\/centro-cultural-kuraf-werken-entrego-videos-educativos-a-escuelas-y-bibliotecas-de-la-region-del-maule\/#primaryimage"},"image":{"@id":"https:\/\/explora.cl\/maule\/centro-cultural-kuraf-werken-entrego-videos-educativos-a-escuelas-y-bibliotecas-de-la-region-del-maule\/#primaryimage"},"thumbnailUrl":"","datePublished":"2014-07-14T21:05:06+00:00","dateModified":"2019-05-20T18:19:43+00:00","author":{"@id":"https:\/\/explora.cl\/maule\/#\/schema\/person\/cb8349c13ea2d324080adf8480d7ba5d"},"breadcrumb":{"@id":"https:\/\/explora.cl\/maule\/centro-cultural-kuraf-werken-entrego-videos-educativos-a-escuelas-y-bibliotecas-de-la-region-del-maule\/#breadcrumb"},"inLanguage":"es-CL","potentialAction":[{"@type":"ReadAction","target":["https:\/\/explora.cl\/maule\/centro-cultural-kuraf-werken-entrego-videos-educativos-a-escuelas-y-bibliotecas-de-la-region-del-maule\/"]}]},{"@type":"ImageObject","inLanguage":"es-CL","@id":"https:\/\/explora.cl\/maule\/centro-cultural-kuraf-werken-entrego-videos-educativos-a-escuelas-y-bibliotecas-de-la-region-del-maule\/#primaryimage","url":"","contentUrl":""},{"@type":"BreadcrumbList","@id":"https:\/\/explora.cl\/maule\/centro-cultural-kuraf-werken-entrego-videos-educativos-a-escuelas-y-bibliotecas-de-la-region-del-maule\/#breadcrumb","itemListElement":[{"@type":"ListItem","position":1,"name":"Portada","item":"https:\/\/explora.cl\/maule\/"},{"@type":"ListItem","position":2,"name":"Centro cultural Kuraf Werken entreg\u00f3 videos educativos a escuelas y bibliotecas de la Regi\u00f3n del Maule"}]},{"@type":"WebSite","@id":"https:\/\/explora.cl\/maule\/#website","url":"https:\/\/explora.cl\/maule\/","name":"Maule","description":"Otro sitio m\u00e1s de explora.cl","potentialAction":[{"@type":"SearchAction","target":{"@type":"EntryPoint","urlTemplate":"https:\/\/explora.cl\/maule\/?s={search_term_string}"},"query-input":{"@type":"PropertyValueSpecification","valueRequired":true,"valueName":"search_term_string"}}],"inLanguage":"es-CL"},{"@type":"Person","@id":"https:\/\/explora.cl\/maule\/#\/schema\/person\/cb8349c13ea2d324080adf8480d7ba5d","name":"webman","image":{"@type":"ImageObject","inLanguage":"es-CL","@id":"https:\/\/explora.cl\/maule\/#\/schema\/person\/image\/","url":"https:\/\/secure.gravatar.com\/avatar\/eeff3c82f2c02f7177d13663b7e6f890e9a6a0647ce9bb29cae02dcb094c7312?s=96&d=mm&r=g","contentUrl":"https:\/\/secure.gravatar.com\/avatar\/eeff3c82f2c02f7177d13663b7e6f890e9a6a0647ce9bb29cae02dcb094c7312?s=96&d=mm&r=g","caption":"webman"},"url":"https:\/\/explora.cl\/maule\/author\/webman\/"}]}},"_links":{"self":[{"href":"https:\/\/explora.cl\/maule\/wp-json\/wp\/v2\/posts\/847","targetHints":{"allow":["GET"]}}],"collection":[{"href":"https:\/\/explora.cl\/maule\/wp-json\/wp\/v2\/posts"}],"about":[{"href":"https:\/\/explora.cl\/maule\/wp-json\/wp\/v2\/types\/post"}],"author":[{"embeddable":true,"href":"https:\/\/explora.cl\/maule\/wp-json\/wp\/v2\/users\/2"}],"replies":[{"embeddable":true,"href":"https:\/\/explora.cl\/maule\/wp-json\/wp\/v2\/comments?post=847"}],"version-history":[{"count":1,"href":"https:\/\/explora.cl\/maule\/wp-json\/wp\/v2\/posts\/847\/revisions"}],"predecessor-version":[{"id":37967,"href":"https:\/\/explora.cl\/maule\/wp-json\/wp\/v2\/posts\/847\/revisions\/37967"}],"wp:featuredmedia":[{"embeddable":true,"href":"https:\/\/explora.cl\/maule\/wp-json\/"}],"wp:attachment":[{"href":"https:\/\/explora.cl\/maule\/wp-json\/wp\/v2\/media?parent=847"}],"wp:term":[{"taxonomy":"category","embeddable":true,"href":"https:\/\/explora.cl\/maule\/wp-json\/wp\/v2\/categories?post=847"},{"taxonomy":"post_tag","embeddable":true,"href":"https:\/\/explora.cl\/maule\/wp-json\/wp\/v2\/tags?post=847"}],"curies":[{"name":"wp","href":"https:\/\/api.w.org\/{rel}","templated":true}]}}