{"id":841,"date":"2014-07-21T23:39:02","date_gmt":"2014-07-21T23:39:02","guid":{"rendered":"https:\/\/explora.cl\/maule\/blog\/2014\/07\/21\/en-agosto-comienza-el-mayor-circuito-de-ferias-cientificas-de-la-region\/"},"modified":"2019-05-20T18:19:42","modified_gmt":"2019-05-20T18:19:42","slug":"en-agosto-comienza-el-mayor-circuito-de-ferias-cientificas-de-la-region","status":"publish","type":"post","link":"https:\/\/explora.cl\/maule\/en-agosto-comienza-el-mayor-circuito-de-ferias-cientificas-de-la-region\/","title":{"rendered":"En agosto comienza el mayor circuito de ferias cient\u00edficas de la Regi\u00f3n"},"content":{"rendered":"<p><img fetchpriority=\"high\" decoding=\"async\" class=\" size-full wp-image-4105\" src=\"http:\/\/ec2-34-218-253-251.us-west-2.compute.amazonaws.com\/wp-content\/uploads\/2014\/07\/5911c3f930ad658df2dbb7ffa08fc8b0.jpg\" alt=\"\" width=\"720\" height=\"540\" \/><\/p>\n<p>A partir del 25 de agosto, se dar\u00e1 inicio al circuito de ferias cient\u00edficas escolares asociadas al PAR EXPLORA Maule, en la iniciativa \u201cMaule Labs\u201d. Cientos de estudiantes han participado de esta actividad que ya es un hito en la divulgaci\u00f3n cient\u00edfica regional.<\/p>\n<p>La ciencia y la tecnolog\u00eda vuelven a tomarse los espacios p\u00fablicos de la Regi\u00f3n del Maule en la nueva versi\u00f3n del circuito de ferias cient\u00edficas escolares \u201cMaule Labs\u201d, organizadas por el PAR EXPLORA Maule junto a colegios y Direcciones Municipales de Educaci\u00f3n de la Regi\u00f3n.<\/p>\n<p>Estudiantes de pre b\u00e1sica, b\u00e1sica y media presentar\u00e1n sus investigaciones cient\u00edficas y trabajos tecnol\u00f3gicos en diversas plazas, gimnasios y colegios de comunas de la Regi\u00f3n. La idea central de los Maule Labs, es convertir los espacios p\u00fablicos en laboratorios cient\u00edficos donde la comunidad pueda conocer las investigaciones creadas por los escolares.<\/p>\n<p>El circuito Maule Labs comenzar\u00e1 el lunes 25 de agosto el Colegio Diego Thompson de Curic\u00f3. Luego ser\u00e1 el turno del Colegio Concepci\u00f3n de Linares el jueves 28 de agosto.<\/p>\n<p>En Septiembre se realizar\u00e1n los Maule Labs de la escuela San Rafael, el 11 de septiembre. El jueves 25 y viernes 26 en el Instituto Linares, para finalizar el martes 30 de septiembre en la Escuela Superior Nueva Bilbao de Constituci\u00f3n.<\/p>\n<p>En octubre, se sumar\u00e1n las ferias escolares del Colegio Pablo de Rokha de San Javier (2\/10), Liceo Huala\u00f1e (10\/10), Escuela Arturo Prat de San Clemente (12\/10) y de la Escuela Santiago Urrutia de Parral, el jueves 30 de octubre.<\/p>\n<p>Las \u00faltimas jornadas de Maule Labs, se ejecutar\u00e1n a partir del 5 de noviembre en la escuela Nider Orrego de Parral. Continuar\u00e1n en Curepto el martes 11 de noviembre, en la escuela Pedro Antonio Gonz\u00e1lez y finalizar\u00e1 en el colegio Ingl\u00e9s de Talca, el jueves 13 de noviembre.<\/p>\n<p>El Proyecto Asociativo Regional Explora busca democratizar el acceso al conocimiento cient\u00edfico por parte de los habitantes del Maule, a trav\u00e9s de la asociaci\u00f3n con instituciones vinculadas a la educaci\u00f3n como plataforma de difusi\u00f3n de las investigaciones de los escolares.<\/p>\n<p>Tanto los colegios como los Departamentos Municipales de Educaci\u00f3n que quieran sumarse a esta actividad, pueden contactarse con el PAR EXPLORA Maule al correo: explora@utalca.cl.<\/p>\n<p>Para mayor informaci\u00f3n de esta y otras actividades de divulgaci\u00f3n y valoraci\u00f3n de la ciencia en la Regi\u00f3n del Maule, explora la agenda del sitio web explora.cl\/maule<\/p>\n","protected":false},"excerpt":{"rendered":"<p>A partir del 25 de agosto, se dar\u00e1 inicio al circuito de ferias cient\u00edficas escolares asociadas al PAR EXPLORA Maule, en la iniciativa \u201cMaule Labs\u201d. Cientos de estudiantes han participado de esta actividad que ya es un hito en la divulgaci\u00f3n cient\u00edfica regional. La ciencia y la tecnolog\u00eda vuelven a tomarse los espacios p\u00fablicos de [&hellip;]<\/p>\n","protected":false},"author":2,"featured_media":4105,"comment_status":"closed","ping_status":"open","sticky":false,"template":"","format":"standard","meta":{"_acf_changed":false,"_exactmetrics_skip_tracking":false,"_exactmetrics_sitenote_active":false,"_exactmetrics_sitenote_note":"","_exactmetrics_sitenote_category":0,"footnotes":"","_links_to":"","_links_to_target":""},"categories":[4],"tags":[],"class_list":["post-841","post","type-post","status-publish","format-standard","has-post-thumbnail","hentry","category-noticias"],"acf":[],"yoast_head":"<!-- This site is optimized with the Yoast SEO plugin v26.9 - https:\/\/yoast.com\/product\/yoast-seo-wordpress\/ -->\n<title>En agosto comienza el mayor circuito de ferias cient\u00edficas de la Regi\u00f3n - Maule<\/title>\n<meta name=\"robots\" content=\"index, follow, max-snippet:-1, max-image-preview:large, max-video-preview:-1\" \/>\n<link rel=\"canonical\" href=\"https:\/\/explora.cl\/maule\/en-agosto-comienza-el-mayor-circuito-de-ferias-cientificas-de-la-region\/\" class=\"yoast-seo-meta-tag\" \/>\n<meta property=\"og:locale\" content=\"es_ES\" class=\"yoast-seo-meta-tag\" \/>\n<meta property=\"og:type\" content=\"article\" class=\"yoast-seo-meta-tag\" \/>\n<meta property=\"og:title\" content=\"En agosto comienza el mayor circuito de ferias cient\u00edficas de la Regi\u00f3n - Maule\" class=\"yoast-seo-meta-tag\" \/>\n<meta property=\"og:description\" content=\"A partir del 25 de agosto, se dar\u00e1 inicio al circuito de ferias cient\u00edficas escolares asociadas al PAR EXPLORA Maule, en la iniciativa \u201cMaule Labs\u201d. Cientos de estudiantes han participado de esta actividad que ya es un hito en la divulgaci\u00f3n cient\u00edfica regional. La ciencia y la tecnolog\u00eda vuelven a tomarse los espacios p\u00fablicos de [&hellip;]\" class=\"yoast-seo-meta-tag\" \/>\n<meta property=\"og:url\" content=\"https:\/\/explora.cl\/maule\/en-agosto-comienza-el-mayor-circuito-de-ferias-cientificas-de-la-region\/\" class=\"yoast-seo-meta-tag\" \/>\n<meta property=\"og:site_name\" content=\"Maule\" class=\"yoast-seo-meta-tag\" \/>\n<meta property=\"article:published_time\" content=\"2014-07-21T23:39:02+00:00\" class=\"yoast-seo-meta-tag\" \/>\n<meta property=\"article:modified_time\" content=\"2019-05-20T18:19:42+00:00\" class=\"yoast-seo-meta-tag\" \/>\n<meta name=\"author\" content=\"webman\" class=\"yoast-seo-meta-tag\" \/>\n<meta name=\"twitter:card\" content=\"summary_large_image\" class=\"yoast-seo-meta-tag\" \/>\n<meta name=\"twitter:label1\" content=\"Escrito por\" class=\"yoast-seo-meta-tag\" \/>\n\t<meta name=\"twitter:data1\" content=\"webman\" class=\"yoast-seo-meta-tag\" \/>\n\t<meta name=\"twitter:label2\" content=\"Tiempo estimado de lectura\" class=\"yoast-seo-meta-tag\" \/>\n\t<meta name=\"twitter:data2\" content=\"2 minutos\" class=\"yoast-seo-meta-tag\" \/>\n<script type=\"application\/ld+json\" class=\"yoast-schema-graph\">{\"@context\":\"https:\/\/schema.org\",\"@graph\":[{\"@type\":\"Article\",\"@id\":\"https:\/\/explora.cl\/maule\/en-agosto-comienza-el-mayor-circuito-de-ferias-cientificas-de-la-region\/#article\",\"isPartOf\":{\"@id\":\"https:\/\/explora.cl\/maule\/en-agosto-comienza-el-mayor-circuito-de-ferias-cientificas-de-la-region\/\"},\"author\":{\"name\":\"webman\",\"@id\":\"https:\/\/explora.cl\/maule\/#\/schema\/person\/cb8349c13ea2d324080adf8480d7ba5d\"},\"headline\":\"En agosto comienza el mayor circuito de ferias cient\u00edficas de la Regi\u00f3n\",\"datePublished\":\"2014-07-21T23:39:02+00:00\",\"dateModified\":\"2019-05-20T18:19:42+00:00\",\"mainEntityOfPage\":{\"@id\":\"https:\/\/explora.cl\/maule\/en-agosto-comienza-el-mayor-circuito-de-ferias-cientificas-de-la-region\/\"},\"wordCount\":430,\"image\":{\"@id\":\"https:\/\/explora.cl\/maule\/en-agosto-comienza-el-mayor-circuito-de-ferias-cientificas-de-la-region\/#primaryimage\"},\"thumbnailUrl\":\"\",\"articleSection\":[\"Noticias\"],\"inLanguage\":\"es-CL\"},{\"@type\":\"WebPage\",\"@id\":\"https:\/\/explora.cl\/maule\/en-agosto-comienza-el-mayor-circuito-de-ferias-cientificas-de-la-region\/\",\"url\":\"https:\/\/explora.cl\/maule\/en-agosto-comienza-el-mayor-circuito-de-ferias-cientificas-de-la-region\/\",\"name\":\"En agosto comienza el mayor circuito de ferias cient\u00edficas de la Regi\u00f3n - Maule\",\"isPartOf\":{\"@id\":\"https:\/\/explora.cl\/maule\/#website\"},\"primaryImageOfPage\":{\"@id\":\"https:\/\/explora.cl\/maule\/en-agosto-comienza-el-mayor-circuito-de-ferias-cientificas-de-la-region\/#primaryimage\"},\"image\":{\"@id\":\"https:\/\/explora.cl\/maule\/en-agosto-comienza-el-mayor-circuito-de-ferias-cientificas-de-la-region\/#primaryimage\"},\"thumbnailUrl\":\"\",\"datePublished\":\"2014-07-21T23:39:02+00:00\",\"dateModified\":\"2019-05-20T18:19:42+00:00\",\"author\":{\"@id\":\"https:\/\/explora.cl\/maule\/#\/schema\/person\/cb8349c13ea2d324080adf8480d7ba5d\"},\"breadcrumb\":{\"@id\":\"https:\/\/explora.cl\/maule\/en-agosto-comienza-el-mayor-circuito-de-ferias-cientificas-de-la-region\/#breadcrumb\"},\"inLanguage\":\"es-CL\",\"potentialAction\":[{\"@type\":\"ReadAction\",\"target\":[\"https:\/\/explora.cl\/maule\/en-agosto-comienza-el-mayor-circuito-de-ferias-cientificas-de-la-region\/\"]}]},{\"@type\":\"ImageObject\",\"inLanguage\":\"es-CL\",\"@id\":\"https:\/\/explora.cl\/maule\/en-agosto-comienza-el-mayor-circuito-de-ferias-cientificas-de-la-region\/#primaryimage\",\"url\":\"\",\"contentUrl\":\"\"},{\"@type\":\"BreadcrumbList\",\"@id\":\"https:\/\/explora.cl\/maule\/en-agosto-comienza-el-mayor-circuito-de-ferias-cientificas-de-la-region\/#breadcrumb\",\"itemListElement\":[{\"@type\":\"ListItem\",\"position\":1,\"name\":\"Portada\",\"item\":\"https:\/\/explora.cl\/maule\/\"},{\"@type\":\"ListItem\",\"position\":2,\"name\":\"En agosto comienza el mayor circuito de ferias cient\u00edficas de la Regi\u00f3n\"}]},{\"@type\":\"WebSite\",\"@id\":\"https:\/\/explora.cl\/maule\/#website\",\"url\":\"https:\/\/explora.cl\/maule\/\",\"name\":\"Maule\",\"description\":\"Otro sitio m\u00e1s de explora.cl\",\"potentialAction\":[{\"@type\":\"SearchAction\",\"target\":{\"@type\":\"EntryPoint\",\"urlTemplate\":\"https:\/\/explora.cl\/maule\/?s={search_term_string}\"},\"query-input\":{\"@type\":\"PropertyValueSpecification\",\"valueRequired\":true,\"valueName\":\"search_term_string\"}}],\"inLanguage\":\"es-CL\"},{\"@type\":\"Person\",\"@id\":\"https:\/\/explora.cl\/maule\/#\/schema\/person\/cb8349c13ea2d324080adf8480d7ba5d\",\"name\":\"webman\",\"image\":{\"@type\":\"ImageObject\",\"inLanguage\":\"es-CL\",\"@id\":\"https:\/\/explora.cl\/maule\/#\/schema\/person\/image\/\",\"url\":\"https:\/\/secure.gravatar.com\/avatar\/eeff3c82f2c02f7177d13663b7e6f890e9a6a0647ce9bb29cae02dcb094c7312?s=96&d=mm&r=g\",\"contentUrl\":\"https:\/\/secure.gravatar.com\/avatar\/eeff3c82f2c02f7177d13663b7e6f890e9a6a0647ce9bb29cae02dcb094c7312?s=96&d=mm&r=g\",\"caption\":\"webman\"},\"url\":\"https:\/\/explora.cl\/maule\/author\/webman\/\"}]}<\/script>\n<!-- \/ Yoast SEO plugin. -->","yoast_head_json":{"title":"En agosto comienza el mayor circuito de ferias cient\u00edficas de la Regi\u00f3n - Maule","robots":{"index":"index","follow":"follow","max-snippet":"max-snippet:-1","max-image-preview":"max-image-preview:large","max-video-preview":"max-video-preview:-1"},"canonical":"https:\/\/explora.cl\/maule\/en-agosto-comienza-el-mayor-circuito-de-ferias-cientificas-de-la-region\/","og_locale":"es_ES","og_type":"article","og_title":"En agosto comienza el mayor circuito de ferias cient\u00edficas de la Regi\u00f3n - Maule","og_description":"A partir del 25 de agosto, se dar\u00e1 inicio al circuito de ferias cient\u00edficas escolares asociadas al PAR EXPLORA Maule, en la iniciativa \u201cMaule Labs\u201d. Cientos de estudiantes han participado de esta actividad que ya es un hito en la divulgaci\u00f3n cient\u00edfica regional. La ciencia y la tecnolog\u00eda vuelven a tomarse los espacios p\u00fablicos de [&hellip;]","og_url":"https:\/\/explora.cl\/maule\/en-agosto-comienza-el-mayor-circuito-de-ferias-cientificas-de-la-region\/","og_site_name":"Maule","article_published_time":"2014-07-21T23:39:02+00:00","article_modified_time":"2019-05-20T18:19:42+00:00","author":"webman","twitter_card":"summary_large_image","twitter_misc":{"Escrito por":"webman","Tiempo estimado de lectura":"2 minutos"},"schema":{"@context":"https:\/\/schema.org","@graph":[{"@type":"Article","@id":"https:\/\/explora.cl\/maule\/en-agosto-comienza-el-mayor-circuito-de-ferias-cientificas-de-la-region\/#article","isPartOf":{"@id":"https:\/\/explora.cl\/maule\/en-agosto-comienza-el-mayor-circuito-de-ferias-cientificas-de-la-region\/"},"author":{"name":"webman","@id":"https:\/\/explora.cl\/maule\/#\/schema\/person\/cb8349c13ea2d324080adf8480d7ba5d"},"headline":"En agosto comienza el mayor circuito de ferias cient\u00edficas de la Regi\u00f3n","datePublished":"2014-07-21T23:39:02+00:00","dateModified":"2019-05-20T18:19:42+00:00","mainEntityOfPage":{"@id":"https:\/\/explora.cl\/maule\/en-agosto-comienza-el-mayor-circuito-de-ferias-cientificas-de-la-region\/"},"wordCount":430,"image":{"@id":"https:\/\/explora.cl\/maule\/en-agosto-comienza-el-mayor-circuito-de-ferias-cientificas-de-la-region\/#primaryimage"},"thumbnailUrl":"","articleSection":["Noticias"],"inLanguage":"es-CL"},{"@type":"WebPage","@id":"https:\/\/explora.cl\/maule\/en-agosto-comienza-el-mayor-circuito-de-ferias-cientificas-de-la-region\/","url":"https:\/\/explora.cl\/maule\/en-agosto-comienza-el-mayor-circuito-de-ferias-cientificas-de-la-region\/","name":"En agosto comienza el mayor circuito de ferias cient\u00edficas de la Regi\u00f3n - Maule","isPartOf":{"@id":"https:\/\/explora.cl\/maule\/#website"},"primaryImageOfPage":{"@id":"https:\/\/explora.cl\/maule\/en-agosto-comienza-el-mayor-circuito-de-ferias-cientificas-de-la-region\/#primaryimage"},"image":{"@id":"https:\/\/explora.cl\/maule\/en-agosto-comienza-el-mayor-circuito-de-ferias-cientificas-de-la-region\/#primaryimage"},"thumbnailUrl":"","datePublished":"2014-07-21T23:39:02+00:00","dateModified":"2019-05-20T18:19:42+00:00","author":{"@id":"https:\/\/explora.cl\/maule\/#\/schema\/person\/cb8349c13ea2d324080adf8480d7ba5d"},"breadcrumb":{"@id":"https:\/\/explora.cl\/maule\/en-agosto-comienza-el-mayor-circuito-de-ferias-cientificas-de-la-region\/#breadcrumb"},"inLanguage":"es-CL","potentialAction":[{"@type":"ReadAction","target":["https:\/\/explora.cl\/maule\/en-agosto-comienza-el-mayor-circuito-de-ferias-cientificas-de-la-region\/"]}]},{"@type":"ImageObject","inLanguage":"es-CL","@id":"https:\/\/explora.cl\/maule\/en-agosto-comienza-el-mayor-circuito-de-ferias-cientificas-de-la-region\/#primaryimage","url":"","contentUrl":""},{"@type":"BreadcrumbList","@id":"https:\/\/explora.cl\/maule\/en-agosto-comienza-el-mayor-circuito-de-ferias-cientificas-de-la-region\/#breadcrumb","itemListElement":[{"@type":"ListItem","position":1,"name":"Portada","item":"https:\/\/explora.cl\/maule\/"},{"@type":"ListItem","position":2,"name":"En agosto comienza el mayor circuito de ferias cient\u00edficas de la Regi\u00f3n"}]},{"@type":"WebSite","@id":"https:\/\/explora.cl\/maule\/#website","url":"https:\/\/explora.cl\/maule\/","name":"Maule","description":"Otro sitio m\u00e1s de explora.cl","potentialAction":[{"@type":"SearchAction","target":{"@type":"EntryPoint","urlTemplate":"https:\/\/explora.cl\/maule\/?s={search_term_string}"},"query-input":{"@type":"PropertyValueSpecification","valueRequired":true,"valueName":"search_term_string"}}],"inLanguage":"es-CL"},{"@type":"Person","@id":"https:\/\/explora.cl\/maule\/#\/schema\/person\/cb8349c13ea2d324080adf8480d7ba5d","name":"webman","image":{"@type":"ImageObject","inLanguage":"es-CL","@id":"https:\/\/explora.cl\/maule\/#\/schema\/person\/image\/","url":"https:\/\/secure.gravatar.com\/avatar\/eeff3c82f2c02f7177d13663b7e6f890e9a6a0647ce9bb29cae02dcb094c7312?s=96&d=mm&r=g","contentUrl":"https:\/\/secure.gravatar.com\/avatar\/eeff3c82f2c02f7177d13663b7e6f890e9a6a0647ce9bb29cae02dcb094c7312?s=96&d=mm&r=g","caption":"webman"},"url":"https:\/\/explora.cl\/maule\/author\/webman\/"}]}},"_links":{"self":[{"href":"https:\/\/explora.cl\/maule\/wp-json\/wp\/v2\/posts\/841","targetHints":{"allow":["GET"]}}],"collection":[{"href":"https:\/\/explora.cl\/maule\/wp-json\/wp\/v2\/posts"}],"about":[{"href":"https:\/\/explora.cl\/maule\/wp-json\/wp\/v2\/types\/post"}],"author":[{"embeddable":true,"href":"https:\/\/explora.cl\/maule\/wp-json\/wp\/v2\/users\/2"}],"replies":[{"embeddable":true,"href":"https:\/\/explora.cl\/maule\/wp-json\/wp\/v2\/comments?post=841"}],"version-history":[{"count":1,"href":"https:\/\/explora.cl\/maule\/wp-json\/wp\/v2\/posts\/841\/revisions"}],"predecessor-version":[{"id":37964,"href":"https:\/\/explora.cl\/maule\/wp-json\/wp\/v2\/posts\/841\/revisions\/37964"}],"wp:featuredmedia":[{"embeddable":true,"href":"https:\/\/explora.cl\/maule\/wp-json\/"}],"wp:attachment":[{"href":"https:\/\/explora.cl\/maule\/wp-json\/wp\/v2\/media?parent=841"}],"wp:term":[{"taxonomy":"category","embeddable":true,"href":"https:\/\/explora.cl\/maule\/wp-json\/wp\/v2\/categories?post=841"},{"taxonomy":"post_tag","embeddable":true,"href":"https:\/\/explora.cl\/maule\/wp-json\/wp\/v2\/tags?post=841"}],"curies":[{"name":"wp","href":"https:\/\/api.w.org\/{rel}","templated":true}]}}