{"id":839,"date":"2014-07-21T23:44:03","date_gmt":"2014-07-21T23:44:03","guid":{"rendered":"https:\/\/explora.cl\/maule\/blog\/2014\/07\/21\/abierta-las-inscripciones-para-el-taller-de-metodo-cientifico-para-profesores\/"},"modified":"2019-05-20T18:19:41","modified_gmt":"2019-05-20T18:19:41","slug":"abierta-las-inscripciones-para-el-taller-de-metodo-cientifico-para-profesores","status":"publish","type":"post","link":"https:\/\/explora.cl\/maule\/abierta-las-inscripciones-para-el-taller-de-metodo-cientifico-para-profesores\/","title":{"rendered":"Abierta las inscripciones para Taller de M\u00e9todo Cient\u00edfico para Profesores"},"content":{"rendered":"<p><img fetchpriority=\"high\" decoding=\"async\" class=\" size-full wp-image-4107\" src=\"http:\/\/ec2-34-218-253-251.us-west-2.compute.amazonaws.com\/wp-content\/uploads\/2014\/07\/8adaab906335a500d629a55f4f3ed11a.jpg\" alt=\"\" width=\"960\" height=\"720\" \/><\/p>\n<p>El Proyecto Asociativo Regional junto al Instituto de Qu\u00edmica de Recursos Naturales, realizar\u00e1n talleres de metodolog\u00eda de investigaci\u00f3n cient\u00edfica escolar dirigidas a docentes de ense\u00f1anza B\u00e1sica y Media de la Regi\u00f3n.<\/p>\n<p>Los talleres ser\u00e1n impartidos por la Dra. Mar\u00eda del Pilar Caramant\u00edn, acad\u00e9mica UTalca, quien ense\u00f1ar\u00e1 a utilizar el m\u00e9todo cient\u00edfico para que profesores estimulen a sus estudiantes a realizar investigaciones cient\u00edficas escolares y proyectos de ciencias.<\/p>\n<p>La actividad se realizar\u00e1 en 2 jornadas. El mi\u00e9rcoles 30 de julio para profesores de ense\u00f1anza b\u00e1sica y el jueves 31 de julio para docentes de ense\u00f1anza media. Los horarios para ambos cursos ser\u00e1n de 9:00 a 12:00 y se realizar\u00e1n en los Laboratorios de Qu\u00edmica de la Universidad de Talca, ubicado en Av. Lircay S\/N, Talca.<\/p>\n<p>Los docentes que est\u00e9n interesados en participar de estos talleres deben completar el siguiente formulario.<\/p>\n<p><a href=\"https:\/\/docs.google.com\/forms\/d\/1ZC3juF_v6qWyvOLy4JRn5v4IuUrdTuVzSsvsupbuSoQ\/viewform\">Pincha Aqu\u00ed<\/a><a href=\"https:\/\/docs.google.com\/forms\/d\/1ZC3juF_v6qWyvOLy4JRn5v4IuUrdTuVzSsvsupbuSoQ\/viewform\"><\/a><\/p>\n<p>Consultas o dudas deben dirigirse al correo: explora@utalca.cl<\/p>\n","protected":false},"excerpt":{"rendered":"<p>El Proyecto Asociativo Regional junto al Instituto de Qu\u00edmica de Recursos Naturales, realizar\u00e1n talleres de metodolog\u00eda de investigaci\u00f3n cient\u00edfica escolar dirigidas a docentes de ense\u00f1anza B\u00e1sica y Media de la Regi\u00f3n. Los talleres ser\u00e1n impartidos por la Dra. Mar\u00eda del Pilar Caramant\u00edn, acad\u00e9mica UTalca, quien ense\u00f1ar\u00e1 a utilizar el m\u00e9todo cient\u00edfico para que profesores estimulen [&hellip;]<\/p>\n","protected":false},"author":2,"featured_media":4107,"comment_status":"closed","ping_status":"open","sticky":false,"template":"","format":"standard","meta":{"_acf_changed":false,"_exactmetrics_skip_tracking":false,"_exactmetrics_sitenote_active":false,"_exactmetrics_sitenote_note":"","_exactmetrics_sitenote_category":0,"footnotes":"","_links_to":"","_links_to_target":""},"categories":[4],"tags":[],"class_list":["post-839","post","type-post","status-publish","format-standard","has-post-thumbnail","hentry","category-noticias"],"acf":[],"yoast_head":"<!-- This site is optimized with the Yoast SEO plugin v26.9 - https:\/\/yoast.com\/product\/yoast-seo-wordpress\/ -->\n<title>Abierta las inscripciones para Taller de M\u00e9todo Cient\u00edfico para Profesores - Maule<\/title>\n<meta name=\"robots\" content=\"index, follow, max-snippet:-1, max-image-preview:large, max-video-preview:-1\" \/>\n<link rel=\"canonical\" href=\"https:\/\/explora.cl\/maule\/abierta-las-inscripciones-para-el-taller-de-metodo-cientifico-para-profesores\/\" class=\"yoast-seo-meta-tag\" \/>\n<meta property=\"og:locale\" content=\"es_ES\" class=\"yoast-seo-meta-tag\" \/>\n<meta property=\"og:type\" content=\"article\" class=\"yoast-seo-meta-tag\" \/>\n<meta property=\"og:title\" content=\"Abierta las inscripciones para Taller de M\u00e9todo Cient\u00edfico para Profesores - Maule\" class=\"yoast-seo-meta-tag\" \/>\n<meta property=\"og:description\" content=\"El Proyecto Asociativo Regional junto al Instituto de Qu\u00edmica de Recursos Naturales, realizar\u00e1n talleres de metodolog\u00eda de investigaci\u00f3n cient\u00edfica escolar dirigidas a docentes de ense\u00f1anza B\u00e1sica y Media de la Regi\u00f3n. Los talleres ser\u00e1n impartidos por la Dra. Mar\u00eda del Pilar Caramant\u00edn, acad\u00e9mica UTalca, quien ense\u00f1ar\u00e1 a utilizar el m\u00e9todo cient\u00edfico para que profesores estimulen [&hellip;]\" class=\"yoast-seo-meta-tag\" \/>\n<meta property=\"og:url\" content=\"https:\/\/explora.cl\/maule\/abierta-las-inscripciones-para-el-taller-de-metodo-cientifico-para-profesores\/\" class=\"yoast-seo-meta-tag\" \/>\n<meta property=\"og:site_name\" content=\"Maule\" class=\"yoast-seo-meta-tag\" \/>\n<meta property=\"article:published_time\" content=\"2014-07-21T23:44:03+00:00\" class=\"yoast-seo-meta-tag\" \/>\n<meta property=\"article:modified_time\" content=\"2019-05-20T18:19:41+00:00\" class=\"yoast-seo-meta-tag\" \/>\n<meta name=\"author\" content=\"webman\" class=\"yoast-seo-meta-tag\" \/>\n<meta name=\"twitter:card\" content=\"summary_large_image\" class=\"yoast-seo-meta-tag\" \/>\n<meta name=\"twitter:label1\" content=\"Escrito por\" class=\"yoast-seo-meta-tag\" \/>\n\t<meta name=\"twitter:data1\" content=\"webman\" class=\"yoast-seo-meta-tag\" \/>\n\t<meta name=\"twitter:label2\" content=\"Tiempo estimado de lectura\" class=\"yoast-seo-meta-tag\" \/>\n\t<meta name=\"twitter:data2\" content=\"1 minuto\" class=\"yoast-seo-meta-tag\" \/>\n<script type=\"application\/ld+json\" class=\"yoast-schema-graph\">{\"@context\":\"https:\/\/schema.org\",\"@graph\":[{\"@type\":\"Article\",\"@id\":\"https:\/\/explora.cl\/maule\/abierta-las-inscripciones-para-el-taller-de-metodo-cientifico-para-profesores\/#article\",\"isPartOf\":{\"@id\":\"https:\/\/explora.cl\/maule\/abierta-las-inscripciones-para-el-taller-de-metodo-cientifico-para-profesores\/\"},\"author\":{\"name\":\"webman\",\"@id\":\"https:\/\/explora.cl\/maule\/#\/schema\/person\/cb8349c13ea2d324080adf8480d7ba5d\"},\"headline\":\"Abierta las inscripciones para Taller de M\u00e9todo Cient\u00edfico para Profesores\",\"datePublished\":\"2014-07-21T23:44:03+00:00\",\"dateModified\":\"2019-05-20T18:19:41+00:00\",\"mainEntityOfPage\":{\"@id\":\"https:\/\/explora.cl\/maule\/abierta-las-inscripciones-para-el-taller-de-metodo-cientifico-para-profesores\/\"},\"wordCount\":183,\"image\":{\"@id\":\"https:\/\/explora.cl\/maule\/abierta-las-inscripciones-para-el-taller-de-metodo-cientifico-para-profesores\/#primaryimage\"},\"thumbnailUrl\":\"\",\"articleSection\":[\"Noticias\"],\"inLanguage\":\"es-CL\"},{\"@type\":\"WebPage\",\"@id\":\"https:\/\/explora.cl\/maule\/abierta-las-inscripciones-para-el-taller-de-metodo-cientifico-para-profesores\/\",\"url\":\"https:\/\/explora.cl\/maule\/abierta-las-inscripciones-para-el-taller-de-metodo-cientifico-para-profesores\/\",\"name\":\"Abierta las inscripciones para Taller de M\u00e9todo Cient\u00edfico para Profesores - Maule\",\"isPartOf\":{\"@id\":\"https:\/\/explora.cl\/maule\/#website\"},\"primaryImageOfPage\":{\"@id\":\"https:\/\/explora.cl\/maule\/abierta-las-inscripciones-para-el-taller-de-metodo-cientifico-para-profesores\/#primaryimage\"},\"image\":{\"@id\":\"https:\/\/explora.cl\/maule\/abierta-las-inscripciones-para-el-taller-de-metodo-cientifico-para-profesores\/#primaryimage\"},\"thumbnailUrl\":\"\",\"datePublished\":\"2014-07-21T23:44:03+00:00\",\"dateModified\":\"2019-05-20T18:19:41+00:00\",\"author\":{\"@id\":\"https:\/\/explora.cl\/maule\/#\/schema\/person\/cb8349c13ea2d324080adf8480d7ba5d\"},\"breadcrumb\":{\"@id\":\"https:\/\/explora.cl\/maule\/abierta-las-inscripciones-para-el-taller-de-metodo-cientifico-para-profesores\/#breadcrumb\"},\"inLanguage\":\"es-CL\",\"potentialAction\":[{\"@type\":\"ReadAction\",\"target\":[\"https:\/\/explora.cl\/maule\/abierta-las-inscripciones-para-el-taller-de-metodo-cientifico-para-profesores\/\"]}]},{\"@type\":\"ImageObject\",\"inLanguage\":\"es-CL\",\"@id\":\"https:\/\/explora.cl\/maule\/abierta-las-inscripciones-para-el-taller-de-metodo-cientifico-para-profesores\/#primaryimage\",\"url\":\"\",\"contentUrl\":\"\"},{\"@type\":\"BreadcrumbList\",\"@id\":\"https:\/\/explora.cl\/maule\/abierta-las-inscripciones-para-el-taller-de-metodo-cientifico-para-profesores\/#breadcrumb\",\"itemListElement\":[{\"@type\":\"ListItem\",\"position\":1,\"name\":\"Portada\",\"item\":\"https:\/\/explora.cl\/maule\/\"},{\"@type\":\"ListItem\",\"position\":2,\"name\":\"Abierta las inscripciones para Taller de M\u00e9todo Cient\u00edfico para Profesores\"}]},{\"@type\":\"WebSite\",\"@id\":\"https:\/\/explora.cl\/maule\/#website\",\"url\":\"https:\/\/explora.cl\/maule\/\",\"name\":\"Maule\",\"description\":\"Otro sitio m\u00e1s de explora.cl\",\"potentialAction\":[{\"@type\":\"SearchAction\",\"target\":{\"@type\":\"EntryPoint\",\"urlTemplate\":\"https:\/\/explora.cl\/maule\/?s={search_term_string}\"},\"query-input\":{\"@type\":\"PropertyValueSpecification\",\"valueRequired\":true,\"valueName\":\"search_term_string\"}}],\"inLanguage\":\"es-CL\"},{\"@type\":\"Person\",\"@id\":\"https:\/\/explora.cl\/maule\/#\/schema\/person\/cb8349c13ea2d324080adf8480d7ba5d\",\"name\":\"webman\",\"image\":{\"@type\":\"ImageObject\",\"inLanguage\":\"es-CL\",\"@id\":\"https:\/\/explora.cl\/maule\/#\/schema\/person\/image\/\",\"url\":\"https:\/\/secure.gravatar.com\/avatar\/eeff3c82f2c02f7177d13663b7e6f890e9a6a0647ce9bb29cae02dcb094c7312?s=96&d=mm&r=g\",\"contentUrl\":\"https:\/\/secure.gravatar.com\/avatar\/eeff3c82f2c02f7177d13663b7e6f890e9a6a0647ce9bb29cae02dcb094c7312?s=96&d=mm&r=g\",\"caption\":\"webman\"},\"url\":\"https:\/\/explora.cl\/maule\/author\/webman\/\"}]}<\/script>\n<!-- \/ Yoast SEO plugin. -->","yoast_head_json":{"title":"Abierta las inscripciones para Taller de M\u00e9todo Cient\u00edfico para Profesores - Maule","robots":{"index":"index","follow":"follow","max-snippet":"max-snippet:-1","max-image-preview":"max-image-preview:large","max-video-preview":"max-video-preview:-1"},"canonical":"https:\/\/explora.cl\/maule\/abierta-las-inscripciones-para-el-taller-de-metodo-cientifico-para-profesores\/","og_locale":"es_ES","og_type":"article","og_title":"Abierta las inscripciones para Taller de M\u00e9todo Cient\u00edfico para Profesores - Maule","og_description":"El Proyecto Asociativo Regional junto al Instituto de Qu\u00edmica de Recursos Naturales, realizar\u00e1n talleres de metodolog\u00eda de investigaci\u00f3n cient\u00edfica escolar dirigidas a docentes de ense\u00f1anza B\u00e1sica y Media de la Regi\u00f3n. Los talleres ser\u00e1n impartidos por la Dra. Mar\u00eda del Pilar Caramant\u00edn, acad\u00e9mica UTalca, quien ense\u00f1ar\u00e1 a utilizar el m\u00e9todo cient\u00edfico para que profesores estimulen [&hellip;]","og_url":"https:\/\/explora.cl\/maule\/abierta-las-inscripciones-para-el-taller-de-metodo-cientifico-para-profesores\/","og_site_name":"Maule","article_published_time":"2014-07-21T23:44:03+00:00","article_modified_time":"2019-05-20T18:19:41+00:00","author":"webman","twitter_card":"summary_large_image","twitter_misc":{"Escrito por":"webman","Tiempo estimado de lectura":"1 minuto"},"schema":{"@context":"https:\/\/schema.org","@graph":[{"@type":"Article","@id":"https:\/\/explora.cl\/maule\/abierta-las-inscripciones-para-el-taller-de-metodo-cientifico-para-profesores\/#article","isPartOf":{"@id":"https:\/\/explora.cl\/maule\/abierta-las-inscripciones-para-el-taller-de-metodo-cientifico-para-profesores\/"},"author":{"name":"webman","@id":"https:\/\/explora.cl\/maule\/#\/schema\/person\/cb8349c13ea2d324080adf8480d7ba5d"},"headline":"Abierta las inscripciones para Taller de M\u00e9todo Cient\u00edfico para Profesores","datePublished":"2014-07-21T23:44:03+00:00","dateModified":"2019-05-20T18:19:41+00:00","mainEntityOfPage":{"@id":"https:\/\/explora.cl\/maule\/abierta-las-inscripciones-para-el-taller-de-metodo-cientifico-para-profesores\/"},"wordCount":183,"image":{"@id":"https:\/\/explora.cl\/maule\/abierta-las-inscripciones-para-el-taller-de-metodo-cientifico-para-profesores\/#primaryimage"},"thumbnailUrl":"","articleSection":["Noticias"],"inLanguage":"es-CL"},{"@type":"WebPage","@id":"https:\/\/explora.cl\/maule\/abierta-las-inscripciones-para-el-taller-de-metodo-cientifico-para-profesores\/","url":"https:\/\/explora.cl\/maule\/abierta-las-inscripciones-para-el-taller-de-metodo-cientifico-para-profesores\/","name":"Abierta las inscripciones para Taller de M\u00e9todo Cient\u00edfico para Profesores - Maule","isPartOf":{"@id":"https:\/\/explora.cl\/maule\/#website"},"primaryImageOfPage":{"@id":"https:\/\/explora.cl\/maule\/abierta-las-inscripciones-para-el-taller-de-metodo-cientifico-para-profesores\/#primaryimage"},"image":{"@id":"https:\/\/explora.cl\/maule\/abierta-las-inscripciones-para-el-taller-de-metodo-cientifico-para-profesores\/#primaryimage"},"thumbnailUrl":"","datePublished":"2014-07-21T23:44:03+00:00","dateModified":"2019-05-20T18:19:41+00:00","author":{"@id":"https:\/\/explora.cl\/maule\/#\/schema\/person\/cb8349c13ea2d324080adf8480d7ba5d"},"breadcrumb":{"@id":"https:\/\/explora.cl\/maule\/abierta-las-inscripciones-para-el-taller-de-metodo-cientifico-para-profesores\/#breadcrumb"},"inLanguage":"es-CL","potentialAction":[{"@type":"ReadAction","target":["https:\/\/explora.cl\/maule\/abierta-las-inscripciones-para-el-taller-de-metodo-cientifico-para-profesores\/"]}]},{"@type":"ImageObject","inLanguage":"es-CL","@id":"https:\/\/explora.cl\/maule\/abierta-las-inscripciones-para-el-taller-de-metodo-cientifico-para-profesores\/#primaryimage","url":"","contentUrl":""},{"@type":"BreadcrumbList","@id":"https:\/\/explora.cl\/maule\/abierta-las-inscripciones-para-el-taller-de-metodo-cientifico-para-profesores\/#breadcrumb","itemListElement":[{"@type":"ListItem","position":1,"name":"Portada","item":"https:\/\/explora.cl\/maule\/"},{"@type":"ListItem","position":2,"name":"Abierta las inscripciones para Taller de M\u00e9todo Cient\u00edfico para Profesores"}]},{"@type":"WebSite","@id":"https:\/\/explora.cl\/maule\/#website","url":"https:\/\/explora.cl\/maule\/","name":"Maule","description":"Otro sitio m\u00e1s de explora.cl","potentialAction":[{"@type":"SearchAction","target":{"@type":"EntryPoint","urlTemplate":"https:\/\/explora.cl\/maule\/?s={search_term_string}"},"query-input":{"@type":"PropertyValueSpecification","valueRequired":true,"valueName":"search_term_string"}}],"inLanguage":"es-CL"},{"@type":"Person","@id":"https:\/\/explora.cl\/maule\/#\/schema\/person\/cb8349c13ea2d324080adf8480d7ba5d","name":"webman","image":{"@type":"ImageObject","inLanguage":"es-CL","@id":"https:\/\/explora.cl\/maule\/#\/schema\/person\/image\/","url":"https:\/\/secure.gravatar.com\/avatar\/eeff3c82f2c02f7177d13663b7e6f890e9a6a0647ce9bb29cae02dcb094c7312?s=96&d=mm&r=g","contentUrl":"https:\/\/secure.gravatar.com\/avatar\/eeff3c82f2c02f7177d13663b7e6f890e9a6a0647ce9bb29cae02dcb094c7312?s=96&d=mm&r=g","caption":"webman"},"url":"https:\/\/explora.cl\/maule\/author\/webman\/"}]}},"_links":{"self":[{"href":"https:\/\/explora.cl\/maule\/wp-json\/wp\/v2\/posts\/839","targetHints":{"allow":["GET"]}}],"collection":[{"href":"https:\/\/explora.cl\/maule\/wp-json\/wp\/v2\/posts"}],"about":[{"href":"https:\/\/explora.cl\/maule\/wp-json\/wp\/v2\/types\/post"}],"author":[{"embeddable":true,"href":"https:\/\/explora.cl\/maule\/wp-json\/wp\/v2\/users\/2"}],"replies":[{"embeddable":true,"href":"https:\/\/explora.cl\/maule\/wp-json\/wp\/v2\/comments?post=839"}],"version-history":[{"count":1,"href":"https:\/\/explora.cl\/maule\/wp-json\/wp\/v2\/posts\/839\/revisions"}],"predecessor-version":[{"id":37963,"href":"https:\/\/explora.cl\/maule\/wp-json\/wp\/v2\/posts\/839\/revisions\/37963"}],"wp:featuredmedia":[{"embeddable":true,"href":"https:\/\/explora.cl\/maule\/wp-json\/"}],"wp:attachment":[{"href":"https:\/\/explora.cl\/maule\/wp-json\/wp\/v2\/media?parent=839"}],"wp:term":[{"taxonomy":"category","embeddable":true,"href":"https:\/\/explora.cl\/maule\/wp-json\/wp\/v2\/categories?post=839"},{"taxonomy":"post_tag","embeddable":true,"href":"https:\/\/explora.cl\/maule\/wp-json\/wp\/v2\/tags?post=839"}],"curies":[{"name":"wp","href":"https:\/\/api.w.org\/{rel}","templated":true}]}}