{"id":665,"date":"2015-01-22T03:27:30","date_gmt":"2015-01-22T03:27:30","guid":{"rendered":"https:\/\/explora.cl\/maule\/blog\/2015\/01\/22\/manuel-antonio-garreton-y-ricardo-baeza-visitaron-chile-va-utalca\/"},"modified":"2019-05-20T18:18:38","modified_gmt":"2019-05-20T18:18:38","slug":"manuel-antonio-garreton-y-ricardo-baeza-visitaron-chile-va-utalca","status":"publish","type":"post","link":"https:\/\/explora.cl\/maule\/manuel-antonio-garreton-y-ricardo-baeza-visitaron-chile-va-utalca\/","title":{"rendered":"Manuel Antonio Garret\u00f3n y Ricardo Baeza visitaron Chile Va! UTalca"},"content":{"rendered":"<p><img fetchpriority=\"high\" decoding=\"async\" class=\" size-full wp-image-8619\" src=\"http:\/\/ec2-34-218-253-251.us-west-2.compute.amazonaws.com\/wp-content\/uploads\/2015\/01\/a3d3006b022af92f9255b8a42d389e65.jpg\" alt=\"\" width=\"960\" height=\"640\" \/><\/p>\n<p><em>Los connotados acad\u00e9micos nacionales compartieron sus experiencias con los estudiantes, motiv\u00e1ndolos con su pasi\u00f3n por la ciencia y el trabajo de excelencia.<\/em><\/p>\n<p>Visitas ilustres recibieron los 120 estudiantes que participan en el Campamento EXPLORA CHILE VA! Regi\u00f3n del Maule, organizado por la Universidad de Talca, se trata de los destacados docentes Manuel Antonio Garret\u00f3n y Ricardo Baeza, quienes dialogaron con los escolares en la actividad conversatorios con maestros.<\/p>\n<p>El Profesor Garret\u00f3n, premio nacional de ciencias sociales, realiz\u00f3 una amplia exposici\u00f3n donde abord\u00f3 su periodo de formaci\u00f3n como soci\u00f3logo, el origen del estudio de las ciencias sociales en Chile y la historia de los movimientos sociales.<\/p>\n<p>Garret\u00f3n, docente titular de la Universidad de Chile, finaliz\u00f3 su presentaci\u00f3n con un an\u00e1lisis de la historia reciente del pa\u00eds, los movimientos estudiantiles y la reforma educacional en marcha, que dio paso a una animada ronda de preguntas entre el intelectual y los estudiantes.<\/p>\n<p>Luego, el arquitecto Luis Felipe Maureira, acad\u00e9mico de la Universidad del B\u00edo B\u00edo e integrante del colectivo de arquitectura y dise\u00f1o, Rep\u00fablica Port\u00e1til, sostuvo el primer encuentro \u201cJ\u00f3venes Emprendedores\u201d del campamento.<\/p>\n<p>Maureira, expuso los diversos proyectos realizados por la oficina de arquitectura, que les vali\u00f3 ser reconocidos en el concurso de arquitectura Electrolux 2014. El profesional realiz\u00f3 una invitaci\u00f3n a los estudiantes a que exploraran la ciudad de diversas formas y que confiar\u00e1n en sus herramientas para lograr las metas que se propongan.<\/p>\n<p>La jornada vespertina, continu\u00f3 con las actividades de emprendimiento a cargo de Javiera C\u00f3rdova, voluntaria en Chile de Young American Bussines Trust de la Organizaci\u00f3n de Estados Americanos (OEA), quien ense\u00f1\u00f3 algunas t\u00e9cnicas para que los estudiantes aprendan a generar proyectos, trabajar en equipo y desarrollar ideas para convertirlos en futuros negocios.<\/p>\n<p>Finalizado el primer taller, se realiz\u00f3 el tercer conversatorio con maestros, esta vez junto al Dr. Ricardo Baeza (premio nacional ciencias exactas), el destacado docente UTALCA, transmiti\u00f3 a los j\u00f3venes su pasi\u00f3n por las matem\u00e1ticas, comparti\u00f3 historias de su formaci\u00f3n personal y realiz\u00f3 algunos ejercicios de \u00e1lgebra y geometr\u00eda junto a ellos.<\/p>\n<p>El Profesor Baeza, finaliz\u00f3 ovacionado por lo j\u00f3venes, gracias a sus l\u00facidas reflexiones sobre las carencias del sistema educacional, la falta de pol\u00edticas p\u00fablicas que incentiven las ciencias y su perfil sobe Emmy Noether, matem\u00e1tica alemana que ha inspirado su vida intelectual.<\/p>\n<p>Cabe destacar que los conversatorios son registrados por el equipo de CAMPUS TV de la Universidad de Talca y prontamente ser\u00e1n emitidos en el primer canal digital de la Regi\u00f3n del Maule.<\/p>\n<p>El Campamento EXPLORA CHILE VA!, es una iniciativa del Programa EXPLORA CONICYT que promueve el desarrollo de capital humano y busca mostrar a los estudiantes la nueva configuraci\u00f3n social y econ\u00f3mica del siglo XXI para que ellos, a trav\u00e9s de pr\u00e1cticas emprendedoras, dise\u00f1en un proyecto de vida y se vinculen con entusiasmo a la Ciencia y la Tecnolog\u00eda.<\/p>\n<p>En la Regi\u00f3n del Maule, el campamento es ejecutado por la Universidad de Talca y se realiza desde el lunes 19 de enero hasta el s\u00e1bado 24 de enero en el \u201cPabell\u00f3n de las Ciencias\u201d , ubicado en campus Talca de la UTalca.<\/p>\n","protected":false},"excerpt":{"rendered":"<p>Los connotados acad\u00e9micos nacionales compartieron sus experiencias con los estudiantes, motiv\u00e1ndolos con su pasi\u00f3n por la ciencia y el trabajo de excelencia. Visitas ilustres recibieron los 120 estudiantes que participan en el Campamento EXPLORA CHILE VA! Regi\u00f3n del Maule, organizado por la Universidad de Talca, se trata de los destacados docentes Manuel Antonio Garret\u00f3n y [&hellip;]<\/p>\n","protected":false},"author":2,"featured_media":8619,"comment_status":"closed","ping_status":"open","sticky":false,"template":"","format":"standard","meta":{"_acf_changed":false,"_exactmetrics_skip_tracking":false,"_exactmetrics_sitenote_active":false,"_exactmetrics_sitenote_note":"","_exactmetrics_sitenote_category":0,"footnotes":"","_links_to":"","_links_to_target":""},"categories":[4],"tags":[],"class_list":["post-665","post","type-post","status-publish","format-standard","has-post-thumbnail","hentry","category-noticias"],"acf":[],"yoast_head":"<!-- This site is optimized with the Yoast SEO plugin v26.9 - https:\/\/yoast.com\/product\/yoast-seo-wordpress\/ -->\n<title>Manuel Antonio Garret\u00f3n y Ricardo Baeza visitaron Chile Va! UTalca - Maule<\/title>\n<meta name=\"robots\" content=\"index, follow, max-snippet:-1, max-image-preview:large, max-video-preview:-1\" \/>\n<link rel=\"canonical\" href=\"https:\/\/explora.cl\/maule\/manuel-antonio-garreton-y-ricardo-baeza-visitaron-chile-va-utalca\/\" class=\"yoast-seo-meta-tag\" \/>\n<meta property=\"og:locale\" content=\"es_ES\" class=\"yoast-seo-meta-tag\" \/>\n<meta property=\"og:type\" content=\"article\" class=\"yoast-seo-meta-tag\" \/>\n<meta property=\"og:title\" content=\"Manuel Antonio Garret\u00f3n y Ricardo Baeza visitaron Chile Va! UTalca - Maule\" class=\"yoast-seo-meta-tag\" \/>\n<meta property=\"og:description\" content=\"Los connotados acad\u00e9micos nacionales compartieron sus experiencias con los estudiantes, motiv\u00e1ndolos con su pasi\u00f3n por la ciencia y el trabajo de excelencia. Visitas ilustres recibieron los 120 estudiantes que participan en el Campamento EXPLORA CHILE VA! Regi\u00f3n del Maule, organizado por la Universidad de Talca, se trata de los destacados docentes Manuel Antonio Garret\u00f3n y [&hellip;]\" class=\"yoast-seo-meta-tag\" \/>\n<meta property=\"og:url\" content=\"https:\/\/explora.cl\/maule\/manuel-antonio-garreton-y-ricardo-baeza-visitaron-chile-va-utalca\/\" class=\"yoast-seo-meta-tag\" \/>\n<meta property=\"og:site_name\" content=\"Maule\" class=\"yoast-seo-meta-tag\" \/>\n<meta property=\"article:published_time\" content=\"2015-01-22T03:27:30+00:00\" class=\"yoast-seo-meta-tag\" \/>\n<meta property=\"article:modified_time\" content=\"2019-05-20T18:18:38+00:00\" class=\"yoast-seo-meta-tag\" \/>\n<meta name=\"author\" content=\"webman\" class=\"yoast-seo-meta-tag\" \/>\n<meta name=\"twitter:card\" content=\"summary_large_image\" class=\"yoast-seo-meta-tag\" \/>\n<meta name=\"twitter:label1\" content=\"Escrito por\" class=\"yoast-seo-meta-tag\" \/>\n\t<meta name=\"twitter:data1\" content=\"webman\" class=\"yoast-seo-meta-tag\" \/>\n\t<meta name=\"twitter:label2\" content=\"Tiempo estimado de lectura\" class=\"yoast-seo-meta-tag\" \/>\n\t<meta name=\"twitter:data2\" content=\"3 minutos\" class=\"yoast-seo-meta-tag\" \/>\n<script type=\"application\/ld+json\" class=\"yoast-schema-graph\">{\"@context\":\"https:\/\/schema.org\",\"@graph\":[{\"@type\":\"Article\",\"@id\":\"https:\/\/explora.cl\/maule\/manuel-antonio-garreton-y-ricardo-baeza-visitaron-chile-va-utalca\/#article\",\"isPartOf\":{\"@id\":\"https:\/\/explora.cl\/maule\/manuel-antonio-garreton-y-ricardo-baeza-visitaron-chile-va-utalca\/\"},\"author\":{\"name\":\"webman\",\"@id\":\"https:\/\/explora.cl\/maule\/#\/schema\/person\/cb8349c13ea2d324080adf8480d7ba5d\"},\"headline\":\"Manuel Antonio Garret\u00f3n y Ricardo Baeza visitaron Chile Va! UTalca\",\"datePublished\":\"2015-01-22T03:27:30+00:00\",\"dateModified\":\"2019-05-20T18:18:38+00:00\",\"mainEntityOfPage\":{\"@id\":\"https:\/\/explora.cl\/maule\/manuel-antonio-garreton-y-ricardo-baeza-visitaron-chile-va-utalca\/\"},\"wordCount\":563,\"image\":{\"@id\":\"https:\/\/explora.cl\/maule\/manuel-antonio-garreton-y-ricardo-baeza-visitaron-chile-va-utalca\/#primaryimage\"},\"thumbnailUrl\":\"\",\"articleSection\":[\"Noticias\"],\"inLanguage\":\"es-CL\"},{\"@type\":\"WebPage\",\"@id\":\"https:\/\/explora.cl\/maule\/manuel-antonio-garreton-y-ricardo-baeza-visitaron-chile-va-utalca\/\",\"url\":\"https:\/\/explora.cl\/maule\/manuel-antonio-garreton-y-ricardo-baeza-visitaron-chile-va-utalca\/\",\"name\":\"Manuel Antonio Garret\u00f3n y Ricardo Baeza visitaron Chile Va! UTalca - Maule\",\"isPartOf\":{\"@id\":\"https:\/\/explora.cl\/maule\/#website\"},\"primaryImageOfPage\":{\"@id\":\"https:\/\/explora.cl\/maule\/manuel-antonio-garreton-y-ricardo-baeza-visitaron-chile-va-utalca\/#primaryimage\"},\"image\":{\"@id\":\"https:\/\/explora.cl\/maule\/manuel-antonio-garreton-y-ricardo-baeza-visitaron-chile-va-utalca\/#primaryimage\"},\"thumbnailUrl\":\"\",\"datePublished\":\"2015-01-22T03:27:30+00:00\",\"dateModified\":\"2019-05-20T18:18:38+00:00\",\"author\":{\"@id\":\"https:\/\/explora.cl\/maule\/#\/schema\/person\/cb8349c13ea2d324080adf8480d7ba5d\"},\"breadcrumb\":{\"@id\":\"https:\/\/explora.cl\/maule\/manuel-antonio-garreton-y-ricardo-baeza-visitaron-chile-va-utalca\/#breadcrumb\"},\"inLanguage\":\"es-CL\",\"potentialAction\":[{\"@type\":\"ReadAction\",\"target\":[\"https:\/\/explora.cl\/maule\/manuel-antonio-garreton-y-ricardo-baeza-visitaron-chile-va-utalca\/\"]}]},{\"@type\":\"ImageObject\",\"inLanguage\":\"es-CL\",\"@id\":\"https:\/\/explora.cl\/maule\/manuel-antonio-garreton-y-ricardo-baeza-visitaron-chile-va-utalca\/#primaryimage\",\"url\":\"\",\"contentUrl\":\"\"},{\"@type\":\"BreadcrumbList\",\"@id\":\"https:\/\/explora.cl\/maule\/manuel-antonio-garreton-y-ricardo-baeza-visitaron-chile-va-utalca\/#breadcrumb\",\"itemListElement\":[{\"@type\":\"ListItem\",\"position\":1,\"name\":\"Portada\",\"item\":\"https:\/\/explora.cl\/maule\/\"},{\"@type\":\"ListItem\",\"position\":2,\"name\":\"Manuel Antonio Garret\u00f3n y Ricardo Baeza visitaron Chile Va! UTalca\"}]},{\"@type\":\"WebSite\",\"@id\":\"https:\/\/explora.cl\/maule\/#website\",\"url\":\"https:\/\/explora.cl\/maule\/\",\"name\":\"Maule\",\"description\":\"Otro sitio m\u00e1s de explora.cl\",\"potentialAction\":[{\"@type\":\"SearchAction\",\"target\":{\"@type\":\"EntryPoint\",\"urlTemplate\":\"https:\/\/explora.cl\/maule\/?s={search_term_string}\"},\"query-input\":{\"@type\":\"PropertyValueSpecification\",\"valueRequired\":true,\"valueName\":\"search_term_string\"}}],\"inLanguage\":\"es-CL\"},{\"@type\":\"Person\",\"@id\":\"https:\/\/explora.cl\/maule\/#\/schema\/person\/cb8349c13ea2d324080adf8480d7ba5d\",\"name\":\"webman\",\"image\":{\"@type\":\"ImageObject\",\"inLanguage\":\"es-CL\",\"@id\":\"https:\/\/explora.cl\/maule\/#\/schema\/person\/image\/\",\"url\":\"https:\/\/secure.gravatar.com\/avatar\/eeff3c82f2c02f7177d13663b7e6f890e9a6a0647ce9bb29cae02dcb094c7312?s=96&d=mm&r=g\",\"contentUrl\":\"https:\/\/secure.gravatar.com\/avatar\/eeff3c82f2c02f7177d13663b7e6f890e9a6a0647ce9bb29cae02dcb094c7312?s=96&d=mm&r=g\",\"caption\":\"webman\"},\"url\":\"https:\/\/explora.cl\/maule\/author\/webman\/\"}]}<\/script>\n<!-- \/ Yoast SEO plugin. -->","yoast_head_json":{"title":"Manuel Antonio Garret\u00f3n y Ricardo Baeza visitaron Chile Va! UTalca - Maule","robots":{"index":"index","follow":"follow","max-snippet":"max-snippet:-1","max-image-preview":"max-image-preview:large","max-video-preview":"max-video-preview:-1"},"canonical":"https:\/\/explora.cl\/maule\/manuel-antonio-garreton-y-ricardo-baeza-visitaron-chile-va-utalca\/","og_locale":"es_ES","og_type":"article","og_title":"Manuel Antonio Garret\u00f3n y Ricardo Baeza visitaron Chile Va! UTalca - Maule","og_description":"Los connotados acad\u00e9micos nacionales compartieron sus experiencias con los estudiantes, motiv\u00e1ndolos con su pasi\u00f3n por la ciencia y el trabajo de excelencia. Visitas ilustres recibieron los 120 estudiantes que participan en el Campamento EXPLORA CHILE VA! Regi\u00f3n del Maule, organizado por la Universidad de Talca, se trata de los destacados docentes Manuel Antonio Garret\u00f3n y [&hellip;]","og_url":"https:\/\/explora.cl\/maule\/manuel-antonio-garreton-y-ricardo-baeza-visitaron-chile-va-utalca\/","og_site_name":"Maule","article_published_time":"2015-01-22T03:27:30+00:00","article_modified_time":"2019-05-20T18:18:38+00:00","author":"webman","twitter_card":"summary_large_image","twitter_misc":{"Escrito por":"webman","Tiempo estimado de lectura":"3 minutos"},"schema":{"@context":"https:\/\/schema.org","@graph":[{"@type":"Article","@id":"https:\/\/explora.cl\/maule\/manuel-antonio-garreton-y-ricardo-baeza-visitaron-chile-va-utalca\/#article","isPartOf":{"@id":"https:\/\/explora.cl\/maule\/manuel-antonio-garreton-y-ricardo-baeza-visitaron-chile-va-utalca\/"},"author":{"name":"webman","@id":"https:\/\/explora.cl\/maule\/#\/schema\/person\/cb8349c13ea2d324080adf8480d7ba5d"},"headline":"Manuel Antonio Garret\u00f3n y Ricardo Baeza visitaron Chile Va! UTalca","datePublished":"2015-01-22T03:27:30+00:00","dateModified":"2019-05-20T18:18:38+00:00","mainEntityOfPage":{"@id":"https:\/\/explora.cl\/maule\/manuel-antonio-garreton-y-ricardo-baeza-visitaron-chile-va-utalca\/"},"wordCount":563,"image":{"@id":"https:\/\/explora.cl\/maule\/manuel-antonio-garreton-y-ricardo-baeza-visitaron-chile-va-utalca\/#primaryimage"},"thumbnailUrl":"","articleSection":["Noticias"],"inLanguage":"es-CL"},{"@type":"WebPage","@id":"https:\/\/explora.cl\/maule\/manuel-antonio-garreton-y-ricardo-baeza-visitaron-chile-va-utalca\/","url":"https:\/\/explora.cl\/maule\/manuel-antonio-garreton-y-ricardo-baeza-visitaron-chile-va-utalca\/","name":"Manuel Antonio Garret\u00f3n y Ricardo Baeza visitaron Chile Va! UTalca - Maule","isPartOf":{"@id":"https:\/\/explora.cl\/maule\/#website"},"primaryImageOfPage":{"@id":"https:\/\/explora.cl\/maule\/manuel-antonio-garreton-y-ricardo-baeza-visitaron-chile-va-utalca\/#primaryimage"},"image":{"@id":"https:\/\/explora.cl\/maule\/manuel-antonio-garreton-y-ricardo-baeza-visitaron-chile-va-utalca\/#primaryimage"},"thumbnailUrl":"","datePublished":"2015-01-22T03:27:30+00:00","dateModified":"2019-05-20T18:18:38+00:00","author":{"@id":"https:\/\/explora.cl\/maule\/#\/schema\/person\/cb8349c13ea2d324080adf8480d7ba5d"},"breadcrumb":{"@id":"https:\/\/explora.cl\/maule\/manuel-antonio-garreton-y-ricardo-baeza-visitaron-chile-va-utalca\/#breadcrumb"},"inLanguage":"es-CL","potentialAction":[{"@type":"ReadAction","target":["https:\/\/explora.cl\/maule\/manuel-antonio-garreton-y-ricardo-baeza-visitaron-chile-va-utalca\/"]}]},{"@type":"ImageObject","inLanguage":"es-CL","@id":"https:\/\/explora.cl\/maule\/manuel-antonio-garreton-y-ricardo-baeza-visitaron-chile-va-utalca\/#primaryimage","url":"","contentUrl":""},{"@type":"BreadcrumbList","@id":"https:\/\/explora.cl\/maule\/manuel-antonio-garreton-y-ricardo-baeza-visitaron-chile-va-utalca\/#breadcrumb","itemListElement":[{"@type":"ListItem","position":1,"name":"Portada","item":"https:\/\/explora.cl\/maule\/"},{"@type":"ListItem","position":2,"name":"Manuel Antonio Garret\u00f3n y Ricardo Baeza visitaron Chile Va! UTalca"}]},{"@type":"WebSite","@id":"https:\/\/explora.cl\/maule\/#website","url":"https:\/\/explora.cl\/maule\/","name":"Maule","description":"Otro sitio m\u00e1s de explora.cl","potentialAction":[{"@type":"SearchAction","target":{"@type":"EntryPoint","urlTemplate":"https:\/\/explora.cl\/maule\/?s={search_term_string}"},"query-input":{"@type":"PropertyValueSpecification","valueRequired":true,"valueName":"search_term_string"}}],"inLanguage":"es-CL"},{"@type":"Person","@id":"https:\/\/explora.cl\/maule\/#\/schema\/person\/cb8349c13ea2d324080adf8480d7ba5d","name":"webman","image":{"@type":"ImageObject","inLanguage":"es-CL","@id":"https:\/\/explora.cl\/maule\/#\/schema\/person\/image\/","url":"https:\/\/secure.gravatar.com\/avatar\/eeff3c82f2c02f7177d13663b7e6f890e9a6a0647ce9bb29cae02dcb094c7312?s=96&d=mm&r=g","contentUrl":"https:\/\/secure.gravatar.com\/avatar\/eeff3c82f2c02f7177d13663b7e6f890e9a6a0647ce9bb29cae02dcb094c7312?s=96&d=mm&r=g","caption":"webman"},"url":"https:\/\/explora.cl\/maule\/author\/webman\/"}]}},"_links":{"self":[{"href":"https:\/\/explora.cl\/maule\/wp-json\/wp\/v2\/posts\/665","targetHints":{"allow":["GET"]}}],"collection":[{"href":"https:\/\/explora.cl\/maule\/wp-json\/wp\/v2\/posts"}],"about":[{"href":"https:\/\/explora.cl\/maule\/wp-json\/wp\/v2\/types\/post"}],"author":[{"embeddable":true,"href":"https:\/\/explora.cl\/maule\/wp-json\/wp\/v2\/users\/2"}],"replies":[{"embeddable":true,"href":"https:\/\/explora.cl\/maule\/wp-json\/wp\/v2\/comments?post=665"}],"version-history":[{"count":1,"href":"https:\/\/explora.cl\/maule\/wp-json\/wp\/v2\/posts\/665\/revisions"}],"predecessor-version":[{"id":37887,"href":"https:\/\/explora.cl\/maule\/wp-json\/wp\/v2\/posts\/665\/revisions\/37887"}],"wp:featuredmedia":[{"embeddable":true,"href":"https:\/\/explora.cl\/maule\/wp-json\/"}],"wp:attachment":[{"href":"https:\/\/explora.cl\/maule\/wp-json\/wp\/v2\/media?parent=665"}],"wp:term":[{"taxonomy":"category","embeddable":true,"href":"https:\/\/explora.cl\/maule\/wp-json\/wp\/v2\/categories?post=665"},{"taxonomy":"post_tag","embeddable":true,"href":"https:\/\/explora.cl\/maule\/wp-json\/wp\/v2\/tags?post=665"}],"curies":[{"name":"wp","href":"https:\/\/api.w.org\/{rel}","templated":true}]}}