{"id":645,"date":"2015-02-26T19:58:16","date_gmt":"2015-02-26T19:58:16","guid":{"rendered":"https:\/\/explora.cl\/maule\/blog\/2015\/02\/26\/tema-del-ano-2015-luz-y-vida-2\/"},"modified":"2019-05-20T18:18:32","modified_gmt":"2019-05-20T18:18:32","slug":"tema-del-ano-2015-luz-y-vida-2","status":"publish","type":"post","link":"https:\/\/explora.cl\/maule\/tema-del-ano-2015-luz-y-vida-2\/","title":{"rendered":"Tema del A\u00f1o 2015: Luz y Vida"},"content":{"rendered":"<p><img fetchpriority=\"high\" decoding=\"async\" class=\" size-full wp-image-9186\" src=\"http:\/\/ec2-34-218-253-251.us-west-2.compute.amazonaws.com\/wp-content\/uploads\/2015\/02\/0beec8a3c07f810af132f7222f579164.jpg\" alt=\"\" width=\"600\" height=\"462\" \/><\/p>\n<p>Como todos los a\u00f1os, el Programa EXPLORA de la Comisi\u00f3n Nacional de Investigaci\u00f3n Cient\u00edfica y Tecnol\u00f3gica, CONICYT, escoge una tem\u00e1tica para articular las acciones de apropiaci\u00f3n social desarrolladas por los Proyectos Asociativos Regionales. Este 2015 el tema escogido es Luz y Vida, mediante el cual se busca comunicar la importancia que tiene la luz para el surgimiento y conservaci\u00f3n de la vida y el papel fundamental que juega en la evoluci\u00f3n cultural y social de la humanidad.<\/p>\n<p>Es debido a lo esencial de este agente, que el Programa EXPLORA se suma al A\u00f1o Internacional de la Luz convocado por la Organizaci\u00f3n de las Naciones Unidas -ONU-, instituci\u00f3n que releva &#8220;la importancia de las tecnolog\u00edas basadas en la luz que pueden promover el desarrollo sostenible y ofrecer soluciones a los problemas mundiales sobre energ\u00eda, educaci\u00f3n, agricultura y salud&#8221;.<\/p>\n<p>Por siglos, la Luz ha maravillado al mundo al mismo tiempo que ha beneficiado el desarrollo de la vida y la humanidad, encontr\u00e1ndose en el origen de la vida dentro de un proceso fundamental como lo es la fotos\u00edntesis y siendo abordada desde diversas disciplinas -a las cuales tambi\u00e9n ha revolucionado- tales como la \u00f3ptica, astronom\u00eda, tecnolog\u00eda, ingenier\u00eda, comunicaciones, medicina, ocio, agricultura, y arte, entre otras.<\/p>\n<p>De este modo, el agente f\u00edsico que permite la visualizaci\u00f3n de los objetos, est\u00e1 presente en nuestra vida cotidiana desde los inicios de la historia de la humanidad, encantando y develando misterios, as\u00ed como tambi\u00e9n constituyendo una arista relevante dentro de la cotidianeidad.<\/p>\n<p>&#8220;La civilizaci\u00f3n no existir\u00eda sin luz; luz de nuestro Sol y la luz de los l\u00e1seres enfocadas y coherentes que ahora se han convertido en una parte importante de nuestra vida cotidiana. El A\u00f1o Internacional de la Luz seguramente dar\u00e1 a conocer estos descubrimientos poderosos y sus actuales tecnolog\u00edas de amplio alcance, basados en la luz que son importantes contribuyentes al mercado mundial. Igual de importante, el A\u00f1o Internacional de la Luz inspirar\u00e1 descubrimientos y aplicaciones futuras para uno de los elementos m\u00e1s importantes de nuestra existencia: la luz&#8221; &#8211; Ahmed Zewail, Premio Nobel 1999.<\/p>\n","protected":false},"excerpt":{"rendered":"<p>Como todos los a\u00f1os, el Programa EXPLORA de la Comisi\u00f3n Nacional de Investigaci\u00f3n Cient\u00edfica y Tecnol\u00f3gica, CONICYT, escoge una tem\u00e1tica para articular las acciones de apropiaci\u00f3n social desarrolladas por los Proyectos Asociativos Regionales. Este 2015 el tema escogido es Luz y Vida, mediante el cual se busca comunicar la importancia que tiene la luz para [&hellip;]<\/p>\n","protected":false},"author":2,"featured_media":9186,"comment_status":"closed","ping_status":"open","sticky":false,"template":"","format":"standard","meta":{"_acf_changed":false,"_exactmetrics_skip_tracking":false,"_exactmetrics_sitenote_active":false,"_exactmetrics_sitenote_note":"","_exactmetrics_sitenote_category":0,"footnotes":"","_links_to":"","_links_to_target":""},"categories":[4],"tags":[],"class_list":["post-645","post","type-post","status-publish","format-standard","has-post-thumbnail","hentry","category-noticias"],"acf":[],"yoast_head":"<!-- This site is optimized with the Yoast SEO plugin v26.9 - https:\/\/yoast.com\/product\/yoast-seo-wordpress\/ -->\n<title>Tema del A\u00f1o 2015: Luz y Vida - Maule<\/title>\n<meta name=\"robots\" content=\"index, follow, max-snippet:-1, max-image-preview:large, max-video-preview:-1\" \/>\n<link rel=\"canonical\" href=\"https:\/\/explora.cl\/maule\/tema-del-ano-2015-luz-y-vida-2\/\" class=\"yoast-seo-meta-tag\" \/>\n<meta property=\"og:locale\" content=\"es_ES\" class=\"yoast-seo-meta-tag\" \/>\n<meta property=\"og:type\" content=\"article\" class=\"yoast-seo-meta-tag\" \/>\n<meta property=\"og:title\" content=\"Tema del A\u00f1o 2015: Luz y Vida - Maule\" class=\"yoast-seo-meta-tag\" \/>\n<meta property=\"og:description\" content=\"Como todos los a\u00f1os, el Programa EXPLORA de la Comisi\u00f3n Nacional de Investigaci\u00f3n Cient\u00edfica y Tecnol\u00f3gica, CONICYT, escoge una tem\u00e1tica para articular las acciones de apropiaci\u00f3n social desarrolladas por los Proyectos Asociativos Regionales. Este 2015 el tema escogido es Luz y Vida, mediante el cual se busca comunicar la importancia que tiene la luz para [&hellip;]\" class=\"yoast-seo-meta-tag\" \/>\n<meta property=\"og:url\" content=\"https:\/\/explora.cl\/maule\/tema-del-ano-2015-luz-y-vida-2\/\" class=\"yoast-seo-meta-tag\" \/>\n<meta property=\"og:site_name\" content=\"Maule\" class=\"yoast-seo-meta-tag\" \/>\n<meta property=\"article:published_time\" content=\"2015-02-26T19:58:16+00:00\" class=\"yoast-seo-meta-tag\" \/>\n<meta property=\"article:modified_time\" content=\"2019-05-20T18:18:32+00:00\" class=\"yoast-seo-meta-tag\" \/>\n<meta name=\"author\" content=\"webman\" class=\"yoast-seo-meta-tag\" \/>\n<meta name=\"twitter:card\" content=\"summary_large_image\" class=\"yoast-seo-meta-tag\" \/>\n<meta name=\"twitter:label1\" content=\"Escrito por\" class=\"yoast-seo-meta-tag\" \/>\n\t<meta name=\"twitter:data1\" content=\"webman\" class=\"yoast-seo-meta-tag\" \/>\n\t<meta name=\"twitter:label2\" content=\"Tiempo estimado de lectura\" class=\"yoast-seo-meta-tag\" \/>\n\t<meta name=\"twitter:data2\" content=\"2 minutos\" class=\"yoast-seo-meta-tag\" \/>\n<script type=\"application\/ld+json\" class=\"yoast-schema-graph\">{\"@context\":\"https:\/\/schema.org\",\"@graph\":[{\"@type\":\"Article\",\"@id\":\"https:\/\/explora.cl\/maule\/tema-del-ano-2015-luz-y-vida-2\/#article\",\"isPartOf\":{\"@id\":\"https:\/\/explora.cl\/maule\/tema-del-ano-2015-luz-y-vida-2\/\"},\"author\":{\"name\":\"webman\",\"@id\":\"https:\/\/explora.cl\/maule\/#\/schema\/person\/cb8349c13ea2d324080adf8480d7ba5d\"},\"headline\":\"Tema del A\u00f1o 2015: Luz y Vida\",\"datePublished\":\"2015-02-26T19:58:16+00:00\",\"dateModified\":\"2019-05-20T18:18:32+00:00\",\"mainEntityOfPage\":{\"@id\":\"https:\/\/explora.cl\/maule\/tema-del-ano-2015-luz-y-vida-2\/\"},\"wordCount\":377,\"image\":{\"@id\":\"https:\/\/explora.cl\/maule\/tema-del-ano-2015-luz-y-vida-2\/#primaryimage\"},\"thumbnailUrl\":\"\",\"articleSection\":[\"Noticias\"],\"inLanguage\":\"es-CL\"},{\"@type\":\"WebPage\",\"@id\":\"https:\/\/explora.cl\/maule\/tema-del-ano-2015-luz-y-vida-2\/\",\"url\":\"https:\/\/explora.cl\/maule\/tema-del-ano-2015-luz-y-vida-2\/\",\"name\":\"Tema del A\u00f1o 2015: Luz y Vida - Maule\",\"isPartOf\":{\"@id\":\"https:\/\/explora.cl\/maule\/#website\"},\"primaryImageOfPage\":{\"@id\":\"https:\/\/explora.cl\/maule\/tema-del-ano-2015-luz-y-vida-2\/#primaryimage\"},\"image\":{\"@id\":\"https:\/\/explora.cl\/maule\/tema-del-ano-2015-luz-y-vida-2\/#primaryimage\"},\"thumbnailUrl\":\"\",\"datePublished\":\"2015-02-26T19:58:16+00:00\",\"dateModified\":\"2019-05-20T18:18:32+00:00\",\"author\":{\"@id\":\"https:\/\/explora.cl\/maule\/#\/schema\/person\/cb8349c13ea2d324080adf8480d7ba5d\"},\"breadcrumb\":{\"@id\":\"https:\/\/explora.cl\/maule\/tema-del-ano-2015-luz-y-vida-2\/#breadcrumb\"},\"inLanguage\":\"es-CL\",\"potentialAction\":[{\"@type\":\"ReadAction\",\"target\":[\"https:\/\/explora.cl\/maule\/tema-del-ano-2015-luz-y-vida-2\/\"]}]},{\"@type\":\"ImageObject\",\"inLanguage\":\"es-CL\",\"@id\":\"https:\/\/explora.cl\/maule\/tema-del-ano-2015-luz-y-vida-2\/#primaryimage\",\"url\":\"\",\"contentUrl\":\"\"},{\"@type\":\"BreadcrumbList\",\"@id\":\"https:\/\/explora.cl\/maule\/tema-del-ano-2015-luz-y-vida-2\/#breadcrumb\",\"itemListElement\":[{\"@type\":\"ListItem\",\"position\":1,\"name\":\"Portada\",\"item\":\"https:\/\/explora.cl\/maule\/\"},{\"@type\":\"ListItem\",\"position\":2,\"name\":\"Tema del A\u00f1o 2015: Luz y Vida\"}]},{\"@type\":\"WebSite\",\"@id\":\"https:\/\/explora.cl\/maule\/#website\",\"url\":\"https:\/\/explora.cl\/maule\/\",\"name\":\"Maule\",\"description\":\"Otro sitio m\u00e1s de explora.cl\",\"potentialAction\":[{\"@type\":\"SearchAction\",\"target\":{\"@type\":\"EntryPoint\",\"urlTemplate\":\"https:\/\/explora.cl\/maule\/?s={search_term_string}\"},\"query-input\":{\"@type\":\"PropertyValueSpecification\",\"valueRequired\":true,\"valueName\":\"search_term_string\"}}],\"inLanguage\":\"es-CL\"},{\"@type\":\"Person\",\"@id\":\"https:\/\/explora.cl\/maule\/#\/schema\/person\/cb8349c13ea2d324080adf8480d7ba5d\",\"name\":\"webman\",\"image\":{\"@type\":\"ImageObject\",\"inLanguage\":\"es-CL\",\"@id\":\"https:\/\/explora.cl\/maule\/#\/schema\/person\/image\/\",\"url\":\"https:\/\/secure.gravatar.com\/avatar\/eeff3c82f2c02f7177d13663b7e6f890e9a6a0647ce9bb29cae02dcb094c7312?s=96&d=mm&r=g\",\"contentUrl\":\"https:\/\/secure.gravatar.com\/avatar\/eeff3c82f2c02f7177d13663b7e6f890e9a6a0647ce9bb29cae02dcb094c7312?s=96&d=mm&r=g\",\"caption\":\"webman\"},\"url\":\"https:\/\/explora.cl\/maule\/author\/webman\/\"}]}<\/script>\n<!-- \/ Yoast SEO plugin. -->","yoast_head_json":{"title":"Tema del A\u00f1o 2015: Luz y Vida - Maule","robots":{"index":"index","follow":"follow","max-snippet":"max-snippet:-1","max-image-preview":"max-image-preview:large","max-video-preview":"max-video-preview:-1"},"canonical":"https:\/\/explora.cl\/maule\/tema-del-ano-2015-luz-y-vida-2\/","og_locale":"es_ES","og_type":"article","og_title":"Tema del A\u00f1o 2015: Luz y Vida - Maule","og_description":"Como todos los a\u00f1os, el Programa EXPLORA de la Comisi\u00f3n Nacional de Investigaci\u00f3n Cient\u00edfica y Tecnol\u00f3gica, CONICYT, escoge una tem\u00e1tica para articular las acciones de apropiaci\u00f3n social desarrolladas por los Proyectos Asociativos Regionales. Este 2015 el tema escogido es Luz y Vida, mediante el cual se busca comunicar la importancia que tiene la luz para [&hellip;]","og_url":"https:\/\/explora.cl\/maule\/tema-del-ano-2015-luz-y-vida-2\/","og_site_name":"Maule","article_published_time":"2015-02-26T19:58:16+00:00","article_modified_time":"2019-05-20T18:18:32+00:00","author":"webman","twitter_card":"summary_large_image","twitter_misc":{"Escrito por":"webman","Tiempo estimado de lectura":"2 minutos"},"schema":{"@context":"https:\/\/schema.org","@graph":[{"@type":"Article","@id":"https:\/\/explora.cl\/maule\/tema-del-ano-2015-luz-y-vida-2\/#article","isPartOf":{"@id":"https:\/\/explora.cl\/maule\/tema-del-ano-2015-luz-y-vida-2\/"},"author":{"name":"webman","@id":"https:\/\/explora.cl\/maule\/#\/schema\/person\/cb8349c13ea2d324080adf8480d7ba5d"},"headline":"Tema del A\u00f1o 2015: Luz y Vida","datePublished":"2015-02-26T19:58:16+00:00","dateModified":"2019-05-20T18:18:32+00:00","mainEntityOfPage":{"@id":"https:\/\/explora.cl\/maule\/tema-del-ano-2015-luz-y-vida-2\/"},"wordCount":377,"image":{"@id":"https:\/\/explora.cl\/maule\/tema-del-ano-2015-luz-y-vida-2\/#primaryimage"},"thumbnailUrl":"","articleSection":["Noticias"],"inLanguage":"es-CL"},{"@type":"WebPage","@id":"https:\/\/explora.cl\/maule\/tema-del-ano-2015-luz-y-vida-2\/","url":"https:\/\/explora.cl\/maule\/tema-del-ano-2015-luz-y-vida-2\/","name":"Tema del A\u00f1o 2015: Luz y Vida - Maule","isPartOf":{"@id":"https:\/\/explora.cl\/maule\/#website"},"primaryImageOfPage":{"@id":"https:\/\/explora.cl\/maule\/tema-del-ano-2015-luz-y-vida-2\/#primaryimage"},"image":{"@id":"https:\/\/explora.cl\/maule\/tema-del-ano-2015-luz-y-vida-2\/#primaryimage"},"thumbnailUrl":"","datePublished":"2015-02-26T19:58:16+00:00","dateModified":"2019-05-20T18:18:32+00:00","author":{"@id":"https:\/\/explora.cl\/maule\/#\/schema\/person\/cb8349c13ea2d324080adf8480d7ba5d"},"breadcrumb":{"@id":"https:\/\/explora.cl\/maule\/tema-del-ano-2015-luz-y-vida-2\/#breadcrumb"},"inLanguage":"es-CL","potentialAction":[{"@type":"ReadAction","target":["https:\/\/explora.cl\/maule\/tema-del-ano-2015-luz-y-vida-2\/"]}]},{"@type":"ImageObject","inLanguage":"es-CL","@id":"https:\/\/explora.cl\/maule\/tema-del-ano-2015-luz-y-vida-2\/#primaryimage","url":"","contentUrl":""},{"@type":"BreadcrumbList","@id":"https:\/\/explora.cl\/maule\/tema-del-ano-2015-luz-y-vida-2\/#breadcrumb","itemListElement":[{"@type":"ListItem","position":1,"name":"Portada","item":"https:\/\/explora.cl\/maule\/"},{"@type":"ListItem","position":2,"name":"Tema del A\u00f1o 2015: Luz y Vida"}]},{"@type":"WebSite","@id":"https:\/\/explora.cl\/maule\/#website","url":"https:\/\/explora.cl\/maule\/","name":"Maule","description":"Otro sitio m\u00e1s de explora.cl","potentialAction":[{"@type":"SearchAction","target":{"@type":"EntryPoint","urlTemplate":"https:\/\/explora.cl\/maule\/?s={search_term_string}"},"query-input":{"@type":"PropertyValueSpecification","valueRequired":true,"valueName":"search_term_string"}}],"inLanguage":"es-CL"},{"@type":"Person","@id":"https:\/\/explora.cl\/maule\/#\/schema\/person\/cb8349c13ea2d324080adf8480d7ba5d","name":"webman","image":{"@type":"ImageObject","inLanguage":"es-CL","@id":"https:\/\/explora.cl\/maule\/#\/schema\/person\/image\/","url":"https:\/\/secure.gravatar.com\/avatar\/eeff3c82f2c02f7177d13663b7e6f890e9a6a0647ce9bb29cae02dcb094c7312?s=96&d=mm&r=g","contentUrl":"https:\/\/secure.gravatar.com\/avatar\/eeff3c82f2c02f7177d13663b7e6f890e9a6a0647ce9bb29cae02dcb094c7312?s=96&d=mm&r=g","caption":"webman"},"url":"https:\/\/explora.cl\/maule\/author\/webman\/"}]}},"_links":{"self":[{"href":"https:\/\/explora.cl\/maule\/wp-json\/wp\/v2\/posts\/645","targetHints":{"allow":["GET"]}}],"collection":[{"href":"https:\/\/explora.cl\/maule\/wp-json\/wp\/v2\/posts"}],"about":[{"href":"https:\/\/explora.cl\/maule\/wp-json\/wp\/v2\/types\/post"}],"author":[{"embeddable":true,"href":"https:\/\/explora.cl\/maule\/wp-json\/wp\/v2\/users\/2"}],"replies":[{"embeddable":true,"href":"https:\/\/explora.cl\/maule\/wp-json\/wp\/v2\/comments?post=645"}],"version-history":[{"count":1,"href":"https:\/\/explora.cl\/maule\/wp-json\/wp\/v2\/posts\/645\/revisions"}],"predecessor-version":[{"id":37877,"href":"https:\/\/explora.cl\/maule\/wp-json\/wp\/v2\/posts\/645\/revisions\/37877"}],"wp:featuredmedia":[{"embeddable":true,"href":"https:\/\/explora.cl\/maule\/wp-json\/"}],"wp:attachment":[{"href":"https:\/\/explora.cl\/maule\/wp-json\/wp\/v2\/media?parent=645"}],"wp:term":[{"taxonomy":"category","embeddable":true,"href":"https:\/\/explora.cl\/maule\/wp-json\/wp\/v2\/categories?post=645"},{"taxonomy":"post_tag","embeddable":true,"href":"https:\/\/explora.cl\/maule\/wp-json\/wp\/v2\/tags?post=645"}],"curies":[{"name":"wp","href":"https:\/\/api.w.org\/{rel}","templated":true}]}}