{"id":643,"date":"2015-02-26T20:57:00","date_gmt":"2015-02-26T20:57:00","guid":{"rendered":"https:\/\/explora.cl\/maule\/blog\/2015\/02\/26\/este-21-de-marzo-celebramos-el-dia-de-la-astronomia-en-chile-1\/"},"modified":"2019-05-20T18:18:31","modified_gmt":"2019-05-20T18:18:31","slug":"este-21-de-marzo-celebramos-el-dia-de-la-astronomia-en-chile-1","status":"publish","type":"post","link":"https:\/\/explora.cl\/maule\/este-21-de-marzo-celebramos-el-dia-de-la-astronomia-en-chile-1\/","title":{"rendered":"Este 21 de marzo celebramos el &quot;D\u00eda de la Astronom\u00eda en Chile&quot;"},"content":{"rendered":"<p><img fetchpriority=\"high\" decoding=\"async\" class=\" size-full wp-image-9188\" src=\"http:\/\/ec2-34-218-253-251.us-west-2.compute.amazonaws.com\/wp-content\/uploads\/2015\/02\/0328d8d74f003cee4220076b387f07c5.jpg\" alt=\"\" width=\"900\" height=\"612\" \/><\/p>\n<p>El Programa EXPLORA CONICYT, Fundaci\u00f3n Planetario y la Sociedad Chilena de Astronom\u00eda (SOCHIAS) invitan a celebrar este 21 de marzo el \u201cD\u00eda de la Astronom\u00eda en Chile\u201d.<\/p>\n<p>Las celebraciones comenzar\u00e1n el viernes 20 de marzo con la charla inaugural a cargo de Mar\u00eda Teresa Ruiz, Premio Nacional de Ciencias Exactas\u00a0 y Pierre Cox, Director de ALMA,\u00a0 que se realizar\u00e1 en el\u00a0 Planetario de Santiago, y que ser\u00e1 transmitida por videoconferencia a todo el pa\u00eds.<\/p>\n<p>Adem\u00e1s, en cada regi\u00f3n existir\u00e1n equipos de \u201castr\u00f3nomos embajadores\u201d que encantar\u00e1n con actividades para escolares y p\u00fablico general.<\/p>\n<p>\u201cQueremos que todo el pa\u00eds tome conciencia de la creciente importancia de Chile para la astronom\u00eda mundial. Tenemos condiciones naturales y un desarrollo tecnol\u00f3gico que nos han posicionado como un pa\u00eds l\u00edder en la investigaci\u00f3n del Universo y por eso este d\u00eda queremos relevar el trabajo de nuestros astr\u00f3nomos, el desarrollo de observatorios internacionales en el norte del pa\u00eds y, paralelamente, comprometernos con la protecci\u00f3n de nuestro cielo\u201d,\u00a0\u00a0 asegur\u00f3 Natalia Mackenzie, Directora (S) del Programa EXPLORA.<\/p>\n<p>S\u00famate a la celebraci\u00f3n del D\u00eda de la Astronom\u00eda en Chile utilizando el hashtag #CHILEmiratucielo y comparte tus impresiones, fotograf\u00edas y v\u00eddeos sobre el cosmos.<\/p>\n<p>Pronto publicaremos el programa de actividades que realizaremos en el maule, para celebrar este evento !!<\/p>\n","protected":false},"excerpt":{"rendered":"<p>El Programa EXPLORA CONICYT, Fundaci\u00f3n Planetario y la Sociedad Chilena de Astronom\u00eda (SOCHIAS) invitan a celebrar este 21 de marzo el \u201cD\u00eda de la Astronom\u00eda en Chile\u201d. Las celebraciones comenzar\u00e1n el viernes 20 de marzo con la charla inaugural a cargo de Mar\u00eda Teresa Ruiz, Premio Nacional de Ciencias Exactas\u00a0 y Pierre Cox, Director de [&hellip;]<\/p>\n","protected":false},"author":2,"featured_media":9188,"comment_status":"closed","ping_status":"open","sticky":false,"template":"","format":"standard","meta":{"_acf_changed":false,"_exactmetrics_skip_tracking":false,"_exactmetrics_sitenote_active":false,"_exactmetrics_sitenote_note":"","_exactmetrics_sitenote_category":0,"footnotes":"","_links_to":"","_links_to_target":""},"categories":[4],"tags":[],"class_list":["post-643","post","type-post","status-publish","format-standard","has-post-thumbnail","hentry","category-noticias"],"acf":[],"yoast_head":"<!-- This site is optimized with the Yoast SEO plugin v26.9 - https:\/\/yoast.com\/product\/yoast-seo-wordpress\/ -->\n<title>Este 21 de marzo celebramos el &quot;D\u00eda de la Astronom\u00eda en Chile&quot; - Maule<\/title>\n<meta name=\"robots\" content=\"index, follow, max-snippet:-1, max-image-preview:large, max-video-preview:-1\" \/>\n<link rel=\"canonical\" href=\"https:\/\/explora.cl\/maule\/este-21-de-marzo-celebramos-el-dia-de-la-astronomia-en-chile-1\/\" class=\"yoast-seo-meta-tag\" \/>\n<meta property=\"og:locale\" content=\"es_ES\" class=\"yoast-seo-meta-tag\" \/>\n<meta property=\"og:type\" content=\"article\" class=\"yoast-seo-meta-tag\" \/>\n<meta property=\"og:title\" content=\"Este 21 de marzo celebramos el &quot;D\u00eda de la Astronom\u00eda en Chile&quot; - Maule\" class=\"yoast-seo-meta-tag\" \/>\n<meta property=\"og:description\" content=\"El Programa EXPLORA CONICYT, Fundaci\u00f3n Planetario y la Sociedad Chilena de Astronom\u00eda (SOCHIAS) invitan a celebrar este 21 de marzo el \u201cD\u00eda de la Astronom\u00eda en Chile\u201d. Las celebraciones comenzar\u00e1n el viernes 20 de marzo con la charla inaugural a cargo de Mar\u00eda Teresa Ruiz, Premio Nacional de Ciencias Exactas\u00a0 y Pierre Cox, Director de [&hellip;]\" class=\"yoast-seo-meta-tag\" \/>\n<meta property=\"og:url\" content=\"https:\/\/explora.cl\/maule\/este-21-de-marzo-celebramos-el-dia-de-la-astronomia-en-chile-1\/\" class=\"yoast-seo-meta-tag\" \/>\n<meta property=\"og:site_name\" content=\"Maule\" class=\"yoast-seo-meta-tag\" \/>\n<meta property=\"article:published_time\" content=\"2015-02-26T20:57:00+00:00\" class=\"yoast-seo-meta-tag\" \/>\n<meta property=\"article:modified_time\" content=\"2019-05-20T18:18:31+00:00\" class=\"yoast-seo-meta-tag\" \/>\n<meta name=\"author\" content=\"webman\" class=\"yoast-seo-meta-tag\" \/>\n<meta name=\"twitter:card\" content=\"summary_large_image\" class=\"yoast-seo-meta-tag\" \/>\n<meta name=\"twitter:label1\" content=\"Escrito por\" class=\"yoast-seo-meta-tag\" \/>\n\t<meta name=\"twitter:data1\" content=\"webman\" class=\"yoast-seo-meta-tag\" \/>\n\t<meta name=\"twitter:label2\" content=\"Tiempo estimado de lectura\" class=\"yoast-seo-meta-tag\" \/>\n\t<meta name=\"twitter:data2\" content=\"1 minuto\" class=\"yoast-seo-meta-tag\" \/>\n<script type=\"application\/ld+json\" class=\"yoast-schema-graph\">{\"@context\":\"https:\/\/schema.org\",\"@graph\":[{\"@type\":\"Article\",\"@id\":\"https:\/\/explora.cl\/maule\/este-21-de-marzo-celebramos-el-dia-de-la-astronomia-en-chile-1\/#article\",\"isPartOf\":{\"@id\":\"https:\/\/explora.cl\/maule\/este-21-de-marzo-celebramos-el-dia-de-la-astronomia-en-chile-1\/\"},\"author\":{\"name\":\"webman\",\"@id\":\"https:\/\/explora.cl\/maule\/#\/schema\/person\/cb8349c13ea2d324080adf8480d7ba5d\"},\"headline\":\"Este 21 de marzo celebramos el &quot;D\u00eda de la Astronom\u00eda en Chile&quot;\",\"datePublished\":\"2015-02-26T20:57:00+00:00\",\"dateModified\":\"2019-05-20T18:18:31+00:00\",\"mainEntityOfPage\":{\"@id\":\"https:\/\/explora.cl\/maule\/este-21-de-marzo-celebramos-el-dia-de-la-astronomia-en-chile-1\/\"},\"wordCount\":250,\"image\":{\"@id\":\"https:\/\/explora.cl\/maule\/este-21-de-marzo-celebramos-el-dia-de-la-astronomia-en-chile-1\/#primaryimage\"},\"thumbnailUrl\":\"\",\"articleSection\":[\"Noticias\"],\"inLanguage\":\"es-CL\"},{\"@type\":\"WebPage\",\"@id\":\"https:\/\/explora.cl\/maule\/este-21-de-marzo-celebramos-el-dia-de-la-astronomia-en-chile-1\/\",\"url\":\"https:\/\/explora.cl\/maule\/este-21-de-marzo-celebramos-el-dia-de-la-astronomia-en-chile-1\/\",\"name\":\"Este 21 de marzo celebramos el &quot;D\u00eda de la Astronom\u00eda en Chile&quot; - Maule\",\"isPartOf\":{\"@id\":\"https:\/\/explora.cl\/maule\/#website\"},\"primaryImageOfPage\":{\"@id\":\"https:\/\/explora.cl\/maule\/este-21-de-marzo-celebramos-el-dia-de-la-astronomia-en-chile-1\/#primaryimage\"},\"image\":{\"@id\":\"https:\/\/explora.cl\/maule\/este-21-de-marzo-celebramos-el-dia-de-la-astronomia-en-chile-1\/#primaryimage\"},\"thumbnailUrl\":\"\",\"datePublished\":\"2015-02-26T20:57:00+00:00\",\"dateModified\":\"2019-05-20T18:18:31+00:00\",\"author\":{\"@id\":\"https:\/\/explora.cl\/maule\/#\/schema\/person\/cb8349c13ea2d324080adf8480d7ba5d\"},\"breadcrumb\":{\"@id\":\"https:\/\/explora.cl\/maule\/este-21-de-marzo-celebramos-el-dia-de-la-astronomia-en-chile-1\/#breadcrumb\"},\"inLanguage\":\"es-CL\",\"potentialAction\":[{\"@type\":\"ReadAction\",\"target\":[\"https:\/\/explora.cl\/maule\/este-21-de-marzo-celebramos-el-dia-de-la-astronomia-en-chile-1\/\"]}]},{\"@type\":\"ImageObject\",\"inLanguage\":\"es-CL\",\"@id\":\"https:\/\/explora.cl\/maule\/este-21-de-marzo-celebramos-el-dia-de-la-astronomia-en-chile-1\/#primaryimage\",\"url\":\"\",\"contentUrl\":\"\"},{\"@type\":\"BreadcrumbList\",\"@id\":\"https:\/\/explora.cl\/maule\/este-21-de-marzo-celebramos-el-dia-de-la-astronomia-en-chile-1\/#breadcrumb\",\"itemListElement\":[{\"@type\":\"ListItem\",\"position\":1,\"name\":\"Portada\",\"item\":\"https:\/\/explora.cl\/maule\/\"},{\"@type\":\"ListItem\",\"position\":2,\"name\":\"Este 21 de marzo celebramos el &quot;D\u00eda de la Astronom\u00eda en Chile&quot;\"}]},{\"@type\":\"WebSite\",\"@id\":\"https:\/\/explora.cl\/maule\/#website\",\"url\":\"https:\/\/explora.cl\/maule\/\",\"name\":\"Maule\",\"description\":\"Otro sitio m\u00e1s de explora.cl\",\"potentialAction\":[{\"@type\":\"SearchAction\",\"target\":{\"@type\":\"EntryPoint\",\"urlTemplate\":\"https:\/\/explora.cl\/maule\/?s={search_term_string}\"},\"query-input\":{\"@type\":\"PropertyValueSpecification\",\"valueRequired\":true,\"valueName\":\"search_term_string\"}}],\"inLanguage\":\"es-CL\"},{\"@type\":\"Person\",\"@id\":\"https:\/\/explora.cl\/maule\/#\/schema\/person\/cb8349c13ea2d324080adf8480d7ba5d\",\"name\":\"webman\",\"image\":{\"@type\":\"ImageObject\",\"inLanguage\":\"es-CL\",\"@id\":\"https:\/\/explora.cl\/maule\/#\/schema\/person\/image\/\",\"url\":\"https:\/\/secure.gravatar.com\/avatar\/eeff3c82f2c02f7177d13663b7e6f890e9a6a0647ce9bb29cae02dcb094c7312?s=96&d=mm&r=g\",\"contentUrl\":\"https:\/\/secure.gravatar.com\/avatar\/eeff3c82f2c02f7177d13663b7e6f890e9a6a0647ce9bb29cae02dcb094c7312?s=96&d=mm&r=g\",\"caption\":\"webman\"},\"url\":\"https:\/\/explora.cl\/maule\/author\/webman\/\"}]}<\/script>\n<!-- \/ Yoast SEO plugin. -->","yoast_head_json":{"title":"Este 21 de marzo celebramos el &quot;D\u00eda de la Astronom\u00eda en Chile&quot; - Maule","robots":{"index":"index","follow":"follow","max-snippet":"max-snippet:-1","max-image-preview":"max-image-preview:large","max-video-preview":"max-video-preview:-1"},"canonical":"https:\/\/explora.cl\/maule\/este-21-de-marzo-celebramos-el-dia-de-la-astronomia-en-chile-1\/","og_locale":"es_ES","og_type":"article","og_title":"Este 21 de marzo celebramos el &quot;D\u00eda de la Astronom\u00eda en Chile&quot; - Maule","og_description":"El Programa EXPLORA CONICYT, Fundaci\u00f3n Planetario y la Sociedad Chilena de Astronom\u00eda (SOCHIAS) invitan a celebrar este 21 de marzo el \u201cD\u00eda de la Astronom\u00eda en Chile\u201d. Las celebraciones comenzar\u00e1n el viernes 20 de marzo con la charla inaugural a cargo de Mar\u00eda Teresa Ruiz, Premio Nacional de Ciencias Exactas\u00a0 y Pierre Cox, Director de [&hellip;]","og_url":"https:\/\/explora.cl\/maule\/este-21-de-marzo-celebramos-el-dia-de-la-astronomia-en-chile-1\/","og_site_name":"Maule","article_published_time":"2015-02-26T20:57:00+00:00","article_modified_time":"2019-05-20T18:18:31+00:00","author":"webman","twitter_card":"summary_large_image","twitter_misc":{"Escrito por":"webman","Tiempo estimado de lectura":"1 minuto"},"schema":{"@context":"https:\/\/schema.org","@graph":[{"@type":"Article","@id":"https:\/\/explora.cl\/maule\/este-21-de-marzo-celebramos-el-dia-de-la-astronomia-en-chile-1\/#article","isPartOf":{"@id":"https:\/\/explora.cl\/maule\/este-21-de-marzo-celebramos-el-dia-de-la-astronomia-en-chile-1\/"},"author":{"name":"webman","@id":"https:\/\/explora.cl\/maule\/#\/schema\/person\/cb8349c13ea2d324080adf8480d7ba5d"},"headline":"Este 21 de marzo celebramos el &quot;D\u00eda de la Astronom\u00eda en Chile&quot;","datePublished":"2015-02-26T20:57:00+00:00","dateModified":"2019-05-20T18:18:31+00:00","mainEntityOfPage":{"@id":"https:\/\/explora.cl\/maule\/este-21-de-marzo-celebramos-el-dia-de-la-astronomia-en-chile-1\/"},"wordCount":250,"image":{"@id":"https:\/\/explora.cl\/maule\/este-21-de-marzo-celebramos-el-dia-de-la-astronomia-en-chile-1\/#primaryimage"},"thumbnailUrl":"","articleSection":["Noticias"],"inLanguage":"es-CL"},{"@type":"WebPage","@id":"https:\/\/explora.cl\/maule\/este-21-de-marzo-celebramos-el-dia-de-la-astronomia-en-chile-1\/","url":"https:\/\/explora.cl\/maule\/este-21-de-marzo-celebramos-el-dia-de-la-astronomia-en-chile-1\/","name":"Este 21 de marzo celebramos el &quot;D\u00eda de la Astronom\u00eda en Chile&quot; - Maule","isPartOf":{"@id":"https:\/\/explora.cl\/maule\/#website"},"primaryImageOfPage":{"@id":"https:\/\/explora.cl\/maule\/este-21-de-marzo-celebramos-el-dia-de-la-astronomia-en-chile-1\/#primaryimage"},"image":{"@id":"https:\/\/explora.cl\/maule\/este-21-de-marzo-celebramos-el-dia-de-la-astronomia-en-chile-1\/#primaryimage"},"thumbnailUrl":"","datePublished":"2015-02-26T20:57:00+00:00","dateModified":"2019-05-20T18:18:31+00:00","author":{"@id":"https:\/\/explora.cl\/maule\/#\/schema\/person\/cb8349c13ea2d324080adf8480d7ba5d"},"breadcrumb":{"@id":"https:\/\/explora.cl\/maule\/este-21-de-marzo-celebramos-el-dia-de-la-astronomia-en-chile-1\/#breadcrumb"},"inLanguage":"es-CL","potentialAction":[{"@type":"ReadAction","target":["https:\/\/explora.cl\/maule\/este-21-de-marzo-celebramos-el-dia-de-la-astronomia-en-chile-1\/"]}]},{"@type":"ImageObject","inLanguage":"es-CL","@id":"https:\/\/explora.cl\/maule\/este-21-de-marzo-celebramos-el-dia-de-la-astronomia-en-chile-1\/#primaryimage","url":"","contentUrl":""},{"@type":"BreadcrumbList","@id":"https:\/\/explora.cl\/maule\/este-21-de-marzo-celebramos-el-dia-de-la-astronomia-en-chile-1\/#breadcrumb","itemListElement":[{"@type":"ListItem","position":1,"name":"Portada","item":"https:\/\/explora.cl\/maule\/"},{"@type":"ListItem","position":2,"name":"Este 21 de marzo celebramos el &quot;D\u00eda de la Astronom\u00eda en Chile&quot;"}]},{"@type":"WebSite","@id":"https:\/\/explora.cl\/maule\/#website","url":"https:\/\/explora.cl\/maule\/","name":"Maule","description":"Otro sitio m\u00e1s de explora.cl","potentialAction":[{"@type":"SearchAction","target":{"@type":"EntryPoint","urlTemplate":"https:\/\/explora.cl\/maule\/?s={search_term_string}"},"query-input":{"@type":"PropertyValueSpecification","valueRequired":true,"valueName":"search_term_string"}}],"inLanguage":"es-CL"},{"@type":"Person","@id":"https:\/\/explora.cl\/maule\/#\/schema\/person\/cb8349c13ea2d324080adf8480d7ba5d","name":"webman","image":{"@type":"ImageObject","inLanguage":"es-CL","@id":"https:\/\/explora.cl\/maule\/#\/schema\/person\/image\/","url":"https:\/\/secure.gravatar.com\/avatar\/eeff3c82f2c02f7177d13663b7e6f890e9a6a0647ce9bb29cae02dcb094c7312?s=96&d=mm&r=g","contentUrl":"https:\/\/secure.gravatar.com\/avatar\/eeff3c82f2c02f7177d13663b7e6f890e9a6a0647ce9bb29cae02dcb094c7312?s=96&d=mm&r=g","caption":"webman"},"url":"https:\/\/explora.cl\/maule\/author\/webman\/"}]}},"_links":{"self":[{"href":"https:\/\/explora.cl\/maule\/wp-json\/wp\/v2\/posts\/643","targetHints":{"allow":["GET"]}}],"collection":[{"href":"https:\/\/explora.cl\/maule\/wp-json\/wp\/v2\/posts"}],"about":[{"href":"https:\/\/explora.cl\/maule\/wp-json\/wp\/v2\/types\/post"}],"author":[{"embeddable":true,"href":"https:\/\/explora.cl\/maule\/wp-json\/wp\/v2\/users\/2"}],"replies":[{"embeddable":true,"href":"https:\/\/explora.cl\/maule\/wp-json\/wp\/v2\/comments?post=643"}],"version-history":[{"count":1,"href":"https:\/\/explora.cl\/maule\/wp-json\/wp\/v2\/posts\/643\/revisions"}],"predecessor-version":[{"id":37876,"href":"https:\/\/explora.cl\/maule\/wp-json\/wp\/v2\/posts\/643\/revisions\/37876"}],"wp:featuredmedia":[{"embeddable":true,"href":"https:\/\/explora.cl\/maule\/wp-json\/"}],"wp:attachment":[{"href":"https:\/\/explora.cl\/maule\/wp-json\/wp\/v2\/media?parent=643"}],"wp:term":[{"taxonomy":"category","embeddable":true,"href":"https:\/\/explora.cl\/maule\/wp-json\/wp\/v2\/categories?post=643"},{"taxonomy":"post_tag","embeddable":true,"href":"https:\/\/explora.cl\/maule\/wp-json\/wp\/v2\/tags?post=643"}],"curies":[{"name":"wp","href":"https:\/\/api.w.org\/{rel}","templated":true}]}}