{"id":627,"date":"2015-03-23T19:37:23","date_gmt":"2015-03-23T19:37:23","guid":{"rendered":"https:\/\/explora.cl\/maule\/blog\/2015\/03\/23\/abierto-periodo-de-reserva-de-exposiciones-graficas-itinerantes-del-par-explora-maule\/"},"modified":"2019-05-20T18:18:29","modified_gmt":"2019-05-20T18:18:29","slug":"abierto-periodo-de-reserva-de-exposiciones-graficas-itinerantes-del-par-explora-maule","status":"publish","type":"post","link":"https:\/\/explora.cl\/maule\/abierto-periodo-de-reserva-de-exposiciones-graficas-itinerantes-del-par-explora-maule\/","title":{"rendered":"Abierto periodo de reserva de exposiciones gr\u00e1ficas itinerantes del PAR EXPLORA Maule"},"content":{"rendered":"<p><img fetchpriority=\"high\" decoding=\"async\" class=\" size-full wp-image-9684\" src=\"http:\/\/ec2-34-218-253-251.us-west-2.compute.amazonaws.com\/wp-content\/uploads\/2015\/03\/a062ebb561990dedd2eb2fcc3814dfb2.jpg\" alt=\"\" width=\"1024\" height=\"765\" \/><\/p>\n<p><em>Reserva tu muestra y ay\u00fadanos a divulgar la ciencia y la tecnolog\u00eda en tu unidad educativa.<\/em><\/p>\n<p>El PAR EXPLORA Maule de la Universidad de Talca pone a disposici\u00f3n de los establecimientos educativos de la Regi\u00f3n del Maule su l\u00ednea de Trabajo: Exposiciones Gr\u00e1ficas Itinerantes.<\/p>\n<p><span style=\"font-size: 12.1600008010864px;line-height: 1.3em\">Se trata de material pedag\u00f3gico en formato de l\u00e1minas fotogr\u00e1ficas de alta resoluci\u00f3n, infograf\u00edas y mapas conceptuales, sobre diversas \u00e1reas del conocimiento, tales como: ciencias biol\u00f3gicas, qu\u00edmicas, f\u00edsicas y ciencias sociales, especialmente dise\u00f1adas para apoyar los procesos de aprendizajes de los estudiantes.<\/span><\/p>\n<p>Para acceder a una muestra gr\u00e1fica, los directivos y\/o docentes de establecimientos educacionales de la Regi\u00f3n deben participar en la RED Territorial Maule Ciencia, instancia que permite la coordinaci\u00f3n de actividades de valoraci\u00f3n y divulgaci\u00f3n de la ciencia.<\/p>\n<p>Los integrantes de la Red Territorial \u201cMaule Ciencia\u201d interesados en contar con una exposici\u00f3n para exhibirlas en su establecimiento, tienen que completar el siguiente formulario:\u00a0<a href=\"http:\/\/goo.gl\/forms\/QAf4shNQxg\">http:\/\/goo.gl\/forms\/QAf4shNQxg<\/a><\/p>\n<p>El pr\u00e9stamo del material gr\u00e1fico ser\u00e1 en las reuniones de Red Territorial. Estas se realizan el primer mi\u00e9rcoles de cada mes en el auditorio del edificio RSU de la Universidad de Talca.<\/p>\n<p><a href=\"http:\/\/issuu.com\/exploraconicytmaule\/docs\/catalogo_exposicones_par_maule__dcb129fffbe9bd\/1\">Descarga el cat\u00e1logo de exposiciones<\/a><\/p>\n","protected":false},"excerpt":{"rendered":"<p>Reserva tu muestra y ay\u00fadanos a divulgar la ciencia y la tecnolog\u00eda en tu unidad educativa. El PAR EXPLORA Maule de la Universidad de Talca pone a disposici\u00f3n de los establecimientos educativos de la Regi\u00f3n del Maule su l\u00ednea de Trabajo: Exposiciones Gr\u00e1ficas Itinerantes. Se trata de material pedag\u00f3gico en formato de l\u00e1minas fotogr\u00e1ficas de [&hellip;]<\/p>\n","protected":false},"author":2,"featured_media":9684,"comment_status":"closed","ping_status":"open","sticky":false,"template":"","format":"standard","meta":{"_acf_changed":false,"_exactmetrics_skip_tracking":false,"_exactmetrics_sitenote_active":false,"_exactmetrics_sitenote_note":"","_exactmetrics_sitenote_category":0,"footnotes":"","_links_to":"","_links_to_target":""},"categories":[4],"tags":[],"class_list":["post-627","post","type-post","status-publish","format-standard","has-post-thumbnail","hentry","category-noticias"],"acf":[],"yoast_head":"<!-- This site is optimized with the Yoast SEO plugin v26.9 - https:\/\/yoast.com\/product\/yoast-seo-wordpress\/ -->\n<title>Abierto periodo de reserva de exposiciones gr\u00e1ficas itinerantes del PAR EXPLORA Maule - Maule<\/title>\n<meta name=\"robots\" content=\"index, follow, max-snippet:-1, max-image-preview:large, max-video-preview:-1\" \/>\n<link rel=\"canonical\" href=\"https:\/\/explora.cl\/maule\/abierto-periodo-de-reserva-de-exposiciones-graficas-itinerantes-del-par-explora-maule\/\" class=\"yoast-seo-meta-tag\" \/>\n<meta property=\"og:locale\" content=\"es_ES\" class=\"yoast-seo-meta-tag\" \/>\n<meta property=\"og:type\" content=\"article\" class=\"yoast-seo-meta-tag\" \/>\n<meta property=\"og:title\" content=\"Abierto periodo de reserva de exposiciones gr\u00e1ficas itinerantes del PAR EXPLORA Maule - Maule\" class=\"yoast-seo-meta-tag\" \/>\n<meta property=\"og:description\" content=\"Reserva tu muestra y ay\u00fadanos a divulgar la ciencia y la tecnolog\u00eda en tu unidad educativa. El PAR EXPLORA Maule de la Universidad de Talca pone a disposici\u00f3n de los establecimientos educativos de la Regi\u00f3n del Maule su l\u00ednea de Trabajo: Exposiciones Gr\u00e1ficas Itinerantes. Se trata de material pedag\u00f3gico en formato de l\u00e1minas fotogr\u00e1ficas de [&hellip;]\" class=\"yoast-seo-meta-tag\" \/>\n<meta property=\"og:url\" content=\"https:\/\/explora.cl\/maule\/abierto-periodo-de-reserva-de-exposiciones-graficas-itinerantes-del-par-explora-maule\/\" class=\"yoast-seo-meta-tag\" \/>\n<meta property=\"og:site_name\" content=\"Maule\" class=\"yoast-seo-meta-tag\" \/>\n<meta property=\"article:published_time\" content=\"2015-03-23T19:37:23+00:00\" class=\"yoast-seo-meta-tag\" \/>\n<meta property=\"article:modified_time\" content=\"2019-05-20T18:18:29+00:00\" class=\"yoast-seo-meta-tag\" \/>\n<meta name=\"author\" content=\"webman\" class=\"yoast-seo-meta-tag\" \/>\n<meta name=\"twitter:card\" content=\"summary_large_image\" class=\"yoast-seo-meta-tag\" \/>\n<meta name=\"twitter:label1\" content=\"Escrito por\" class=\"yoast-seo-meta-tag\" \/>\n\t<meta name=\"twitter:data1\" content=\"webman\" class=\"yoast-seo-meta-tag\" \/>\n\t<meta name=\"twitter:label2\" content=\"Tiempo estimado de lectura\" class=\"yoast-seo-meta-tag\" \/>\n\t<meta name=\"twitter:data2\" content=\"1 minuto\" class=\"yoast-seo-meta-tag\" \/>\n<script type=\"application\/ld+json\" class=\"yoast-schema-graph\">{\"@context\":\"https:\/\/schema.org\",\"@graph\":[{\"@type\":\"Article\",\"@id\":\"https:\/\/explora.cl\/maule\/abierto-periodo-de-reserva-de-exposiciones-graficas-itinerantes-del-par-explora-maule\/#article\",\"isPartOf\":{\"@id\":\"https:\/\/explora.cl\/maule\/abierto-periodo-de-reserva-de-exposiciones-graficas-itinerantes-del-par-explora-maule\/\"},\"author\":{\"name\":\"webman\",\"@id\":\"https:\/\/explora.cl\/maule\/#\/schema\/person\/cb8349c13ea2d324080adf8480d7ba5d\"},\"headline\":\"Abierto periodo de reserva de exposiciones gr\u00e1ficas itinerantes del PAR EXPLORA Maule\",\"datePublished\":\"2015-03-23T19:37:23+00:00\",\"dateModified\":\"2019-05-20T18:18:29+00:00\",\"mainEntityOfPage\":{\"@id\":\"https:\/\/explora.cl\/maule\/abierto-periodo-de-reserva-de-exposiciones-graficas-itinerantes-del-par-explora-maule\/\"},\"wordCount\":231,\"image\":{\"@id\":\"https:\/\/explora.cl\/maule\/abierto-periodo-de-reserva-de-exposiciones-graficas-itinerantes-del-par-explora-maule\/#primaryimage\"},\"thumbnailUrl\":\"\",\"articleSection\":[\"Noticias\"],\"inLanguage\":\"es-CL\"},{\"@type\":\"WebPage\",\"@id\":\"https:\/\/explora.cl\/maule\/abierto-periodo-de-reserva-de-exposiciones-graficas-itinerantes-del-par-explora-maule\/\",\"url\":\"https:\/\/explora.cl\/maule\/abierto-periodo-de-reserva-de-exposiciones-graficas-itinerantes-del-par-explora-maule\/\",\"name\":\"Abierto periodo de reserva de exposiciones gr\u00e1ficas itinerantes del PAR EXPLORA Maule - Maule\",\"isPartOf\":{\"@id\":\"https:\/\/explora.cl\/maule\/#website\"},\"primaryImageOfPage\":{\"@id\":\"https:\/\/explora.cl\/maule\/abierto-periodo-de-reserva-de-exposiciones-graficas-itinerantes-del-par-explora-maule\/#primaryimage\"},\"image\":{\"@id\":\"https:\/\/explora.cl\/maule\/abierto-periodo-de-reserva-de-exposiciones-graficas-itinerantes-del-par-explora-maule\/#primaryimage\"},\"thumbnailUrl\":\"\",\"datePublished\":\"2015-03-23T19:37:23+00:00\",\"dateModified\":\"2019-05-20T18:18:29+00:00\",\"author\":{\"@id\":\"https:\/\/explora.cl\/maule\/#\/schema\/person\/cb8349c13ea2d324080adf8480d7ba5d\"},\"breadcrumb\":{\"@id\":\"https:\/\/explora.cl\/maule\/abierto-periodo-de-reserva-de-exposiciones-graficas-itinerantes-del-par-explora-maule\/#breadcrumb\"},\"inLanguage\":\"es-CL\",\"potentialAction\":[{\"@type\":\"ReadAction\",\"target\":[\"https:\/\/explora.cl\/maule\/abierto-periodo-de-reserva-de-exposiciones-graficas-itinerantes-del-par-explora-maule\/\"]}]},{\"@type\":\"ImageObject\",\"inLanguage\":\"es-CL\",\"@id\":\"https:\/\/explora.cl\/maule\/abierto-periodo-de-reserva-de-exposiciones-graficas-itinerantes-del-par-explora-maule\/#primaryimage\",\"url\":\"\",\"contentUrl\":\"\"},{\"@type\":\"BreadcrumbList\",\"@id\":\"https:\/\/explora.cl\/maule\/abierto-periodo-de-reserva-de-exposiciones-graficas-itinerantes-del-par-explora-maule\/#breadcrumb\",\"itemListElement\":[{\"@type\":\"ListItem\",\"position\":1,\"name\":\"Portada\",\"item\":\"https:\/\/explora.cl\/maule\/\"},{\"@type\":\"ListItem\",\"position\":2,\"name\":\"Abierto periodo de reserva de exposiciones gr\u00e1ficas itinerantes del PAR EXPLORA Maule\"}]},{\"@type\":\"WebSite\",\"@id\":\"https:\/\/explora.cl\/maule\/#website\",\"url\":\"https:\/\/explora.cl\/maule\/\",\"name\":\"Maule\",\"description\":\"Otro sitio m\u00e1s de explora.cl\",\"potentialAction\":[{\"@type\":\"SearchAction\",\"target\":{\"@type\":\"EntryPoint\",\"urlTemplate\":\"https:\/\/explora.cl\/maule\/?s={search_term_string}\"},\"query-input\":{\"@type\":\"PropertyValueSpecification\",\"valueRequired\":true,\"valueName\":\"search_term_string\"}}],\"inLanguage\":\"es-CL\"},{\"@type\":\"Person\",\"@id\":\"https:\/\/explora.cl\/maule\/#\/schema\/person\/cb8349c13ea2d324080adf8480d7ba5d\",\"name\":\"webman\",\"image\":{\"@type\":\"ImageObject\",\"inLanguage\":\"es-CL\",\"@id\":\"https:\/\/explora.cl\/maule\/#\/schema\/person\/image\/\",\"url\":\"https:\/\/secure.gravatar.com\/avatar\/eeff3c82f2c02f7177d13663b7e6f890e9a6a0647ce9bb29cae02dcb094c7312?s=96&d=mm&r=g\",\"contentUrl\":\"https:\/\/secure.gravatar.com\/avatar\/eeff3c82f2c02f7177d13663b7e6f890e9a6a0647ce9bb29cae02dcb094c7312?s=96&d=mm&r=g\",\"caption\":\"webman\"},\"url\":\"https:\/\/explora.cl\/maule\/author\/webman\/\"}]}<\/script>\n<!-- \/ Yoast SEO plugin. -->","yoast_head_json":{"title":"Abierto periodo de reserva de exposiciones gr\u00e1ficas itinerantes del PAR EXPLORA Maule - Maule","robots":{"index":"index","follow":"follow","max-snippet":"max-snippet:-1","max-image-preview":"max-image-preview:large","max-video-preview":"max-video-preview:-1"},"canonical":"https:\/\/explora.cl\/maule\/abierto-periodo-de-reserva-de-exposiciones-graficas-itinerantes-del-par-explora-maule\/","og_locale":"es_ES","og_type":"article","og_title":"Abierto periodo de reserva de exposiciones gr\u00e1ficas itinerantes del PAR EXPLORA Maule - Maule","og_description":"Reserva tu muestra y ay\u00fadanos a divulgar la ciencia y la tecnolog\u00eda en tu unidad educativa. El PAR EXPLORA Maule de la Universidad de Talca pone a disposici\u00f3n de los establecimientos educativos de la Regi\u00f3n del Maule su l\u00ednea de Trabajo: Exposiciones Gr\u00e1ficas Itinerantes. Se trata de material pedag\u00f3gico en formato de l\u00e1minas fotogr\u00e1ficas de [&hellip;]","og_url":"https:\/\/explora.cl\/maule\/abierto-periodo-de-reserva-de-exposiciones-graficas-itinerantes-del-par-explora-maule\/","og_site_name":"Maule","article_published_time":"2015-03-23T19:37:23+00:00","article_modified_time":"2019-05-20T18:18:29+00:00","author":"webman","twitter_card":"summary_large_image","twitter_misc":{"Escrito por":"webman","Tiempo estimado de lectura":"1 minuto"},"schema":{"@context":"https:\/\/schema.org","@graph":[{"@type":"Article","@id":"https:\/\/explora.cl\/maule\/abierto-periodo-de-reserva-de-exposiciones-graficas-itinerantes-del-par-explora-maule\/#article","isPartOf":{"@id":"https:\/\/explora.cl\/maule\/abierto-periodo-de-reserva-de-exposiciones-graficas-itinerantes-del-par-explora-maule\/"},"author":{"name":"webman","@id":"https:\/\/explora.cl\/maule\/#\/schema\/person\/cb8349c13ea2d324080adf8480d7ba5d"},"headline":"Abierto periodo de reserva de exposiciones gr\u00e1ficas itinerantes del PAR EXPLORA Maule","datePublished":"2015-03-23T19:37:23+00:00","dateModified":"2019-05-20T18:18:29+00:00","mainEntityOfPage":{"@id":"https:\/\/explora.cl\/maule\/abierto-periodo-de-reserva-de-exposiciones-graficas-itinerantes-del-par-explora-maule\/"},"wordCount":231,"image":{"@id":"https:\/\/explora.cl\/maule\/abierto-periodo-de-reserva-de-exposiciones-graficas-itinerantes-del-par-explora-maule\/#primaryimage"},"thumbnailUrl":"","articleSection":["Noticias"],"inLanguage":"es-CL"},{"@type":"WebPage","@id":"https:\/\/explora.cl\/maule\/abierto-periodo-de-reserva-de-exposiciones-graficas-itinerantes-del-par-explora-maule\/","url":"https:\/\/explora.cl\/maule\/abierto-periodo-de-reserva-de-exposiciones-graficas-itinerantes-del-par-explora-maule\/","name":"Abierto periodo de reserva de exposiciones gr\u00e1ficas itinerantes del PAR EXPLORA Maule - Maule","isPartOf":{"@id":"https:\/\/explora.cl\/maule\/#website"},"primaryImageOfPage":{"@id":"https:\/\/explora.cl\/maule\/abierto-periodo-de-reserva-de-exposiciones-graficas-itinerantes-del-par-explora-maule\/#primaryimage"},"image":{"@id":"https:\/\/explora.cl\/maule\/abierto-periodo-de-reserva-de-exposiciones-graficas-itinerantes-del-par-explora-maule\/#primaryimage"},"thumbnailUrl":"","datePublished":"2015-03-23T19:37:23+00:00","dateModified":"2019-05-20T18:18:29+00:00","author":{"@id":"https:\/\/explora.cl\/maule\/#\/schema\/person\/cb8349c13ea2d324080adf8480d7ba5d"},"breadcrumb":{"@id":"https:\/\/explora.cl\/maule\/abierto-periodo-de-reserva-de-exposiciones-graficas-itinerantes-del-par-explora-maule\/#breadcrumb"},"inLanguage":"es-CL","potentialAction":[{"@type":"ReadAction","target":["https:\/\/explora.cl\/maule\/abierto-periodo-de-reserva-de-exposiciones-graficas-itinerantes-del-par-explora-maule\/"]}]},{"@type":"ImageObject","inLanguage":"es-CL","@id":"https:\/\/explora.cl\/maule\/abierto-periodo-de-reserva-de-exposiciones-graficas-itinerantes-del-par-explora-maule\/#primaryimage","url":"","contentUrl":""},{"@type":"BreadcrumbList","@id":"https:\/\/explora.cl\/maule\/abierto-periodo-de-reserva-de-exposiciones-graficas-itinerantes-del-par-explora-maule\/#breadcrumb","itemListElement":[{"@type":"ListItem","position":1,"name":"Portada","item":"https:\/\/explora.cl\/maule\/"},{"@type":"ListItem","position":2,"name":"Abierto periodo de reserva de exposiciones gr\u00e1ficas itinerantes del PAR EXPLORA Maule"}]},{"@type":"WebSite","@id":"https:\/\/explora.cl\/maule\/#website","url":"https:\/\/explora.cl\/maule\/","name":"Maule","description":"Otro sitio m\u00e1s de explora.cl","potentialAction":[{"@type":"SearchAction","target":{"@type":"EntryPoint","urlTemplate":"https:\/\/explora.cl\/maule\/?s={search_term_string}"},"query-input":{"@type":"PropertyValueSpecification","valueRequired":true,"valueName":"search_term_string"}}],"inLanguage":"es-CL"},{"@type":"Person","@id":"https:\/\/explora.cl\/maule\/#\/schema\/person\/cb8349c13ea2d324080adf8480d7ba5d","name":"webman","image":{"@type":"ImageObject","inLanguage":"es-CL","@id":"https:\/\/explora.cl\/maule\/#\/schema\/person\/image\/","url":"https:\/\/secure.gravatar.com\/avatar\/eeff3c82f2c02f7177d13663b7e6f890e9a6a0647ce9bb29cae02dcb094c7312?s=96&d=mm&r=g","contentUrl":"https:\/\/secure.gravatar.com\/avatar\/eeff3c82f2c02f7177d13663b7e6f890e9a6a0647ce9bb29cae02dcb094c7312?s=96&d=mm&r=g","caption":"webman"},"url":"https:\/\/explora.cl\/maule\/author\/webman\/"}]}},"_links":{"self":[{"href":"https:\/\/explora.cl\/maule\/wp-json\/wp\/v2\/posts\/627","targetHints":{"allow":["GET"]}}],"collection":[{"href":"https:\/\/explora.cl\/maule\/wp-json\/wp\/v2\/posts"}],"about":[{"href":"https:\/\/explora.cl\/maule\/wp-json\/wp\/v2\/types\/post"}],"author":[{"embeddable":true,"href":"https:\/\/explora.cl\/maule\/wp-json\/wp\/v2\/users\/2"}],"replies":[{"embeddable":true,"href":"https:\/\/explora.cl\/maule\/wp-json\/wp\/v2\/comments?post=627"}],"version-history":[{"count":1,"href":"https:\/\/explora.cl\/maule\/wp-json\/wp\/v2\/posts\/627\/revisions"}],"predecessor-version":[{"id":37868,"href":"https:\/\/explora.cl\/maule\/wp-json\/wp\/v2\/posts\/627\/revisions\/37868"}],"wp:featuredmedia":[{"embeddable":true,"href":"https:\/\/explora.cl\/maule\/wp-json\/"}],"wp:attachment":[{"href":"https:\/\/explora.cl\/maule\/wp-json\/wp\/v2\/media?parent=627"}],"wp:term":[{"taxonomy":"category","embeddable":true,"href":"https:\/\/explora.cl\/maule\/wp-json\/wp\/v2\/categories?post=627"},{"taxonomy":"post_tag","embeddable":true,"href":"https:\/\/explora.cl\/maule\/wp-json\/wp\/v2\/tags?post=627"}],"curies":[{"name":"wp","href":"https:\/\/api.w.org\/{rel}","templated":true}]}}