{"id":623,"date":"2015-03-30T20:41:01","date_gmt":"2015-03-30T20:41:01","guid":{"rendered":"https:\/\/explora.cl\/maule\/blog\/2015\/03\/30\/la-vega-de-la-ciencia-se-tomo-la-plaza-las-heras-de-talca\/"},"modified":"2019-05-20T18:18:29","modified_gmt":"2019-05-20T18:18:29","slug":"la-vega-de-la-ciencia-se-tomo-la-plaza-las-heras-de-talca","status":"publish","type":"post","link":"https:\/\/explora.cl\/maule\/la-vega-de-la-ciencia-se-tomo-la-plaza-las-heras-de-talca\/","title":{"rendered":"La Vega de la Ciencia se tom\u00f3 la Plaza Las Heras de Talca"},"content":{"rendered":"<p><img fetchpriority=\"high\" decoding=\"async\" class=\" size-full wp-image-9852\" src=\"http:\/\/ec2-34-218-253-251.us-west-2.compute.amazonaws.com\/wp-content\/uploads\/2015\/03\/606e6e3630221a2696f7cb8552514a37.jpg\" alt=\"\" width=\"842\" height=\"561\" \/><\/p>\n<p>La intervenci\u00f3n urbana que se inspir\u00f3 en las ferias libres del Maule, congreg\u00f3 a una entusiasta audiencia en la popular plaza talquina.<\/p>\n<p>Luego de presentarse en diversas comunas del sector costero del maule durante las vacaciones de verano, la Intervenci\u00f3n urbana \u201cLa Vega de la Ciencia\u201d, lleg\u00f3 el domingo 29 de marzo a Talca. La actividad se desarroll\u00f3 durante la sexta Feria de Autogesti\u00f3n, organizada por la editorial independiente Evolet.<\/p>\n<p>En la ocasi\u00f3n Mis\u00eda Curie, El Tata Albert, Madame Lovelace y el Che Newton, ense\u00f1aron experiencias cient\u00edficas en base a elementos cotidianos, que asombraron a los cientos de asistentes que llegaron hasta la Plaza Las Heras de Talca.<\/p>\n<p>En la Vega de la Ciencia, adem\u00e1s se present\u00f3 el game center del videojuego \u201cProtectores de la Ciencia\u201d. Familias completas jugaron y aprendieron ciencias con la trilog\u00eda de juegos, protagonizados por Tesla, Kepler y el malvado Flojer\u00f3n.<\/p>\n<p>El videojuego \u201cProtectores de la Ciencia\u201d fue uno de los proyectos ganadores del XVIII Concurso EXPLORA CONICYT de Proyectos de Valoraci\u00f3n y Divulgaci\u00f3n de la Ciencia, Tecnolog\u00eda e Innovaci\u00f3n 2014.<\/p>\n<p>La Feria de Autogesti\u00f3n es una instancia ciudadana que re\u00fane a m\u00faltiples expositores, que muestran sus productos y espect\u00e1culos art\u00edsticos al p\u00fablico que visita el evento. La sexta versi\u00f3n tuvo como mensaje la igualdad de genero. En este sentido, el PAR EXPLORA Maule, present\u00f3 la exposici\u00f3n gr\u00e1fica \u201cVida y obra de Marie Curie\u201d.<\/p>\n<p>La Gran Vega de La Ciencia<\/p>\n<p>El producto \u201cEstrella\u201d del PAR EXPLORA Maule, La Vega de la Ciencia, es una intervenci\u00f3n urbana compuesta por cuatro acciones de divulgaci\u00f3n de las ciencias que buscan llegar al p\u00fablico masivo: La obra teatral \u201cLa Gran Vega de La Ciencia\u201d, el gamecenter \u201cProtectores de la Ciencia\u201d, la exposici\u00f3n gr\u00e1fica de entomolog\u00eda EXPLORA BICHOS y el twitter an\u00e1logo \u201c140 Caracteres con Ciencia\u201d.<\/p>\n<p>El espect\u00e1culo \u201cLa Gran Vega de la Ciencia\u201d fue dise\u00f1ado por la actriz maulina Beatriz Doizi. La est\u00e9tica del evento se bas\u00f3 en las ferias libres de las comunas de la Regi\u00f3n, espec\u00edficamente en la de Cauquenes. La obra relata el trabajo de un grupo de feriantes populares, inspirados en cient\u00edficos destacados (Einstein, Newton, Lovelace, Curie), que desde sus laboratorios ambulantes o puestos de feria (La Pic\u00e1 de Misi\u00e1 Curie, La Manzana de Newton, etc), ense\u00f1an al p\u00fablico a realizar experimentos con elementos de f\u00e1cil acceso en el hogar.<\/p>\n<p>La Vega de la Ciencia se present\u00f3 con \u00e9xito en el Verano 2015 en diversos espacios como la Feria del Queso de Chanco, las plazas de armas de Constituci\u00f3n y Pelluhue, y finalmente en la Plaza Las Heras de Talca.<\/p>\n<p>La intervenci\u00f3n urbana utiliza como m\u00e1xima el concepto de \u201cCiencia de contrabando\u201d, del bi\u00f3logo argentino Diego Golombek. Esta trata de buscar contextos y lenguajes no tradicionales para divulgar la ciencia, con la finalidad de fomentar el pensamiento cr\u00edtico y despertar vocaciones cient\u00edficas.<\/p>\n<p>El espect\u00e1culo \u201cLa Vega de la Ciencia\u201d del PAR EXPLORA Maule, entra en receso durante algunos meses para presentarse nuevamente desde octubre en distintas plazas y fiestas populares de la Regi\u00f3n del Maule.<\/p>\n<p>\u00a0<\/p>\n<p>\u00a0<\/p>\n<p>\u00a0<\/p>\n<p>\u00a0<\/p>\n<p>\u00a0<\/p>\n<p>\u00a0<\/p>\n","protected":false},"excerpt":{"rendered":"<p>La intervenci\u00f3n urbana que se inspir\u00f3 en las ferias libres del Maule, congreg\u00f3 a una entusiasta audiencia en la popular plaza talquina. Luego de presentarse en diversas comunas del sector costero del maule durante las vacaciones de verano, la Intervenci\u00f3n urbana \u201cLa Vega de la Ciencia\u201d, lleg\u00f3 el domingo 29 de marzo a Talca. La [&hellip;]<\/p>\n","protected":false},"author":2,"featured_media":9852,"comment_status":"closed","ping_status":"open","sticky":false,"template":"","format":"standard","meta":{"_acf_changed":false,"_exactmetrics_skip_tracking":false,"_exactmetrics_sitenote_active":false,"_exactmetrics_sitenote_note":"","_exactmetrics_sitenote_category":0,"footnotes":"","_links_to":"","_links_to_target":""},"categories":[4],"tags":[],"class_list":["post-623","post","type-post","status-publish","format-standard","has-post-thumbnail","hentry","category-noticias"],"acf":[],"yoast_head":"<!-- This site is optimized with the Yoast SEO plugin v26.9 - https:\/\/yoast.com\/product\/yoast-seo-wordpress\/ -->\n<title>La Vega de la Ciencia se tom\u00f3 la Plaza Las Heras de Talca - Maule<\/title>\n<meta name=\"robots\" content=\"index, follow, max-snippet:-1, max-image-preview:large, max-video-preview:-1\" \/>\n<link rel=\"canonical\" href=\"https:\/\/explora.cl\/maule\/la-vega-de-la-ciencia-se-tomo-la-plaza-las-heras-de-talca\/\" class=\"yoast-seo-meta-tag\" \/>\n<meta property=\"og:locale\" content=\"es_ES\" class=\"yoast-seo-meta-tag\" \/>\n<meta property=\"og:type\" content=\"article\" class=\"yoast-seo-meta-tag\" \/>\n<meta property=\"og:title\" content=\"La Vega de la Ciencia se tom\u00f3 la Plaza Las Heras de Talca - Maule\" class=\"yoast-seo-meta-tag\" \/>\n<meta property=\"og:description\" content=\"La intervenci\u00f3n urbana que se inspir\u00f3 en las ferias libres del Maule, congreg\u00f3 a una entusiasta audiencia en la popular plaza talquina. Luego de presentarse en diversas comunas del sector costero del maule durante las vacaciones de verano, la Intervenci\u00f3n urbana \u201cLa Vega de la Ciencia\u201d, lleg\u00f3 el domingo 29 de marzo a Talca. La [&hellip;]\" class=\"yoast-seo-meta-tag\" \/>\n<meta property=\"og:url\" content=\"https:\/\/explora.cl\/maule\/la-vega-de-la-ciencia-se-tomo-la-plaza-las-heras-de-talca\/\" class=\"yoast-seo-meta-tag\" \/>\n<meta property=\"og:site_name\" content=\"Maule\" class=\"yoast-seo-meta-tag\" \/>\n<meta property=\"article:published_time\" content=\"2015-03-30T20:41:01+00:00\" class=\"yoast-seo-meta-tag\" \/>\n<meta property=\"article:modified_time\" content=\"2019-05-20T18:18:29+00:00\" class=\"yoast-seo-meta-tag\" \/>\n<meta name=\"author\" content=\"webman\" class=\"yoast-seo-meta-tag\" \/>\n<meta name=\"twitter:card\" content=\"summary_large_image\" class=\"yoast-seo-meta-tag\" \/>\n<meta name=\"twitter:label1\" content=\"Escrito por\" class=\"yoast-seo-meta-tag\" \/>\n\t<meta name=\"twitter:data1\" content=\"webman\" class=\"yoast-seo-meta-tag\" \/>\n\t<meta name=\"twitter:label2\" content=\"Tiempo estimado de lectura\" class=\"yoast-seo-meta-tag\" \/>\n\t<meta name=\"twitter:data2\" content=\"3 minutos\" class=\"yoast-seo-meta-tag\" \/>\n<script type=\"application\/ld+json\" class=\"yoast-schema-graph\">{\"@context\":\"https:\/\/schema.org\",\"@graph\":[{\"@type\":\"Article\",\"@id\":\"https:\/\/explora.cl\/maule\/la-vega-de-la-ciencia-se-tomo-la-plaza-las-heras-de-talca\/#article\",\"isPartOf\":{\"@id\":\"https:\/\/explora.cl\/maule\/la-vega-de-la-ciencia-se-tomo-la-plaza-las-heras-de-talca\/\"},\"author\":{\"name\":\"webman\",\"@id\":\"https:\/\/explora.cl\/maule\/#\/schema\/person\/cb8349c13ea2d324080adf8480d7ba5d\"},\"headline\":\"La Vega de la Ciencia se tom\u00f3 la Plaza Las Heras de Talca\",\"datePublished\":\"2015-03-30T20:41:01+00:00\",\"dateModified\":\"2019-05-20T18:18:29+00:00\",\"mainEntityOfPage\":{\"@id\":\"https:\/\/explora.cl\/maule\/la-vega-de-la-ciencia-se-tomo-la-plaza-las-heras-de-talca\/\"},\"wordCount\":555,\"image\":{\"@id\":\"https:\/\/explora.cl\/maule\/la-vega-de-la-ciencia-se-tomo-la-plaza-las-heras-de-talca\/#primaryimage\"},\"thumbnailUrl\":\"\",\"articleSection\":[\"Noticias\"],\"inLanguage\":\"es-CL\"},{\"@type\":\"WebPage\",\"@id\":\"https:\/\/explora.cl\/maule\/la-vega-de-la-ciencia-se-tomo-la-plaza-las-heras-de-talca\/\",\"url\":\"https:\/\/explora.cl\/maule\/la-vega-de-la-ciencia-se-tomo-la-plaza-las-heras-de-talca\/\",\"name\":\"La Vega de la Ciencia se tom\u00f3 la Plaza Las Heras de Talca - Maule\",\"isPartOf\":{\"@id\":\"https:\/\/explora.cl\/maule\/#website\"},\"primaryImageOfPage\":{\"@id\":\"https:\/\/explora.cl\/maule\/la-vega-de-la-ciencia-se-tomo-la-plaza-las-heras-de-talca\/#primaryimage\"},\"image\":{\"@id\":\"https:\/\/explora.cl\/maule\/la-vega-de-la-ciencia-se-tomo-la-plaza-las-heras-de-talca\/#primaryimage\"},\"thumbnailUrl\":\"\",\"datePublished\":\"2015-03-30T20:41:01+00:00\",\"dateModified\":\"2019-05-20T18:18:29+00:00\",\"author\":{\"@id\":\"https:\/\/explora.cl\/maule\/#\/schema\/person\/cb8349c13ea2d324080adf8480d7ba5d\"},\"breadcrumb\":{\"@id\":\"https:\/\/explora.cl\/maule\/la-vega-de-la-ciencia-se-tomo-la-plaza-las-heras-de-talca\/#breadcrumb\"},\"inLanguage\":\"es-CL\",\"potentialAction\":[{\"@type\":\"ReadAction\",\"target\":[\"https:\/\/explora.cl\/maule\/la-vega-de-la-ciencia-se-tomo-la-plaza-las-heras-de-talca\/\"]}]},{\"@type\":\"ImageObject\",\"inLanguage\":\"es-CL\",\"@id\":\"https:\/\/explora.cl\/maule\/la-vega-de-la-ciencia-se-tomo-la-plaza-las-heras-de-talca\/#primaryimage\",\"url\":\"\",\"contentUrl\":\"\"},{\"@type\":\"BreadcrumbList\",\"@id\":\"https:\/\/explora.cl\/maule\/la-vega-de-la-ciencia-se-tomo-la-plaza-las-heras-de-talca\/#breadcrumb\",\"itemListElement\":[{\"@type\":\"ListItem\",\"position\":1,\"name\":\"Portada\",\"item\":\"https:\/\/explora.cl\/maule\/\"},{\"@type\":\"ListItem\",\"position\":2,\"name\":\"La Vega de la Ciencia se tom\u00f3 la Plaza Las Heras de Talca\"}]},{\"@type\":\"WebSite\",\"@id\":\"https:\/\/explora.cl\/maule\/#website\",\"url\":\"https:\/\/explora.cl\/maule\/\",\"name\":\"Maule\",\"description\":\"Otro sitio m\u00e1s de explora.cl\",\"potentialAction\":[{\"@type\":\"SearchAction\",\"target\":{\"@type\":\"EntryPoint\",\"urlTemplate\":\"https:\/\/explora.cl\/maule\/?s={search_term_string}\"},\"query-input\":{\"@type\":\"PropertyValueSpecification\",\"valueRequired\":true,\"valueName\":\"search_term_string\"}}],\"inLanguage\":\"es-CL\"},{\"@type\":\"Person\",\"@id\":\"https:\/\/explora.cl\/maule\/#\/schema\/person\/cb8349c13ea2d324080adf8480d7ba5d\",\"name\":\"webman\",\"image\":{\"@type\":\"ImageObject\",\"inLanguage\":\"es-CL\",\"@id\":\"https:\/\/explora.cl\/maule\/#\/schema\/person\/image\/\",\"url\":\"https:\/\/secure.gravatar.com\/avatar\/eeff3c82f2c02f7177d13663b7e6f890e9a6a0647ce9bb29cae02dcb094c7312?s=96&d=mm&r=g\",\"contentUrl\":\"https:\/\/secure.gravatar.com\/avatar\/eeff3c82f2c02f7177d13663b7e6f890e9a6a0647ce9bb29cae02dcb094c7312?s=96&d=mm&r=g\",\"caption\":\"webman\"},\"url\":\"https:\/\/explora.cl\/maule\/author\/webman\/\"}]}<\/script>\n<!-- \/ Yoast SEO plugin. -->","yoast_head_json":{"title":"La Vega de la Ciencia se tom\u00f3 la Plaza Las Heras de Talca - Maule","robots":{"index":"index","follow":"follow","max-snippet":"max-snippet:-1","max-image-preview":"max-image-preview:large","max-video-preview":"max-video-preview:-1"},"canonical":"https:\/\/explora.cl\/maule\/la-vega-de-la-ciencia-se-tomo-la-plaza-las-heras-de-talca\/","og_locale":"es_ES","og_type":"article","og_title":"La Vega de la Ciencia se tom\u00f3 la Plaza Las Heras de Talca - Maule","og_description":"La intervenci\u00f3n urbana que se inspir\u00f3 en las ferias libres del Maule, congreg\u00f3 a una entusiasta audiencia en la popular plaza talquina. Luego de presentarse en diversas comunas del sector costero del maule durante las vacaciones de verano, la Intervenci\u00f3n urbana \u201cLa Vega de la Ciencia\u201d, lleg\u00f3 el domingo 29 de marzo a Talca. La [&hellip;]","og_url":"https:\/\/explora.cl\/maule\/la-vega-de-la-ciencia-se-tomo-la-plaza-las-heras-de-talca\/","og_site_name":"Maule","article_published_time":"2015-03-30T20:41:01+00:00","article_modified_time":"2019-05-20T18:18:29+00:00","author":"webman","twitter_card":"summary_large_image","twitter_misc":{"Escrito por":"webman","Tiempo estimado de lectura":"3 minutos"},"schema":{"@context":"https:\/\/schema.org","@graph":[{"@type":"Article","@id":"https:\/\/explora.cl\/maule\/la-vega-de-la-ciencia-se-tomo-la-plaza-las-heras-de-talca\/#article","isPartOf":{"@id":"https:\/\/explora.cl\/maule\/la-vega-de-la-ciencia-se-tomo-la-plaza-las-heras-de-talca\/"},"author":{"name":"webman","@id":"https:\/\/explora.cl\/maule\/#\/schema\/person\/cb8349c13ea2d324080adf8480d7ba5d"},"headline":"La Vega de la Ciencia se tom\u00f3 la Plaza Las Heras de Talca","datePublished":"2015-03-30T20:41:01+00:00","dateModified":"2019-05-20T18:18:29+00:00","mainEntityOfPage":{"@id":"https:\/\/explora.cl\/maule\/la-vega-de-la-ciencia-se-tomo-la-plaza-las-heras-de-talca\/"},"wordCount":555,"image":{"@id":"https:\/\/explora.cl\/maule\/la-vega-de-la-ciencia-se-tomo-la-plaza-las-heras-de-talca\/#primaryimage"},"thumbnailUrl":"","articleSection":["Noticias"],"inLanguage":"es-CL"},{"@type":"WebPage","@id":"https:\/\/explora.cl\/maule\/la-vega-de-la-ciencia-se-tomo-la-plaza-las-heras-de-talca\/","url":"https:\/\/explora.cl\/maule\/la-vega-de-la-ciencia-se-tomo-la-plaza-las-heras-de-talca\/","name":"La Vega de la Ciencia se tom\u00f3 la Plaza Las Heras de Talca - Maule","isPartOf":{"@id":"https:\/\/explora.cl\/maule\/#website"},"primaryImageOfPage":{"@id":"https:\/\/explora.cl\/maule\/la-vega-de-la-ciencia-se-tomo-la-plaza-las-heras-de-talca\/#primaryimage"},"image":{"@id":"https:\/\/explora.cl\/maule\/la-vega-de-la-ciencia-se-tomo-la-plaza-las-heras-de-talca\/#primaryimage"},"thumbnailUrl":"","datePublished":"2015-03-30T20:41:01+00:00","dateModified":"2019-05-20T18:18:29+00:00","author":{"@id":"https:\/\/explora.cl\/maule\/#\/schema\/person\/cb8349c13ea2d324080adf8480d7ba5d"},"breadcrumb":{"@id":"https:\/\/explora.cl\/maule\/la-vega-de-la-ciencia-se-tomo-la-plaza-las-heras-de-talca\/#breadcrumb"},"inLanguage":"es-CL","potentialAction":[{"@type":"ReadAction","target":["https:\/\/explora.cl\/maule\/la-vega-de-la-ciencia-se-tomo-la-plaza-las-heras-de-talca\/"]}]},{"@type":"ImageObject","inLanguage":"es-CL","@id":"https:\/\/explora.cl\/maule\/la-vega-de-la-ciencia-se-tomo-la-plaza-las-heras-de-talca\/#primaryimage","url":"","contentUrl":""},{"@type":"BreadcrumbList","@id":"https:\/\/explora.cl\/maule\/la-vega-de-la-ciencia-se-tomo-la-plaza-las-heras-de-talca\/#breadcrumb","itemListElement":[{"@type":"ListItem","position":1,"name":"Portada","item":"https:\/\/explora.cl\/maule\/"},{"@type":"ListItem","position":2,"name":"La Vega de la Ciencia se tom\u00f3 la Plaza Las Heras de Talca"}]},{"@type":"WebSite","@id":"https:\/\/explora.cl\/maule\/#website","url":"https:\/\/explora.cl\/maule\/","name":"Maule","description":"Otro sitio m\u00e1s de explora.cl","potentialAction":[{"@type":"SearchAction","target":{"@type":"EntryPoint","urlTemplate":"https:\/\/explora.cl\/maule\/?s={search_term_string}"},"query-input":{"@type":"PropertyValueSpecification","valueRequired":true,"valueName":"search_term_string"}}],"inLanguage":"es-CL"},{"@type":"Person","@id":"https:\/\/explora.cl\/maule\/#\/schema\/person\/cb8349c13ea2d324080adf8480d7ba5d","name":"webman","image":{"@type":"ImageObject","inLanguage":"es-CL","@id":"https:\/\/explora.cl\/maule\/#\/schema\/person\/image\/","url":"https:\/\/secure.gravatar.com\/avatar\/eeff3c82f2c02f7177d13663b7e6f890e9a6a0647ce9bb29cae02dcb094c7312?s=96&d=mm&r=g","contentUrl":"https:\/\/secure.gravatar.com\/avatar\/eeff3c82f2c02f7177d13663b7e6f890e9a6a0647ce9bb29cae02dcb094c7312?s=96&d=mm&r=g","caption":"webman"},"url":"https:\/\/explora.cl\/maule\/author\/webman\/"}]}},"_links":{"self":[{"href":"https:\/\/explora.cl\/maule\/wp-json\/wp\/v2\/posts\/623","targetHints":{"allow":["GET"]}}],"collection":[{"href":"https:\/\/explora.cl\/maule\/wp-json\/wp\/v2\/posts"}],"about":[{"href":"https:\/\/explora.cl\/maule\/wp-json\/wp\/v2\/types\/post"}],"author":[{"embeddable":true,"href":"https:\/\/explora.cl\/maule\/wp-json\/wp\/v2\/users\/2"}],"replies":[{"embeddable":true,"href":"https:\/\/explora.cl\/maule\/wp-json\/wp\/v2\/comments?post=623"}],"version-history":[{"count":1,"href":"https:\/\/explora.cl\/maule\/wp-json\/wp\/v2\/posts\/623\/revisions"}],"predecessor-version":[{"id":37866,"href":"https:\/\/explora.cl\/maule\/wp-json\/wp\/v2\/posts\/623\/revisions\/37866"}],"wp:featuredmedia":[{"embeddable":true,"href":"https:\/\/explora.cl\/maule\/wp-json\/"}],"wp:attachment":[{"href":"https:\/\/explora.cl\/maule\/wp-json\/wp\/v2\/media?parent=623"}],"wp:term":[{"taxonomy":"category","embeddable":true,"href":"https:\/\/explora.cl\/maule\/wp-json\/wp\/v2\/categories?post=623"},{"taxonomy":"post_tag","embeddable":true,"href":"https:\/\/explora.cl\/maule\/wp-json\/wp\/v2\/tags?post=623"}],"curies":[{"name":"wp","href":"https:\/\/api.w.org\/{rel}","templated":true}]}}