{"id":613,"date":"2015-04-02T20:35:52","date_gmt":"2015-04-02T20:35:52","guid":{"rendered":"https:\/\/explora.cl\/maule\/blog\/2015\/04\/02\/profesores-del-maule-participan-en-segunda-reunion-de-red-territorial-maule-ciencia\/"},"modified":"2019-05-20T18:18:27","modified_gmt":"2019-05-20T18:18:27","slug":"profesores-del-maule-participan-en-segunda-reunion-de-red-territorial-maule-ciencia","status":"publish","type":"post","link":"https:\/\/explora.cl\/maule\/profesores-del-maule-participan-en-segunda-reunion-de-red-territorial-maule-ciencia\/","title":{"rendered":"Profesores participan en segunda reuni\u00f3n de Red Territorial Maule Ciencia"},"content":{"rendered":"<p><img fetchpriority=\"high\" decoding=\"async\" class=\" size-full wp-image-9965\" src=\"http:\/\/ec2-34-218-253-251.us-west-2.compute.amazonaws.com\/wp-content\/uploads\/2015\/04\/12982409b78ba03b43979952f41e9630.jpg\" alt=\"\" width=\"1002\" height=\"563\" \/><\/p>\n<p><em>La plataforma de coordinaci\u00f3n y co creaci\u00f3n de acciones de valoraci\u00f3n y divulgaci\u00f3n de la ciencia y la tecnolog\u00eda del PAR EXPLORA Maule, sum\u00f3 al Departamento de Educaci\u00f3n de Pelluhue en la tarea de crear una cultura cientifica en la Regi\u00f3n.<\/em><\/p>\n<p>Una nueva sesi\u00f3n de la Red Maule Ciencia, se llev\u00f3 a cabo ayer mi\u00e9rcoles 1 de abril en el auditorio RSU de la Universidad de Talca. La Reuni\u00f3n congreg\u00f3 a directivos DAEM y docentes de las 4 provincias de la Regi\u00f3n, quienes coordinaron junto al equipo EXPLORA Maule, las acciones de ciencia y tecnolog\u00eda a realizar durante abril en el maule.<\/p>\n<p>Una de las lineas de trabajo que se present\u00f3, fue el circuito ferias cient\u00edficas escolares:Maule Labs. Esta actividad, apoya las muestras y ferias cient\u00edficas escolares que se realizan en la Regi\u00f3n. Los \u201cMaule Labs\u201d, son fundamentales en el accionar del \u00e1rea de valoraci\u00f3n del PAR EXPLORA Maule, puesto que a trav\u00e9s de su desarrollo se fomenta la investigaci\u00f3n cient\u00edfica en escolares de la Regi\u00f3n.<\/p>\n<p>Asimismo, se puso a disposici\u00f3n de los establecimiento educativos del Maule, la actividad: Laboratorios M\u00f3viles. Estas son experiencias realizadas por equipos de investigadores, docentes y profesionales UTalca, que visitan colegios y realizan acciones de ciencia experimental.<\/p>\n<p>Las experiencias para p\u00e1rvulos y primer ciclo b\u00e1sico son las siguientes: Bullying, Animales en tu Jard\u00edn y Bichitos Fascinantes. Para estudiantes de segundo ciclo b\u00e1sico y media, est\u00e1n disponibles:Huesos, Energ\u00eda, Brigadas Saludables, Emprende y la Qu\u00edmica Cotidiana.<\/p>\n<p><strong>Vida Saludable<\/strong><\/p>\n<p>La jornada finaliz\u00f3 con el taller: Educaci\u00f3n y salud, una alianza estrat\u00e9gica, dictado por Mar\u00eda Ang\u00e9lica Gonz\u00e1lez y Cecilia Barraza docentes de la Escuela de Nutrici\u00f3n UTalca. La capacitaci\u00f3n permiti\u00f3 a los maestros conocer las causas y efectos de la enfermedades asociadas a malos h\u00e1bitos alimentarios en los estudiantes .<\/p>\n<p>La instancias sirvi\u00f3 para reflexionar sobre las practicas alimentarias actuales, y como los profesores junto a los profesionales de la salud, pueden trabajar para contribuir a reducir los \u00edndices de obesidad infantil.<\/p>\n<p>La pr\u00f3xima reuni\u00f3n de Red Territorial Maule Ciencia del PAR EXPLORA MAULE, se realizar\u00e1 el mi\u00e9rcoles 6 de mayo a las 15:00 horas, en el edificio RSU de la Universidad de Talca.<\/p>\n<p>Comunicaciones<br \/>PAR EXPLORA Maule\u00a0<\/p>\n","protected":false},"excerpt":{"rendered":"<p>La plataforma de coordinaci\u00f3n y co creaci\u00f3n de acciones de valoraci\u00f3n y divulgaci\u00f3n de la ciencia y la tecnolog\u00eda del PAR EXPLORA Maule, sum\u00f3 al Departamento de Educaci\u00f3n de Pelluhue en la tarea de crear una cultura cientifica en la Regi\u00f3n. Una nueva sesi\u00f3n de la Red Maule Ciencia, se llev\u00f3 a cabo ayer mi\u00e9rcoles [&hellip;]<\/p>\n","protected":false},"author":2,"featured_media":9965,"comment_status":"closed","ping_status":"open","sticky":false,"template":"","format":"standard","meta":{"_acf_changed":false,"_exactmetrics_skip_tracking":false,"_exactmetrics_sitenote_active":false,"_exactmetrics_sitenote_note":"","_exactmetrics_sitenote_category":0,"footnotes":"","_links_to":"","_links_to_target":""},"categories":[4],"tags":[],"class_list":["post-613","post","type-post","status-publish","format-standard","has-post-thumbnail","hentry","category-noticias"],"acf":[],"yoast_head":"<!-- This site is optimized with the Yoast SEO plugin v26.9 - https:\/\/yoast.com\/product\/yoast-seo-wordpress\/ -->\n<title>Profesores participan en segunda reuni\u00f3n de Red Territorial Maule Ciencia - Maule<\/title>\n<meta name=\"robots\" content=\"index, follow, max-snippet:-1, max-image-preview:large, max-video-preview:-1\" \/>\n<link rel=\"canonical\" href=\"https:\/\/explora.cl\/maule\/profesores-del-maule-participan-en-segunda-reunion-de-red-territorial-maule-ciencia\/\" class=\"yoast-seo-meta-tag\" \/>\n<meta property=\"og:locale\" content=\"es_ES\" class=\"yoast-seo-meta-tag\" \/>\n<meta property=\"og:type\" content=\"article\" class=\"yoast-seo-meta-tag\" \/>\n<meta property=\"og:title\" content=\"Profesores participan en segunda reuni\u00f3n de Red Territorial Maule Ciencia - Maule\" class=\"yoast-seo-meta-tag\" \/>\n<meta property=\"og:description\" content=\"La plataforma de coordinaci\u00f3n y co creaci\u00f3n de acciones de valoraci\u00f3n y divulgaci\u00f3n de la ciencia y la tecnolog\u00eda del PAR EXPLORA Maule, sum\u00f3 al Departamento de Educaci\u00f3n de Pelluhue en la tarea de crear una cultura cientifica en la Regi\u00f3n. Una nueva sesi\u00f3n de la Red Maule Ciencia, se llev\u00f3 a cabo ayer mi\u00e9rcoles [&hellip;]\" class=\"yoast-seo-meta-tag\" \/>\n<meta property=\"og:url\" content=\"https:\/\/explora.cl\/maule\/profesores-del-maule-participan-en-segunda-reunion-de-red-territorial-maule-ciencia\/\" class=\"yoast-seo-meta-tag\" \/>\n<meta property=\"og:site_name\" content=\"Maule\" class=\"yoast-seo-meta-tag\" \/>\n<meta property=\"article:published_time\" content=\"2015-04-02T20:35:52+00:00\" class=\"yoast-seo-meta-tag\" \/>\n<meta property=\"article:modified_time\" content=\"2019-05-20T18:18:27+00:00\" class=\"yoast-seo-meta-tag\" \/>\n<meta name=\"author\" content=\"webman\" class=\"yoast-seo-meta-tag\" \/>\n<meta name=\"twitter:card\" content=\"summary_large_image\" class=\"yoast-seo-meta-tag\" \/>\n<meta name=\"twitter:label1\" content=\"Escrito por\" class=\"yoast-seo-meta-tag\" \/>\n\t<meta name=\"twitter:data1\" content=\"webman\" class=\"yoast-seo-meta-tag\" \/>\n\t<meta name=\"twitter:label2\" content=\"Tiempo estimado de lectura\" class=\"yoast-seo-meta-tag\" \/>\n\t<meta name=\"twitter:data2\" content=\"2 minutos\" class=\"yoast-seo-meta-tag\" \/>\n<script type=\"application\/ld+json\" class=\"yoast-schema-graph\">{\"@context\":\"https:\/\/schema.org\",\"@graph\":[{\"@type\":\"Article\",\"@id\":\"https:\/\/explora.cl\/maule\/profesores-del-maule-participan-en-segunda-reunion-de-red-territorial-maule-ciencia\/#article\",\"isPartOf\":{\"@id\":\"https:\/\/explora.cl\/maule\/profesores-del-maule-participan-en-segunda-reunion-de-red-territorial-maule-ciencia\/\"},\"author\":{\"name\":\"webman\",\"@id\":\"https:\/\/explora.cl\/maule\/#\/schema\/person\/cb8349c13ea2d324080adf8480d7ba5d\"},\"headline\":\"Profesores participan en segunda reuni\u00f3n de Red Territorial Maule Ciencia\",\"datePublished\":\"2015-04-02T20:35:52+00:00\",\"dateModified\":\"2019-05-20T18:18:27+00:00\",\"mainEntityOfPage\":{\"@id\":\"https:\/\/explora.cl\/maule\/profesores-del-maule-participan-en-segunda-reunion-de-red-territorial-maule-ciencia\/\"},\"wordCount\":406,\"image\":{\"@id\":\"https:\/\/explora.cl\/maule\/profesores-del-maule-participan-en-segunda-reunion-de-red-territorial-maule-ciencia\/#primaryimage\"},\"thumbnailUrl\":\"\",\"articleSection\":[\"Noticias\"],\"inLanguage\":\"es-CL\"},{\"@type\":\"WebPage\",\"@id\":\"https:\/\/explora.cl\/maule\/profesores-del-maule-participan-en-segunda-reunion-de-red-territorial-maule-ciencia\/\",\"url\":\"https:\/\/explora.cl\/maule\/profesores-del-maule-participan-en-segunda-reunion-de-red-territorial-maule-ciencia\/\",\"name\":\"Profesores participan en segunda reuni\u00f3n de Red Territorial Maule Ciencia - Maule\",\"isPartOf\":{\"@id\":\"https:\/\/explora.cl\/maule\/#website\"},\"primaryImageOfPage\":{\"@id\":\"https:\/\/explora.cl\/maule\/profesores-del-maule-participan-en-segunda-reunion-de-red-territorial-maule-ciencia\/#primaryimage\"},\"image\":{\"@id\":\"https:\/\/explora.cl\/maule\/profesores-del-maule-participan-en-segunda-reunion-de-red-territorial-maule-ciencia\/#primaryimage\"},\"thumbnailUrl\":\"\",\"datePublished\":\"2015-04-02T20:35:52+00:00\",\"dateModified\":\"2019-05-20T18:18:27+00:00\",\"author\":{\"@id\":\"https:\/\/explora.cl\/maule\/#\/schema\/person\/cb8349c13ea2d324080adf8480d7ba5d\"},\"breadcrumb\":{\"@id\":\"https:\/\/explora.cl\/maule\/profesores-del-maule-participan-en-segunda-reunion-de-red-territorial-maule-ciencia\/#breadcrumb\"},\"inLanguage\":\"es-CL\",\"potentialAction\":[{\"@type\":\"ReadAction\",\"target\":[\"https:\/\/explora.cl\/maule\/profesores-del-maule-participan-en-segunda-reunion-de-red-territorial-maule-ciencia\/\"]}]},{\"@type\":\"ImageObject\",\"inLanguage\":\"es-CL\",\"@id\":\"https:\/\/explora.cl\/maule\/profesores-del-maule-participan-en-segunda-reunion-de-red-territorial-maule-ciencia\/#primaryimage\",\"url\":\"\",\"contentUrl\":\"\"},{\"@type\":\"BreadcrumbList\",\"@id\":\"https:\/\/explora.cl\/maule\/profesores-del-maule-participan-en-segunda-reunion-de-red-territorial-maule-ciencia\/#breadcrumb\",\"itemListElement\":[{\"@type\":\"ListItem\",\"position\":1,\"name\":\"Portada\",\"item\":\"https:\/\/explora.cl\/maule\/\"},{\"@type\":\"ListItem\",\"position\":2,\"name\":\"Profesores participan en segunda reuni\u00f3n de Red Territorial Maule Ciencia\"}]},{\"@type\":\"WebSite\",\"@id\":\"https:\/\/explora.cl\/maule\/#website\",\"url\":\"https:\/\/explora.cl\/maule\/\",\"name\":\"Maule\",\"description\":\"Otro sitio m\u00e1s de explora.cl\",\"potentialAction\":[{\"@type\":\"SearchAction\",\"target\":{\"@type\":\"EntryPoint\",\"urlTemplate\":\"https:\/\/explora.cl\/maule\/?s={search_term_string}\"},\"query-input\":{\"@type\":\"PropertyValueSpecification\",\"valueRequired\":true,\"valueName\":\"search_term_string\"}}],\"inLanguage\":\"es-CL\"},{\"@type\":\"Person\",\"@id\":\"https:\/\/explora.cl\/maule\/#\/schema\/person\/cb8349c13ea2d324080adf8480d7ba5d\",\"name\":\"webman\",\"image\":{\"@type\":\"ImageObject\",\"inLanguage\":\"es-CL\",\"@id\":\"https:\/\/explora.cl\/maule\/#\/schema\/person\/image\/\",\"url\":\"https:\/\/secure.gravatar.com\/avatar\/eeff3c82f2c02f7177d13663b7e6f890e9a6a0647ce9bb29cae02dcb094c7312?s=96&d=mm&r=g\",\"contentUrl\":\"https:\/\/secure.gravatar.com\/avatar\/eeff3c82f2c02f7177d13663b7e6f890e9a6a0647ce9bb29cae02dcb094c7312?s=96&d=mm&r=g\",\"caption\":\"webman\"},\"url\":\"https:\/\/explora.cl\/maule\/author\/webman\/\"}]}<\/script>\n<!-- \/ Yoast SEO plugin. -->","yoast_head_json":{"title":"Profesores participan en segunda reuni\u00f3n de Red Territorial Maule Ciencia - Maule","robots":{"index":"index","follow":"follow","max-snippet":"max-snippet:-1","max-image-preview":"max-image-preview:large","max-video-preview":"max-video-preview:-1"},"canonical":"https:\/\/explora.cl\/maule\/profesores-del-maule-participan-en-segunda-reunion-de-red-territorial-maule-ciencia\/","og_locale":"es_ES","og_type":"article","og_title":"Profesores participan en segunda reuni\u00f3n de Red Territorial Maule Ciencia - Maule","og_description":"La plataforma de coordinaci\u00f3n y co creaci\u00f3n de acciones de valoraci\u00f3n y divulgaci\u00f3n de la ciencia y la tecnolog\u00eda del PAR EXPLORA Maule, sum\u00f3 al Departamento de Educaci\u00f3n de Pelluhue en la tarea de crear una cultura cientifica en la Regi\u00f3n. Una nueva sesi\u00f3n de la Red Maule Ciencia, se llev\u00f3 a cabo ayer mi\u00e9rcoles [&hellip;]","og_url":"https:\/\/explora.cl\/maule\/profesores-del-maule-participan-en-segunda-reunion-de-red-territorial-maule-ciencia\/","og_site_name":"Maule","article_published_time":"2015-04-02T20:35:52+00:00","article_modified_time":"2019-05-20T18:18:27+00:00","author":"webman","twitter_card":"summary_large_image","twitter_misc":{"Escrito por":"webman","Tiempo estimado de lectura":"2 minutos"},"schema":{"@context":"https:\/\/schema.org","@graph":[{"@type":"Article","@id":"https:\/\/explora.cl\/maule\/profesores-del-maule-participan-en-segunda-reunion-de-red-territorial-maule-ciencia\/#article","isPartOf":{"@id":"https:\/\/explora.cl\/maule\/profesores-del-maule-participan-en-segunda-reunion-de-red-territorial-maule-ciencia\/"},"author":{"name":"webman","@id":"https:\/\/explora.cl\/maule\/#\/schema\/person\/cb8349c13ea2d324080adf8480d7ba5d"},"headline":"Profesores participan en segunda reuni\u00f3n de Red Territorial Maule Ciencia","datePublished":"2015-04-02T20:35:52+00:00","dateModified":"2019-05-20T18:18:27+00:00","mainEntityOfPage":{"@id":"https:\/\/explora.cl\/maule\/profesores-del-maule-participan-en-segunda-reunion-de-red-territorial-maule-ciencia\/"},"wordCount":406,"image":{"@id":"https:\/\/explora.cl\/maule\/profesores-del-maule-participan-en-segunda-reunion-de-red-territorial-maule-ciencia\/#primaryimage"},"thumbnailUrl":"","articleSection":["Noticias"],"inLanguage":"es-CL"},{"@type":"WebPage","@id":"https:\/\/explora.cl\/maule\/profesores-del-maule-participan-en-segunda-reunion-de-red-territorial-maule-ciencia\/","url":"https:\/\/explora.cl\/maule\/profesores-del-maule-participan-en-segunda-reunion-de-red-territorial-maule-ciencia\/","name":"Profesores participan en segunda reuni\u00f3n de Red Territorial Maule Ciencia - Maule","isPartOf":{"@id":"https:\/\/explora.cl\/maule\/#website"},"primaryImageOfPage":{"@id":"https:\/\/explora.cl\/maule\/profesores-del-maule-participan-en-segunda-reunion-de-red-territorial-maule-ciencia\/#primaryimage"},"image":{"@id":"https:\/\/explora.cl\/maule\/profesores-del-maule-participan-en-segunda-reunion-de-red-territorial-maule-ciencia\/#primaryimage"},"thumbnailUrl":"","datePublished":"2015-04-02T20:35:52+00:00","dateModified":"2019-05-20T18:18:27+00:00","author":{"@id":"https:\/\/explora.cl\/maule\/#\/schema\/person\/cb8349c13ea2d324080adf8480d7ba5d"},"breadcrumb":{"@id":"https:\/\/explora.cl\/maule\/profesores-del-maule-participan-en-segunda-reunion-de-red-territorial-maule-ciencia\/#breadcrumb"},"inLanguage":"es-CL","potentialAction":[{"@type":"ReadAction","target":["https:\/\/explora.cl\/maule\/profesores-del-maule-participan-en-segunda-reunion-de-red-territorial-maule-ciencia\/"]}]},{"@type":"ImageObject","inLanguage":"es-CL","@id":"https:\/\/explora.cl\/maule\/profesores-del-maule-participan-en-segunda-reunion-de-red-territorial-maule-ciencia\/#primaryimage","url":"","contentUrl":""},{"@type":"BreadcrumbList","@id":"https:\/\/explora.cl\/maule\/profesores-del-maule-participan-en-segunda-reunion-de-red-territorial-maule-ciencia\/#breadcrumb","itemListElement":[{"@type":"ListItem","position":1,"name":"Portada","item":"https:\/\/explora.cl\/maule\/"},{"@type":"ListItem","position":2,"name":"Profesores participan en segunda reuni\u00f3n de Red Territorial Maule Ciencia"}]},{"@type":"WebSite","@id":"https:\/\/explora.cl\/maule\/#website","url":"https:\/\/explora.cl\/maule\/","name":"Maule","description":"Otro sitio m\u00e1s de explora.cl","potentialAction":[{"@type":"SearchAction","target":{"@type":"EntryPoint","urlTemplate":"https:\/\/explora.cl\/maule\/?s={search_term_string}"},"query-input":{"@type":"PropertyValueSpecification","valueRequired":true,"valueName":"search_term_string"}}],"inLanguage":"es-CL"},{"@type":"Person","@id":"https:\/\/explora.cl\/maule\/#\/schema\/person\/cb8349c13ea2d324080adf8480d7ba5d","name":"webman","image":{"@type":"ImageObject","inLanguage":"es-CL","@id":"https:\/\/explora.cl\/maule\/#\/schema\/person\/image\/","url":"https:\/\/secure.gravatar.com\/avatar\/eeff3c82f2c02f7177d13663b7e6f890e9a6a0647ce9bb29cae02dcb094c7312?s=96&d=mm&r=g","contentUrl":"https:\/\/secure.gravatar.com\/avatar\/eeff3c82f2c02f7177d13663b7e6f890e9a6a0647ce9bb29cae02dcb094c7312?s=96&d=mm&r=g","caption":"webman"},"url":"https:\/\/explora.cl\/maule\/author\/webman\/"}]}},"_links":{"self":[{"href":"https:\/\/explora.cl\/maule\/wp-json\/wp\/v2\/posts\/613","targetHints":{"allow":["GET"]}}],"collection":[{"href":"https:\/\/explora.cl\/maule\/wp-json\/wp\/v2\/posts"}],"about":[{"href":"https:\/\/explora.cl\/maule\/wp-json\/wp\/v2\/types\/post"}],"author":[{"embeddable":true,"href":"https:\/\/explora.cl\/maule\/wp-json\/wp\/v2\/users\/2"}],"replies":[{"embeddable":true,"href":"https:\/\/explora.cl\/maule\/wp-json\/wp\/v2\/comments?post=613"}],"version-history":[{"count":1,"href":"https:\/\/explora.cl\/maule\/wp-json\/wp\/v2\/posts\/613\/revisions"}],"predecessor-version":[{"id":37862,"href":"https:\/\/explora.cl\/maule\/wp-json\/wp\/v2\/posts\/613\/revisions\/37862"}],"wp:featuredmedia":[{"embeddable":true,"href":"https:\/\/explora.cl\/maule\/wp-json\/"}],"wp:attachment":[{"href":"https:\/\/explora.cl\/maule\/wp-json\/wp\/v2\/media?parent=613"}],"wp:term":[{"taxonomy":"category","embeddable":true,"href":"https:\/\/explora.cl\/maule\/wp-json\/wp\/v2\/categories?post=613"},{"taxonomy":"post_tag","embeddable":true,"href":"https:\/\/explora.cl\/maule\/wp-json\/wp\/v2\/tags?post=613"}],"curies":[{"name":"wp","href":"https:\/\/api.w.org\/{rel}","templated":true}]}}