{"id":611,"date":"2015-04-08T12:07:27","date_gmt":"2015-04-08T12:07:27","guid":{"rendered":"https:\/\/explora.cl\/maule\/blog\/2015\/04\/08\/par-explora-maule-invita-a-participar-en-circuito-regional-de-ferias-cientificas-escolares\/"},"modified":"2019-05-20T18:18:27","modified_gmt":"2019-05-20T18:18:27","slug":"par-explora-maule-invita-a-participar-en-circuito-regional-de-ferias-cientificas-escolares","status":"publish","type":"post","link":"https:\/\/explora.cl\/maule\/par-explora-maule-invita-a-participar-en-circuito-regional-de-ferias-cientificas-escolares\/","title":{"rendered":"PAR EXPLORA Maule invita a participar en circuito regional de ferias cient\u00edficas escolares"},"content":{"rendered":"<p><img fetchpriority=\"high\" decoding=\"async\" class=\" size-full wp-image-10042\" src=\"http:\/\/ec2-34-218-253-251.us-west-2.compute.amazonaws.com\/wp-content\/uploads\/2015\/04\/4efd7163f86933ad5ced77114cc867d0.jpg\" alt=\"\" width=\"841\" height=\"563\" \/><\/p>\n<p><em>La actividad, dirigida a establecimientos educativos y direcciones municipales de educaci\u00f3n, permite ense\u00f1ar a la comunidad las investigaciones cient\u00edficas que realizan los estudiantes del Maule.<\/em><\/p>\n<p>Ya se encuentran abiertas las postulaciones para ser parte del Circuito de Ferias y Muestras Cient\u00edficas Escolares \u201cMaule Labs\u201d, organizado por el PAR EXPLORA Maule de la Universidad de Talca.<\/p>\n<p>A trav\u00e9s de esta l\u00ednea de trabajo se busca establecer un sistema de apoyo para la realizaci\u00f3n de eventos cient\u00edficos escolares y que su resultados puedan ser compartidos con la comunidad en una fiesta ciudadana de la ciencia y la tecnolog\u00eda.<\/p>\n<p>Seg\u00fan Iv\u00e1n Coydan, director del PAR EXPLORA Maule, la idea central de los \u201cMaule Labs\u201d es que los colegios o los sistemas municipales de educaci\u00f3n generen muestras cient\u00edficas en espacios p\u00fablicos. \u201cDe esta forma las plazas, parques, calles y los colegios se convertir\u00e1n en amplios \u201claboratorios\u201d abiertos a la ciudadan\u00eda, donde la comunidad, al compartir con los j\u00f3venes investigadores, acceder\u00e1 al conocimiento creado por los estudiantes de la Regi\u00f3n\u201d, explic\u00f3 Coydan.<\/p>\n<p>Durante el 2014, el circuito de ferias y muestras congreg\u00f3 a 12 eventos cient\u00edficos escolares en 8 comunas de la Regi\u00f3n. La meta para este a\u00f1o es extender estos encuentros de investigadores escolares a 15 ciudades del Maule.<\/p>\n<p>La feria cient\u00edfica del circuito Maule Labs es un evento acad\u00e9mico donde un comit\u00e9 de investigadores eval\u00faa la aplicaci\u00f3n del m\u00e9todo cient\u00edfico en los trabajos de los estudiantes. En la competencia pueden participar trabajos de ciencia y tecnolog\u00eda provenientes de diversos colegios de la Regi\u00f3n, en categor\u00eda segundo ciclo b\u00e1sico y educaci\u00f3n media.<\/p>\n<p>Por otra parte, las muestras cient\u00edficas son instancias de divulgaci\u00f3n cient\u00edfica en las cuales los escolares de educaci\u00f3n preescolar, b\u00e1sica y media pueden presentar demostraciones de principios cient\u00edficos o sencillos experimentos con elementos cotidianos. La \u201cmuestra\u201d puede ser de car\u00e1cter interno o con participaci\u00f3n de otros establecimientos de la zona.<\/p>\n<p><strong>C\u00f3mo realizar un Maule Labs<\/strong><\/p>\n<p>Los sistemas de educaci\u00f3n municipales y colegios interesados en formar parte del circuito \u201cMaule Labs\u201d, ya sea con feria o muestra cient\u00edfica, deben completar el formulario publicado en explora.cl\/maule.<\/p>\n<p>El PAR EXPLORA Maule apoya la organizaci\u00f3n, desarrollo y evaluaci\u00f3n de estos eventos cient\u00edficos, desde la planificaci\u00f3n de la feria hasta la promoci\u00f3n en los medios de comunicaci\u00f3n y en redes sociales. Lo anterior, a trav\u00e9s de talleres de realizaci\u00f3n y promoci\u00f3n de eventos cient\u00edficos escolares, y seguimiento personalizado del equipo del \u00e1rea de valoraci\u00f3n del PAR EXPLORA Maule.<\/p>\n<p>Comunicaciones<br \/>PAR EXPLORA Maule<\/p>\n","protected":false},"excerpt":{"rendered":"<p>La actividad, dirigida a establecimientos educativos y direcciones municipales de educaci\u00f3n, permite ense\u00f1ar a la comunidad las investigaciones cient\u00edficas que realizan los estudiantes del Maule. Ya se encuentran abiertas las postulaciones para ser parte del Circuito de Ferias y Muestras Cient\u00edficas Escolares \u201cMaule Labs\u201d, organizado por el PAR EXPLORA Maule de la Universidad de Talca. [&hellip;]<\/p>\n","protected":false},"author":2,"featured_media":10042,"comment_status":"closed","ping_status":"open","sticky":false,"template":"","format":"standard","meta":{"_acf_changed":false,"_exactmetrics_skip_tracking":false,"_exactmetrics_sitenote_active":false,"_exactmetrics_sitenote_note":"","_exactmetrics_sitenote_category":0,"footnotes":"","_links_to":"","_links_to_target":""},"categories":[4],"tags":[],"class_list":["post-611","post","type-post","status-publish","format-standard","has-post-thumbnail","hentry","category-noticias"],"acf":[],"yoast_head":"<!-- This site is optimized with the Yoast SEO plugin v26.9 - https:\/\/yoast.com\/product\/yoast-seo-wordpress\/ -->\n<title>PAR EXPLORA Maule invita a participar en circuito regional de ferias cient\u00edficas escolares - Maule<\/title>\n<meta name=\"robots\" content=\"index, follow, max-snippet:-1, max-image-preview:large, max-video-preview:-1\" \/>\n<link rel=\"canonical\" href=\"https:\/\/explora.cl\/maule\/par-explora-maule-invita-a-participar-en-circuito-regional-de-ferias-cientificas-escolares\/\" class=\"yoast-seo-meta-tag\" \/>\n<meta property=\"og:locale\" content=\"es_ES\" class=\"yoast-seo-meta-tag\" \/>\n<meta property=\"og:type\" content=\"article\" class=\"yoast-seo-meta-tag\" \/>\n<meta property=\"og:title\" content=\"PAR EXPLORA Maule invita a participar en circuito regional de ferias cient\u00edficas escolares - Maule\" class=\"yoast-seo-meta-tag\" \/>\n<meta property=\"og:description\" content=\"La actividad, dirigida a establecimientos educativos y direcciones municipales de educaci\u00f3n, permite ense\u00f1ar a la comunidad las investigaciones cient\u00edficas que realizan los estudiantes del Maule. Ya se encuentran abiertas las postulaciones para ser parte del Circuito de Ferias y Muestras Cient\u00edficas Escolares \u201cMaule Labs\u201d, organizado por el PAR EXPLORA Maule de la Universidad de Talca. [&hellip;]\" class=\"yoast-seo-meta-tag\" \/>\n<meta property=\"og:url\" content=\"https:\/\/explora.cl\/maule\/par-explora-maule-invita-a-participar-en-circuito-regional-de-ferias-cientificas-escolares\/\" class=\"yoast-seo-meta-tag\" \/>\n<meta property=\"og:site_name\" content=\"Maule\" class=\"yoast-seo-meta-tag\" \/>\n<meta property=\"article:published_time\" content=\"2015-04-08T12:07:27+00:00\" class=\"yoast-seo-meta-tag\" \/>\n<meta property=\"article:modified_time\" content=\"2019-05-20T18:18:27+00:00\" class=\"yoast-seo-meta-tag\" \/>\n<meta name=\"author\" content=\"webman\" class=\"yoast-seo-meta-tag\" \/>\n<meta name=\"twitter:card\" content=\"summary_large_image\" class=\"yoast-seo-meta-tag\" \/>\n<meta name=\"twitter:label1\" content=\"Escrito por\" class=\"yoast-seo-meta-tag\" \/>\n\t<meta name=\"twitter:data1\" content=\"webman\" class=\"yoast-seo-meta-tag\" \/>\n\t<meta name=\"twitter:label2\" content=\"Tiempo estimado de lectura\" class=\"yoast-seo-meta-tag\" \/>\n\t<meta name=\"twitter:data2\" content=\"2 minutos\" class=\"yoast-seo-meta-tag\" \/>\n<script type=\"application\/ld+json\" class=\"yoast-schema-graph\">{\"@context\":\"https:\/\/schema.org\",\"@graph\":[{\"@type\":\"Article\",\"@id\":\"https:\/\/explora.cl\/maule\/par-explora-maule-invita-a-participar-en-circuito-regional-de-ferias-cientificas-escolares\/#article\",\"isPartOf\":{\"@id\":\"https:\/\/explora.cl\/maule\/par-explora-maule-invita-a-participar-en-circuito-regional-de-ferias-cientificas-escolares\/\"},\"author\":{\"name\":\"webman\",\"@id\":\"https:\/\/explora.cl\/maule\/#\/schema\/person\/cb8349c13ea2d324080adf8480d7ba5d\"},\"headline\":\"PAR EXPLORA Maule invita a participar en circuito regional de ferias cient\u00edficas escolares\",\"datePublished\":\"2015-04-08T12:07:27+00:00\",\"dateModified\":\"2019-05-20T18:18:27+00:00\",\"mainEntityOfPage\":{\"@id\":\"https:\/\/explora.cl\/maule\/par-explora-maule-invita-a-participar-en-circuito-regional-de-ferias-cientificas-escolares\/\"},\"wordCount\":470,\"image\":{\"@id\":\"https:\/\/explora.cl\/maule\/par-explora-maule-invita-a-participar-en-circuito-regional-de-ferias-cientificas-escolares\/#primaryimage\"},\"thumbnailUrl\":\"\",\"articleSection\":[\"Noticias\"],\"inLanguage\":\"es-CL\"},{\"@type\":\"WebPage\",\"@id\":\"https:\/\/explora.cl\/maule\/par-explora-maule-invita-a-participar-en-circuito-regional-de-ferias-cientificas-escolares\/\",\"url\":\"https:\/\/explora.cl\/maule\/par-explora-maule-invita-a-participar-en-circuito-regional-de-ferias-cientificas-escolares\/\",\"name\":\"PAR EXPLORA Maule invita a participar en circuito regional de ferias cient\u00edficas escolares - Maule\",\"isPartOf\":{\"@id\":\"https:\/\/explora.cl\/maule\/#website\"},\"primaryImageOfPage\":{\"@id\":\"https:\/\/explora.cl\/maule\/par-explora-maule-invita-a-participar-en-circuito-regional-de-ferias-cientificas-escolares\/#primaryimage\"},\"image\":{\"@id\":\"https:\/\/explora.cl\/maule\/par-explora-maule-invita-a-participar-en-circuito-regional-de-ferias-cientificas-escolares\/#primaryimage\"},\"thumbnailUrl\":\"\",\"datePublished\":\"2015-04-08T12:07:27+00:00\",\"dateModified\":\"2019-05-20T18:18:27+00:00\",\"author\":{\"@id\":\"https:\/\/explora.cl\/maule\/#\/schema\/person\/cb8349c13ea2d324080adf8480d7ba5d\"},\"breadcrumb\":{\"@id\":\"https:\/\/explora.cl\/maule\/par-explora-maule-invita-a-participar-en-circuito-regional-de-ferias-cientificas-escolares\/#breadcrumb\"},\"inLanguage\":\"es-CL\",\"potentialAction\":[{\"@type\":\"ReadAction\",\"target\":[\"https:\/\/explora.cl\/maule\/par-explora-maule-invita-a-participar-en-circuito-regional-de-ferias-cientificas-escolares\/\"]}]},{\"@type\":\"ImageObject\",\"inLanguage\":\"es-CL\",\"@id\":\"https:\/\/explora.cl\/maule\/par-explora-maule-invita-a-participar-en-circuito-regional-de-ferias-cientificas-escolares\/#primaryimage\",\"url\":\"\",\"contentUrl\":\"\"},{\"@type\":\"BreadcrumbList\",\"@id\":\"https:\/\/explora.cl\/maule\/par-explora-maule-invita-a-participar-en-circuito-regional-de-ferias-cientificas-escolares\/#breadcrumb\",\"itemListElement\":[{\"@type\":\"ListItem\",\"position\":1,\"name\":\"Portada\",\"item\":\"https:\/\/explora.cl\/maule\/\"},{\"@type\":\"ListItem\",\"position\":2,\"name\":\"PAR EXPLORA Maule invita a participar en circuito regional de ferias cient\u00edficas escolares\"}]},{\"@type\":\"WebSite\",\"@id\":\"https:\/\/explora.cl\/maule\/#website\",\"url\":\"https:\/\/explora.cl\/maule\/\",\"name\":\"Maule\",\"description\":\"Otro sitio m\u00e1s de explora.cl\",\"potentialAction\":[{\"@type\":\"SearchAction\",\"target\":{\"@type\":\"EntryPoint\",\"urlTemplate\":\"https:\/\/explora.cl\/maule\/?s={search_term_string}\"},\"query-input\":{\"@type\":\"PropertyValueSpecification\",\"valueRequired\":true,\"valueName\":\"search_term_string\"}}],\"inLanguage\":\"es-CL\"},{\"@type\":\"Person\",\"@id\":\"https:\/\/explora.cl\/maule\/#\/schema\/person\/cb8349c13ea2d324080adf8480d7ba5d\",\"name\":\"webman\",\"image\":{\"@type\":\"ImageObject\",\"inLanguage\":\"es-CL\",\"@id\":\"https:\/\/explora.cl\/maule\/#\/schema\/person\/image\/\",\"url\":\"https:\/\/secure.gravatar.com\/avatar\/eeff3c82f2c02f7177d13663b7e6f890e9a6a0647ce9bb29cae02dcb094c7312?s=96&d=mm&r=g\",\"contentUrl\":\"https:\/\/secure.gravatar.com\/avatar\/eeff3c82f2c02f7177d13663b7e6f890e9a6a0647ce9bb29cae02dcb094c7312?s=96&d=mm&r=g\",\"caption\":\"webman\"},\"url\":\"https:\/\/explora.cl\/maule\/author\/webman\/\"}]}<\/script>\n<!-- \/ Yoast SEO plugin. -->","yoast_head_json":{"title":"PAR EXPLORA Maule invita a participar en circuito regional de ferias cient\u00edficas escolares - Maule","robots":{"index":"index","follow":"follow","max-snippet":"max-snippet:-1","max-image-preview":"max-image-preview:large","max-video-preview":"max-video-preview:-1"},"canonical":"https:\/\/explora.cl\/maule\/par-explora-maule-invita-a-participar-en-circuito-regional-de-ferias-cientificas-escolares\/","og_locale":"es_ES","og_type":"article","og_title":"PAR EXPLORA Maule invita a participar en circuito regional de ferias cient\u00edficas escolares - Maule","og_description":"La actividad, dirigida a establecimientos educativos y direcciones municipales de educaci\u00f3n, permite ense\u00f1ar a la comunidad las investigaciones cient\u00edficas que realizan los estudiantes del Maule. Ya se encuentran abiertas las postulaciones para ser parte del Circuito de Ferias y Muestras Cient\u00edficas Escolares \u201cMaule Labs\u201d, organizado por el PAR EXPLORA Maule de la Universidad de Talca. [&hellip;]","og_url":"https:\/\/explora.cl\/maule\/par-explora-maule-invita-a-participar-en-circuito-regional-de-ferias-cientificas-escolares\/","og_site_name":"Maule","article_published_time":"2015-04-08T12:07:27+00:00","article_modified_time":"2019-05-20T18:18:27+00:00","author":"webman","twitter_card":"summary_large_image","twitter_misc":{"Escrito por":"webman","Tiempo estimado de lectura":"2 minutos"},"schema":{"@context":"https:\/\/schema.org","@graph":[{"@type":"Article","@id":"https:\/\/explora.cl\/maule\/par-explora-maule-invita-a-participar-en-circuito-regional-de-ferias-cientificas-escolares\/#article","isPartOf":{"@id":"https:\/\/explora.cl\/maule\/par-explora-maule-invita-a-participar-en-circuito-regional-de-ferias-cientificas-escolares\/"},"author":{"name":"webman","@id":"https:\/\/explora.cl\/maule\/#\/schema\/person\/cb8349c13ea2d324080adf8480d7ba5d"},"headline":"PAR EXPLORA Maule invita a participar en circuito regional de ferias cient\u00edficas escolares","datePublished":"2015-04-08T12:07:27+00:00","dateModified":"2019-05-20T18:18:27+00:00","mainEntityOfPage":{"@id":"https:\/\/explora.cl\/maule\/par-explora-maule-invita-a-participar-en-circuito-regional-de-ferias-cientificas-escolares\/"},"wordCount":470,"image":{"@id":"https:\/\/explora.cl\/maule\/par-explora-maule-invita-a-participar-en-circuito-regional-de-ferias-cientificas-escolares\/#primaryimage"},"thumbnailUrl":"","articleSection":["Noticias"],"inLanguage":"es-CL"},{"@type":"WebPage","@id":"https:\/\/explora.cl\/maule\/par-explora-maule-invita-a-participar-en-circuito-regional-de-ferias-cientificas-escolares\/","url":"https:\/\/explora.cl\/maule\/par-explora-maule-invita-a-participar-en-circuito-regional-de-ferias-cientificas-escolares\/","name":"PAR EXPLORA Maule invita a participar en circuito regional de ferias cient\u00edficas escolares - Maule","isPartOf":{"@id":"https:\/\/explora.cl\/maule\/#website"},"primaryImageOfPage":{"@id":"https:\/\/explora.cl\/maule\/par-explora-maule-invita-a-participar-en-circuito-regional-de-ferias-cientificas-escolares\/#primaryimage"},"image":{"@id":"https:\/\/explora.cl\/maule\/par-explora-maule-invita-a-participar-en-circuito-regional-de-ferias-cientificas-escolares\/#primaryimage"},"thumbnailUrl":"","datePublished":"2015-04-08T12:07:27+00:00","dateModified":"2019-05-20T18:18:27+00:00","author":{"@id":"https:\/\/explora.cl\/maule\/#\/schema\/person\/cb8349c13ea2d324080adf8480d7ba5d"},"breadcrumb":{"@id":"https:\/\/explora.cl\/maule\/par-explora-maule-invita-a-participar-en-circuito-regional-de-ferias-cientificas-escolares\/#breadcrumb"},"inLanguage":"es-CL","potentialAction":[{"@type":"ReadAction","target":["https:\/\/explora.cl\/maule\/par-explora-maule-invita-a-participar-en-circuito-regional-de-ferias-cientificas-escolares\/"]}]},{"@type":"ImageObject","inLanguage":"es-CL","@id":"https:\/\/explora.cl\/maule\/par-explora-maule-invita-a-participar-en-circuito-regional-de-ferias-cientificas-escolares\/#primaryimage","url":"","contentUrl":""},{"@type":"BreadcrumbList","@id":"https:\/\/explora.cl\/maule\/par-explora-maule-invita-a-participar-en-circuito-regional-de-ferias-cientificas-escolares\/#breadcrumb","itemListElement":[{"@type":"ListItem","position":1,"name":"Portada","item":"https:\/\/explora.cl\/maule\/"},{"@type":"ListItem","position":2,"name":"PAR EXPLORA Maule invita a participar en circuito regional de ferias cient\u00edficas escolares"}]},{"@type":"WebSite","@id":"https:\/\/explora.cl\/maule\/#website","url":"https:\/\/explora.cl\/maule\/","name":"Maule","description":"Otro sitio m\u00e1s de explora.cl","potentialAction":[{"@type":"SearchAction","target":{"@type":"EntryPoint","urlTemplate":"https:\/\/explora.cl\/maule\/?s={search_term_string}"},"query-input":{"@type":"PropertyValueSpecification","valueRequired":true,"valueName":"search_term_string"}}],"inLanguage":"es-CL"},{"@type":"Person","@id":"https:\/\/explora.cl\/maule\/#\/schema\/person\/cb8349c13ea2d324080adf8480d7ba5d","name":"webman","image":{"@type":"ImageObject","inLanguage":"es-CL","@id":"https:\/\/explora.cl\/maule\/#\/schema\/person\/image\/","url":"https:\/\/secure.gravatar.com\/avatar\/eeff3c82f2c02f7177d13663b7e6f890e9a6a0647ce9bb29cae02dcb094c7312?s=96&d=mm&r=g","contentUrl":"https:\/\/secure.gravatar.com\/avatar\/eeff3c82f2c02f7177d13663b7e6f890e9a6a0647ce9bb29cae02dcb094c7312?s=96&d=mm&r=g","caption":"webman"},"url":"https:\/\/explora.cl\/maule\/author\/webman\/"}]}},"_links":{"self":[{"href":"https:\/\/explora.cl\/maule\/wp-json\/wp\/v2\/posts\/611","targetHints":{"allow":["GET"]}}],"collection":[{"href":"https:\/\/explora.cl\/maule\/wp-json\/wp\/v2\/posts"}],"about":[{"href":"https:\/\/explora.cl\/maule\/wp-json\/wp\/v2\/types\/post"}],"author":[{"embeddable":true,"href":"https:\/\/explora.cl\/maule\/wp-json\/wp\/v2\/users\/2"}],"replies":[{"embeddable":true,"href":"https:\/\/explora.cl\/maule\/wp-json\/wp\/v2\/comments?post=611"}],"version-history":[{"count":1,"href":"https:\/\/explora.cl\/maule\/wp-json\/wp\/v2\/posts\/611\/revisions"}],"predecessor-version":[{"id":37861,"href":"https:\/\/explora.cl\/maule\/wp-json\/wp\/v2\/posts\/611\/revisions\/37861"}],"wp:featuredmedia":[{"embeddable":true,"href":"https:\/\/explora.cl\/maule\/wp-json\/"}],"wp:attachment":[{"href":"https:\/\/explora.cl\/maule\/wp-json\/wp\/v2\/media?parent=611"}],"wp:term":[{"taxonomy":"category","embeddable":true,"href":"https:\/\/explora.cl\/maule\/wp-json\/wp\/v2\/categories?post=611"},{"taxonomy":"post_tag","embeddable":true,"href":"https:\/\/explora.cl\/maule\/wp-json\/wp\/v2\/tags?post=611"}],"curies":[{"name":"wp","href":"https:\/\/api.w.org\/{rel}","templated":true}]}}