{"id":599,"date":"2015-05-04T19:13:21","date_gmt":"2015-05-04T19:13:21","guid":{"rendered":"https:\/\/explora.cl\/maule\/blog\/2015\/05\/04\/utalca-invita-a-docentes-de-matematicas-a-capacitarse-en-estadistica\/"},"modified":"2019-05-20T18:18:22","modified_gmt":"2019-05-20T18:18:22","slug":"utalca-invita-a-docentes-de-matematicas-a-capacitarse-en-estadistica","status":"publish","type":"post","link":"https:\/\/explora.cl\/maule\/utalca-invita-a-docentes-de-matematicas-a-capacitarse-en-estadistica\/","title":{"rendered":"UTalca invita a docentes de matem\u00e1ticas a capacitarse en estad\u00edstica"},"content":{"rendered":"<p><img fetchpriority=\"high\" decoding=\"async\" class=\" size-full wp-image-10642\" src=\"http:\/\/ec2-34-218-253-251.us-west-2.compute.amazonaws.com\/wp-content\/uploads\/2015\/05\/197604616a676bee4526981ed9585350.jpg\" alt=\"\" width=\"2048\" height=\"1371\" \/><\/p>\n<p><em>A trav\u00e9s de un taller gratuito dirigido a docentes de ense\u00f1anza media de la Regi\u00f3n. La capacitaci\u00f3n ser\u00e1 impartida por el Dr. Guido del Pino, referente en estad\u00edstica a nivel nacional.<\/em><\/p>\n<p>El Instituto de Matem\u00e1tica y F\u00edsica de la Universidad de Talca invita a docentes de matem\u00e1tica de ense\u00f1anza media y a estudiantes de pedagog\u00eda en matem\u00e1ticas de la Regi\u00f3n del Maule, a participar del taller de capacitaci\u00f3n docente en estad\u00edstica.<\/p>\n<p>La actividad se realizar\u00e1 el pr\u00f3ximo viernes 29 de mayo a las 15:00 Horas, en la sala 501 de la UTalca (Campus Lircay), y ser\u00e1 dictado por el profesor Guido del Pino, acad\u00e9mico de la Facultad de Matem\u00e1tica de la Pontificia Universidad Cat\u00f3lica de Chile.<\/p>\n<p>El profesor Del Pino, es considerado un referente de la estad\u00edstica en Chile por su trabajo en la difusi\u00f3n de esta ciencia, y por sus aporte en el \u00e1rea de la medici\u00f3n educacional.<\/p>\n<p>Los docentes interesados, deben inscribirse en la p\u00e1gina web: explora.cl\/maule. La capacitaci\u00f3n cuenta con el apoyo del PAR EXPLORA Maule y el Programa Vincularse de la Universidad de Talca.<\/p>\n","protected":false},"excerpt":{"rendered":"<p>A trav\u00e9s de un taller gratuito dirigido a docentes de ense\u00f1anza media de la Regi\u00f3n. La capacitaci\u00f3n ser\u00e1 impartida por el Dr. Guido del Pino, referente en estad\u00edstica a nivel nacional. El Instituto de Matem\u00e1tica y F\u00edsica de la Universidad de Talca invita a docentes de matem\u00e1tica de ense\u00f1anza media y a estudiantes de pedagog\u00eda [&hellip;]<\/p>\n","protected":false},"author":2,"featured_media":10642,"comment_status":"closed","ping_status":"open","sticky":false,"template":"","format":"standard","meta":{"_acf_changed":false,"_exactmetrics_skip_tracking":false,"_exactmetrics_sitenote_active":false,"_exactmetrics_sitenote_note":"","_exactmetrics_sitenote_category":0,"footnotes":"","_links_to":"","_links_to_target":""},"categories":[4],"tags":[],"class_list":["post-599","post","type-post","status-publish","format-standard","has-post-thumbnail","hentry","category-noticias"],"acf":[],"yoast_head":"<!-- This site is optimized with the Yoast SEO plugin v26.9 - https:\/\/yoast.com\/product\/yoast-seo-wordpress\/ -->\n<title>UTalca invita a docentes de matem\u00e1ticas a capacitarse en estad\u00edstica - Maule<\/title>\n<meta name=\"robots\" content=\"index, follow, max-snippet:-1, max-image-preview:large, max-video-preview:-1\" \/>\n<link rel=\"canonical\" href=\"https:\/\/explora.cl\/maule\/utalca-invita-a-docentes-de-matematicas-a-capacitarse-en-estadistica\/\" class=\"yoast-seo-meta-tag\" \/>\n<meta property=\"og:locale\" content=\"es_ES\" class=\"yoast-seo-meta-tag\" \/>\n<meta property=\"og:type\" content=\"article\" class=\"yoast-seo-meta-tag\" \/>\n<meta property=\"og:title\" content=\"UTalca invita a docentes de matem\u00e1ticas a capacitarse en estad\u00edstica - Maule\" class=\"yoast-seo-meta-tag\" \/>\n<meta property=\"og:description\" content=\"A trav\u00e9s de un taller gratuito dirigido a docentes de ense\u00f1anza media de la Regi\u00f3n. La capacitaci\u00f3n ser\u00e1 impartida por el Dr. Guido del Pino, referente en estad\u00edstica a nivel nacional. El Instituto de Matem\u00e1tica y F\u00edsica de la Universidad de Talca invita a docentes de matem\u00e1tica de ense\u00f1anza media y a estudiantes de pedagog\u00eda [&hellip;]\" class=\"yoast-seo-meta-tag\" \/>\n<meta property=\"og:url\" content=\"https:\/\/explora.cl\/maule\/utalca-invita-a-docentes-de-matematicas-a-capacitarse-en-estadistica\/\" class=\"yoast-seo-meta-tag\" \/>\n<meta property=\"og:site_name\" content=\"Maule\" class=\"yoast-seo-meta-tag\" \/>\n<meta property=\"article:published_time\" content=\"2015-05-04T19:13:21+00:00\" class=\"yoast-seo-meta-tag\" \/>\n<meta property=\"article:modified_time\" content=\"2019-05-20T18:18:22+00:00\" class=\"yoast-seo-meta-tag\" \/>\n<meta name=\"author\" content=\"webman\" class=\"yoast-seo-meta-tag\" \/>\n<meta name=\"twitter:card\" content=\"summary_large_image\" class=\"yoast-seo-meta-tag\" \/>\n<meta name=\"twitter:label1\" content=\"Escrito por\" class=\"yoast-seo-meta-tag\" \/>\n\t<meta name=\"twitter:data1\" content=\"webman\" class=\"yoast-seo-meta-tag\" \/>\n\t<meta name=\"twitter:label2\" content=\"Tiempo estimado de lectura\" class=\"yoast-seo-meta-tag\" \/>\n\t<meta name=\"twitter:data2\" content=\"1 minuto\" class=\"yoast-seo-meta-tag\" \/>\n<script type=\"application\/ld+json\" class=\"yoast-schema-graph\">{\"@context\":\"https:\/\/schema.org\",\"@graph\":[{\"@type\":\"Article\",\"@id\":\"https:\/\/explora.cl\/maule\/utalca-invita-a-docentes-de-matematicas-a-capacitarse-en-estadistica\/#article\",\"isPartOf\":{\"@id\":\"https:\/\/explora.cl\/maule\/utalca-invita-a-docentes-de-matematicas-a-capacitarse-en-estadistica\/\"},\"author\":{\"name\":\"webman\",\"@id\":\"https:\/\/explora.cl\/maule\/#\/schema\/person\/cb8349c13ea2d324080adf8480d7ba5d\"},\"headline\":\"UTalca invita a docentes de matem\u00e1ticas a capacitarse en estad\u00edstica\",\"datePublished\":\"2015-05-04T19:13:21+00:00\",\"dateModified\":\"2019-05-20T18:18:22+00:00\",\"mainEntityOfPage\":{\"@id\":\"https:\/\/explora.cl\/maule\/utalca-invita-a-docentes-de-matematicas-a-capacitarse-en-estadistica\/\"},\"wordCount\":212,\"image\":{\"@id\":\"https:\/\/explora.cl\/maule\/utalca-invita-a-docentes-de-matematicas-a-capacitarse-en-estadistica\/#primaryimage\"},\"thumbnailUrl\":\"\",\"articleSection\":[\"Noticias\"],\"inLanguage\":\"es-CL\"},{\"@type\":\"WebPage\",\"@id\":\"https:\/\/explora.cl\/maule\/utalca-invita-a-docentes-de-matematicas-a-capacitarse-en-estadistica\/\",\"url\":\"https:\/\/explora.cl\/maule\/utalca-invita-a-docentes-de-matematicas-a-capacitarse-en-estadistica\/\",\"name\":\"UTalca invita a docentes de matem\u00e1ticas a capacitarse en estad\u00edstica - Maule\",\"isPartOf\":{\"@id\":\"https:\/\/explora.cl\/maule\/#website\"},\"primaryImageOfPage\":{\"@id\":\"https:\/\/explora.cl\/maule\/utalca-invita-a-docentes-de-matematicas-a-capacitarse-en-estadistica\/#primaryimage\"},\"image\":{\"@id\":\"https:\/\/explora.cl\/maule\/utalca-invita-a-docentes-de-matematicas-a-capacitarse-en-estadistica\/#primaryimage\"},\"thumbnailUrl\":\"\",\"datePublished\":\"2015-05-04T19:13:21+00:00\",\"dateModified\":\"2019-05-20T18:18:22+00:00\",\"author\":{\"@id\":\"https:\/\/explora.cl\/maule\/#\/schema\/person\/cb8349c13ea2d324080adf8480d7ba5d\"},\"breadcrumb\":{\"@id\":\"https:\/\/explora.cl\/maule\/utalca-invita-a-docentes-de-matematicas-a-capacitarse-en-estadistica\/#breadcrumb\"},\"inLanguage\":\"es-CL\",\"potentialAction\":[{\"@type\":\"ReadAction\",\"target\":[\"https:\/\/explora.cl\/maule\/utalca-invita-a-docentes-de-matematicas-a-capacitarse-en-estadistica\/\"]}]},{\"@type\":\"ImageObject\",\"inLanguage\":\"es-CL\",\"@id\":\"https:\/\/explora.cl\/maule\/utalca-invita-a-docentes-de-matematicas-a-capacitarse-en-estadistica\/#primaryimage\",\"url\":\"\",\"contentUrl\":\"\"},{\"@type\":\"BreadcrumbList\",\"@id\":\"https:\/\/explora.cl\/maule\/utalca-invita-a-docentes-de-matematicas-a-capacitarse-en-estadistica\/#breadcrumb\",\"itemListElement\":[{\"@type\":\"ListItem\",\"position\":1,\"name\":\"Portada\",\"item\":\"https:\/\/explora.cl\/maule\/\"},{\"@type\":\"ListItem\",\"position\":2,\"name\":\"UTalca invita a docentes de matem\u00e1ticas a capacitarse en estad\u00edstica\"}]},{\"@type\":\"WebSite\",\"@id\":\"https:\/\/explora.cl\/maule\/#website\",\"url\":\"https:\/\/explora.cl\/maule\/\",\"name\":\"Maule\",\"description\":\"Otro sitio m\u00e1s de explora.cl\",\"potentialAction\":[{\"@type\":\"SearchAction\",\"target\":{\"@type\":\"EntryPoint\",\"urlTemplate\":\"https:\/\/explora.cl\/maule\/?s={search_term_string}\"},\"query-input\":{\"@type\":\"PropertyValueSpecification\",\"valueRequired\":true,\"valueName\":\"search_term_string\"}}],\"inLanguage\":\"es-CL\"},{\"@type\":\"Person\",\"@id\":\"https:\/\/explora.cl\/maule\/#\/schema\/person\/cb8349c13ea2d324080adf8480d7ba5d\",\"name\":\"webman\",\"image\":{\"@type\":\"ImageObject\",\"inLanguage\":\"es-CL\",\"@id\":\"https:\/\/explora.cl\/maule\/#\/schema\/person\/image\/\",\"url\":\"https:\/\/secure.gravatar.com\/avatar\/eeff3c82f2c02f7177d13663b7e6f890e9a6a0647ce9bb29cae02dcb094c7312?s=96&d=mm&r=g\",\"contentUrl\":\"https:\/\/secure.gravatar.com\/avatar\/eeff3c82f2c02f7177d13663b7e6f890e9a6a0647ce9bb29cae02dcb094c7312?s=96&d=mm&r=g\",\"caption\":\"webman\"},\"url\":\"https:\/\/explora.cl\/maule\/author\/webman\/\"}]}<\/script>\n<!-- \/ Yoast SEO plugin. -->","yoast_head_json":{"title":"UTalca invita a docentes de matem\u00e1ticas a capacitarse en estad\u00edstica - Maule","robots":{"index":"index","follow":"follow","max-snippet":"max-snippet:-1","max-image-preview":"max-image-preview:large","max-video-preview":"max-video-preview:-1"},"canonical":"https:\/\/explora.cl\/maule\/utalca-invita-a-docentes-de-matematicas-a-capacitarse-en-estadistica\/","og_locale":"es_ES","og_type":"article","og_title":"UTalca invita a docentes de matem\u00e1ticas a capacitarse en estad\u00edstica - Maule","og_description":"A trav\u00e9s de un taller gratuito dirigido a docentes de ense\u00f1anza media de la Regi\u00f3n. La capacitaci\u00f3n ser\u00e1 impartida por el Dr. Guido del Pino, referente en estad\u00edstica a nivel nacional. El Instituto de Matem\u00e1tica y F\u00edsica de la Universidad de Talca invita a docentes de matem\u00e1tica de ense\u00f1anza media y a estudiantes de pedagog\u00eda [&hellip;]","og_url":"https:\/\/explora.cl\/maule\/utalca-invita-a-docentes-de-matematicas-a-capacitarse-en-estadistica\/","og_site_name":"Maule","article_published_time":"2015-05-04T19:13:21+00:00","article_modified_time":"2019-05-20T18:18:22+00:00","author":"webman","twitter_card":"summary_large_image","twitter_misc":{"Escrito por":"webman","Tiempo estimado de lectura":"1 minuto"},"schema":{"@context":"https:\/\/schema.org","@graph":[{"@type":"Article","@id":"https:\/\/explora.cl\/maule\/utalca-invita-a-docentes-de-matematicas-a-capacitarse-en-estadistica\/#article","isPartOf":{"@id":"https:\/\/explora.cl\/maule\/utalca-invita-a-docentes-de-matematicas-a-capacitarse-en-estadistica\/"},"author":{"name":"webman","@id":"https:\/\/explora.cl\/maule\/#\/schema\/person\/cb8349c13ea2d324080adf8480d7ba5d"},"headline":"UTalca invita a docentes de matem\u00e1ticas a capacitarse en estad\u00edstica","datePublished":"2015-05-04T19:13:21+00:00","dateModified":"2019-05-20T18:18:22+00:00","mainEntityOfPage":{"@id":"https:\/\/explora.cl\/maule\/utalca-invita-a-docentes-de-matematicas-a-capacitarse-en-estadistica\/"},"wordCount":212,"image":{"@id":"https:\/\/explora.cl\/maule\/utalca-invita-a-docentes-de-matematicas-a-capacitarse-en-estadistica\/#primaryimage"},"thumbnailUrl":"","articleSection":["Noticias"],"inLanguage":"es-CL"},{"@type":"WebPage","@id":"https:\/\/explora.cl\/maule\/utalca-invita-a-docentes-de-matematicas-a-capacitarse-en-estadistica\/","url":"https:\/\/explora.cl\/maule\/utalca-invita-a-docentes-de-matematicas-a-capacitarse-en-estadistica\/","name":"UTalca invita a docentes de matem\u00e1ticas a capacitarse en estad\u00edstica - Maule","isPartOf":{"@id":"https:\/\/explora.cl\/maule\/#website"},"primaryImageOfPage":{"@id":"https:\/\/explora.cl\/maule\/utalca-invita-a-docentes-de-matematicas-a-capacitarse-en-estadistica\/#primaryimage"},"image":{"@id":"https:\/\/explora.cl\/maule\/utalca-invita-a-docentes-de-matematicas-a-capacitarse-en-estadistica\/#primaryimage"},"thumbnailUrl":"","datePublished":"2015-05-04T19:13:21+00:00","dateModified":"2019-05-20T18:18:22+00:00","author":{"@id":"https:\/\/explora.cl\/maule\/#\/schema\/person\/cb8349c13ea2d324080adf8480d7ba5d"},"breadcrumb":{"@id":"https:\/\/explora.cl\/maule\/utalca-invita-a-docentes-de-matematicas-a-capacitarse-en-estadistica\/#breadcrumb"},"inLanguage":"es-CL","potentialAction":[{"@type":"ReadAction","target":["https:\/\/explora.cl\/maule\/utalca-invita-a-docentes-de-matematicas-a-capacitarse-en-estadistica\/"]}]},{"@type":"ImageObject","inLanguage":"es-CL","@id":"https:\/\/explora.cl\/maule\/utalca-invita-a-docentes-de-matematicas-a-capacitarse-en-estadistica\/#primaryimage","url":"","contentUrl":""},{"@type":"BreadcrumbList","@id":"https:\/\/explora.cl\/maule\/utalca-invita-a-docentes-de-matematicas-a-capacitarse-en-estadistica\/#breadcrumb","itemListElement":[{"@type":"ListItem","position":1,"name":"Portada","item":"https:\/\/explora.cl\/maule\/"},{"@type":"ListItem","position":2,"name":"UTalca invita a docentes de matem\u00e1ticas a capacitarse en estad\u00edstica"}]},{"@type":"WebSite","@id":"https:\/\/explora.cl\/maule\/#website","url":"https:\/\/explora.cl\/maule\/","name":"Maule","description":"Otro sitio m\u00e1s de explora.cl","potentialAction":[{"@type":"SearchAction","target":{"@type":"EntryPoint","urlTemplate":"https:\/\/explora.cl\/maule\/?s={search_term_string}"},"query-input":{"@type":"PropertyValueSpecification","valueRequired":true,"valueName":"search_term_string"}}],"inLanguage":"es-CL"},{"@type":"Person","@id":"https:\/\/explora.cl\/maule\/#\/schema\/person\/cb8349c13ea2d324080adf8480d7ba5d","name":"webman","image":{"@type":"ImageObject","inLanguage":"es-CL","@id":"https:\/\/explora.cl\/maule\/#\/schema\/person\/image\/","url":"https:\/\/secure.gravatar.com\/avatar\/eeff3c82f2c02f7177d13663b7e6f890e9a6a0647ce9bb29cae02dcb094c7312?s=96&d=mm&r=g","contentUrl":"https:\/\/secure.gravatar.com\/avatar\/eeff3c82f2c02f7177d13663b7e6f890e9a6a0647ce9bb29cae02dcb094c7312?s=96&d=mm&r=g","caption":"webman"},"url":"https:\/\/explora.cl\/maule\/author\/webman\/"}]}},"_links":{"self":[{"href":"https:\/\/explora.cl\/maule\/wp-json\/wp\/v2\/posts\/599","targetHints":{"allow":["GET"]}}],"collection":[{"href":"https:\/\/explora.cl\/maule\/wp-json\/wp\/v2\/posts"}],"about":[{"href":"https:\/\/explora.cl\/maule\/wp-json\/wp\/v2\/types\/post"}],"author":[{"embeddable":true,"href":"https:\/\/explora.cl\/maule\/wp-json\/wp\/v2\/users\/2"}],"replies":[{"embeddable":true,"href":"https:\/\/explora.cl\/maule\/wp-json\/wp\/v2\/comments?post=599"}],"version-history":[{"count":1,"href":"https:\/\/explora.cl\/maule\/wp-json\/wp\/v2\/posts\/599\/revisions"}],"predecessor-version":[{"id":37855,"href":"https:\/\/explora.cl\/maule\/wp-json\/wp\/v2\/posts\/599\/revisions\/37855"}],"wp:featuredmedia":[{"embeddable":true,"href":"https:\/\/explora.cl\/maule\/wp-json\/"}],"wp:attachment":[{"href":"https:\/\/explora.cl\/maule\/wp-json\/wp\/v2\/media?parent=599"}],"wp:term":[{"taxonomy":"category","embeddable":true,"href":"https:\/\/explora.cl\/maule\/wp-json\/wp\/v2\/categories?post=599"},{"taxonomy":"post_tag","embeddable":true,"href":"https:\/\/explora.cl\/maule\/wp-json\/wp\/v2\/tags?post=599"}],"curies":[{"name":"wp","href":"https:\/\/api.w.org\/{rel}","templated":true}]}}