{"id":589,"date":"2015-05-11T20:18:43","date_gmt":"2015-05-11T20:18:43","guid":{"rendered":"https:\/\/explora.cl\/maule\/blog\/2015\/05\/11\/alta-participacion-de-docentes-en-red-territorial-par-explora-maule\/"},"modified":"2019-05-20T18:18:21","modified_gmt":"2019-05-20T18:18:21","slug":"alta-participacion-de-docentes-en-red-territorial-par-explora-maule","status":"publish","type":"post","link":"https:\/\/explora.cl\/maule\/alta-participacion-de-docentes-en-red-territorial-par-explora-maule\/","title":{"rendered":"Alta participaci\u00f3n de docentes en Red Territorial PAR EXPLORA Maule"},"content":{"rendered":"<p><img fetchpriority=\"high\" decoding=\"async\" class=\" size-full wp-image-10854\" src=\"http:\/\/ec2-34-218-253-251.us-west-2.compute.amazonaws.com\/wp-content\/uploads\/2015\/05\/9e8b43cbaef26c85e982513c136ce130.jpg\" alt=\"\" width=\"487\" height=\"326\" \/><\/p>\n<p><em>El objetivo fue informar y coordinar las m\u00faltiples actividades organizada este a\u00f1o con los docentes, con el prop\u00f3sito de difundir la importancia de la ciencia entre los estudiantes.<\/em><\/p>\n<p>Con un taller sobre el uso y cuidado adecuado de la voz para profesores de establecimientos educacionales de la Regi\u00f3n del Maule \u2014impartido por la acad\u00e9mica de la Escuela de Fonoaudiolog\u00eda, Gemima Mu\u00f1oz\u2014 se desarroll\u00f3 la tercera reuni\u00f3n mensual de la Red Territorial \u201cMaule Ciencia\u201d, en el Campus Talca. La actividad fue organizada por el PAR EXPLORA Maule, a cargo de la Direcci\u00f3n de Responsabilidad Social Universitaria (RSU) de la Universidad de Talca.\u00a0<\/p>\n<p>El objetivo fue informar y coordinar las m\u00faltiples actividades organizadas este a\u00f1o con los docentes, con el prop\u00f3sito de difundir la importancia de la ciencia entre los estudiantes de ense\u00f1anza b\u00e1sica y media. \u201cFue una jornada informativa sobre las iniciativas programadas e incluy\u00f3 un taller sobre el cuidado de la voz, que es un elemento fundamental para las actividades de los profesores en aula\u201d, afirm\u00f3 Iv\u00e1n Coydan, director de RSU y del PAR EXPLORA Maule. En estas instancias cada mes se incorporan nuevos docentes y establecimientos.\u00a0<\/p>\n<p>\u201cEsto es beneficioso para nuestra labor, ya que son actividades en pos de los alumnos con varias alternativas para que participen en ciencia, a trav\u00e9s de ferias y exposiciones. Tambi\u00e9n nos ofrecen talleres; el mes pasado fue sobre nutrici\u00f3n, para la alimentaci\u00f3n sana de nuestros estudiantes\u201d, coment\u00f3 Enrique Zambra, profesor de ciencias del Colegio Ingl\u00e9s de Talca.\u00a0<\/p>\n<p>En tanto, Jonathan Ibarra, docente de la Escuela B\u00e1sica de Colb\u00fan, dijo que las iniciativas del Programa Explora permiten acercar el conocimiento cient\u00edfico a los escolares. \u201cNos dan muchas herramientas para presentar de forma m\u00e1s l\u00fadica la hermosa asignatura de las ciencias\u201d, se\u00f1al\u00f3 el educador.<\/p>\n<p>\u00a0<\/p>\n","protected":false},"excerpt":{"rendered":"<p>El objetivo fue informar y coordinar las m\u00faltiples actividades organizada este a\u00f1o con los docentes, con el prop\u00f3sito de difundir la importancia de la ciencia entre los estudiantes. Con un taller sobre el uso y cuidado adecuado de la voz para profesores de establecimientos educacionales de la Regi\u00f3n del Maule \u2014impartido por la acad\u00e9mica de [&hellip;]<\/p>\n","protected":false},"author":2,"featured_media":10854,"comment_status":"closed","ping_status":"open","sticky":false,"template":"","format":"standard","meta":{"_acf_changed":false,"_exactmetrics_skip_tracking":false,"_exactmetrics_sitenote_active":false,"_exactmetrics_sitenote_note":"","_exactmetrics_sitenote_category":0,"footnotes":"","_links_to":"","_links_to_target":""},"categories":[4],"tags":[],"class_list":["post-589","post","type-post","status-publish","format-standard","has-post-thumbnail","hentry","category-noticias"],"acf":[],"yoast_head":"<!-- This site is optimized with the Yoast SEO plugin v26.9 - https:\/\/yoast.com\/product\/yoast-seo-wordpress\/ -->\n<title>Alta participaci\u00f3n de docentes en Red Territorial PAR EXPLORA Maule - Maule<\/title>\n<meta name=\"robots\" content=\"index, follow, max-snippet:-1, max-image-preview:large, max-video-preview:-1\" \/>\n<link rel=\"canonical\" href=\"https:\/\/explora.cl\/maule\/alta-participacion-de-docentes-en-red-territorial-par-explora-maule\/\" class=\"yoast-seo-meta-tag\" \/>\n<meta property=\"og:locale\" content=\"es_ES\" class=\"yoast-seo-meta-tag\" \/>\n<meta property=\"og:type\" content=\"article\" class=\"yoast-seo-meta-tag\" \/>\n<meta property=\"og:title\" content=\"Alta participaci\u00f3n de docentes en Red Territorial PAR EXPLORA Maule - Maule\" class=\"yoast-seo-meta-tag\" \/>\n<meta property=\"og:description\" content=\"El objetivo fue informar y coordinar las m\u00faltiples actividades organizada este a\u00f1o con los docentes, con el prop\u00f3sito de difundir la importancia de la ciencia entre los estudiantes. Con un taller sobre el uso y cuidado adecuado de la voz para profesores de establecimientos educacionales de la Regi\u00f3n del Maule \u2014impartido por la acad\u00e9mica de [&hellip;]\" class=\"yoast-seo-meta-tag\" \/>\n<meta property=\"og:url\" content=\"https:\/\/explora.cl\/maule\/alta-participacion-de-docentes-en-red-territorial-par-explora-maule\/\" class=\"yoast-seo-meta-tag\" \/>\n<meta property=\"og:site_name\" content=\"Maule\" class=\"yoast-seo-meta-tag\" \/>\n<meta property=\"article:published_time\" content=\"2015-05-11T20:18:43+00:00\" class=\"yoast-seo-meta-tag\" \/>\n<meta property=\"article:modified_time\" content=\"2019-05-20T18:18:21+00:00\" class=\"yoast-seo-meta-tag\" \/>\n<meta name=\"author\" content=\"webman\" class=\"yoast-seo-meta-tag\" \/>\n<meta name=\"twitter:card\" content=\"summary_large_image\" class=\"yoast-seo-meta-tag\" \/>\n<meta name=\"twitter:label1\" content=\"Escrito por\" class=\"yoast-seo-meta-tag\" \/>\n\t<meta name=\"twitter:data1\" content=\"webman\" class=\"yoast-seo-meta-tag\" \/>\n\t<meta name=\"twitter:label2\" content=\"Tiempo estimado de lectura\" class=\"yoast-seo-meta-tag\" \/>\n\t<meta name=\"twitter:data2\" content=\"2 minutos\" class=\"yoast-seo-meta-tag\" \/>\n<script type=\"application\/ld+json\" class=\"yoast-schema-graph\">{\"@context\":\"https:\/\/schema.org\",\"@graph\":[{\"@type\":\"Article\",\"@id\":\"https:\/\/explora.cl\/maule\/alta-participacion-de-docentes-en-red-territorial-par-explora-maule\/#article\",\"isPartOf\":{\"@id\":\"https:\/\/explora.cl\/maule\/alta-participacion-de-docentes-en-red-territorial-par-explora-maule\/\"},\"author\":{\"name\":\"webman\",\"@id\":\"https:\/\/explora.cl\/maule\/#\/schema\/person\/cb8349c13ea2d324080adf8480d7ba5d\"},\"headline\":\"Alta participaci\u00f3n de docentes en Red Territorial PAR EXPLORA Maule\",\"datePublished\":\"2015-05-11T20:18:43+00:00\",\"dateModified\":\"2019-05-20T18:18:21+00:00\",\"mainEntityOfPage\":{\"@id\":\"https:\/\/explora.cl\/maule\/alta-participacion-de-docentes-en-red-territorial-par-explora-maule\/\"},\"wordCount\":326,\"image\":{\"@id\":\"https:\/\/explora.cl\/maule\/alta-participacion-de-docentes-en-red-territorial-par-explora-maule\/#primaryimage\"},\"thumbnailUrl\":\"\",\"articleSection\":[\"Noticias\"],\"inLanguage\":\"es-CL\"},{\"@type\":\"WebPage\",\"@id\":\"https:\/\/explora.cl\/maule\/alta-participacion-de-docentes-en-red-territorial-par-explora-maule\/\",\"url\":\"https:\/\/explora.cl\/maule\/alta-participacion-de-docentes-en-red-territorial-par-explora-maule\/\",\"name\":\"Alta participaci\u00f3n de docentes en Red Territorial PAR EXPLORA Maule - Maule\",\"isPartOf\":{\"@id\":\"https:\/\/explora.cl\/maule\/#website\"},\"primaryImageOfPage\":{\"@id\":\"https:\/\/explora.cl\/maule\/alta-participacion-de-docentes-en-red-territorial-par-explora-maule\/#primaryimage\"},\"image\":{\"@id\":\"https:\/\/explora.cl\/maule\/alta-participacion-de-docentes-en-red-territorial-par-explora-maule\/#primaryimage\"},\"thumbnailUrl\":\"\",\"datePublished\":\"2015-05-11T20:18:43+00:00\",\"dateModified\":\"2019-05-20T18:18:21+00:00\",\"author\":{\"@id\":\"https:\/\/explora.cl\/maule\/#\/schema\/person\/cb8349c13ea2d324080adf8480d7ba5d\"},\"breadcrumb\":{\"@id\":\"https:\/\/explora.cl\/maule\/alta-participacion-de-docentes-en-red-territorial-par-explora-maule\/#breadcrumb\"},\"inLanguage\":\"es-CL\",\"potentialAction\":[{\"@type\":\"ReadAction\",\"target\":[\"https:\/\/explora.cl\/maule\/alta-participacion-de-docentes-en-red-territorial-par-explora-maule\/\"]}]},{\"@type\":\"ImageObject\",\"inLanguage\":\"es-CL\",\"@id\":\"https:\/\/explora.cl\/maule\/alta-participacion-de-docentes-en-red-territorial-par-explora-maule\/#primaryimage\",\"url\":\"\",\"contentUrl\":\"\"},{\"@type\":\"BreadcrumbList\",\"@id\":\"https:\/\/explora.cl\/maule\/alta-participacion-de-docentes-en-red-territorial-par-explora-maule\/#breadcrumb\",\"itemListElement\":[{\"@type\":\"ListItem\",\"position\":1,\"name\":\"Portada\",\"item\":\"https:\/\/explora.cl\/maule\/\"},{\"@type\":\"ListItem\",\"position\":2,\"name\":\"Alta participaci\u00f3n de docentes en Red Territorial PAR EXPLORA Maule\"}]},{\"@type\":\"WebSite\",\"@id\":\"https:\/\/explora.cl\/maule\/#website\",\"url\":\"https:\/\/explora.cl\/maule\/\",\"name\":\"Maule\",\"description\":\"Otro sitio m\u00e1s de explora.cl\",\"potentialAction\":[{\"@type\":\"SearchAction\",\"target\":{\"@type\":\"EntryPoint\",\"urlTemplate\":\"https:\/\/explora.cl\/maule\/?s={search_term_string}\"},\"query-input\":{\"@type\":\"PropertyValueSpecification\",\"valueRequired\":true,\"valueName\":\"search_term_string\"}}],\"inLanguage\":\"es-CL\"},{\"@type\":\"Person\",\"@id\":\"https:\/\/explora.cl\/maule\/#\/schema\/person\/cb8349c13ea2d324080adf8480d7ba5d\",\"name\":\"webman\",\"image\":{\"@type\":\"ImageObject\",\"inLanguage\":\"es-CL\",\"@id\":\"https:\/\/explora.cl\/maule\/#\/schema\/person\/image\/\",\"url\":\"https:\/\/secure.gravatar.com\/avatar\/eeff3c82f2c02f7177d13663b7e6f890e9a6a0647ce9bb29cae02dcb094c7312?s=96&d=mm&r=g\",\"contentUrl\":\"https:\/\/secure.gravatar.com\/avatar\/eeff3c82f2c02f7177d13663b7e6f890e9a6a0647ce9bb29cae02dcb094c7312?s=96&d=mm&r=g\",\"caption\":\"webman\"},\"url\":\"https:\/\/explora.cl\/maule\/author\/webman\/\"}]}<\/script>\n<!-- \/ Yoast SEO plugin. -->","yoast_head_json":{"title":"Alta participaci\u00f3n de docentes en Red Territorial PAR EXPLORA Maule - Maule","robots":{"index":"index","follow":"follow","max-snippet":"max-snippet:-1","max-image-preview":"max-image-preview:large","max-video-preview":"max-video-preview:-1"},"canonical":"https:\/\/explora.cl\/maule\/alta-participacion-de-docentes-en-red-territorial-par-explora-maule\/","og_locale":"es_ES","og_type":"article","og_title":"Alta participaci\u00f3n de docentes en Red Territorial PAR EXPLORA Maule - Maule","og_description":"El objetivo fue informar y coordinar las m\u00faltiples actividades organizada este a\u00f1o con los docentes, con el prop\u00f3sito de difundir la importancia de la ciencia entre los estudiantes. Con un taller sobre el uso y cuidado adecuado de la voz para profesores de establecimientos educacionales de la Regi\u00f3n del Maule \u2014impartido por la acad\u00e9mica de [&hellip;]","og_url":"https:\/\/explora.cl\/maule\/alta-participacion-de-docentes-en-red-territorial-par-explora-maule\/","og_site_name":"Maule","article_published_time":"2015-05-11T20:18:43+00:00","article_modified_time":"2019-05-20T18:18:21+00:00","author":"webman","twitter_card":"summary_large_image","twitter_misc":{"Escrito por":"webman","Tiempo estimado de lectura":"2 minutos"},"schema":{"@context":"https:\/\/schema.org","@graph":[{"@type":"Article","@id":"https:\/\/explora.cl\/maule\/alta-participacion-de-docentes-en-red-territorial-par-explora-maule\/#article","isPartOf":{"@id":"https:\/\/explora.cl\/maule\/alta-participacion-de-docentes-en-red-territorial-par-explora-maule\/"},"author":{"name":"webman","@id":"https:\/\/explora.cl\/maule\/#\/schema\/person\/cb8349c13ea2d324080adf8480d7ba5d"},"headline":"Alta participaci\u00f3n de docentes en Red Territorial PAR EXPLORA Maule","datePublished":"2015-05-11T20:18:43+00:00","dateModified":"2019-05-20T18:18:21+00:00","mainEntityOfPage":{"@id":"https:\/\/explora.cl\/maule\/alta-participacion-de-docentes-en-red-territorial-par-explora-maule\/"},"wordCount":326,"image":{"@id":"https:\/\/explora.cl\/maule\/alta-participacion-de-docentes-en-red-territorial-par-explora-maule\/#primaryimage"},"thumbnailUrl":"","articleSection":["Noticias"],"inLanguage":"es-CL"},{"@type":"WebPage","@id":"https:\/\/explora.cl\/maule\/alta-participacion-de-docentes-en-red-territorial-par-explora-maule\/","url":"https:\/\/explora.cl\/maule\/alta-participacion-de-docentes-en-red-territorial-par-explora-maule\/","name":"Alta participaci\u00f3n de docentes en Red Territorial PAR EXPLORA Maule - Maule","isPartOf":{"@id":"https:\/\/explora.cl\/maule\/#website"},"primaryImageOfPage":{"@id":"https:\/\/explora.cl\/maule\/alta-participacion-de-docentes-en-red-territorial-par-explora-maule\/#primaryimage"},"image":{"@id":"https:\/\/explora.cl\/maule\/alta-participacion-de-docentes-en-red-territorial-par-explora-maule\/#primaryimage"},"thumbnailUrl":"","datePublished":"2015-05-11T20:18:43+00:00","dateModified":"2019-05-20T18:18:21+00:00","author":{"@id":"https:\/\/explora.cl\/maule\/#\/schema\/person\/cb8349c13ea2d324080adf8480d7ba5d"},"breadcrumb":{"@id":"https:\/\/explora.cl\/maule\/alta-participacion-de-docentes-en-red-territorial-par-explora-maule\/#breadcrumb"},"inLanguage":"es-CL","potentialAction":[{"@type":"ReadAction","target":["https:\/\/explora.cl\/maule\/alta-participacion-de-docentes-en-red-territorial-par-explora-maule\/"]}]},{"@type":"ImageObject","inLanguage":"es-CL","@id":"https:\/\/explora.cl\/maule\/alta-participacion-de-docentes-en-red-territorial-par-explora-maule\/#primaryimage","url":"","contentUrl":""},{"@type":"BreadcrumbList","@id":"https:\/\/explora.cl\/maule\/alta-participacion-de-docentes-en-red-territorial-par-explora-maule\/#breadcrumb","itemListElement":[{"@type":"ListItem","position":1,"name":"Portada","item":"https:\/\/explora.cl\/maule\/"},{"@type":"ListItem","position":2,"name":"Alta participaci\u00f3n de docentes en Red Territorial PAR EXPLORA Maule"}]},{"@type":"WebSite","@id":"https:\/\/explora.cl\/maule\/#website","url":"https:\/\/explora.cl\/maule\/","name":"Maule","description":"Otro sitio m\u00e1s de explora.cl","potentialAction":[{"@type":"SearchAction","target":{"@type":"EntryPoint","urlTemplate":"https:\/\/explora.cl\/maule\/?s={search_term_string}"},"query-input":{"@type":"PropertyValueSpecification","valueRequired":true,"valueName":"search_term_string"}}],"inLanguage":"es-CL"},{"@type":"Person","@id":"https:\/\/explora.cl\/maule\/#\/schema\/person\/cb8349c13ea2d324080adf8480d7ba5d","name":"webman","image":{"@type":"ImageObject","inLanguage":"es-CL","@id":"https:\/\/explora.cl\/maule\/#\/schema\/person\/image\/","url":"https:\/\/secure.gravatar.com\/avatar\/eeff3c82f2c02f7177d13663b7e6f890e9a6a0647ce9bb29cae02dcb094c7312?s=96&d=mm&r=g","contentUrl":"https:\/\/secure.gravatar.com\/avatar\/eeff3c82f2c02f7177d13663b7e6f890e9a6a0647ce9bb29cae02dcb094c7312?s=96&d=mm&r=g","caption":"webman"},"url":"https:\/\/explora.cl\/maule\/author\/webman\/"}]}},"_links":{"self":[{"href":"https:\/\/explora.cl\/maule\/wp-json\/wp\/v2\/posts\/589","targetHints":{"allow":["GET"]}}],"collection":[{"href":"https:\/\/explora.cl\/maule\/wp-json\/wp\/v2\/posts"}],"about":[{"href":"https:\/\/explora.cl\/maule\/wp-json\/wp\/v2\/types\/post"}],"author":[{"embeddable":true,"href":"https:\/\/explora.cl\/maule\/wp-json\/wp\/v2\/users\/2"}],"replies":[{"embeddable":true,"href":"https:\/\/explora.cl\/maule\/wp-json\/wp\/v2\/comments?post=589"}],"version-history":[{"count":1,"href":"https:\/\/explora.cl\/maule\/wp-json\/wp\/v2\/posts\/589\/revisions"}],"predecessor-version":[{"id":37850,"href":"https:\/\/explora.cl\/maule\/wp-json\/wp\/v2\/posts\/589\/revisions\/37850"}],"wp:featuredmedia":[{"embeddable":true,"href":"https:\/\/explora.cl\/maule\/wp-json\/"}],"wp:attachment":[{"href":"https:\/\/explora.cl\/maule\/wp-json\/wp\/v2\/media?parent=589"}],"wp:term":[{"taxonomy":"category","embeddable":true,"href":"https:\/\/explora.cl\/maule\/wp-json\/wp\/v2\/categories?post=589"},{"taxonomy":"post_tag","embeddable":true,"href":"https:\/\/explora.cl\/maule\/wp-json\/wp\/v2\/tags?post=589"}],"curies":[{"name":"wp","href":"https:\/\/api.w.org\/{rel}","templated":true}]}}