{"id":39633,"date":"2026-09-01T12:17:32","date_gmt":"2026-09-01T16:17:32","guid":{"rendered":"https:\/\/explora.cl\/maule\/?p=39633"},"modified":"2026-09-01T12:22:46","modified_gmt":"2026-09-01T16:22:46","slug":"congreso-regional-explora-reune-40-investigaciones-cientificas-escolares","status":"publish","type":"post","link":"https:\/\/explora.cl\/maule\/congreso-regional-explora-reune-40-investigaciones-cientificas-escolares\/","title":{"rendered":"Congreso Regional Explora re\u00fane 40 investigaciones cient\u00edficas escolares"},"content":{"rendered":"<p>Con masiva presencia de escolares, docentes, cient\u00edficas\/os y autoridades de la Regi\u00f3n del Maule se llev\u00f3 a cabo la decimoquinta versi\u00f3n del Congreso Regional Explora de Investigaci\u00f3n e Innovaci\u00f3n Escolar. En el encuentro los estudiantes presentaron los resultados de 40 proyectos de investigaci\u00f3n desarrollados durante el a\u00f1o, con el apoyo de acad\u00e9micos universitarios.<\/p>\n<p>Explora es una iniciativa del Ministerio de Ciencia, Tecnolog\u00eda, Conocimiento e Innovaci\u00f3n, ejecutada hace 14 a\u00f1os en la Regi\u00f3n del Maule por la Universidad de Talca, a trav\u00e9s de la Direcci\u00f3n General de Vinculaci\u00f3n con el Medio. Este programa busca acercar el conocimiento cient\u00edfico a las comunidades educativas, a trav\u00e9s de una articulaci\u00f3n con la academia.<\/p>\n<p>\u201cComo Universidad tenemos una misi\u00f3n respecto de traspasar los conocimientos y que no solamente se queden dentro del aula en el campus, sino que esos tambi\u00e9n se extiendan a la comunidad en general. El trabajar con Explora es una muy buena forma de poder incentivar nuevos cient\u00edficos y cient\u00edficas\u201d, asegur\u00f3 la directora General de Vinculaci\u00f3n con el Medio, Blanca Z\u00fa\u00f1iga Alegr\u00eda.<\/p>\n<p>La Seremi Ciencia, Tecnolog\u00eda, Conocimiento e Innovaci\u00f3n de Maule y O\u2019Higgins, Macarena San Mart\u00edn Freire, detall\u00f3 que Explora es uno de los programas m\u00e1s importantes del Ministerio que llega anualmente a m\u00e1s de 85 mil estudiantes a nivel nacional y 2 mil 500 en la regi\u00f3n. \u201cNada ser\u00eda posible si no existiera una entidad ejecutora que realmente pudiese hacer las cosas de manera correcta y con la vocaci\u00f3n de servicio que corresponde en una pol\u00edtica p\u00fablica. Hoy la Universidad de Talca cumple ese rol, y no solo este a\u00f1o, sino que ya lo viene desarrollando hace 14 a\u00f1os\u201d.<\/p>\n<p>Asimismo, la seremi destac\u00f3 la importancia de generar encuentros como este Congreso Regional, \u201choy d\u00eda vemos a muchos j\u00f3venes que est\u00e1n mostrando sus proyectos en una instancia distinta con sus docentes, y eso hace que se genere una colaboraci\u00f3n importante para que el d\u00eda de ma\u00f1ana puedan seguir carreras que les hagan felices y les permitan seguir en el mundo de la ciencia\u201d.<\/p>\n<p>&nbsp;<\/p>\n<p><strong>Aporte formativo<\/strong><\/p>\n<p>El director de Explora Maule, Claudio Pereira Valdebenito, relev\u00f3 la importancia de promover la curiosidad y el pensamiento cr\u00edtico en las ni\u00f1as, ni\u00f1os y j\u00f3venes. \u201cEste proyecto cambia vidas, fomenta vocaciones cient\u00edficas. M\u00e1s de 500 personas que est\u00e1n estudiando en la Universidad de Talca han pasado por Explora. Este es uno de los programas de desarrollo de talento m\u00e1s exitoso de la historia del pa\u00eds. As\u00ed que nosotros, desde la Universidad de Talca, estamos muy contentos y orgullosos de liderarlo\u201d.<\/p>\n<p>Por su parte, el Seremi de Educaci\u00f3n de la Regi\u00f3n del Maule, Cristi\u00e1n Letelier Letelier, destac\u00f3 el respaldo que entregan a los establecimientos escolares, que muchas veces no cuentan con infraestructura como laboratorios cient\u00edficos. \u201cPor eso es tan relevante el apoyo que nos da la Universidad de Talca a trav\u00e9s de Explora, porque permite tener un apoyo sistem\u00e1tico y claro, que muchas veces no tienen las condiciones en los colegios. En ese contexto nos permite acortar brechas y que nuestros ni\u00f1os tengan las oportunidades para poder desarrollarse y explorar el m\u00e9todo cient\u00edfico\u201d, asegur\u00f3.<\/p>\n<p>&nbsp;<\/p>\n<p><strong>Donde nace la ciencia<\/strong><\/p>\n<p>El Congreso Regional Explora se ha convertido en una gran instancia de divulgaci\u00f3n cient\u00edfica, relevando el trabajo que ni\u00f1as, ni\u00f1os y j\u00f3venes desarrollan a partir de sus propias preguntas e intereses. Desde dar soluciones a problemas de salud hasta buscar ideas para proteger la biodiversidad, son algunas de las tem\u00e1ticas abordadas por las investigaciones cient\u00edficas escolares presentes en esta nueva versi\u00f3n.<\/p>\n<p>Una de ellas estuvo a cargo de Martina Rioseco Parra, estudiante del Liceo Bicentenario Mar\u00eda de la Cruz del Tr\u00e1nsito de Molina quien junto a sus compa\u00f1eras\/os y profesor, desarrollaron un interesante proyecto junto al Hospital Santa Rosa para la detecci\u00f3n precoz de la bacteria Helicobacter Pylori en su colegio.<\/p>\n<p>&#8220;Llevo tres a\u00f1os dentro del proyecto Explora y para m\u00ed ha sido muy grato porque es un ambiente con mucho compa\u00f1erismo y trabajo en equipo, lo cual hace que esta experiencia se pueda disfrutar de mejor manera y los proyectos se puedan desarrollar de una forma mucho m\u00e1s fluida. Mi experiencia ha sido fant\u00e1stica, porque me ha ayudado a crecer como persona y a desarrollar mucho m\u00e1s mi pensamiento cient\u00edfico\u201d, declar\u00f3.<\/p>\n<p>Una gran oportunidad para aprender, pero tambi\u00e9n para quienes tienen la misi\u00f3n de formar a las futuras generaciones. El profesor del mismo liceo, Daniel Fuentes, trabaja hace 7 a\u00f1os con Explora y destaca los resultados obtenidos. \u201cHay estudiantes que debido a este trabajo han podido desarrollar sus intereses cient\u00edficos. Muchos no quer\u00edan seguir estudiando en la Universidad, pero gracias a esto se motivaron y pudieron seguir trabajando en l\u00edneas de investigaci\u00f3n y han derivado en estudios de posgrado\u201d.<\/p>\n<p>Los 40 proyectos fueron guiados por asesores cient\u00edficos y revisados por el Comit\u00e9 Cient\u00edfico Evaluador, integrado por cerca de 100 acad\u00e9micas\/os y estudiantes de postgrado de distintas universidades, principalmente de la Universidad de Talca.<\/p>\n<p>Una de sus integrantes es la investigadora del departamento de Microbiolog\u00eda de la UTalca, Andrea Barerra Valenzuela, quien explic\u00f3 su participaci\u00f3n: \u201cm\u00e1s que evaluar, es incentivar que sigan adelante, que sus preguntas son interesantes. Siempre puede haber mejoras, siempre puede haber nuevos experimentos que complementen su pregunta, pero lo importante es que est\u00e1n hoy d\u00eda aqu\u00ed, que est\u00e1n motivados, que quieren investigar y que quieren ser un aporte no solo para su colegio, sino que tambi\u00e9n para la sociedad\u201d.<\/p>\n<p>El Congreso Regional Explora permiti\u00f3 a las\/os estudiantes exponer sus investigaciones, pero tambi\u00e9n participar de 11 laboratorios simult\u00e1neos desarrollados en distintas unidades de la Universidad de Talca. Odontolog\u00eda, Pom\u00e1ceas, Huertos verticales y Qu\u00edmica fueron algunos de ellos.<\/p>\n<p>Este mi\u00e9rcoles contin\u00faan las actividades en el Campus Lircay con Biblioteca Viva, un conversatorio con investigadores y, luego la charla \u201cEl son que bailan los f\u00e1rmacos con los canales i\u00f3nicos\u201d de la acad\u00e9mica UTalina Wendy Gonz\u00e1lez. Finalizan as\u00ed dos jornadas destinadas a compartir experiencias, fortalecer la comunicaci\u00f3n cient\u00edfica, promover el pensamiento cr\u00edtico, la creatividad y el trabajo colaborativo.<\/p>\n","protected":false},"excerpt":{"rendered":"<p>M\u00e1s de 50 mil personas han sido beneficiados con este programa del Ministerio de Ciencia, Tecnolog\u00eda, Conocimiento e Innovaci\u00f3n, que es ejecutado por la Universidad de Talca.<\/p>\n","protected":false},"author":24,"featured_media":39634,"comment_status":"open","ping_status":"open","sticky":false,"template":"","format":"standard","meta":{"_acf_changed":false,"_exactmetrics_skip_tracking":false,"_exactmetrics_sitenote_active":false,"_exactmetrics_sitenote_note":"","_exactmetrics_sitenote_category":0,"footnotes":"","_links_to":"","_links_to_target":""},"categories":[4],"tags":[],"class_list":["post-39633","post","type-post","status-publish","format-standard","has-post-thumbnail","hentry","category-noticias"],"acf":[],"yoast_head":"<!-- This site is optimized with the Yoast SEO plugin v26.9 - https:\/\/yoast.com\/product\/yoast-seo-wordpress\/ -->\n<title>Congreso Regional Explora re\u00fane 40 investigaciones cient\u00edficas escolares - Maule<\/title>\n<meta name=\"description\" content=\"M\u00e1s de 500 personas se congregaron en torno a la divulgaci\u00f3n cient\u00edfica en el Campus Lircay de la Universidad de Talca. Estudiantes de 10 comunas del Maule presentaron sus proyectos realizados junto a sus docentes y acad\u00e9micos universitarios.\" class=\"yoast-seo-meta-tag\" \/>\n<meta name=\"robots\" content=\"index, follow, max-snippet:-1, max-image-preview:large, max-video-preview:-1\" \/>\n<link rel=\"canonical\" href=\"https:\/\/explora.cl\/maule\/congreso-regional-explora-reune-40-investigaciones-cientificas-escolares\/\" class=\"yoast-seo-meta-tag\" \/>\n<meta property=\"og:locale\" content=\"es_ES\" class=\"yoast-seo-meta-tag\" \/>\n<meta property=\"og:type\" content=\"article\" class=\"yoast-seo-meta-tag\" \/>\n<meta property=\"og:title\" content=\"Congreso Regional Explora re\u00fane 40 investigaciones cient\u00edficas escolares - Maule\" class=\"yoast-seo-meta-tag\" \/>\n<meta property=\"og:description\" content=\"M\u00e1s de 500 personas se congregaron en torno a la divulgaci\u00f3n cient\u00edfica en el Campus Lircay de la Universidad de Talca. Estudiantes de 10 comunas del Maule presentaron sus proyectos realizados junto a sus docentes y acad\u00e9micos universitarios.\" class=\"yoast-seo-meta-tag\" \/>\n<meta property=\"og:url\" content=\"https:\/\/explora.cl\/maule\/congreso-regional-explora-reune-40-investigaciones-cientificas-escolares\/\" class=\"yoast-seo-meta-tag\" \/>\n<meta property=\"og:site_name\" content=\"Maule\" class=\"yoast-seo-meta-tag\" \/>\n<meta property=\"article:published_time\" content=\"2026-09-01T16:17:32+00:00\" class=\"yoast-seo-meta-tag\" \/>\n<meta property=\"article:modified_time\" content=\"2026-09-01T16:22:46+00:00\" class=\"yoast-seo-meta-tag\" \/>\n<meta property=\"og:image\" content=\"https:\/\/explora.cl\/maule\/wp-content\/uploads\/sites\/9\/2026\/09\/IMG_0948-scaled.jpg\" class=\"yoast-seo-meta-tag\" \/>\n\t<meta property=\"og:image:width\" content=\"2560\" class=\"yoast-seo-meta-tag\" \/>\n\t<meta property=\"og:image:height\" content=\"1707\" class=\"yoast-seo-meta-tag\" \/>\n\t<meta property=\"og:image:type\" content=\"image\/jpeg\" class=\"yoast-seo-meta-tag\" \/>\n<meta name=\"author\" content=\"cpereira\" class=\"yoast-seo-meta-tag\" \/>\n<meta name=\"twitter:card\" content=\"summary_large_image\" class=\"yoast-seo-meta-tag\" \/>\n<meta name=\"twitter:label1\" content=\"Escrito por\" class=\"yoast-seo-meta-tag\" \/>\n\t<meta name=\"twitter:data1\" content=\"cpereira\" class=\"yoast-seo-meta-tag\" \/>\n\t<meta name=\"twitter:label2\" content=\"Tiempo estimado de lectura\" class=\"yoast-seo-meta-tag\" \/>\n\t<meta name=\"twitter:data2\" content=\"5 minutos\" class=\"yoast-seo-meta-tag\" \/>\n<script type=\"application\/ld+json\" class=\"yoast-schema-graph\">{\"@context\":\"https:\/\/schema.org\",\"@graph\":[{\"@type\":\"Article\",\"@id\":\"https:\/\/explora.cl\/maule\/congreso-regional-explora-reune-40-investigaciones-cientificas-escolares\/#article\",\"isPartOf\":{\"@id\":\"https:\/\/explora.cl\/maule\/congreso-regional-explora-reune-40-investigaciones-cientificas-escolares\/\"},\"author\":{\"name\":\"cpereira\",\"@id\":\"https:\/\/explora.cl\/maule\/#\/schema\/person\/7c4a8d7da1b43fee83d990c08dd35f99\"},\"headline\":\"Congreso Regional Explora re\u00fane 40 investigaciones cient\u00edficas escolares\",\"datePublished\":\"2026-09-01T16:17:32+00:00\",\"dateModified\":\"2026-09-01T16:22:46+00:00\",\"mainEntityOfPage\":{\"@id\":\"https:\/\/explora.cl\/maule\/congreso-regional-explora-reune-40-investigaciones-cientificas-escolares\/\"},\"wordCount\":1093,\"commentCount\":0,\"image\":{\"@id\":\"https:\/\/explora.cl\/maule\/congreso-regional-explora-reune-40-investigaciones-cientificas-escolares\/#primaryimage\"},\"thumbnailUrl\":\"https:\/\/explora.cl\/maule\/wp-content\/uploads\/sites\/9\/2026\/09\/IMG_0948-scaled.jpg\",\"articleSection\":[\"Noticias\"],\"inLanguage\":\"es-CL\",\"potentialAction\":[{\"@type\":\"CommentAction\",\"name\":\"Comment\",\"target\":[\"https:\/\/explora.cl\/maule\/congreso-regional-explora-reune-40-investigaciones-cientificas-escolares\/#respond\"]}]},{\"@type\":\"WebPage\",\"@id\":\"https:\/\/explora.cl\/maule\/congreso-regional-explora-reune-40-investigaciones-cientificas-escolares\/\",\"url\":\"https:\/\/explora.cl\/maule\/congreso-regional-explora-reune-40-investigaciones-cientificas-escolares\/\",\"name\":\"Congreso Regional Explora re\u00fane 40 investigaciones cient\u00edficas escolares - Maule\",\"isPartOf\":{\"@id\":\"https:\/\/explora.cl\/maule\/#website\"},\"primaryImageOfPage\":{\"@id\":\"https:\/\/explora.cl\/maule\/congreso-regional-explora-reune-40-investigaciones-cientificas-escolares\/#primaryimage\"},\"image\":{\"@id\":\"https:\/\/explora.cl\/maule\/congreso-regional-explora-reune-40-investigaciones-cientificas-escolares\/#primaryimage\"},\"thumbnailUrl\":\"https:\/\/explora.cl\/maule\/wp-content\/uploads\/sites\/9\/2026\/09\/IMG_0948-scaled.jpg\",\"datePublished\":\"2026-09-01T16:17:32+00:00\",\"dateModified\":\"2026-09-01T16:22:46+00:00\",\"author\":{\"@id\":\"https:\/\/explora.cl\/maule\/#\/schema\/person\/7c4a8d7da1b43fee83d990c08dd35f99\"},\"description\":\"M\u00e1s de 500 personas se congregaron en torno a la divulgaci\u00f3n cient\u00edfica en el Campus Lircay de la Universidad de Talca. Estudiantes de 10 comunas del Maule presentaron sus proyectos realizados junto a sus docentes y acad\u00e9micos universitarios.\",\"breadcrumb\":{\"@id\":\"https:\/\/explora.cl\/maule\/congreso-regional-explora-reune-40-investigaciones-cientificas-escolares\/#breadcrumb\"},\"inLanguage\":\"es-CL\",\"potentialAction\":[{\"@type\":\"ReadAction\",\"target\":[\"https:\/\/explora.cl\/maule\/congreso-regional-explora-reune-40-investigaciones-cientificas-escolares\/\"]}]},{\"@type\":\"ImageObject\",\"inLanguage\":\"es-CL\",\"@id\":\"https:\/\/explora.cl\/maule\/congreso-regional-explora-reune-40-investigaciones-cientificas-escolares\/#primaryimage\",\"url\":\"https:\/\/explora.cl\/maule\/wp-content\/uploads\/sites\/9\/2026\/09\/IMG_0948-scaled.jpg\",\"contentUrl\":\"https:\/\/explora.cl\/maule\/wp-content\/uploads\/sites\/9\/2026\/09\/IMG_0948-scaled.jpg\",\"width\":2560,\"height\":1707},{\"@type\":\"BreadcrumbList\",\"@id\":\"https:\/\/explora.cl\/maule\/congreso-regional-explora-reune-40-investigaciones-cientificas-escolares\/#breadcrumb\",\"itemListElement\":[{\"@type\":\"ListItem\",\"position\":1,\"name\":\"Portada\",\"item\":\"https:\/\/explora.cl\/maule\/\"},{\"@type\":\"ListItem\",\"position\":2,\"name\":\"Congreso Regional Explora re\u00fane 40 investigaciones cient\u00edficas escolares\"}]},{\"@type\":\"WebSite\",\"@id\":\"https:\/\/explora.cl\/maule\/#website\",\"url\":\"https:\/\/explora.cl\/maule\/\",\"name\":\"Maule\",\"description\":\"Otro sitio m\u00e1s de explora.cl\",\"potentialAction\":[{\"@type\":\"SearchAction\",\"target\":{\"@type\":\"EntryPoint\",\"urlTemplate\":\"https:\/\/explora.cl\/maule\/?s={search_term_string}\"},\"query-input\":{\"@type\":\"PropertyValueSpecification\",\"valueRequired\":true,\"valueName\":\"search_term_string\"}}],\"inLanguage\":\"es-CL\"},{\"@type\":\"Person\",\"@id\":\"https:\/\/explora.cl\/maule\/#\/schema\/person\/7c4a8d7da1b43fee83d990c08dd35f99\",\"name\":\"cpereira\",\"image\":{\"@type\":\"ImageObject\",\"inLanguage\":\"es-CL\",\"@id\":\"https:\/\/explora.cl\/maule\/#\/schema\/person\/image\/\",\"url\":\"https:\/\/secure.gravatar.com\/avatar\/b5fc66932e6c27119a245427f86f8c950201f3cbe1e64e508e0f7c39dc595157?s=96&d=mm&r=g\",\"contentUrl\":\"https:\/\/secure.gravatar.com\/avatar\/b5fc66932e6c27119a245427f86f8c950201f3cbe1e64e508e0f7c39dc595157?s=96&d=mm&r=g\",\"caption\":\"cpereira\"},\"url\":\"https:\/\/explora.cl\/maule\/author\/cpereira\/\"}]}<\/script>\n<!-- \/ Yoast SEO plugin. -->","yoast_head_json":{"title":"Congreso Regional Explora re\u00fane 40 investigaciones cient\u00edficas escolares - Maule","description":"M\u00e1s de 500 personas se congregaron en torno a la divulgaci\u00f3n cient\u00edfica en el Campus Lircay de la Universidad de Talca. Estudiantes de 10 comunas del Maule presentaron sus proyectos realizados junto a sus docentes y acad\u00e9micos universitarios.","robots":{"index":"index","follow":"follow","max-snippet":"max-snippet:-1","max-image-preview":"max-image-preview:large","max-video-preview":"max-video-preview:-1"},"canonical":"https:\/\/explora.cl\/maule\/congreso-regional-explora-reune-40-investigaciones-cientificas-escolares\/","og_locale":"es_ES","og_type":"article","og_title":"Congreso Regional Explora re\u00fane 40 investigaciones cient\u00edficas escolares - Maule","og_description":"M\u00e1s de 500 personas se congregaron en torno a la divulgaci\u00f3n cient\u00edfica en el Campus Lircay de la Universidad de Talca. Estudiantes de 10 comunas del Maule presentaron sus proyectos realizados junto a sus docentes y acad\u00e9micos universitarios.","og_url":"https:\/\/explora.cl\/maule\/congreso-regional-explora-reune-40-investigaciones-cientificas-escolares\/","og_site_name":"Maule","article_published_time":"2026-09-01T16:17:32+00:00","article_modified_time":"2026-09-01T16:22:46+00:00","og_image":[{"width":2560,"height":1707,"url":"https:\/\/explora.cl\/maule\/wp-content\/uploads\/sites\/9\/2026\/09\/IMG_0948-scaled.jpg","type":"image\/jpeg"}],"author":"cpereira","twitter_card":"summary_large_image","twitter_misc":{"Escrito por":"cpereira","Tiempo estimado de lectura":"5 minutos"},"schema":{"@context":"https:\/\/schema.org","@graph":[{"@type":"Article","@id":"https:\/\/explora.cl\/maule\/congreso-regional-explora-reune-40-investigaciones-cientificas-escolares\/#article","isPartOf":{"@id":"https:\/\/explora.cl\/maule\/congreso-regional-explora-reune-40-investigaciones-cientificas-escolares\/"},"author":{"name":"cpereira","@id":"https:\/\/explora.cl\/maule\/#\/schema\/person\/7c4a8d7da1b43fee83d990c08dd35f99"},"headline":"Congreso Regional Explora re\u00fane 40 investigaciones cient\u00edficas escolares","datePublished":"2026-09-01T16:17:32+00:00","dateModified":"2026-09-01T16:22:46+00:00","mainEntityOfPage":{"@id":"https:\/\/explora.cl\/maule\/congreso-regional-explora-reune-40-investigaciones-cientificas-escolares\/"},"wordCount":1093,"commentCount":0,"image":{"@id":"https:\/\/explora.cl\/maule\/congreso-regional-explora-reune-40-investigaciones-cientificas-escolares\/#primaryimage"},"thumbnailUrl":"https:\/\/explora.cl\/maule\/wp-content\/uploads\/sites\/9\/2026\/09\/IMG_0948-scaled.jpg","articleSection":["Noticias"],"inLanguage":"es-CL","potentialAction":[{"@type":"CommentAction","name":"Comment","target":["https:\/\/explora.cl\/maule\/congreso-regional-explora-reune-40-investigaciones-cientificas-escolares\/#respond"]}]},{"@type":"WebPage","@id":"https:\/\/explora.cl\/maule\/congreso-regional-explora-reune-40-investigaciones-cientificas-escolares\/","url":"https:\/\/explora.cl\/maule\/congreso-regional-explora-reune-40-investigaciones-cientificas-escolares\/","name":"Congreso Regional Explora re\u00fane 40 investigaciones cient\u00edficas escolares - Maule","isPartOf":{"@id":"https:\/\/explora.cl\/maule\/#website"},"primaryImageOfPage":{"@id":"https:\/\/explora.cl\/maule\/congreso-regional-explora-reune-40-investigaciones-cientificas-escolares\/#primaryimage"},"image":{"@id":"https:\/\/explora.cl\/maule\/congreso-regional-explora-reune-40-investigaciones-cientificas-escolares\/#primaryimage"},"thumbnailUrl":"https:\/\/explora.cl\/maule\/wp-content\/uploads\/sites\/9\/2026\/09\/IMG_0948-scaled.jpg","datePublished":"2026-09-01T16:17:32+00:00","dateModified":"2026-09-01T16:22:46+00:00","author":{"@id":"https:\/\/explora.cl\/maule\/#\/schema\/person\/7c4a8d7da1b43fee83d990c08dd35f99"},"description":"M\u00e1s de 500 personas se congregaron en torno a la divulgaci\u00f3n cient\u00edfica en el Campus Lircay de la Universidad de Talca. Estudiantes de 10 comunas del Maule presentaron sus proyectos realizados junto a sus docentes y acad\u00e9micos universitarios.","breadcrumb":{"@id":"https:\/\/explora.cl\/maule\/congreso-regional-explora-reune-40-investigaciones-cientificas-escolares\/#breadcrumb"},"inLanguage":"es-CL","potentialAction":[{"@type":"ReadAction","target":["https:\/\/explora.cl\/maule\/congreso-regional-explora-reune-40-investigaciones-cientificas-escolares\/"]}]},{"@type":"ImageObject","inLanguage":"es-CL","@id":"https:\/\/explora.cl\/maule\/congreso-regional-explora-reune-40-investigaciones-cientificas-escolares\/#primaryimage","url":"https:\/\/explora.cl\/maule\/wp-content\/uploads\/sites\/9\/2026\/09\/IMG_0948-scaled.jpg","contentUrl":"https:\/\/explora.cl\/maule\/wp-content\/uploads\/sites\/9\/2026\/09\/IMG_0948-scaled.jpg","width":2560,"height":1707},{"@type":"BreadcrumbList","@id":"https:\/\/explora.cl\/maule\/congreso-regional-explora-reune-40-investigaciones-cientificas-escolares\/#breadcrumb","itemListElement":[{"@type":"ListItem","position":1,"name":"Portada","item":"https:\/\/explora.cl\/maule\/"},{"@type":"ListItem","position":2,"name":"Congreso Regional Explora re\u00fane 40 investigaciones cient\u00edficas escolares"}]},{"@type":"WebSite","@id":"https:\/\/explora.cl\/maule\/#website","url":"https:\/\/explora.cl\/maule\/","name":"Maule","description":"Otro sitio m\u00e1s de explora.cl","potentialAction":[{"@type":"SearchAction","target":{"@type":"EntryPoint","urlTemplate":"https:\/\/explora.cl\/maule\/?s={search_term_string}"},"query-input":{"@type":"PropertyValueSpecification","valueRequired":true,"valueName":"search_term_string"}}],"inLanguage":"es-CL"},{"@type":"Person","@id":"https:\/\/explora.cl\/maule\/#\/schema\/person\/7c4a8d7da1b43fee83d990c08dd35f99","name":"cpereira","image":{"@type":"ImageObject","inLanguage":"es-CL","@id":"https:\/\/explora.cl\/maule\/#\/schema\/person\/image\/","url":"https:\/\/secure.gravatar.com\/avatar\/b5fc66932e6c27119a245427f86f8c950201f3cbe1e64e508e0f7c39dc595157?s=96&d=mm&r=g","contentUrl":"https:\/\/secure.gravatar.com\/avatar\/b5fc66932e6c27119a245427f86f8c950201f3cbe1e64e508e0f7c39dc595157?s=96&d=mm&r=g","caption":"cpereira"},"url":"https:\/\/explora.cl\/maule\/author\/cpereira\/"}]}},"_links":{"self":[{"href":"https:\/\/explora.cl\/maule\/wp-json\/wp\/v2\/posts\/39633","targetHints":{"allow":["GET"]}}],"collection":[{"href":"https:\/\/explora.cl\/maule\/wp-json\/wp\/v2\/posts"}],"about":[{"href":"https:\/\/explora.cl\/maule\/wp-json\/wp\/v2\/types\/post"}],"author":[{"embeddable":true,"href":"https:\/\/explora.cl\/maule\/wp-json\/wp\/v2\/users\/24"}],"replies":[{"embeddable":true,"href":"https:\/\/explora.cl\/maule\/wp-json\/wp\/v2\/comments?post=39633"}],"version-history":[{"count":3,"href":"https:\/\/explora.cl\/maule\/wp-json\/wp\/v2\/posts\/39633\/revisions"}],"predecessor-version":[{"id":39637,"href":"https:\/\/explora.cl\/maule\/wp-json\/wp\/v2\/posts\/39633\/revisions\/39637"}],"wp:featuredmedia":[{"embeddable":true,"href":"https:\/\/explora.cl\/maule\/wp-json\/wp\/v2\/media\/39634"}],"wp:attachment":[{"href":"https:\/\/explora.cl\/maule\/wp-json\/wp\/v2\/media?parent=39633"}],"wp:term":[{"taxonomy":"category","embeddable":true,"href":"https:\/\/explora.cl\/maule\/wp-json\/wp\/v2\/categories?post=39633"},{"taxonomy":"post_tag","embeddable":true,"href":"https:\/\/explora.cl\/maule\/wp-json\/wp\/v2\/tags?post=39633"}],"curies":[{"name":"wp","href":"https:\/\/api.w.org\/{rel}","templated":true}]}}