{"id":39601,"date":"2026-04-27T12:05:24","date_gmt":"2026-04-27T16:05:24","guid":{"rendered":"https:\/\/explora.cl\/maule\/?p=39601"},"modified":"2026-04-27T12:37:19","modified_gmt":"2026-04-27T16:37:19","slug":"explora-maule-abre-postulaciones-2026-para-fortalecer-la-ciencia-escolar-en-la-region","status":"publish","type":"post","link":"https:\/\/explora.cl\/maule\/explora-maule-abre-postulaciones-2026-para-fortalecer-la-ciencia-escolar-en-la-region\/","title":{"rendered":"Explora Maule abre postulaciones 2026 para fortalecer la ciencia escolar en la regi\u00f3n"},"content":{"rendered":"<h3>Acad\u00e9micos\/as, docentes y estudiantes de la Regi\u00f3n del Maule podr\u00e1n postular a distintas iniciativas que promueven la investigaci\u00f3n y la innovaci\u00f3n escolar, fortaleciendo el pensamiento cr\u00edtico y la conexi\u00f3n con el entorno.<\/h3>\n<p>El programa Explora Maule, impulsado por el Ministerio de Ciencia, Tecnolog\u00eda, Conocimiento e Innovaci\u00f3n y ejecutado por la Unidad de Divulgaci\u00f3n de la Direcci\u00f3n General de Vinculaci\u00f3n con el Medio de la Universidad de Talca, abri\u00f3 sus convocatorias 2026 para asesores cient\u00edficos, Clubes y Academias de Investigaci\u00f3n e Innovaci\u00f3n Escolar, dirigidas a la comunidad educativa y acad\u00e9mica de la regi\u00f3n.<\/p>\n<p>La iniciativa busca acercar la ciencia a las aulas, promoviendo en ni\u00f1os, ni\u00f1as y j\u00f3venes el desarrollo de habilidades como la curiosidad, el pensamiento cr\u00edtico y la investigaci\u00f3n de problem\u00e1ticas vinculadas a su entorno.<\/p>\n<p>En este contexto, el director del Programa Explora Maule y jefe de la Unidad de Divulgaci\u00f3n de la Direcci\u00f3n General de Vinculaci\u00f3n con el Medio de la Universidad de Talca, C\u00e9sar Retamal Bravo, se\u00f1al\u00f3 que \u201cestas convocatorias forman parte de un modelo colaborativo que articula a la comunidad cient\u00edfica, docentes y estudiantes, promoviendo una cultura cient\u00edfica en la regi\u00f3n. Adem\u00e1s, permiten que ni\u00f1os, ni\u00f1as y j\u00f3venes se acerquen a la ciencia como una herramienta para comprender y abordar desaf\u00edos de su entorno\u201d<\/p>\n<p>&nbsp;<\/p>\n<p><strong>Vinculaci\u00f3n con la comunidad cient\u00edfica<\/strong><\/p>\n<p>En esta l\u00ednea, una de las oportunidades disponibles corresponde a la convocatoria para asesores y asesoras cient\u00edficas, que est\u00e1 dirigida a acad\u00e9micos\/as, investigadores\/as y estudiantes de postgrado. Esta instancia permite acompa\u00f1ar a equipos escolares en el desarrollo de proyectos de investigaci\u00f3n e innovaci\u00f3n, aportando rigurosidad cient\u00edfica y experiencia disciplinar. El proceso de postulaci\u00f3n se extender\u00e1 hasta el 30 de abril, <a href=\"https:\/\/questionpro.com\/t\/AWiJxZ8WLs\">link de inscripci\u00f3n<\/a>.<\/p>\n<p>Este trabajo colaborativo fortalece el v\u00ednculo entre la academia y las comunidades educativas, facilitando la transferencia de conocimiento hacia las salas de clases. Al respecto, Camila D\u00edaz Bravo, coordinadora de Rutas Formativas del Programa, subray\u00f3 que esta articulaci\u00f3n \u201cpermite acercar la ciencia de manera significativa, generando un di\u00e1logo entre el conocimiento acad\u00e9mico y las experiencias del territorio. en Explora Maule creemos que la ciencia no solo se aprende, se vive\u201d.<\/p>\n<p>&nbsp;<\/p>\n<p><strong>Ciencia desde las primeras etapas<\/strong><br \/>\nJunto con ello, el programa tambi\u00e9n contempla espacios formativos orientados a los primeros niveles educativos, a trav\u00e9s de los Clubes de Investigaci\u00f3n e Innovaci\u00f3n Escolar (IIE), est\u00e1n dirigidos a docentes que trabajan con estudiantes de 1\u00b0 a 4\u00b0 b\u00e1sico, promoviendo experiencias de indagaci\u00f3n cient\u00edfica desde edades tempranas, donde la curiosidad y la exploraci\u00f3n son protagonistas del aprendizaje. El plazo para participar se encuentra disponible hasta el 8 de mayo, <a href=\"https:\/\/questionpro.com\/t\/AWiJxZ8WoM\">link de inscripcion<\/a>.<\/p>\n<p>Desde la experiencia en el aula, la docente L\u00eda S\u00e1nchez Oryaz\u00fan, de la Escuela Cooperativa Lircay de Talca, relev\u00f3 el impacto de esta iniciativa, se\u00f1alando que \u201choy tengo estudiantes m\u00e1s activos y curiosos, que hacen preguntas, investigan y buscan respuestas a fen\u00f3menos de su entorno\u201d, evidenciando un cambio hacia un aprendizaje m\u00e1s participativo.<\/p>\n<p>De igual manera, para estudiantes de cursos superiores, el programa ofrece una l\u00ednea orientada al desarrollo de proyectos m\u00e1s avanzados por medio de las Academias de Investigaci\u00f3n e Innovaci\u00f3n Escolar. En este espacio estudiantes desde 5\u00b0 b\u00e1sico a 4\u00b0 medio, pueden desarrollar proyectos cient\u00edficos o de innovaci\u00f3n vinculados a problem\u00e1ticas reales del entorno, fortaleciendo habilidades como el pensamiento cr\u00edtico, la colaboraci\u00f3n y la comunicaci\u00f3n de resultados. La convocatoria estar\u00e1 abierta hasta el 8 de mayo, <a href=\"https:\/\/questionpro.com\/t\/AWiJxZ8PIn\">link de inscripci\u00f3n<\/a>.<\/p>\n<p>&nbsp;<\/p>\n","protected":false},"excerpt":{"rendered":"<p>Acad\u00e9micos\/as, docentes y estudiantes de la Regi\u00f3n del Maule podr\u00e1n postular a distintas iniciativas que promueven la investigaci\u00f3n y la innovaci\u00f3n escolar, fortaleciendo el pensamiento cr\u00edtico y la conexi\u00f3n con el entorno.<\/p>\n","protected":false},"author":24,"featured_media":39604,"comment_status":"open","ping_status":"open","sticky":false,"template":"","format":"standard","meta":{"_acf_changed":false,"_exactmetrics_skip_tracking":false,"_exactmetrics_sitenote_active":false,"_exactmetrics_sitenote_note":"","_exactmetrics_sitenote_category":0,"footnotes":"","_links_to":"","_links_to_target":""},"categories":[4],"tags":[],"class_list":["post-39601","post","type-post","status-publish","format-standard","has-post-thumbnail","hentry","category-noticias"],"acf":[],"yoast_head":"<!-- This site is optimized with the Yoast SEO plugin v26.9 - https:\/\/yoast.com\/product\/yoast-seo-wordpress\/ -->\n<title>Explora Maule abre postulaciones 2026 para fortalecer la ciencia escolar en la regi\u00f3n - Maule<\/title>\n<meta name=\"robots\" content=\"index, follow, max-snippet:-1, max-image-preview:large, max-video-preview:-1\" \/>\n<link rel=\"canonical\" href=\"https:\/\/explora.cl\/maule\/explora-maule-abre-postulaciones-2026-para-fortalecer-la-ciencia-escolar-en-la-region\/\" class=\"yoast-seo-meta-tag\" \/>\n<meta property=\"og:locale\" content=\"es_ES\" class=\"yoast-seo-meta-tag\" \/>\n<meta property=\"og:type\" content=\"article\" class=\"yoast-seo-meta-tag\" \/>\n<meta property=\"og:title\" content=\"Explora Maule abre postulaciones 2026 para fortalecer la ciencia escolar en la regi\u00f3n - Maule\" class=\"yoast-seo-meta-tag\" \/>\n<meta property=\"og:description\" content=\"Acad\u00e9micos\/as, docentes y estudiantes de la Regi\u00f3n del Maule podr\u00e1n postular a distintas iniciativas que promueven la investigaci\u00f3n y la innovaci\u00f3n escolar, fortaleciendo el pensamiento cr\u00edtico y la conexi\u00f3n con el entorno.\" class=\"yoast-seo-meta-tag\" \/>\n<meta property=\"og:url\" content=\"https:\/\/explora.cl\/maule\/explora-maule-abre-postulaciones-2026-para-fortalecer-la-ciencia-escolar-en-la-region\/\" class=\"yoast-seo-meta-tag\" \/>\n<meta property=\"og:site_name\" content=\"Maule\" class=\"yoast-seo-meta-tag\" \/>\n<meta property=\"article:published_time\" content=\"2026-04-27T16:05:24+00:00\" class=\"yoast-seo-meta-tag\" \/>\n<meta property=\"article:modified_time\" content=\"2026-04-27T16:37:19+00:00\" class=\"yoast-seo-meta-tag\" \/>\n<meta property=\"og:image\" content=\"https:\/\/explora.cl\/maule\/wp-content\/uploads\/sites\/9\/2026\/04\/congreso-1024x683.png\" class=\"yoast-seo-meta-tag\" \/>\n\t<meta property=\"og:image:width\" content=\"1024\" class=\"yoast-seo-meta-tag\" \/>\n\t<meta property=\"og:image:height\" content=\"683\" class=\"yoast-seo-meta-tag\" \/>\n\t<meta property=\"og:image:type\" content=\"image\/png\" class=\"yoast-seo-meta-tag\" \/>\n<meta name=\"author\" content=\"cpereira\" class=\"yoast-seo-meta-tag\" \/>\n<meta name=\"twitter:card\" content=\"summary_large_image\" class=\"yoast-seo-meta-tag\" \/>\n<meta name=\"twitter:label1\" content=\"Escrito por\" class=\"yoast-seo-meta-tag\" \/>\n\t<meta name=\"twitter:data1\" content=\"cpereira\" class=\"yoast-seo-meta-tag\" \/>\n\t<meta name=\"twitter:label2\" content=\"Tiempo estimado de lectura\" class=\"yoast-seo-meta-tag\" \/>\n\t<meta name=\"twitter:data2\" content=\"3 minutos\" class=\"yoast-seo-meta-tag\" \/>\n<script type=\"application\/ld+json\" class=\"yoast-schema-graph\">{\"@context\":\"https:\/\/schema.org\",\"@graph\":[{\"@type\":\"Article\",\"@id\":\"https:\/\/explora.cl\/maule\/explora-maule-abre-postulaciones-2026-para-fortalecer-la-ciencia-escolar-en-la-region\/#article\",\"isPartOf\":{\"@id\":\"https:\/\/explora.cl\/maule\/explora-maule-abre-postulaciones-2026-para-fortalecer-la-ciencia-escolar-en-la-region\/\"},\"author\":{\"name\":\"cpereira\",\"@id\":\"https:\/\/explora.cl\/maule\/#\/schema\/person\/7c4a8d7da1b43fee83d990c08dd35f99\"},\"headline\":\"Explora Maule abre postulaciones 2026 para fortalecer la ciencia escolar en la regi\u00f3n\",\"datePublished\":\"2026-04-27T16:05:24+00:00\",\"dateModified\":\"2026-04-27T16:37:19+00:00\",\"mainEntityOfPage\":{\"@id\":\"https:\/\/explora.cl\/maule\/explora-maule-abre-postulaciones-2026-para-fortalecer-la-ciencia-escolar-en-la-region\/\"},\"wordCount\":645,\"commentCount\":0,\"image\":{\"@id\":\"https:\/\/explora.cl\/maule\/explora-maule-abre-postulaciones-2026-para-fortalecer-la-ciencia-escolar-en-la-region\/#primaryimage\"},\"thumbnailUrl\":\"https:\/\/explora.cl\/maule\/wp-content\/uploads\/sites\/9\/2026\/04\/congreso.png\",\"articleSection\":[\"Noticias\"],\"inLanguage\":\"es-CL\",\"potentialAction\":[{\"@type\":\"CommentAction\",\"name\":\"Comment\",\"target\":[\"https:\/\/explora.cl\/maule\/explora-maule-abre-postulaciones-2026-para-fortalecer-la-ciencia-escolar-en-la-region\/#respond\"]}]},{\"@type\":\"WebPage\",\"@id\":\"https:\/\/explora.cl\/maule\/explora-maule-abre-postulaciones-2026-para-fortalecer-la-ciencia-escolar-en-la-region\/\",\"url\":\"https:\/\/explora.cl\/maule\/explora-maule-abre-postulaciones-2026-para-fortalecer-la-ciencia-escolar-en-la-region\/\",\"name\":\"Explora Maule abre postulaciones 2026 para fortalecer la ciencia escolar en la regi\u00f3n - Maule\",\"isPartOf\":{\"@id\":\"https:\/\/explora.cl\/maule\/#website\"},\"primaryImageOfPage\":{\"@id\":\"https:\/\/explora.cl\/maule\/explora-maule-abre-postulaciones-2026-para-fortalecer-la-ciencia-escolar-en-la-region\/#primaryimage\"},\"image\":{\"@id\":\"https:\/\/explora.cl\/maule\/explora-maule-abre-postulaciones-2026-para-fortalecer-la-ciencia-escolar-en-la-region\/#primaryimage\"},\"thumbnailUrl\":\"https:\/\/explora.cl\/maule\/wp-content\/uploads\/sites\/9\/2026\/04\/congreso.png\",\"datePublished\":\"2026-04-27T16:05:24+00:00\",\"dateModified\":\"2026-04-27T16:37:19+00:00\",\"author\":{\"@id\":\"https:\/\/explora.cl\/maule\/#\/schema\/person\/7c4a8d7da1b43fee83d990c08dd35f99\"},\"breadcrumb\":{\"@id\":\"https:\/\/explora.cl\/maule\/explora-maule-abre-postulaciones-2026-para-fortalecer-la-ciencia-escolar-en-la-region\/#breadcrumb\"},\"inLanguage\":\"es-CL\",\"potentialAction\":[{\"@type\":\"ReadAction\",\"target\":[\"https:\/\/explora.cl\/maule\/explora-maule-abre-postulaciones-2026-para-fortalecer-la-ciencia-escolar-en-la-region\/\"]}]},{\"@type\":\"ImageObject\",\"inLanguage\":\"es-CL\",\"@id\":\"https:\/\/explora.cl\/maule\/explora-maule-abre-postulaciones-2026-para-fortalecer-la-ciencia-escolar-en-la-region\/#primaryimage\",\"url\":\"https:\/\/explora.cl\/maule\/wp-content\/uploads\/sites\/9\/2026\/04\/congreso.png\",\"contentUrl\":\"https:\/\/explora.cl\/maule\/wp-content\/uploads\/sites\/9\/2026\/04\/congreso.png\",\"width\":1920,\"height\":1280},{\"@type\":\"BreadcrumbList\",\"@id\":\"https:\/\/explora.cl\/maule\/explora-maule-abre-postulaciones-2026-para-fortalecer-la-ciencia-escolar-en-la-region\/#breadcrumb\",\"itemListElement\":[{\"@type\":\"ListItem\",\"position\":1,\"name\":\"Portada\",\"item\":\"https:\/\/explora.cl\/maule\/\"},{\"@type\":\"ListItem\",\"position\":2,\"name\":\"Explora Maule abre postulaciones 2026 para fortalecer la ciencia escolar en la regi\u00f3n\"}]},{\"@type\":\"WebSite\",\"@id\":\"https:\/\/explora.cl\/maule\/#website\",\"url\":\"https:\/\/explora.cl\/maule\/\",\"name\":\"Maule\",\"description\":\"Otro sitio m\u00e1s de explora.cl\",\"potentialAction\":[{\"@type\":\"SearchAction\",\"target\":{\"@type\":\"EntryPoint\",\"urlTemplate\":\"https:\/\/explora.cl\/maule\/?s={search_term_string}\"},\"query-input\":{\"@type\":\"PropertyValueSpecification\",\"valueRequired\":true,\"valueName\":\"search_term_string\"}}],\"inLanguage\":\"es-CL\"},{\"@type\":\"Person\",\"@id\":\"https:\/\/explora.cl\/maule\/#\/schema\/person\/7c4a8d7da1b43fee83d990c08dd35f99\",\"name\":\"cpereira\",\"image\":{\"@type\":\"ImageObject\",\"inLanguage\":\"es-CL\",\"@id\":\"https:\/\/explora.cl\/maule\/#\/schema\/person\/image\/\",\"url\":\"https:\/\/secure.gravatar.com\/avatar\/b5fc66932e6c27119a245427f86f8c950201f3cbe1e64e508e0f7c39dc595157?s=96&d=mm&r=g\",\"contentUrl\":\"https:\/\/secure.gravatar.com\/avatar\/b5fc66932e6c27119a245427f86f8c950201f3cbe1e64e508e0f7c39dc595157?s=96&d=mm&r=g\",\"caption\":\"cpereira\"},\"url\":\"https:\/\/explora.cl\/maule\/author\/cpereira\/\"}]}<\/script>\n<!-- \/ Yoast SEO plugin. -->","yoast_head_json":{"title":"Explora Maule abre postulaciones 2026 para fortalecer la ciencia escolar en la regi\u00f3n - Maule","robots":{"index":"index","follow":"follow","max-snippet":"max-snippet:-1","max-image-preview":"max-image-preview:large","max-video-preview":"max-video-preview:-1"},"canonical":"https:\/\/explora.cl\/maule\/explora-maule-abre-postulaciones-2026-para-fortalecer-la-ciencia-escolar-en-la-region\/","og_locale":"es_ES","og_type":"article","og_title":"Explora Maule abre postulaciones 2026 para fortalecer la ciencia escolar en la regi\u00f3n - Maule","og_description":"Acad\u00e9micos\/as, docentes y estudiantes de la Regi\u00f3n del Maule podr\u00e1n postular a distintas iniciativas que promueven la investigaci\u00f3n y la innovaci\u00f3n escolar, fortaleciendo el pensamiento cr\u00edtico y la conexi\u00f3n con el entorno.","og_url":"https:\/\/explora.cl\/maule\/explora-maule-abre-postulaciones-2026-para-fortalecer-la-ciencia-escolar-en-la-region\/","og_site_name":"Maule","article_published_time":"2026-04-27T16:05:24+00:00","article_modified_time":"2026-04-27T16:37:19+00:00","og_image":[{"width":1024,"height":683,"url":"https:\/\/explora.cl\/maule\/wp-content\/uploads\/sites\/9\/2026\/04\/congreso-1024x683.png","type":"image\/png"}],"author":"cpereira","twitter_card":"summary_large_image","twitter_misc":{"Escrito por":"cpereira","Tiempo estimado de lectura":"3 minutos"},"schema":{"@context":"https:\/\/schema.org","@graph":[{"@type":"Article","@id":"https:\/\/explora.cl\/maule\/explora-maule-abre-postulaciones-2026-para-fortalecer-la-ciencia-escolar-en-la-region\/#article","isPartOf":{"@id":"https:\/\/explora.cl\/maule\/explora-maule-abre-postulaciones-2026-para-fortalecer-la-ciencia-escolar-en-la-region\/"},"author":{"name":"cpereira","@id":"https:\/\/explora.cl\/maule\/#\/schema\/person\/7c4a8d7da1b43fee83d990c08dd35f99"},"headline":"Explora Maule abre postulaciones 2026 para fortalecer la ciencia escolar en la regi\u00f3n","datePublished":"2026-04-27T16:05:24+00:00","dateModified":"2026-04-27T16:37:19+00:00","mainEntityOfPage":{"@id":"https:\/\/explora.cl\/maule\/explora-maule-abre-postulaciones-2026-para-fortalecer-la-ciencia-escolar-en-la-region\/"},"wordCount":645,"commentCount":0,"image":{"@id":"https:\/\/explora.cl\/maule\/explora-maule-abre-postulaciones-2026-para-fortalecer-la-ciencia-escolar-en-la-region\/#primaryimage"},"thumbnailUrl":"https:\/\/explora.cl\/maule\/wp-content\/uploads\/sites\/9\/2026\/04\/congreso.png","articleSection":["Noticias"],"inLanguage":"es-CL","potentialAction":[{"@type":"CommentAction","name":"Comment","target":["https:\/\/explora.cl\/maule\/explora-maule-abre-postulaciones-2026-para-fortalecer-la-ciencia-escolar-en-la-region\/#respond"]}]},{"@type":"WebPage","@id":"https:\/\/explora.cl\/maule\/explora-maule-abre-postulaciones-2026-para-fortalecer-la-ciencia-escolar-en-la-region\/","url":"https:\/\/explora.cl\/maule\/explora-maule-abre-postulaciones-2026-para-fortalecer-la-ciencia-escolar-en-la-region\/","name":"Explora Maule abre postulaciones 2026 para fortalecer la ciencia escolar en la regi\u00f3n - Maule","isPartOf":{"@id":"https:\/\/explora.cl\/maule\/#website"},"primaryImageOfPage":{"@id":"https:\/\/explora.cl\/maule\/explora-maule-abre-postulaciones-2026-para-fortalecer-la-ciencia-escolar-en-la-region\/#primaryimage"},"image":{"@id":"https:\/\/explora.cl\/maule\/explora-maule-abre-postulaciones-2026-para-fortalecer-la-ciencia-escolar-en-la-region\/#primaryimage"},"thumbnailUrl":"https:\/\/explora.cl\/maule\/wp-content\/uploads\/sites\/9\/2026\/04\/congreso.png","datePublished":"2026-04-27T16:05:24+00:00","dateModified":"2026-04-27T16:37:19+00:00","author":{"@id":"https:\/\/explora.cl\/maule\/#\/schema\/person\/7c4a8d7da1b43fee83d990c08dd35f99"},"breadcrumb":{"@id":"https:\/\/explora.cl\/maule\/explora-maule-abre-postulaciones-2026-para-fortalecer-la-ciencia-escolar-en-la-region\/#breadcrumb"},"inLanguage":"es-CL","potentialAction":[{"@type":"ReadAction","target":["https:\/\/explora.cl\/maule\/explora-maule-abre-postulaciones-2026-para-fortalecer-la-ciencia-escolar-en-la-region\/"]}]},{"@type":"ImageObject","inLanguage":"es-CL","@id":"https:\/\/explora.cl\/maule\/explora-maule-abre-postulaciones-2026-para-fortalecer-la-ciencia-escolar-en-la-region\/#primaryimage","url":"https:\/\/explora.cl\/maule\/wp-content\/uploads\/sites\/9\/2026\/04\/congreso.png","contentUrl":"https:\/\/explora.cl\/maule\/wp-content\/uploads\/sites\/9\/2026\/04\/congreso.png","width":1920,"height":1280},{"@type":"BreadcrumbList","@id":"https:\/\/explora.cl\/maule\/explora-maule-abre-postulaciones-2026-para-fortalecer-la-ciencia-escolar-en-la-region\/#breadcrumb","itemListElement":[{"@type":"ListItem","position":1,"name":"Portada","item":"https:\/\/explora.cl\/maule\/"},{"@type":"ListItem","position":2,"name":"Explora Maule abre postulaciones 2026 para fortalecer la ciencia escolar en la regi\u00f3n"}]},{"@type":"WebSite","@id":"https:\/\/explora.cl\/maule\/#website","url":"https:\/\/explora.cl\/maule\/","name":"Maule","description":"Otro sitio m\u00e1s de explora.cl","potentialAction":[{"@type":"SearchAction","target":{"@type":"EntryPoint","urlTemplate":"https:\/\/explora.cl\/maule\/?s={search_term_string}"},"query-input":{"@type":"PropertyValueSpecification","valueRequired":true,"valueName":"search_term_string"}}],"inLanguage":"es-CL"},{"@type":"Person","@id":"https:\/\/explora.cl\/maule\/#\/schema\/person\/7c4a8d7da1b43fee83d990c08dd35f99","name":"cpereira","image":{"@type":"ImageObject","inLanguage":"es-CL","@id":"https:\/\/explora.cl\/maule\/#\/schema\/person\/image\/","url":"https:\/\/secure.gravatar.com\/avatar\/b5fc66932e6c27119a245427f86f8c950201f3cbe1e64e508e0f7c39dc595157?s=96&d=mm&r=g","contentUrl":"https:\/\/secure.gravatar.com\/avatar\/b5fc66932e6c27119a245427f86f8c950201f3cbe1e64e508e0f7c39dc595157?s=96&d=mm&r=g","caption":"cpereira"},"url":"https:\/\/explora.cl\/maule\/author\/cpereira\/"}]}},"_links":{"self":[{"href":"https:\/\/explora.cl\/maule\/wp-json\/wp\/v2\/posts\/39601","targetHints":{"allow":["GET"]}}],"collection":[{"href":"https:\/\/explora.cl\/maule\/wp-json\/wp\/v2\/posts"}],"about":[{"href":"https:\/\/explora.cl\/maule\/wp-json\/wp\/v2\/types\/post"}],"author":[{"embeddable":true,"href":"https:\/\/explora.cl\/maule\/wp-json\/wp\/v2\/users\/24"}],"replies":[{"embeddable":true,"href":"https:\/\/explora.cl\/maule\/wp-json\/wp\/v2\/comments?post=39601"}],"version-history":[{"count":5,"href":"https:\/\/explora.cl\/maule\/wp-json\/wp\/v2\/posts\/39601\/revisions"}],"predecessor-version":[{"id":39610,"href":"https:\/\/explora.cl\/maule\/wp-json\/wp\/v2\/posts\/39601\/revisions\/39610"}],"wp:featuredmedia":[{"embeddable":true,"href":"https:\/\/explora.cl\/maule\/wp-json\/wp\/v2\/media\/39604"}],"wp:attachment":[{"href":"https:\/\/explora.cl\/maule\/wp-json\/wp\/v2\/media?parent=39601"}],"wp:term":[{"taxonomy":"category","embeddable":true,"href":"https:\/\/explora.cl\/maule\/wp-json\/wp\/v2\/categories?post=39601"},{"taxonomy":"post_tag","embeddable":true,"href":"https:\/\/explora.cl\/maule\/wp-json\/wp\/v2\/tags?post=39601"}],"curies":[{"name":"wp","href":"https:\/\/api.w.org\/{rel}","templated":true}]}}