{"id":39503,"date":"2025-12-15T15:59:52","date_gmt":"2025-12-15T18:59:52","guid":{"rendered":"https:\/\/explora.cl\/maule\/?p=39503"},"modified":"2025-12-15T15:59:52","modified_gmt":"2025-12-15T18:59:52","slug":"explora-maule-reconoce-a-educadoras-en-el-cierre-de-pipe-2025","status":"publish","type":"post","link":"https:\/\/explora.cl\/maule\/explora-maule-reconoce-a-educadoras-en-el-cierre-de-pipe-2025\/","title":{"rendered":"Explora Maule reconoce a educadoras en el cierre de PIPE 2025"},"content":{"rendered":"<h3>El encuentro reuni\u00f3 a m\u00e1s de 150 educadoras de p\u00e1rvulos de toda la Regi\u00f3n del Maule, quienes desarrollaron experiencias de indagaci\u00f3n con sus estudiantes tanto en el aula como en el territorio.<\/h3>\n<p>Celebrar la curiosidad desde la primera infancia y el juego como motor del aprendizaje fueron los mensajes centrales de la jornada de cierre 2025 del Programa de Indagaci\u00f3n para Primeras Edades (PIPE) del PAR Explora Maule, ejecutado por la Universidad de Talca a trav\u00e9s de la Unidad de Divulgaci\u00f3n, iniciativa que promueve la exploraci\u00f3n, la imaginaci\u00f3n y el aprendizaje cient\u00edfico en ni\u00f1as y ni\u00f1os desde sus primeros a\u00f1os de vida.<\/p>\n<p>El encuentro reuni\u00f3 a comunidades educativas de toda la regi\u00f3n, entre jardines infantiles y colegios que durante el a\u00f1o implementaron el programa en sus establecimientos, beneficiando a m\u00e1s de 1.500 ni\u00f1as y ni\u00f1os, quienes participaron en diversos m\u00f3dulos pedag\u00f3gicos y experiencias de aprendizaje dise\u00f1adas por profesionales de Explora Maule.<\/p>\n<p>\u201cEstamos muy contentos por el trabajo de este a\u00f1o. Tuvimos una gran cobertura, trabajando con educadoras de p\u00e1rvulos y sus equipos pedag\u00f3gicos de las 30 comunas del Maule, donde las ni\u00f1as y los ni\u00f1os se acercaron al m\u00e9todo indagatorio y descubrieron el mundo que los rodea a trav\u00e9s del juego y la experimentaci\u00f3n\u201d, se\u00f1al\u00f3 el jefe de la Unidad de Divulgaci\u00f3n y director de Explora Maule, C\u00e9sar Retamal Bravo.<\/p>\n<p>Educaci\u00f3n patrimonial y primera infancia<\/p>\n<p>Como parte del programa, se desarroll\u00f3 la charla \u201cEducaci\u00f3n patrimonial y primera infancia: Entendiendo la pol\u00edtica de Educaci\u00f3n Patrimonial 2024\u20132029 y sus principales aportes\u201d, dictada por la doctora en Arquitectura y Estudios Urbanos, mag\u00edster en Gesti\u00f3n Cultural y licenciada en Historia, P\u00eda Acevedo M\u00e9ndez.<\/p>\n<p>La investigadora abord\u00f3 los desaf\u00edos y oportunidades de integrar el patrimonio cultural en los procesos educativos de las primeras edades, y adem\u00e1s imparti\u00f3 el taller \u201cEl fin del mundo no cabe en una maleta. Un ejercicio de patrimonio cultural y literatura infantil\u201d, orientado a fortalecer pr\u00e1cticas creativas en las aulas.<\/p>\n<p>\u201cLa importancia de abordar temas patrimoniales en primera infancia resulta crucial a la hora de construir identidades culturales, reforzar la pertinencia territorial y dotar a las ni\u00f1as y ni\u00f1os de contenido valioso en torno al territorio que habitan y con quienes comparten diariamente\u201d, se\u00f1al\u00f3 Acevedo.<\/p>\n<p>Reconocimiento territorial a jardines y escuelas<\/p>\n<p>Durante la ceremonia se entregaron placas identificatorias a establecimientos de las cuatro provincias del Maule, como s\u00edmbolo de su compromiso con la ciencia en primera infancia y su participaci\u00f3n en el Programa Explora Maule. Adem\u00e1s, se reconoci\u00f3 a las educadoras de p\u00e1rvulos que forman parte del programa PIPE.<\/p>\n<p>Para Evelyn Gajardo, educadora del Liceo Juan de Dios Puga de Yerbas Buenas, el programa PIPE es una herramienta concreta para potenciar el aprendizaje de las ni\u00f1as y los ni\u00f1os. \u201cEl programa ha funcionado maravillosamente bien; hay un impacto importante en los estudiantes, que han dejado el celular y andan investigando\u201d, afirm\u00f3.<\/p>\n<p>Por su parte, Elizabeth Conejero, del Jard\u00edn CECI de Romeral perteneciente a Integra, destac\u00f3 el aporte pedag\u00f3gico del programa: \u201cEs una experiencia muy linda que fortalece a los equipos pedag\u00f3gicos mediante herramientas accesibles e innovadoras, y sobre todo permite el aprendizaje activo de las ni\u00f1as y los ni\u00f1os junto a sus familias\u201d, se\u00f1al\u00f3.<\/p>\n<p>Durante el 2026, el Programa PIPE de Explora Maule continuar\u00e1 su trabajo en el territorio, formando una nueva generaci\u00f3n de ni\u00f1as y ni\u00f1os curiosos y cr\u00edticos, y fortaleciendo la red de educaci\u00f3n parvularia m\u00e1s importante de la regi\u00f3n.<\/p>\n","protected":false},"excerpt":{"rendered":"<p>El encuentro reuni\u00f3 a m\u00e1s de 150 educadoras de p\u00e1rvulos de toda la Regi\u00f3n del Maule, quienes desarrollaron experiencias de indagaci\u00f3n con sus estudiantes tanto en el aula como en el territorio.<\/p>\n","protected":false},"author":24,"featured_media":39504,"comment_status":"open","ping_status":"open","sticky":false,"template":"","format":"standard","meta":{"_acf_changed":false,"_exactmetrics_skip_tracking":false,"_exactmetrics_sitenote_active":false,"_exactmetrics_sitenote_note":"","_exactmetrics_sitenote_category":0,"footnotes":"","_links_to":"","_links_to_target":""},"categories":[139,4],"tags":[],"class_list":["post-39503","post","type-post","status-publish","format-standard","has-post-thumbnail","hentry","category-lugar-4","category-noticias"],"acf":[],"yoast_head":"<!-- This site is optimized with the Yoast SEO plugin v26.9 - https:\/\/yoast.com\/product\/yoast-seo-wordpress\/ -->\n<title>Explora Maule reconoce a educadoras en el cierre de PIPE 2025 - Maule<\/title>\n<meta name=\"robots\" content=\"index, follow, max-snippet:-1, max-image-preview:large, max-video-preview:-1\" \/>\n<link rel=\"canonical\" href=\"https:\/\/explora.cl\/maule\/explora-maule-reconoce-a-educadoras-en-el-cierre-de-pipe-2025\/\" class=\"yoast-seo-meta-tag\" \/>\n<meta property=\"og:locale\" content=\"es_ES\" class=\"yoast-seo-meta-tag\" \/>\n<meta property=\"og:type\" content=\"article\" class=\"yoast-seo-meta-tag\" \/>\n<meta property=\"og:title\" content=\"Explora Maule reconoce a educadoras en el cierre de PIPE 2025 - Maule\" class=\"yoast-seo-meta-tag\" \/>\n<meta property=\"og:description\" content=\"El encuentro reuni\u00f3 a m\u00e1s de 150 educadoras de p\u00e1rvulos de toda la Regi\u00f3n del Maule, quienes desarrollaron experiencias de indagaci\u00f3n con sus estudiantes tanto en el aula como en el territorio.\" class=\"yoast-seo-meta-tag\" \/>\n<meta property=\"og:url\" content=\"https:\/\/explora.cl\/maule\/explora-maule-reconoce-a-educadoras-en-el-cierre-de-pipe-2025\/\" class=\"yoast-seo-meta-tag\" \/>\n<meta property=\"og:site_name\" content=\"Maule\" class=\"yoast-seo-meta-tag\" \/>\n<meta property=\"article:published_time\" content=\"2025-12-15T18:59:52+00:00\" class=\"yoast-seo-meta-tag\" \/>\n<meta property=\"og:image\" content=\"https:\/\/explora.cl\/maule\/wp-content\/uploads\/sites\/9\/2025\/12\/Imag_nota02-05DIC2025.jpg\" class=\"yoast-seo-meta-tag\" \/>\n\t<meta property=\"og:image:width\" content=\"1280\" class=\"yoast-seo-meta-tag\" \/>\n\t<meta property=\"og:image:height\" content=\"1024\" class=\"yoast-seo-meta-tag\" \/>\n\t<meta property=\"og:image:type\" content=\"image\/jpeg\" class=\"yoast-seo-meta-tag\" \/>\n<meta name=\"author\" content=\"cpereira\" class=\"yoast-seo-meta-tag\" \/>\n<meta name=\"twitter:card\" content=\"summary_large_image\" class=\"yoast-seo-meta-tag\" \/>\n<meta name=\"twitter:label1\" content=\"Escrito por\" class=\"yoast-seo-meta-tag\" \/>\n\t<meta name=\"twitter:data1\" content=\"cpereira\" class=\"yoast-seo-meta-tag\" \/>\n\t<meta name=\"twitter:label2\" content=\"Tiempo estimado de lectura\" class=\"yoast-seo-meta-tag\" \/>\n\t<meta name=\"twitter:data2\" content=\"3 minutos\" class=\"yoast-seo-meta-tag\" \/>\n<script type=\"application\/ld+json\" class=\"yoast-schema-graph\">{\"@context\":\"https:\/\/schema.org\",\"@graph\":[{\"@type\":\"Article\",\"@id\":\"https:\/\/explora.cl\/maule\/explora-maule-reconoce-a-educadoras-en-el-cierre-de-pipe-2025\/#article\",\"isPartOf\":{\"@id\":\"https:\/\/explora.cl\/maule\/explora-maule-reconoce-a-educadoras-en-el-cierre-de-pipe-2025\/\"},\"author\":{\"name\":\"cpereira\",\"@id\":\"https:\/\/explora.cl\/maule\/#\/schema\/person\/7c4a8d7da1b43fee83d990c08dd35f99\"},\"headline\":\"Explora Maule reconoce a educadoras en el cierre de PIPE 2025\",\"datePublished\":\"2025-12-15T18:59:52+00:00\",\"mainEntityOfPage\":{\"@id\":\"https:\/\/explora.cl\/maule\/explora-maule-reconoce-a-educadoras-en-el-cierre-de-pipe-2025\/\"},\"wordCount\":630,\"commentCount\":0,\"image\":{\"@id\":\"https:\/\/explora.cl\/maule\/explora-maule-reconoce-a-educadoras-en-el-cierre-de-pipe-2025\/#primaryimage\"},\"thumbnailUrl\":\"https:\/\/explora.cl\/maule\/wp-content\/uploads\/sites\/9\/2025\/12\/Imag_nota02-05DIC2025.jpg\",\"articleSection\":[\"Lugar 4\",\"Noticias\"],\"inLanguage\":\"es-CL\",\"potentialAction\":[{\"@type\":\"CommentAction\",\"name\":\"Comment\",\"target\":[\"https:\/\/explora.cl\/maule\/explora-maule-reconoce-a-educadoras-en-el-cierre-de-pipe-2025\/#respond\"]}]},{\"@type\":\"WebPage\",\"@id\":\"https:\/\/explora.cl\/maule\/explora-maule-reconoce-a-educadoras-en-el-cierre-de-pipe-2025\/\",\"url\":\"https:\/\/explora.cl\/maule\/explora-maule-reconoce-a-educadoras-en-el-cierre-de-pipe-2025\/\",\"name\":\"Explora Maule reconoce a educadoras en el cierre de PIPE 2025 - Maule\",\"isPartOf\":{\"@id\":\"https:\/\/explora.cl\/maule\/#website\"},\"primaryImageOfPage\":{\"@id\":\"https:\/\/explora.cl\/maule\/explora-maule-reconoce-a-educadoras-en-el-cierre-de-pipe-2025\/#primaryimage\"},\"image\":{\"@id\":\"https:\/\/explora.cl\/maule\/explora-maule-reconoce-a-educadoras-en-el-cierre-de-pipe-2025\/#primaryimage\"},\"thumbnailUrl\":\"https:\/\/explora.cl\/maule\/wp-content\/uploads\/sites\/9\/2025\/12\/Imag_nota02-05DIC2025.jpg\",\"datePublished\":\"2025-12-15T18:59:52+00:00\",\"author\":{\"@id\":\"https:\/\/explora.cl\/maule\/#\/schema\/person\/7c4a8d7da1b43fee83d990c08dd35f99\"},\"breadcrumb\":{\"@id\":\"https:\/\/explora.cl\/maule\/explora-maule-reconoce-a-educadoras-en-el-cierre-de-pipe-2025\/#breadcrumb\"},\"inLanguage\":\"es-CL\",\"potentialAction\":[{\"@type\":\"ReadAction\",\"target\":[\"https:\/\/explora.cl\/maule\/explora-maule-reconoce-a-educadoras-en-el-cierre-de-pipe-2025\/\"]}]},{\"@type\":\"ImageObject\",\"inLanguage\":\"es-CL\",\"@id\":\"https:\/\/explora.cl\/maule\/explora-maule-reconoce-a-educadoras-en-el-cierre-de-pipe-2025\/#primaryimage\",\"url\":\"https:\/\/explora.cl\/maule\/wp-content\/uploads\/sites\/9\/2025\/12\/Imag_nota02-05DIC2025.jpg\",\"contentUrl\":\"https:\/\/explora.cl\/maule\/wp-content\/uploads\/sites\/9\/2025\/12\/Imag_nota02-05DIC2025.jpg\",\"width\":1280,\"height\":1024},{\"@type\":\"BreadcrumbList\",\"@id\":\"https:\/\/explora.cl\/maule\/explora-maule-reconoce-a-educadoras-en-el-cierre-de-pipe-2025\/#breadcrumb\",\"itemListElement\":[{\"@type\":\"ListItem\",\"position\":1,\"name\":\"Portada\",\"item\":\"https:\/\/explora.cl\/maule\/\"},{\"@type\":\"ListItem\",\"position\":2,\"name\":\"Explora Maule reconoce a educadoras en el cierre de PIPE 2025\"}]},{\"@type\":\"WebSite\",\"@id\":\"https:\/\/explora.cl\/maule\/#website\",\"url\":\"https:\/\/explora.cl\/maule\/\",\"name\":\"Maule\",\"description\":\"Otro sitio m\u00e1s de explora.cl\",\"potentialAction\":[{\"@type\":\"SearchAction\",\"target\":{\"@type\":\"EntryPoint\",\"urlTemplate\":\"https:\/\/explora.cl\/maule\/?s={search_term_string}\"},\"query-input\":{\"@type\":\"PropertyValueSpecification\",\"valueRequired\":true,\"valueName\":\"search_term_string\"}}],\"inLanguage\":\"es-CL\"},{\"@type\":\"Person\",\"@id\":\"https:\/\/explora.cl\/maule\/#\/schema\/person\/7c4a8d7da1b43fee83d990c08dd35f99\",\"name\":\"cpereira\",\"image\":{\"@type\":\"ImageObject\",\"inLanguage\":\"es-CL\",\"@id\":\"https:\/\/explora.cl\/maule\/#\/schema\/person\/image\/\",\"url\":\"https:\/\/secure.gravatar.com\/avatar\/b5fc66932e6c27119a245427f86f8c950201f3cbe1e64e508e0f7c39dc595157?s=96&d=mm&r=g\",\"contentUrl\":\"https:\/\/secure.gravatar.com\/avatar\/b5fc66932e6c27119a245427f86f8c950201f3cbe1e64e508e0f7c39dc595157?s=96&d=mm&r=g\",\"caption\":\"cpereira\"},\"url\":\"https:\/\/explora.cl\/maule\/author\/cpereira\/\"}]}<\/script>\n<!-- \/ Yoast SEO plugin. -->","yoast_head_json":{"title":"Explora Maule reconoce a educadoras en el cierre de PIPE 2025 - Maule","robots":{"index":"index","follow":"follow","max-snippet":"max-snippet:-1","max-image-preview":"max-image-preview:large","max-video-preview":"max-video-preview:-1"},"canonical":"https:\/\/explora.cl\/maule\/explora-maule-reconoce-a-educadoras-en-el-cierre-de-pipe-2025\/","og_locale":"es_ES","og_type":"article","og_title":"Explora Maule reconoce a educadoras en el cierre de PIPE 2025 - Maule","og_description":"El encuentro reuni\u00f3 a m\u00e1s de 150 educadoras de p\u00e1rvulos de toda la Regi\u00f3n del Maule, quienes desarrollaron experiencias de indagaci\u00f3n con sus estudiantes tanto en el aula como en el territorio.","og_url":"https:\/\/explora.cl\/maule\/explora-maule-reconoce-a-educadoras-en-el-cierre-de-pipe-2025\/","og_site_name":"Maule","article_published_time":"2025-12-15T18:59:52+00:00","og_image":[{"width":1280,"height":1024,"url":"https:\/\/explora.cl\/maule\/wp-content\/uploads\/sites\/9\/2025\/12\/Imag_nota02-05DIC2025.jpg","type":"image\/jpeg"}],"author":"cpereira","twitter_card":"summary_large_image","twitter_misc":{"Escrito por":"cpereira","Tiempo estimado de lectura":"3 minutos"},"schema":{"@context":"https:\/\/schema.org","@graph":[{"@type":"Article","@id":"https:\/\/explora.cl\/maule\/explora-maule-reconoce-a-educadoras-en-el-cierre-de-pipe-2025\/#article","isPartOf":{"@id":"https:\/\/explora.cl\/maule\/explora-maule-reconoce-a-educadoras-en-el-cierre-de-pipe-2025\/"},"author":{"name":"cpereira","@id":"https:\/\/explora.cl\/maule\/#\/schema\/person\/7c4a8d7da1b43fee83d990c08dd35f99"},"headline":"Explora Maule reconoce a educadoras en el cierre de PIPE 2025","datePublished":"2025-12-15T18:59:52+00:00","mainEntityOfPage":{"@id":"https:\/\/explora.cl\/maule\/explora-maule-reconoce-a-educadoras-en-el-cierre-de-pipe-2025\/"},"wordCount":630,"commentCount":0,"image":{"@id":"https:\/\/explora.cl\/maule\/explora-maule-reconoce-a-educadoras-en-el-cierre-de-pipe-2025\/#primaryimage"},"thumbnailUrl":"https:\/\/explora.cl\/maule\/wp-content\/uploads\/sites\/9\/2025\/12\/Imag_nota02-05DIC2025.jpg","articleSection":["Lugar 4","Noticias"],"inLanguage":"es-CL","potentialAction":[{"@type":"CommentAction","name":"Comment","target":["https:\/\/explora.cl\/maule\/explora-maule-reconoce-a-educadoras-en-el-cierre-de-pipe-2025\/#respond"]}]},{"@type":"WebPage","@id":"https:\/\/explora.cl\/maule\/explora-maule-reconoce-a-educadoras-en-el-cierre-de-pipe-2025\/","url":"https:\/\/explora.cl\/maule\/explora-maule-reconoce-a-educadoras-en-el-cierre-de-pipe-2025\/","name":"Explora Maule reconoce a educadoras en el cierre de PIPE 2025 - Maule","isPartOf":{"@id":"https:\/\/explora.cl\/maule\/#website"},"primaryImageOfPage":{"@id":"https:\/\/explora.cl\/maule\/explora-maule-reconoce-a-educadoras-en-el-cierre-de-pipe-2025\/#primaryimage"},"image":{"@id":"https:\/\/explora.cl\/maule\/explora-maule-reconoce-a-educadoras-en-el-cierre-de-pipe-2025\/#primaryimage"},"thumbnailUrl":"https:\/\/explora.cl\/maule\/wp-content\/uploads\/sites\/9\/2025\/12\/Imag_nota02-05DIC2025.jpg","datePublished":"2025-12-15T18:59:52+00:00","author":{"@id":"https:\/\/explora.cl\/maule\/#\/schema\/person\/7c4a8d7da1b43fee83d990c08dd35f99"},"breadcrumb":{"@id":"https:\/\/explora.cl\/maule\/explora-maule-reconoce-a-educadoras-en-el-cierre-de-pipe-2025\/#breadcrumb"},"inLanguage":"es-CL","potentialAction":[{"@type":"ReadAction","target":["https:\/\/explora.cl\/maule\/explora-maule-reconoce-a-educadoras-en-el-cierre-de-pipe-2025\/"]}]},{"@type":"ImageObject","inLanguage":"es-CL","@id":"https:\/\/explora.cl\/maule\/explora-maule-reconoce-a-educadoras-en-el-cierre-de-pipe-2025\/#primaryimage","url":"https:\/\/explora.cl\/maule\/wp-content\/uploads\/sites\/9\/2025\/12\/Imag_nota02-05DIC2025.jpg","contentUrl":"https:\/\/explora.cl\/maule\/wp-content\/uploads\/sites\/9\/2025\/12\/Imag_nota02-05DIC2025.jpg","width":1280,"height":1024},{"@type":"BreadcrumbList","@id":"https:\/\/explora.cl\/maule\/explora-maule-reconoce-a-educadoras-en-el-cierre-de-pipe-2025\/#breadcrumb","itemListElement":[{"@type":"ListItem","position":1,"name":"Portada","item":"https:\/\/explora.cl\/maule\/"},{"@type":"ListItem","position":2,"name":"Explora Maule reconoce a educadoras en el cierre de PIPE 2025"}]},{"@type":"WebSite","@id":"https:\/\/explora.cl\/maule\/#website","url":"https:\/\/explora.cl\/maule\/","name":"Maule","description":"Otro sitio m\u00e1s de explora.cl","potentialAction":[{"@type":"SearchAction","target":{"@type":"EntryPoint","urlTemplate":"https:\/\/explora.cl\/maule\/?s={search_term_string}"},"query-input":{"@type":"PropertyValueSpecification","valueRequired":true,"valueName":"search_term_string"}}],"inLanguage":"es-CL"},{"@type":"Person","@id":"https:\/\/explora.cl\/maule\/#\/schema\/person\/7c4a8d7da1b43fee83d990c08dd35f99","name":"cpereira","image":{"@type":"ImageObject","inLanguage":"es-CL","@id":"https:\/\/explora.cl\/maule\/#\/schema\/person\/image\/","url":"https:\/\/secure.gravatar.com\/avatar\/b5fc66932e6c27119a245427f86f8c950201f3cbe1e64e508e0f7c39dc595157?s=96&d=mm&r=g","contentUrl":"https:\/\/secure.gravatar.com\/avatar\/b5fc66932e6c27119a245427f86f8c950201f3cbe1e64e508e0f7c39dc595157?s=96&d=mm&r=g","caption":"cpereira"},"url":"https:\/\/explora.cl\/maule\/author\/cpereira\/"}]}},"_links":{"self":[{"href":"https:\/\/explora.cl\/maule\/wp-json\/wp\/v2\/posts\/39503","targetHints":{"allow":["GET"]}}],"collection":[{"href":"https:\/\/explora.cl\/maule\/wp-json\/wp\/v2\/posts"}],"about":[{"href":"https:\/\/explora.cl\/maule\/wp-json\/wp\/v2\/types\/post"}],"author":[{"embeddable":true,"href":"https:\/\/explora.cl\/maule\/wp-json\/wp\/v2\/users\/24"}],"replies":[{"embeddable":true,"href":"https:\/\/explora.cl\/maule\/wp-json\/wp\/v2\/comments?post=39503"}],"version-history":[{"count":1,"href":"https:\/\/explora.cl\/maule\/wp-json\/wp\/v2\/posts\/39503\/revisions"}],"predecessor-version":[{"id":39506,"href":"https:\/\/explora.cl\/maule\/wp-json\/wp\/v2\/posts\/39503\/revisions\/39506"}],"wp:featuredmedia":[{"embeddable":true,"href":"https:\/\/explora.cl\/maule\/wp-json\/wp\/v2\/media\/39504"}],"wp:attachment":[{"href":"https:\/\/explora.cl\/maule\/wp-json\/wp\/v2\/media?parent=39503"}],"wp:term":[{"taxonomy":"category","embeddable":true,"href":"https:\/\/explora.cl\/maule\/wp-json\/wp\/v2\/categories?post=39503"},{"taxonomy":"post_tag","embeddable":true,"href":"https:\/\/explora.cl\/maule\/wp-json\/wp\/v2\/tags?post=39503"}],"curies":[{"name":"wp","href":"https:\/\/api.w.org\/{rel}","templated":true}]}}