{"id":39499,"date":"2025-11-14T12:20:58","date_gmt":"2025-11-14T15:20:58","guid":{"rendered":"https:\/\/explora.cl\/maule\/?p=39499"},"modified":"2025-11-14T12:20:58","modified_gmt":"2025-11-14T15:20:58","slug":"investigadores-de-la-utalca-compartieron-sus-conocimientos-en-el-festival-de-las-ciencias-2025","status":"publish","type":"post","link":"https:\/\/explora.cl\/maule\/investigadores-de-la-utalca-compartieron-sus-conocimientos-en-el-festival-de-las-ciencias-2025\/","title":{"rendered":"Investigadores de la UTalca compartieron sus conocimientos en el Festival de las Ciencias 2025"},"content":{"rendered":"<h3><em><b>Cient\u00edficos y equipos de divulgaci\u00f3n de la casa de estudios presentaron sus \u00faltimas investigaciones en diversas \u00e1reas<\/b>.<\/em><\/h3>\n<div>Con una masiva participaci\u00f3n de cient\u00edficos y cient\u00edficas de la Universidad de Talca, adem\u00e1s de los programas Espacio DTC+ y Explora Maule de la casa de estudios, se llev\u00f3 a cabo la versi\u00f3n 2025 del Festival de las Ciencias. Esta instancia, celebrada en todo el pa\u00eds por el Ministerio de Ciencia, Tecnolog\u00eda, Conocimiento e Innovaci\u00f3n, fue liderada en la Regi\u00f3n del Maule por la Seremi CTCI de las regiones de O\u2019Higgins y Maule.<\/div>\n<div><\/div>\n<div>La celebraci\u00f3n, que se extendi\u00f3 durante una semana con actividades desplegadas en distintos puntos del territorio, tuvo su punto culmine en el Parque R\u00edo Claro de Talca, donde la Universidad de Talca tuvo una participaci\u00f3n fundamental al ser la \u00fanica instituci\u00f3n de educaci\u00f3n superior en sumarse al llamado de acercar la ciencia y la tecnolog\u00eda a las comunidades, mediante formatos l\u00fadicos y contenidos de alto rigor cient\u00edfico.<\/div>\n<div><\/div>\n<div>\u201cLa Universidad de Talca ha sido un pilar tremendo para el desarrollo de este evento, tanto en la producci\u00f3n como en la participaci\u00f3n de sus investigadoras, investigadores y centros de investigaci\u00f3n. Fue la universidad que sac\u00f3 la cara por la regi\u00f3n en este evento, as\u00ed que estamos profundamente agradecidos y valoramos el trabajo que est\u00e1n realizando\u201d, coment\u00f3 Hern\u00e1n Astaburuaga, Seremi CTCI de las regiones de O\u2019Higgins y Maule.<\/div>\n<div><\/div>\n<div>Los visitantes pudieron conocer los avances de las \u00faltimas investigaciones en Agronom\u00eda, adentrarse en el mundo de la qu\u00edmica, vivir experiencias en psicolog\u00eda social, maravillarse con las matem\u00e1ticas y explorar c\u00f3mo funcionan las energ\u00edas renovables y las construcciones desde la ingenier\u00eda. La ciencia entretenida estuvo presente con el cami\u00f3n laboratorio TruckLab y el \u00c1gora Ciencia, con juegos y exposiciones interactivas desarrolladas por Explora Maule.<\/div>\n<div><\/div>\n<div>\u201cNuestro compromiso como universidad p\u00fablica es mostrar el trabajo cient\u00edfico de excelencia que se realiza en nuestra instituci\u00f3n y comunicarlo de forma accesible, para que la comunidad conozca qu\u00e9 hacen las cient\u00edficas y cient\u00edficos, y c\u00f3mo sus investigaciones aportan al desarrollo del pa\u00eds\u201d, indic\u00f3 C\u00e9sar Retamal, jefe de la Unidad de Divulgaci\u00f3n y director de Explora Maule.<\/div>\n<div><\/div>\n<div><b>Actividad valorada<\/b><\/div>\n<div><\/div>\n<div>El decano de la Facultad de Ciencias Agrarias de la UTalca, Gonzalo D\u00edaz, valor\u00f3 la presencia de la Universidad en la actividad \u201cLa ciencia es algo esencial, gracias a ella avanzamos. Queremos mostrar lo que hacemos a la comunidad, especialmente a quienes ser\u00e1n las y los futuros estudiantes de nuestra universidad y protagonistas del desarrollo cient\u00edfico del pa\u00eds\u201d.<\/div>\n<div><\/div>\n<div>Por su parte, la acad\u00e9mica del Instituto de Qu\u00edmica de Recursos Naturales, Carolina Quinteros, destac\u00f3 la relevancia de acercar la universidad a la ciudadan\u00eda: \u201cEl conocimiento forma pensamiento cr\u00edtico, nos ayuda a comprender el mundo que nos rodea y nos acerca a realidades que a veces pensamos inalcanzables. Lo hacemos de manera l\u00fadica, accesible y cercana a las personas\u201d, afirm\u00f3.<\/div>\n<div><\/div>\n<div>La participaci\u00f3n de la Universidad de Talca no se limit\u00f3 a la celebraci\u00f3n en el Parque R\u00edo Claro. Durante la semana, se desarroll\u00f3 un amplio programa de actividades lideradas por la Unidad de Divulgaci\u00f3n, que acercaron la ciencia y la tecnolog\u00eda a ni\u00f1as, ni\u00f1os y j\u00f3venes de distintas comunas de la regi\u00f3n.<\/div>\n","protected":false},"excerpt":{"rendered":"<p>Cient\u00edficos y equipos de divulgaci\u00f3n de la casa de estudios presentaron sus \u00faltimas investigaciones en diversas \u00e1reas.<\/p>\n","protected":false},"author":24,"featured_media":39500,"comment_status":"open","ping_status":"open","sticky":false,"template":"","format":"standard","meta":{"_acf_changed":false,"_exactmetrics_skip_tracking":false,"_exactmetrics_sitenote_active":false,"_exactmetrics_sitenote_note":"","_exactmetrics_sitenote_category":0,"footnotes":"","_links_to":"","_links_to_target":""},"categories":[139,4],"tags":[],"class_list":["post-39499","post","type-post","status-publish","format-standard","has-post-thumbnail","hentry","category-lugar-4","category-noticias"],"acf":[],"yoast_head":"<!-- This site is optimized with the Yoast SEO plugin v26.9 - https:\/\/yoast.com\/product\/yoast-seo-wordpress\/ -->\n<title>Investigadores de la UTalca compartieron sus conocimientos en el Festival de las Ciencias 2025 - Maule<\/title>\n<meta name=\"robots\" content=\"index, follow, max-snippet:-1, max-image-preview:large, max-video-preview:-1\" \/>\n<link rel=\"canonical\" href=\"https:\/\/explora.cl\/maule\/investigadores-de-la-utalca-compartieron-sus-conocimientos-en-el-festival-de-las-ciencias-2025\/\" class=\"yoast-seo-meta-tag\" \/>\n<meta property=\"og:locale\" content=\"es_ES\" class=\"yoast-seo-meta-tag\" \/>\n<meta property=\"og:type\" content=\"article\" class=\"yoast-seo-meta-tag\" \/>\n<meta property=\"og:title\" content=\"Investigadores de la UTalca compartieron sus conocimientos en el Festival de las Ciencias 2025 - Maule\" class=\"yoast-seo-meta-tag\" \/>\n<meta property=\"og:description\" content=\"Cient\u00edficos y equipos de divulgaci\u00f3n de la casa de estudios presentaron sus \u00faltimas investigaciones en diversas \u00e1reas.\" class=\"yoast-seo-meta-tag\" \/>\n<meta property=\"og:url\" content=\"https:\/\/explora.cl\/maule\/investigadores-de-la-utalca-compartieron-sus-conocimientos-en-el-festival-de-las-ciencias-2025\/\" class=\"yoast-seo-meta-tag\" \/>\n<meta property=\"og:site_name\" content=\"Maule\" class=\"yoast-seo-meta-tag\" \/>\n<meta property=\"article:published_time\" content=\"2025-11-14T15:20:58+00:00\" class=\"yoast-seo-meta-tag\" \/>\n<meta property=\"og:image\" content=\"https:\/\/explora.cl\/maule\/wp-content\/uploads\/sites\/9\/2025\/11\/Investigadores-de-la-UTalca-compartieron-sus-conocimientos-en-el-Festival-de-las-Ciencias-2025.jpg\" class=\"yoast-seo-meta-tag\" \/>\n\t<meta property=\"og:image:width\" content=\"640\" class=\"yoast-seo-meta-tag\" \/>\n\t<meta property=\"og:image:height\" content=\"360\" class=\"yoast-seo-meta-tag\" \/>\n\t<meta property=\"og:image:type\" content=\"image\/jpeg\" class=\"yoast-seo-meta-tag\" \/>\n<meta name=\"author\" content=\"cpereira\" class=\"yoast-seo-meta-tag\" \/>\n<meta name=\"twitter:card\" content=\"summary_large_image\" class=\"yoast-seo-meta-tag\" \/>\n<meta name=\"twitter:label1\" content=\"Escrito por\" class=\"yoast-seo-meta-tag\" \/>\n\t<meta name=\"twitter:data1\" content=\"cpereira\" class=\"yoast-seo-meta-tag\" \/>\n\t<meta name=\"twitter:label2\" content=\"Tiempo estimado de lectura\" class=\"yoast-seo-meta-tag\" \/>\n\t<meta name=\"twitter:data2\" content=\"3 minutos\" class=\"yoast-seo-meta-tag\" \/>\n<script type=\"application\/ld+json\" class=\"yoast-schema-graph\">{\"@context\":\"https:\/\/schema.org\",\"@graph\":[{\"@type\":\"Article\",\"@id\":\"https:\/\/explora.cl\/maule\/investigadores-de-la-utalca-compartieron-sus-conocimientos-en-el-festival-de-las-ciencias-2025\/#article\",\"isPartOf\":{\"@id\":\"https:\/\/explora.cl\/maule\/investigadores-de-la-utalca-compartieron-sus-conocimientos-en-el-festival-de-las-ciencias-2025\/\"},\"author\":{\"name\":\"cpereira\",\"@id\":\"https:\/\/explora.cl\/maule\/#\/schema\/person\/7c4a8d7da1b43fee83d990c08dd35f99\"},\"headline\":\"Investigadores de la UTalca compartieron sus conocimientos en el Festival de las Ciencias 2025\",\"datePublished\":\"2025-11-14T15:20:58+00:00\",\"mainEntityOfPage\":{\"@id\":\"https:\/\/explora.cl\/maule\/investigadores-de-la-utalca-compartieron-sus-conocimientos-en-el-festival-de-las-ciencias-2025\/\"},\"wordCount\":592,\"commentCount\":0,\"image\":{\"@id\":\"https:\/\/explora.cl\/maule\/investigadores-de-la-utalca-compartieron-sus-conocimientos-en-el-festival-de-las-ciencias-2025\/#primaryimage\"},\"thumbnailUrl\":\"https:\/\/explora.cl\/maule\/wp-content\/uploads\/sites\/9\/2025\/11\/Investigadores-de-la-UTalca-compartieron-sus-conocimientos-en-el-Festival-de-las-Ciencias-2025.jpg\",\"articleSection\":[\"Lugar 4\",\"Noticias\"],\"inLanguage\":\"es-CL\",\"potentialAction\":[{\"@type\":\"CommentAction\",\"name\":\"Comment\",\"target\":[\"https:\/\/explora.cl\/maule\/investigadores-de-la-utalca-compartieron-sus-conocimientos-en-el-festival-de-las-ciencias-2025\/#respond\"]}]},{\"@type\":\"WebPage\",\"@id\":\"https:\/\/explora.cl\/maule\/investigadores-de-la-utalca-compartieron-sus-conocimientos-en-el-festival-de-las-ciencias-2025\/\",\"url\":\"https:\/\/explora.cl\/maule\/investigadores-de-la-utalca-compartieron-sus-conocimientos-en-el-festival-de-las-ciencias-2025\/\",\"name\":\"Investigadores de la UTalca compartieron sus conocimientos en el Festival de las Ciencias 2025 - Maule\",\"isPartOf\":{\"@id\":\"https:\/\/explora.cl\/maule\/#website\"},\"primaryImageOfPage\":{\"@id\":\"https:\/\/explora.cl\/maule\/investigadores-de-la-utalca-compartieron-sus-conocimientos-en-el-festival-de-las-ciencias-2025\/#primaryimage\"},\"image\":{\"@id\":\"https:\/\/explora.cl\/maule\/investigadores-de-la-utalca-compartieron-sus-conocimientos-en-el-festival-de-las-ciencias-2025\/#primaryimage\"},\"thumbnailUrl\":\"https:\/\/explora.cl\/maule\/wp-content\/uploads\/sites\/9\/2025\/11\/Investigadores-de-la-UTalca-compartieron-sus-conocimientos-en-el-Festival-de-las-Ciencias-2025.jpg\",\"datePublished\":\"2025-11-14T15:20:58+00:00\",\"author\":{\"@id\":\"https:\/\/explora.cl\/maule\/#\/schema\/person\/7c4a8d7da1b43fee83d990c08dd35f99\"},\"breadcrumb\":{\"@id\":\"https:\/\/explora.cl\/maule\/investigadores-de-la-utalca-compartieron-sus-conocimientos-en-el-festival-de-las-ciencias-2025\/#breadcrumb\"},\"inLanguage\":\"es-CL\",\"potentialAction\":[{\"@type\":\"ReadAction\",\"target\":[\"https:\/\/explora.cl\/maule\/investigadores-de-la-utalca-compartieron-sus-conocimientos-en-el-festival-de-las-ciencias-2025\/\"]}]},{\"@type\":\"ImageObject\",\"inLanguage\":\"es-CL\",\"@id\":\"https:\/\/explora.cl\/maule\/investigadores-de-la-utalca-compartieron-sus-conocimientos-en-el-festival-de-las-ciencias-2025\/#primaryimage\",\"url\":\"https:\/\/explora.cl\/maule\/wp-content\/uploads\/sites\/9\/2025\/11\/Investigadores-de-la-UTalca-compartieron-sus-conocimientos-en-el-Festival-de-las-Ciencias-2025.jpg\",\"contentUrl\":\"https:\/\/explora.cl\/maule\/wp-content\/uploads\/sites\/9\/2025\/11\/Investigadores-de-la-UTalca-compartieron-sus-conocimientos-en-el-Festival-de-las-Ciencias-2025.jpg\",\"width\":640,\"height\":360},{\"@type\":\"BreadcrumbList\",\"@id\":\"https:\/\/explora.cl\/maule\/investigadores-de-la-utalca-compartieron-sus-conocimientos-en-el-festival-de-las-ciencias-2025\/#breadcrumb\",\"itemListElement\":[{\"@type\":\"ListItem\",\"position\":1,\"name\":\"Portada\",\"item\":\"https:\/\/explora.cl\/maule\/\"},{\"@type\":\"ListItem\",\"position\":2,\"name\":\"Investigadores de la UTalca compartieron sus conocimientos en el Festival de las Ciencias 2025\"}]},{\"@type\":\"WebSite\",\"@id\":\"https:\/\/explora.cl\/maule\/#website\",\"url\":\"https:\/\/explora.cl\/maule\/\",\"name\":\"Maule\",\"description\":\"Otro sitio m\u00e1s de explora.cl\",\"potentialAction\":[{\"@type\":\"SearchAction\",\"target\":{\"@type\":\"EntryPoint\",\"urlTemplate\":\"https:\/\/explora.cl\/maule\/?s={search_term_string}\"},\"query-input\":{\"@type\":\"PropertyValueSpecification\",\"valueRequired\":true,\"valueName\":\"search_term_string\"}}],\"inLanguage\":\"es-CL\"},{\"@type\":\"Person\",\"@id\":\"https:\/\/explora.cl\/maule\/#\/schema\/person\/7c4a8d7da1b43fee83d990c08dd35f99\",\"name\":\"cpereira\",\"image\":{\"@type\":\"ImageObject\",\"inLanguage\":\"es-CL\",\"@id\":\"https:\/\/explora.cl\/maule\/#\/schema\/person\/image\/\",\"url\":\"https:\/\/secure.gravatar.com\/avatar\/b5fc66932e6c27119a245427f86f8c950201f3cbe1e64e508e0f7c39dc595157?s=96&d=mm&r=g\",\"contentUrl\":\"https:\/\/secure.gravatar.com\/avatar\/b5fc66932e6c27119a245427f86f8c950201f3cbe1e64e508e0f7c39dc595157?s=96&d=mm&r=g\",\"caption\":\"cpereira\"},\"url\":\"https:\/\/explora.cl\/maule\/author\/cpereira\/\"}]}<\/script>\n<!-- \/ Yoast SEO plugin. -->","yoast_head_json":{"title":"Investigadores de la UTalca compartieron sus conocimientos en el Festival de las Ciencias 2025 - Maule","robots":{"index":"index","follow":"follow","max-snippet":"max-snippet:-1","max-image-preview":"max-image-preview:large","max-video-preview":"max-video-preview:-1"},"canonical":"https:\/\/explora.cl\/maule\/investigadores-de-la-utalca-compartieron-sus-conocimientos-en-el-festival-de-las-ciencias-2025\/","og_locale":"es_ES","og_type":"article","og_title":"Investigadores de la UTalca compartieron sus conocimientos en el Festival de las Ciencias 2025 - Maule","og_description":"Cient\u00edficos y equipos de divulgaci\u00f3n de la casa de estudios presentaron sus \u00faltimas investigaciones en diversas \u00e1reas.","og_url":"https:\/\/explora.cl\/maule\/investigadores-de-la-utalca-compartieron-sus-conocimientos-en-el-festival-de-las-ciencias-2025\/","og_site_name":"Maule","article_published_time":"2025-11-14T15:20:58+00:00","og_image":[{"width":640,"height":360,"url":"https:\/\/explora.cl\/maule\/wp-content\/uploads\/sites\/9\/2025\/11\/Investigadores-de-la-UTalca-compartieron-sus-conocimientos-en-el-Festival-de-las-Ciencias-2025.jpg","type":"image\/jpeg"}],"author":"cpereira","twitter_card":"summary_large_image","twitter_misc":{"Escrito por":"cpereira","Tiempo estimado de lectura":"3 minutos"},"schema":{"@context":"https:\/\/schema.org","@graph":[{"@type":"Article","@id":"https:\/\/explora.cl\/maule\/investigadores-de-la-utalca-compartieron-sus-conocimientos-en-el-festival-de-las-ciencias-2025\/#article","isPartOf":{"@id":"https:\/\/explora.cl\/maule\/investigadores-de-la-utalca-compartieron-sus-conocimientos-en-el-festival-de-las-ciencias-2025\/"},"author":{"name":"cpereira","@id":"https:\/\/explora.cl\/maule\/#\/schema\/person\/7c4a8d7da1b43fee83d990c08dd35f99"},"headline":"Investigadores de la UTalca compartieron sus conocimientos en el Festival de las Ciencias 2025","datePublished":"2025-11-14T15:20:58+00:00","mainEntityOfPage":{"@id":"https:\/\/explora.cl\/maule\/investigadores-de-la-utalca-compartieron-sus-conocimientos-en-el-festival-de-las-ciencias-2025\/"},"wordCount":592,"commentCount":0,"image":{"@id":"https:\/\/explora.cl\/maule\/investigadores-de-la-utalca-compartieron-sus-conocimientos-en-el-festival-de-las-ciencias-2025\/#primaryimage"},"thumbnailUrl":"https:\/\/explora.cl\/maule\/wp-content\/uploads\/sites\/9\/2025\/11\/Investigadores-de-la-UTalca-compartieron-sus-conocimientos-en-el-Festival-de-las-Ciencias-2025.jpg","articleSection":["Lugar 4","Noticias"],"inLanguage":"es-CL","potentialAction":[{"@type":"CommentAction","name":"Comment","target":["https:\/\/explora.cl\/maule\/investigadores-de-la-utalca-compartieron-sus-conocimientos-en-el-festival-de-las-ciencias-2025\/#respond"]}]},{"@type":"WebPage","@id":"https:\/\/explora.cl\/maule\/investigadores-de-la-utalca-compartieron-sus-conocimientos-en-el-festival-de-las-ciencias-2025\/","url":"https:\/\/explora.cl\/maule\/investigadores-de-la-utalca-compartieron-sus-conocimientos-en-el-festival-de-las-ciencias-2025\/","name":"Investigadores de la UTalca compartieron sus conocimientos en el Festival de las Ciencias 2025 - Maule","isPartOf":{"@id":"https:\/\/explora.cl\/maule\/#website"},"primaryImageOfPage":{"@id":"https:\/\/explora.cl\/maule\/investigadores-de-la-utalca-compartieron-sus-conocimientos-en-el-festival-de-las-ciencias-2025\/#primaryimage"},"image":{"@id":"https:\/\/explora.cl\/maule\/investigadores-de-la-utalca-compartieron-sus-conocimientos-en-el-festival-de-las-ciencias-2025\/#primaryimage"},"thumbnailUrl":"https:\/\/explora.cl\/maule\/wp-content\/uploads\/sites\/9\/2025\/11\/Investigadores-de-la-UTalca-compartieron-sus-conocimientos-en-el-Festival-de-las-Ciencias-2025.jpg","datePublished":"2025-11-14T15:20:58+00:00","author":{"@id":"https:\/\/explora.cl\/maule\/#\/schema\/person\/7c4a8d7da1b43fee83d990c08dd35f99"},"breadcrumb":{"@id":"https:\/\/explora.cl\/maule\/investigadores-de-la-utalca-compartieron-sus-conocimientos-en-el-festival-de-las-ciencias-2025\/#breadcrumb"},"inLanguage":"es-CL","potentialAction":[{"@type":"ReadAction","target":["https:\/\/explora.cl\/maule\/investigadores-de-la-utalca-compartieron-sus-conocimientos-en-el-festival-de-las-ciencias-2025\/"]}]},{"@type":"ImageObject","inLanguage":"es-CL","@id":"https:\/\/explora.cl\/maule\/investigadores-de-la-utalca-compartieron-sus-conocimientos-en-el-festival-de-las-ciencias-2025\/#primaryimage","url":"https:\/\/explora.cl\/maule\/wp-content\/uploads\/sites\/9\/2025\/11\/Investigadores-de-la-UTalca-compartieron-sus-conocimientos-en-el-Festival-de-las-Ciencias-2025.jpg","contentUrl":"https:\/\/explora.cl\/maule\/wp-content\/uploads\/sites\/9\/2025\/11\/Investigadores-de-la-UTalca-compartieron-sus-conocimientos-en-el-Festival-de-las-Ciencias-2025.jpg","width":640,"height":360},{"@type":"BreadcrumbList","@id":"https:\/\/explora.cl\/maule\/investigadores-de-la-utalca-compartieron-sus-conocimientos-en-el-festival-de-las-ciencias-2025\/#breadcrumb","itemListElement":[{"@type":"ListItem","position":1,"name":"Portada","item":"https:\/\/explora.cl\/maule\/"},{"@type":"ListItem","position":2,"name":"Investigadores de la UTalca compartieron sus conocimientos en el Festival de las Ciencias 2025"}]},{"@type":"WebSite","@id":"https:\/\/explora.cl\/maule\/#website","url":"https:\/\/explora.cl\/maule\/","name":"Maule","description":"Otro sitio m\u00e1s de explora.cl","potentialAction":[{"@type":"SearchAction","target":{"@type":"EntryPoint","urlTemplate":"https:\/\/explora.cl\/maule\/?s={search_term_string}"},"query-input":{"@type":"PropertyValueSpecification","valueRequired":true,"valueName":"search_term_string"}}],"inLanguage":"es-CL"},{"@type":"Person","@id":"https:\/\/explora.cl\/maule\/#\/schema\/person\/7c4a8d7da1b43fee83d990c08dd35f99","name":"cpereira","image":{"@type":"ImageObject","inLanguage":"es-CL","@id":"https:\/\/explora.cl\/maule\/#\/schema\/person\/image\/","url":"https:\/\/secure.gravatar.com\/avatar\/b5fc66932e6c27119a245427f86f8c950201f3cbe1e64e508e0f7c39dc595157?s=96&d=mm&r=g","contentUrl":"https:\/\/secure.gravatar.com\/avatar\/b5fc66932e6c27119a245427f86f8c950201f3cbe1e64e508e0f7c39dc595157?s=96&d=mm&r=g","caption":"cpereira"},"url":"https:\/\/explora.cl\/maule\/author\/cpereira\/"}]}},"_links":{"self":[{"href":"https:\/\/explora.cl\/maule\/wp-json\/wp\/v2\/posts\/39499","targetHints":{"allow":["GET"]}}],"collection":[{"href":"https:\/\/explora.cl\/maule\/wp-json\/wp\/v2\/posts"}],"about":[{"href":"https:\/\/explora.cl\/maule\/wp-json\/wp\/v2\/types\/post"}],"author":[{"embeddable":true,"href":"https:\/\/explora.cl\/maule\/wp-json\/wp\/v2\/users\/24"}],"replies":[{"embeddable":true,"href":"https:\/\/explora.cl\/maule\/wp-json\/wp\/v2\/comments?post=39499"}],"version-history":[{"count":1,"href":"https:\/\/explora.cl\/maule\/wp-json\/wp\/v2\/posts\/39499\/revisions"}],"predecessor-version":[{"id":39501,"href":"https:\/\/explora.cl\/maule\/wp-json\/wp\/v2\/posts\/39499\/revisions\/39501"}],"wp:featuredmedia":[{"embeddable":true,"href":"https:\/\/explora.cl\/maule\/wp-json\/wp\/v2\/media\/39500"}],"wp:attachment":[{"href":"https:\/\/explora.cl\/maule\/wp-json\/wp\/v2\/media?parent=39499"}],"wp:term":[{"taxonomy":"category","embeddable":true,"href":"https:\/\/explora.cl\/maule\/wp-json\/wp\/v2\/categories?post=39499"},{"taxonomy":"post_tag","embeddable":true,"href":"https:\/\/explora.cl\/maule\/wp-json\/wp\/v2\/tags?post=39499"}],"curies":[{"name":"wp","href":"https:\/\/api.w.org\/{rel}","templated":true}]}}