{"id":39487,"date":"2025-10-07T11:33:36","date_gmt":"2025-10-07T14:33:36","guid":{"rendered":"https:\/\/explora.cl\/maule\/?p=39487"},"modified":"2025-10-07T11:33:36","modified_gmt":"2025-10-07T14:33:36","slug":"educadoras-de-parvulos-aprendieron-sobre-medios-de-comunicacion-y-divulgacion-cientifica","status":"publish","type":"post","link":"https:\/\/explora.cl\/maule\/educadoras-de-parvulos-aprendieron-sobre-medios-de-comunicacion-y-divulgacion-cientifica\/","title":{"rendered":"Educadoras de p\u00e1rvulos aprendieron sobre medios de comunicaci\u00f3n y divulgaci\u00f3n cient\u00edfica"},"content":{"rendered":"<p><em>M\u00e1s de 120 educadoras de p\u00e1rvulos, provenientes de las 30 comunas del Maule, participaron en la Jornada de Buenas Pr\u00e1cticas del Programa PIPE de Explora Maule, que incluy\u00f3 una visita al canal UTalcaTV con el fin de conocer nuevas metodolog\u00edas para acercar la ciencia y la tecnolog\u00eda a la primera infancia.<\/em><\/p>\n<p>Conocer el funcionamiento de un canal de televisi\u00f3n y dar herramientas a educadoras de p\u00e1rvulos para elaborar productos de divulgaci\u00f3n cient\u00edfica junto a ni\u00f1as y ni\u00f1os, fue el prop\u00f3sito de una actividad desarrollada por el Proyecto Explora Maule, ejecutado por la Universidad de Talca, a trav\u00e9s del Programa de Indagaci\u00f3n para Primeras Edades (PIPE).<\/p>\n<p>Durante la jornada, que incluy\u00f3 una visita al canal UTalcaTV, compartieron experiencias pedag\u00f3gicas, reflexionaron sobre los avances y desaf\u00edos de su labor y se capacitaron en nuevas metodolog\u00edas para acercar la ciencia y la tecnolog\u00eda a la primera infancia a trav\u00e9s de recursos audiovisuales.<\/p>\n<p>En el Maule, el trabajo de este a\u00f1o se centra en el mundo de los animales, principalmente en los insectos y sus interacciones con el medio ambiente. A trav\u00e9s del programa, las educadoras exploran c\u00f3mo los insectos cumplen funciones clave como la polinizaci\u00f3n, el control natural de plagas y el reciclaje de nutrientes, lo que permite a las ni\u00f1as y ni\u00f1os comprender su importancia para los ecosistemas locales.<\/p>\n<p>Adem\u00e1s, se fomenta el uso de tecnolog\u00edas digitales (TIC) para crear productos de divulgaci\u00f3n educativa que acerquen estos contenidos cient\u00edficos de manera rigurosa, l\u00fadica y atractiva.<\/p>\n<p>\u201cEstamos muy contentos con la amplia participaci\u00f3n de las educadoras de p\u00e1rvulos, sobre todo entregando experiencias enriquecedoras y vinculando la ciencia con los medios de comunicaci\u00f3n. Confiamos en que los conocimientos adquiridos se integren en su trabajo en beneficio de los procesos educativos de ni\u00f1as y ni\u00f1os\u201d, coment\u00f3 C\u00e9sar Retamal Bravo, jefe de la Unidad de Divulgaci\u00f3n de la UTalca y director de Explora Maule.<\/p>\n<p>La televisi\u00f3n por dentro<\/p>\n<p>Una de las actividades destacadas de la jornada fue la visita al canal UTalcaTV. A trav\u00e9s de instancias mediadas por profesionales de la estaci\u00f3n, las docentes aprendieron sobre los procesos audiovisuales que dan vida a la programaci\u00f3n y recibieron consejos pr\u00e1cticos para la generaci\u00f3n de sus propios productos audiovisuales educativos.<\/p>\n<p>Para Emilie Bustos Olivos, educadora de la Escuela Los Copihues de Vichuqu\u00e9n, la visita result\u00f3 especialmente valiosa. \u201cHa sido grato el proceso, sobre todo para ver c\u00f3mo se logra hacer un reportaje o productos de comunicaci\u00f3n que nos sirven para los materiales de aprendizaje que tenemos que generar en el programa PIPE\u201d.<\/p>\n<p>Claudia Bobadilla Almuna, educadora del Jard\u00edn Infantil \u201cMis Peque\u00f1os Pasos\u201d de San Rafael, tambi\u00e9n valor\u00f3 la experiencia. \u201cEs el primer a\u00f1o que participo en PIPE y ha sido muy novedoso, sobre todo poder conocer el \u00e1rea de las telecomunicaciones, que normalmente uno ve de lejos, y ahora poder vivirla ha sido muy bonito\u201d.<\/p>\n<p>Este a\u00f1o, el Programa PIPE se implement\u00f3 en las 30 comunas del Maule, capacitando a 120 educadoras y t\u00e9cnicas en educaci\u00f3n parvularia y beneficiando a m\u00e1s de 1.500 ni\u00f1as y ni\u00f1os de la regi\u00f3n.<\/p>\n<p><span data-ccp-props=\"{&quot;335551550&quot;:6,&quot;335551620&quot;:6,&quot;335559738&quot;:240,&quot;335559739&quot;:240}\">\u00a0<\/span><\/p>\n<p><span data-ccp-props=\"{&quot;335551550&quot;:6,&quot;335551620&quot;:6,&quot;335559738&quot;:240,&quot;335559739&quot;:240}\">\u00a0<\/span><\/p>\n<p><span data-ccp-props=\"{&quot;335551550&quot;:6,&quot;335551620&quot;:6,&quot;335559738&quot;:240,&quot;335559739&quot;:240}\">\u00a0<\/span><\/p>\n<p><span data-ccp-props=\"{}\">\u00a0<\/span><\/p>\n","protected":false},"excerpt":{"rendered":"<p>M\u00e1s de 120 educadoras de p\u00e1rvulos, provenientes de las 30 comunas del Maule, participaron en la Jornada de Buenas Pr\u00e1cticas del Programa PIPE de Explora Maule, que incluy\u00f3 una visita al canal UTalcaTV con el fin de conocer nuevas metodolog\u00edas para acercar la ciencia y la tecnolog\u00eda a la primera infancia.<\/p>\n","protected":false},"author":24,"featured_media":39488,"comment_status":"open","ping_status":"open","sticky":false,"template":"","format":"standard","meta":{"_acf_changed":false,"_exactmetrics_skip_tracking":false,"_exactmetrics_sitenote_active":false,"_exactmetrics_sitenote_note":"","_exactmetrics_sitenote_category":0,"footnotes":"","_links_to":"","_links_to_target":""},"categories":[139,4],"tags":[],"class_list":["post-39487","post","type-post","status-publish","format-standard","has-post-thumbnail","hentry","category-lugar-4","category-noticias"],"acf":[],"yoast_head":"<!-- This site is optimized with the Yoast SEO plugin v26.9 - https:\/\/yoast.com\/product\/yoast-seo-wordpress\/ -->\n<title>Educadoras de p\u00e1rvulos aprendieron sobre medios de comunicaci\u00f3n y divulgaci\u00f3n cient\u00edfica - Maule<\/title>\n<meta name=\"robots\" content=\"index, follow, max-snippet:-1, max-image-preview:large, max-video-preview:-1\" \/>\n<link rel=\"canonical\" href=\"https:\/\/explora.cl\/maule\/educadoras-de-parvulos-aprendieron-sobre-medios-de-comunicacion-y-divulgacion-cientifica\/\" class=\"yoast-seo-meta-tag\" \/>\n<meta property=\"og:locale\" content=\"es_ES\" class=\"yoast-seo-meta-tag\" \/>\n<meta property=\"og:type\" content=\"article\" class=\"yoast-seo-meta-tag\" \/>\n<meta property=\"og:title\" content=\"Educadoras de p\u00e1rvulos aprendieron sobre medios de comunicaci\u00f3n y divulgaci\u00f3n cient\u00edfica - Maule\" class=\"yoast-seo-meta-tag\" \/>\n<meta property=\"og:description\" content=\"M\u00e1s de 120 educadoras de p\u00e1rvulos, provenientes de las 30 comunas del Maule, participaron en la Jornada de Buenas Pr\u00e1cticas del Programa PIPE de Explora Maule, que incluy\u00f3 una visita al canal UTalcaTV con el fin de conocer nuevas metodolog\u00edas para acercar la ciencia y la tecnolog\u00eda a la primera infancia.\" class=\"yoast-seo-meta-tag\" \/>\n<meta property=\"og:url\" content=\"https:\/\/explora.cl\/maule\/educadoras-de-parvulos-aprendieron-sobre-medios-de-comunicacion-y-divulgacion-cientifica\/\" class=\"yoast-seo-meta-tag\" \/>\n<meta property=\"og:site_name\" content=\"Maule\" class=\"yoast-seo-meta-tag\" \/>\n<meta property=\"article:published_time\" content=\"2025-10-07T14:33:36+00:00\" class=\"yoast-seo-meta-tag\" \/>\n<meta property=\"og:image\" content=\"https:\/\/explora.cl\/maule\/wp-content\/uploads\/sites\/9\/2025\/10\/Diseno-sin-titulo-24.jpg\" class=\"yoast-seo-meta-tag\" \/>\n\t<meta property=\"og:image:width\" content=\"1280\" class=\"yoast-seo-meta-tag\" \/>\n\t<meta property=\"og:image:height\" content=\"1024\" class=\"yoast-seo-meta-tag\" \/>\n\t<meta property=\"og:image:type\" content=\"image\/jpeg\" class=\"yoast-seo-meta-tag\" \/>\n<meta name=\"author\" content=\"cpereira\" class=\"yoast-seo-meta-tag\" \/>\n<meta name=\"twitter:card\" content=\"summary_large_image\" class=\"yoast-seo-meta-tag\" \/>\n<meta name=\"twitter:label1\" content=\"Escrito por\" class=\"yoast-seo-meta-tag\" \/>\n\t<meta name=\"twitter:data1\" content=\"cpereira\" class=\"yoast-seo-meta-tag\" \/>\n\t<meta name=\"twitter:label2\" content=\"Tiempo estimado de lectura\" class=\"yoast-seo-meta-tag\" \/>\n\t<meta name=\"twitter:data2\" content=\"3 minutos\" class=\"yoast-seo-meta-tag\" \/>\n<script type=\"application\/ld+json\" class=\"yoast-schema-graph\">{\"@context\":\"https:\/\/schema.org\",\"@graph\":[{\"@type\":\"Article\",\"@id\":\"https:\/\/explora.cl\/maule\/educadoras-de-parvulos-aprendieron-sobre-medios-de-comunicacion-y-divulgacion-cientifica\/#article\",\"isPartOf\":{\"@id\":\"https:\/\/explora.cl\/maule\/educadoras-de-parvulos-aprendieron-sobre-medios-de-comunicacion-y-divulgacion-cientifica\/\"},\"author\":{\"name\":\"cpereira\",\"@id\":\"https:\/\/explora.cl\/maule\/#\/schema\/person\/7c4a8d7da1b43fee83d990c08dd35f99\"},\"headline\":\"Educadoras de p\u00e1rvulos aprendieron sobre medios de comunicaci\u00f3n y divulgaci\u00f3n cient\u00edfica\",\"datePublished\":\"2025-10-07T14:33:36+00:00\",\"mainEntityOfPage\":{\"@id\":\"https:\/\/explora.cl\/maule\/educadoras-de-parvulos-aprendieron-sobre-medios-de-comunicacion-y-divulgacion-cientifica\/\"},\"wordCount\":568,\"commentCount\":0,\"image\":{\"@id\":\"https:\/\/explora.cl\/maule\/educadoras-de-parvulos-aprendieron-sobre-medios-de-comunicacion-y-divulgacion-cientifica\/#primaryimage\"},\"thumbnailUrl\":\"https:\/\/explora.cl\/maule\/wp-content\/uploads\/sites\/9\/2025\/10\/Diseno-sin-titulo-24.jpg\",\"articleSection\":[\"Lugar 4\",\"Noticias\"],\"inLanguage\":\"es-CL\",\"potentialAction\":[{\"@type\":\"CommentAction\",\"name\":\"Comment\",\"target\":[\"https:\/\/explora.cl\/maule\/educadoras-de-parvulos-aprendieron-sobre-medios-de-comunicacion-y-divulgacion-cientifica\/#respond\"]}]},{\"@type\":\"WebPage\",\"@id\":\"https:\/\/explora.cl\/maule\/educadoras-de-parvulos-aprendieron-sobre-medios-de-comunicacion-y-divulgacion-cientifica\/\",\"url\":\"https:\/\/explora.cl\/maule\/educadoras-de-parvulos-aprendieron-sobre-medios-de-comunicacion-y-divulgacion-cientifica\/\",\"name\":\"Educadoras de p\u00e1rvulos aprendieron sobre medios de comunicaci\u00f3n y divulgaci\u00f3n cient\u00edfica - Maule\",\"isPartOf\":{\"@id\":\"https:\/\/explora.cl\/maule\/#website\"},\"primaryImageOfPage\":{\"@id\":\"https:\/\/explora.cl\/maule\/educadoras-de-parvulos-aprendieron-sobre-medios-de-comunicacion-y-divulgacion-cientifica\/#primaryimage\"},\"image\":{\"@id\":\"https:\/\/explora.cl\/maule\/educadoras-de-parvulos-aprendieron-sobre-medios-de-comunicacion-y-divulgacion-cientifica\/#primaryimage\"},\"thumbnailUrl\":\"https:\/\/explora.cl\/maule\/wp-content\/uploads\/sites\/9\/2025\/10\/Diseno-sin-titulo-24.jpg\",\"datePublished\":\"2025-10-07T14:33:36+00:00\",\"author\":{\"@id\":\"https:\/\/explora.cl\/maule\/#\/schema\/person\/7c4a8d7da1b43fee83d990c08dd35f99\"},\"breadcrumb\":{\"@id\":\"https:\/\/explora.cl\/maule\/educadoras-de-parvulos-aprendieron-sobre-medios-de-comunicacion-y-divulgacion-cientifica\/#breadcrumb\"},\"inLanguage\":\"es-CL\",\"potentialAction\":[{\"@type\":\"ReadAction\",\"target\":[\"https:\/\/explora.cl\/maule\/educadoras-de-parvulos-aprendieron-sobre-medios-de-comunicacion-y-divulgacion-cientifica\/\"]}]},{\"@type\":\"ImageObject\",\"inLanguage\":\"es-CL\",\"@id\":\"https:\/\/explora.cl\/maule\/educadoras-de-parvulos-aprendieron-sobre-medios-de-comunicacion-y-divulgacion-cientifica\/#primaryimage\",\"url\":\"https:\/\/explora.cl\/maule\/wp-content\/uploads\/sites\/9\/2025\/10\/Diseno-sin-titulo-24.jpg\",\"contentUrl\":\"https:\/\/explora.cl\/maule\/wp-content\/uploads\/sites\/9\/2025\/10\/Diseno-sin-titulo-24.jpg\",\"width\":1280,\"height\":1024},{\"@type\":\"BreadcrumbList\",\"@id\":\"https:\/\/explora.cl\/maule\/educadoras-de-parvulos-aprendieron-sobre-medios-de-comunicacion-y-divulgacion-cientifica\/#breadcrumb\",\"itemListElement\":[{\"@type\":\"ListItem\",\"position\":1,\"name\":\"Portada\",\"item\":\"https:\/\/explora.cl\/maule\/\"},{\"@type\":\"ListItem\",\"position\":2,\"name\":\"Educadoras de p\u00e1rvulos aprendieron sobre medios de comunicaci\u00f3n y divulgaci\u00f3n cient\u00edfica\"}]},{\"@type\":\"WebSite\",\"@id\":\"https:\/\/explora.cl\/maule\/#website\",\"url\":\"https:\/\/explora.cl\/maule\/\",\"name\":\"Maule\",\"description\":\"Otro sitio m\u00e1s de explora.cl\",\"potentialAction\":[{\"@type\":\"SearchAction\",\"target\":{\"@type\":\"EntryPoint\",\"urlTemplate\":\"https:\/\/explora.cl\/maule\/?s={search_term_string}\"},\"query-input\":{\"@type\":\"PropertyValueSpecification\",\"valueRequired\":true,\"valueName\":\"search_term_string\"}}],\"inLanguage\":\"es-CL\"},{\"@type\":\"Person\",\"@id\":\"https:\/\/explora.cl\/maule\/#\/schema\/person\/7c4a8d7da1b43fee83d990c08dd35f99\",\"name\":\"cpereira\",\"image\":{\"@type\":\"ImageObject\",\"inLanguage\":\"es-CL\",\"@id\":\"https:\/\/explora.cl\/maule\/#\/schema\/person\/image\/\",\"url\":\"https:\/\/secure.gravatar.com\/avatar\/b5fc66932e6c27119a245427f86f8c950201f3cbe1e64e508e0f7c39dc595157?s=96&d=mm&r=g\",\"contentUrl\":\"https:\/\/secure.gravatar.com\/avatar\/b5fc66932e6c27119a245427f86f8c950201f3cbe1e64e508e0f7c39dc595157?s=96&d=mm&r=g\",\"caption\":\"cpereira\"},\"url\":\"https:\/\/explora.cl\/maule\/author\/cpereira\/\"}]}<\/script>\n<!-- \/ Yoast SEO plugin. -->","yoast_head_json":{"title":"Educadoras de p\u00e1rvulos aprendieron sobre medios de comunicaci\u00f3n y divulgaci\u00f3n cient\u00edfica - Maule","robots":{"index":"index","follow":"follow","max-snippet":"max-snippet:-1","max-image-preview":"max-image-preview:large","max-video-preview":"max-video-preview:-1"},"canonical":"https:\/\/explora.cl\/maule\/educadoras-de-parvulos-aprendieron-sobre-medios-de-comunicacion-y-divulgacion-cientifica\/","og_locale":"es_ES","og_type":"article","og_title":"Educadoras de p\u00e1rvulos aprendieron sobre medios de comunicaci\u00f3n y divulgaci\u00f3n cient\u00edfica - Maule","og_description":"M\u00e1s de 120 educadoras de p\u00e1rvulos, provenientes de las 30 comunas del Maule, participaron en la Jornada de Buenas Pr\u00e1cticas del Programa PIPE de Explora Maule, que incluy\u00f3 una visita al canal UTalcaTV con el fin de conocer nuevas metodolog\u00edas para acercar la ciencia y la tecnolog\u00eda a la primera infancia.","og_url":"https:\/\/explora.cl\/maule\/educadoras-de-parvulos-aprendieron-sobre-medios-de-comunicacion-y-divulgacion-cientifica\/","og_site_name":"Maule","article_published_time":"2025-10-07T14:33:36+00:00","og_image":[{"width":1280,"height":1024,"url":"https:\/\/explora.cl\/maule\/wp-content\/uploads\/sites\/9\/2025\/10\/Diseno-sin-titulo-24.jpg","type":"image\/jpeg"}],"author":"cpereira","twitter_card":"summary_large_image","twitter_misc":{"Escrito por":"cpereira","Tiempo estimado de lectura":"3 minutos"},"schema":{"@context":"https:\/\/schema.org","@graph":[{"@type":"Article","@id":"https:\/\/explora.cl\/maule\/educadoras-de-parvulos-aprendieron-sobre-medios-de-comunicacion-y-divulgacion-cientifica\/#article","isPartOf":{"@id":"https:\/\/explora.cl\/maule\/educadoras-de-parvulos-aprendieron-sobre-medios-de-comunicacion-y-divulgacion-cientifica\/"},"author":{"name":"cpereira","@id":"https:\/\/explora.cl\/maule\/#\/schema\/person\/7c4a8d7da1b43fee83d990c08dd35f99"},"headline":"Educadoras de p\u00e1rvulos aprendieron sobre medios de comunicaci\u00f3n y divulgaci\u00f3n cient\u00edfica","datePublished":"2025-10-07T14:33:36+00:00","mainEntityOfPage":{"@id":"https:\/\/explora.cl\/maule\/educadoras-de-parvulos-aprendieron-sobre-medios-de-comunicacion-y-divulgacion-cientifica\/"},"wordCount":568,"commentCount":0,"image":{"@id":"https:\/\/explora.cl\/maule\/educadoras-de-parvulos-aprendieron-sobre-medios-de-comunicacion-y-divulgacion-cientifica\/#primaryimage"},"thumbnailUrl":"https:\/\/explora.cl\/maule\/wp-content\/uploads\/sites\/9\/2025\/10\/Diseno-sin-titulo-24.jpg","articleSection":["Lugar 4","Noticias"],"inLanguage":"es-CL","potentialAction":[{"@type":"CommentAction","name":"Comment","target":["https:\/\/explora.cl\/maule\/educadoras-de-parvulos-aprendieron-sobre-medios-de-comunicacion-y-divulgacion-cientifica\/#respond"]}]},{"@type":"WebPage","@id":"https:\/\/explora.cl\/maule\/educadoras-de-parvulos-aprendieron-sobre-medios-de-comunicacion-y-divulgacion-cientifica\/","url":"https:\/\/explora.cl\/maule\/educadoras-de-parvulos-aprendieron-sobre-medios-de-comunicacion-y-divulgacion-cientifica\/","name":"Educadoras de p\u00e1rvulos aprendieron sobre medios de comunicaci\u00f3n y divulgaci\u00f3n cient\u00edfica - Maule","isPartOf":{"@id":"https:\/\/explora.cl\/maule\/#website"},"primaryImageOfPage":{"@id":"https:\/\/explora.cl\/maule\/educadoras-de-parvulos-aprendieron-sobre-medios-de-comunicacion-y-divulgacion-cientifica\/#primaryimage"},"image":{"@id":"https:\/\/explora.cl\/maule\/educadoras-de-parvulos-aprendieron-sobre-medios-de-comunicacion-y-divulgacion-cientifica\/#primaryimage"},"thumbnailUrl":"https:\/\/explora.cl\/maule\/wp-content\/uploads\/sites\/9\/2025\/10\/Diseno-sin-titulo-24.jpg","datePublished":"2025-10-07T14:33:36+00:00","author":{"@id":"https:\/\/explora.cl\/maule\/#\/schema\/person\/7c4a8d7da1b43fee83d990c08dd35f99"},"breadcrumb":{"@id":"https:\/\/explora.cl\/maule\/educadoras-de-parvulos-aprendieron-sobre-medios-de-comunicacion-y-divulgacion-cientifica\/#breadcrumb"},"inLanguage":"es-CL","potentialAction":[{"@type":"ReadAction","target":["https:\/\/explora.cl\/maule\/educadoras-de-parvulos-aprendieron-sobre-medios-de-comunicacion-y-divulgacion-cientifica\/"]}]},{"@type":"ImageObject","inLanguage":"es-CL","@id":"https:\/\/explora.cl\/maule\/educadoras-de-parvulos-aprendieron-sobre-medios-de-comunicacion-y-divulgacion-cientifica\/#primaryimage","url":"https:\/\/explora.cl\/maule\/wp-content\/uploads\/sites\/9\/2025\/10\/Diseno-sin-titulo-24.jpg","contentUrl":"https:\/\/explora.cl\/maule\/wp-content\/uploads\/sites\/9\/2025\/10\/Diseno-sin-titulo-24.jpg","width":1280,"height":1024},{"@type":"BreadcrumbList","@id":"https:\/\/explora.cl\/maule\/educadoras-de-parvulos-aprendieron-sobre-medios-de-comunicacion-y-divulgacion-cientifica\/#breadcrumb","itemListElement":[{"@type":"ListItem","position":1,"name":"Portada","item":"https:\/\/explora.cl\/maule\/"},{"@type":"ListItem","position":2,"name":"Educadoras de p\u00e1rvulos aprendieron sobre medios de comunicaci\u00f3n y divulgaci\u00f3n cient\u00edfica"}]},{"@type":"WebSite","@id":"https:\/\/explora.cl\/maule\/#website","url":"https:\/\/explora.cl\/maule\/","name":"Maule","description":"Otro sitio m\u00e1s de explora.cl","potentialAction":[{"@type":"SearchAction","target":{"@type":"EntryPoint","urlTemplate":"https:\/\/explora.cl\/maule\/?s={search_term_string}"},"query-input":{"@type":"PropertyValueSpecification","valueRequired":true,"valueName":"search_term_string"}}],"inLanguage":"es-CL"},{"@type":"Person","@id":"https:\/\/explora.cl\/maule\/#\/schema\/person\/7c4a8d7da1b43fee83d990c08dd35f99","name":"cpereira","image":{"@type":"ImageObject","inLanguage":"es-CL","@id":"https:\/\/explora.cl\/maule\/#\/schema\/person\/image\/","url":"https:\/\/secure.gravatar.com\/avatar\/b5fc66932e6c27119a245427f86f8c950201f3cbe1e64e508e0f7c39dc595157?s=96&d=mm&r=g","contentUrl":"https:\/\/secure.gravatar.com\/avatar\/b5fc66932e6c27119a245427f86f8c950201f3cbe1e64e508e0f7c39dc595157?s=96&d=mm&r=g","caption":"cpereira"},"url":"https:\/\/explora.cl\/maule\/author\/cpereira\/"}]}},"_links":{"self":[{"href":"https:\/\/explora.cl\/maule\/wp-json\/wp\/v2\/posts\/39487","targetHints":{"allow":["GET"]}}],"collection":[{"href":"https:\/\/explora.cl\/maule\/wp-json\/wp\/v2\/posts"}],"about":[{"href":"https:\/\/explora.cl\/maule\/wp-json\/wp\/v2\/types\/post"}],"author":[{"embeddable":true,"href":"https:\/\/explora.cl\/maule\/wp-json\/wp\/v2\/users\/24"}],"replies":[{"embeddable":true,"href":"https:\/\/explora.cl\/maule\/wp-json\/wp\/v2\/comments?post=39487"}],"version-history":[{"count":1,"href":"https:\/\/explora.cl\/maule\/wp-json\/wp\/v2\/posts\/39487\/revisions"}],"predecessor-version":[{"id":39489,"href":"https:\/\/explora.cl\/maule\/wp-json\/wp\/v2\/posts\/39487\/revisions\/39489"}],"wp:featuredmedia":[{"embeddable":true,"href":"https:\/\/explora.cl\/maule\/wp-json\/wp\/v2\/media\/39488"}],"wp:attachment":[{"href":"https:\/\/explora.cl\/maule\/wp-json\/wp\/v2\/media?parent=39487"}],"wp:term":[{"taxonomy":"category","embeddable":true,"href":"https:\/\/explora.cl\/maule\/wp-json\/wp\/v2\/categories?post=39487"},{"taxonomy":"post_tag","embeddable":true,"href":"https:\/\/explora.cl\/maule\/wp-json\/wp\/v2\/tags?post=39487"}],"curies":[{"name":"wp","href":"https:\/\/api.w.org\/{rel}","templated":true}]}}