{"id":39472,"date":"2025-08-14T11:26:53","date_gmt":"2025-08-14T15:26:53","guid":{"rendered":"https:\/\/explora.cl\/maule\/?p=39472"},"modified":"2025-08-14T11:26:53","modified_gmt":"2025-08-14T15:26:53","slug":"exploramaule-capacita-a-educadoras-y-asistentes-de-parvulos-para-despertar-la-curiosidad-cientifica-en-la-primera-infanciaexplora-maule-lanza-su-programacion-2025-con-foco-en-redes-docentes-2","status":"publish","type":"post","link":"https:\/\/explora.cl\/maule\/exploramaule-capacita-a-educadoras-y-asistentes-de-parvulos-para-despertar-la-curiosidad-cientifica-en-la-primera-infanciaexplora-maule-lanza-su-programacion-2025-con-foco-en-redes-docentes-2\/","title":{"rendered":"ExploraMaule capacita a Educadoras y asistentes de p\u00e1rvulos para despertar la curiosidad cient\u00edfica en la primera infancia"},"content":{"rendered":"<h3>El programa PIPE de Explora Maule inici\u00f3 una nueva edici\u00f3n con una jornada formativa centrada en los insectos. Docentes de toda la regi\u00f3n fueron capacitadas en metodolog\u00edas activas para acercar la ciencia a ni\u00f1as y ni\u00f1os desde los primeros a\u00f1os de vida.<\/h3>\n<p>Con una amplia convocatoria regional, el Programa de Indagaci\u00f3n para Primeras Edades (PIPE) del proyecto Explora Maule inici\u00f3 su versi\u00f3n 2025 con una jornada formativa que reuni\u00f3 a m\u00e1s de 140 educadoras y asistentes de p\u00e1rvulos. La capacitaci\u00f3n, titulada \u201cBichitos fascinantes\u201d, se centr\u00f3 en estrategias pedag\u00f3gicas para introducir contenidos cient\u00edficos en la educaci\u00f3n inicial, promoviendo el aprendizaje basado en la indagaci\u00f3n y el v\u00ednculo con la naturaleza.<\/p>\n<p>Durante la jornada, tambi\u00e9n se presentaron los lineamientos generales del programa, enfocado en tres \u00e1reas principales: plantas, animales y tecnolog\u00eda. El objetivo es entregar a los equipos pedag\u00f3gicos metodolog\u00edas activas y herramientas innovadoras que permitan despertar la curiosidad cient\u00edfica en ni\u00f1as y ni\u00f1os desde sus primeros a\u00f1os de vida.<\/p>\n<p>PIPE es una de las iniciativas de Explora Maule, que ejecuta la Unidad de Divulgaci\u00f3n de la Direcci\u00f3n General de Vinculaci\u00f3n con el Medio, y que busca fortalecer la calidad educativa y ofrecer oportunidades de aprendizaje significativas para la infancia. Esta primera sesi\u00f3n formativa permiti\u00f3 a las y los participantes explorar el mundo de los insectos como recurso pedag\u00f3gico, a trav\u00e9s del enfoque de indagaci\u00f3n cient\u00edfica.<\/p>\n<p>\u201cEstamos muy contentos por la gran convocatoria. El programa PIPE ya est\u00e1 inserto en la comunidad escolar, siendo uno de los pioneros en potenciar la ciencia y la tecnolog\u00eda en la primera infancia. Este a\u00f1o llegaremos a las 30 comunas del Maule, asegurando que ni\u00f1as y ni\u00f1os de todo el territorio tengan acceso a experiencias cient\u00edficas significativas desde sus primeros a\u00f1os\u201d, se\u00f1al\u00f3 C\u00e9sar Retamal, director de Explora Maule.<\/p>\n<p>La capacitaci\u00f3n fue dictada por el entom\u00f3logo Cristian Mu\u00f1oz, acad\u00e9mico de la Facultad de Ciencias Agrarias, quien comparti\u00f3 contenidos sobre diversidad, funciones e importancia ecol\u00f3gica de los insectos, promoviendo su reconocimiento como parte esencial del entorno natural y del aprendizaje en la infancia.<\/p>\n<p>\u201cMe interesa poder transmitir la capacidad de observaci\u00f3n, porque creo que es la clave para la conservaci\u00f3n, un tema que hoy nos tiene bastante complicados. Son las ni\u00f1as y los ni\u00f1os quienes van a generar el cambio en el futuro. Las educadoras son incre\u00edbles: tienen mucho \u00e1nimo, una disposici\u00f3n muy participativa, hacen grandes preguntas. Ha sido muy grato estar con ellas\u201d, coment\u00f3.<\/p>\n<p>La jornada tambi\u00e9n incluy\u00f3 una muestra cient\u00edfica interactiva con la colecci\u00f3n entomol\u00f3gica de la UTalca, donde las asistentes pudieron observar de cerca diversas especies. Adem\u00e1s, se present\u00f3 una exposici\u00f3n fotogr\u00e1fica de aves del Maule, elaborada por Luis Araya, profesional del Instituto de Ciencias Biol\u00f3gicas, y se exhibi\u00f3 un hotel de insectos del Jard\u00edn Bot\u00e1nico y Arboretum de la Casa de Estudios, destacando la importancia de conservar la biodiversidad local.<\/p>\n<p><strong>Transformando la educaci\u00f3n desde la primera infancia<\/strong><\/p>\n<p>El curso fue dise\u00f1ado bajo el modelo de aprendizaje basado en la indagaci\u00f3n y contempla contenidos cient\u00edficos alineados con las bases curriculares vigentes de educaci\u00f3n parvularia. Las participantes recibieron una carpeta metodol\u00f3gica con actividades, recursos did\u00e1cticos y materiales que integran tecnolog\u00edas de la informaci\u00f3n (TIC) para aplicar en sus aulas.<\/p>\n<p>Las asistentes valoraron positivamente la experiencia, destacando la claridad metodol\u00f3gica y la posibilidad de enriquecer sus pr\u00e1cticas educativas con herramientas concretas. \u201cNos entregaron muchas herramientas pedag\u00f3gicas para ense\u00f1ar de forma l\u00fadica, con ejemplos concretos que nos permitir\u00e1n motivar a nuestras y nuestros estudiantes\u201d, coment\u00f3 Mar\u00eda Ignacia Hern\u00e1ndez, educadora del Jard\u00edn Infantil Rapunzel de Talca.<\/p>\n<p>\u201cEsta es mi primera experiencia en el programa. Siento que la transmisi\u00f3n de contenidos por parte de los especialistas es notable, ya que nos permite entregar esos conocimientos a nuestras y nuestros estudiantes. Las ni\u00f1as y los ni\u00f1os aprenden a trav\u00e9s del juego, y este programa nos entrega herramientas para profundizar esos aprendizajes\u201d, agreg\u00f3 Teresa Meza, educadora de la Escuela Rural Francisco Maureira de Parral.<\/p>\n<p>El Programa PIPE se ejecutar\u00e1 hasta diciembre e incluir\u00e1 actividades pr\u00e1cticas en aula, visitas a terreno y un acompa\u00f1amiento pedag\u00f3gico permanente por parte del equipo de Explora Maule de la Universidad de Talca.<\/p>\n","protected":false},"excerpt":{"rendered":"<p>El programa PIPE de Explora Maule inici\u00f3 una nueva edici\u00f3n con una jornada formativa centrada en los insectos. Docentes de toda la regi\u00f3n fueron capacitadas en metodolog\u00edas activas para acercar la ciencia a ni\u00f1as y ni\u00f1os desde los primeros a\u00f1os de vida.<\/p>\n","protected":false},"author":24,"featured_media":39473,"comment_status":"open","ping_status":"open","sticky":false,"template":"","format":"standard","meta":{"_acf_changed":false,"_exactmetrics_skip_tracking":false,"_exactmetrics_sitenote_active":false,"_exactmetrics_sitenote_note":"","_exactmetrics_sitenote_category":0,"footnotes":"","_links_to":"","_links_to_target":""},"categories":[139,4],"tags":[],"class_list":["post-39472","post","type-post","status-publish","format-standard","has-post-thumbnail","hentry","category-lugar-4","category-noticias"],"acf":[],"yoast_head":"<!-- This site is optimized with the Yoast SEO plugin v26.9 - https:\/\/yoast.com\/product\/yoast-seo-wordpress\/ -->\n<title>ExploraMaule capacita a Educadoras y asistentes de p\u00e1rvulos para despertar la curiosidad cient\u00edfica en la primera infancia - Maule<\/title>\n<meta name=\"robots\" content=\"index, follow, max-snippet:-1, max-image-preview:large, max-video-preview:-1\" \/>\n<link rel=\"canonical\" href=\"https:\/\/explora.cl\/maule\/exploramaule-capacita-a-educadoras-y-asistentes-de-parvulos-para-despertar-la-curiosidad-cientifica-en-la-primera-infanciaexplora-maule-lanza-su-programacion-2025-con-foco-en-redes-docentes-2\/\" class=\"yoast-seo-meta-tag\" \/>\n<meta property=\"og:locale\" content=\"es_ES\" class=\"yoast-seo-meta-tag\" \/>\n<meta property=\"og:type\" content=\"article\" class=\"yoast-seo-meta-tag\" \/>\n<meta property=\"og:title\" content=\"ExploraMaule capacita a Educadoras y asistentes de p\u00e1rvulos para despertar la curiosidad cient\u00edfica en la primera infancia - Maule\" class=\"yoast-seo-meta-tag\" \/>\n<meta property=\"og:description\" content=\"El programa PIPE de Explora Maule inici\u00f3 una nueva edici\u00f3n con una jornada formativa centrada en los insectos. Docentes de toda la regi\u00f3n fueron capacitadas en metodolog\u00edas activas para acercar la ciencia a ni\u00f1as y ni\u00f1os desde los primeros a\u00f1os de vida.\" class=\"yoast-seo-meta-tag\" \/>\n<meta property=\"og:url\" content=\"https:\/\/explora.cl\/maule\/exploramaule-capacita-a-educadoras-y-asistentes-de-parvulos-para-despertar-la-curiosidad-cientifica-en-la-primera-infanciaexplora-maule-lanza-su-programacion-2025-con-foco-en-redes-docentes-2\/\" class=\"yoast-seo-meta-tag\" \/>\n<meta property=\"og:site_name\" content=\"Maule\" class=\"yoast-seo-meta-tag\" \/>\n<meta property=\"article:published_time\" content=\"2025-08-14T15:26:53+00:00\" class=\"yoast-seo-meta-tag\" \/>\n<meta property=\"og:image\" content=\"https:\/\/explora.cl\/maule\/wp-content\/uploads\/sites\/9\/2025\/08\/UTalca-Portada-noticias-medidas-13.jpg\" class=\"yoast-seo-meta-tag\" \/>\n\t<meta property=\"og:image:width\" content=\"1280\" class=\"yoast-seo-meta-tag\" \/>\n\t<meta property=\"og:image:height\" content=\"1024\" class=\"yoast-seo-meta-tag\" \/>\n\t<meta property=\"og:image:type\" content=\"image\/jpeg\" class=\"yoast-seo-meta-tag\" \/>\n<meta name=\"author\" content=\"cpereira\" class=\"yoast-seo-meta-tag\" \/>\n<meta name=\"twitter:card\" content=\"summary_large_image\" class=\"yoast-seo-meta-tag\" \/>\n<meta name=\"twitter:label1\" content=\"Escrito por\" class=\"yoast-seo-meta-tag\" \/>\n\t<meta name=\"twitter:data1\" content=\"cpereira\" class=\"yoast-seo-meta-tag\" \/>\n\t<meta name=\"twitter:label2\" content=\"Tiempo estimado de lectura\" class=\"yoast-seo-meta-tag\" \/>\n\t<meta name=\"twitter:data2\" content=\"4 minutos\" class=\"yoast-seo-meta-tag\" \/>\n<script type=\"application\/ld+json\" class=\"yoast-schema-graph\">{\"@context\":\"https:\/\/schema.org\",\"@graph\":[{\"@type\":\"Article\",\"@id\":\"https:\/\/explora.cl\/maule\/exploramaule-capacita-a-educadoras-y-asistentes-de-parvulos-para-despertar-la-curiosidad-cientifica-en-la-primera-infanciaexplora-maule-lanza-su-programacion-2025-con-foco-en-redes-docentes-2\/#article\",\"isPartOf\":{\"@id\":\"https:\/\/explora.cl\/maule\/exploramaule-capacita-a-educadoras-y-asistentes-de-parvulos-para-despertar-la-curiosidad-cientifica-en-la-primera-infanciaexplora-maule-lanza-su-programacion-2025-con-foco-en-redes-docentes-2\/\"},\"author\":{\"name\":\"cpereira\",\"@id\":\"https:\/\/explora.cl\/maule\/#\/schema\/person\/7c4a8d7da1b43fee83d990c08dd35f99\"},\"headline\":\"ExploraMaule capacita a Educadoras y asistentes de p\u00e1rvulos para despertar la curiosidad cient\u00edfica en la primera infancia\",\"datePublished\":\"2025-08-14T15:26:53+00:00\",\"mainEntityOfPage\":{\"@id\":\"https:\/\/explora.cl\/maule\/exploramaule-capacita-a-educadoras-y-asistentes-de-parvulos-para-despertar-la-curiosidad-cientifica-en-la-primera-infanciaexplora-maule-lanza-su-programacion-2025-con-foco-en-redes-docentes-2\/\"},\"wordCount\":777,\"commentCount\":0,\"image\":{\"@id\":\"https:\/\/explora.cl\/maule\/exploramaule-capacita-a-educadoras-y-asistentes-de-parvulos-para-despertar-la-curiosidad-cientifica-en-la-primera-infanciaexplora-maule-lanza-su-programacion-2025-con-foco-en-redes-docentes-2\/#primaryimage\"},\"thumbnailUrl\":\"https:\/\/explora.cl\/maule\/wp-content\/uploads\/sites\/9\/2025\/08\/UTalca-Portada-noticias-medidas-13.jpg\",\"articleSection\":[\"Lugar 4\",\"Noticias\"],\"inLanguage\":\"es-CL\",\"potentialAction\":[{\"@type\":\"CommentAction\",\"name\":\"Comment\",\"target\":[\"https:\/\/explora.cl\/maule\/exploramaule-capacita-a-educadoras-y-asistentes-de-parvulos-para-despertar-la-curiosidad-cientifica-en-la-primera-infanciaexplora-maule-lanza-su-programacion-2025-con-foco-en-redes-docentes-2\/#respond\"]}]},{\"@type\":\"WebPage\",\"@id\":\"https:\/\/explora.cl\/maule\/exploramaule-capacita-a-educadoras-y-asistentes-de-parvulos-para-despertar-la-curiosidad-cientifica-en-la-primera-infanciaexplora-maule-lanza-su-programacion-2025-con-foco-en-redes-docentes-2\/\",\"url\":\"https:\/\/explora.cl\/maule\/exploramaule-capacita-a-educadoras-y-asistentes-de-parvulos-para-despertar-la-curiosidad-cientifica-en-la-primera-infanciaexplora-maule-lanza-su-programacion-2025-con-foco-en-redes-docentes-2\/\",\"name\":\"ExploraMaule capacita a Educadoras y asistentes de p\u00e1rvulos para despertar la curiosidad cient\u00edfica en la primera infancia - Maule\",\"isPartOf\":{\"@id\":\"https:\/\/explora.cl\/maule\/#website\"},\"primaryImageOfPage\":{\"@id\":\"https:\/\/explora.cl\/maule\/exploramaule-capacita-a-educadoras-y-asistentes-de-parvulos-para-despertar-la-curiosidad-cientifica-en-la-primera-infanciaexplora-maule-lanza-su-programacion-2025-con-foco-en-redes-docentes-2\/#primaryimage\"},\"image\":{\"@id\":\"https:\/\/explora.cl\/maule\/exploramaule-capacita-a-educadoras-y-asistentes-de-parvulos-para-despertar-la-curiosidad-cientifica-en-la-primera-infanciaexplora-maule-lanza-su-programacion-2025-con-foco-en-redes-docentes-2\/#primaryimage\"},\"thumbnailUrl\":\"https:\/\/explora.cl\/maule\/wp-content\/uploads\/sites\/9\/2025\/08\/UTalca-Portada-noticias-medidas-13.jpg\",\"datePublished\":\"2025-08-14T15:26:53+00:00\",\"author\":{\"@id\":\"https:\/\/explora.cl\/maule\/#\/schema\/person\/7c4a8d7da1b43fee83d990c08dd35f99\"},\"breadcrumb\":{\"@id\":\"https:\/\/explora.cl\/maule\/exploramaule-capacita-a-educadoras-y-asistentes-de-parvulos-para-despertar-la-curiosidad-cientifica-en-la-primera-infanciaexplora-maule-lanza-su-programacion-2025-con-foco-en-redes-docentes-2\/#breadcrumb\"},\"inLanguage\":\"es-CL\",\"potentialAction\":[{\"@type\":\"ReadAction\",\"target\":[\"https:\/\/explora.cl\/maule\/exploramaule-capacita-a-educadoras-y-asistentes-de-parvulos-para-despertar-la-curiosidad-cientifica-en-la-primera-infanciaexplora-maule-lanza-su-programacion-2025-con-foco-en-redes-docentes-2\/\"]}]},{\"@type\":\"ImageObject\",\"inLanguage\":\"es-CL\",\"@id\":\"https:\/\/explora.cl\/maule\/exploramaule-capacita-a-educadoras-y-asistentes-de-parvulos-para-despertar-la-curiosidad-cientifica-en-la-primera-infanciaexplora-maule-lanza-su-programacion-2025-con-foco-en-redes-docentes-2\/#primaryimage\",\"url\":\"https:\/\/explora.cl\/maule\/wp-content\/uploads\/sites\/9\/2025\/08\/UTalca-Portada-noticias-medidas-13.jpg\",\"contentUrl\":\"https:\/\/explora.cl\/maule\/wp-content\/uploads\/sites\/9\/2025\/08\/UTalca-Portada-noticias-medidas-13.jpg\",\"width\":1280,\"height\":1024},{\"@type\":\"BreadcrumbList\",\"@id\":\"https:\/\/explora.cl\/maule\/exploramaule-capacita-a-educadoras-y-asistentes-de-parvulos-para-despertar-la-curiosidad-cientifica-en-la-primera-infanciaexplora-maule-lanza-su-programacion-2025-con-foco-en-redes-docentes-2\/#breadcrumb\",\"itemListElement\":[{\"@type\":\"ListItem\",\"position\":1,\"name\":\"Portada\",\"item\":\"https:\/\/explora.cl\/maule\/\"},{\"@type\":\"ListItem\",\"position\":2,\"name\":\"ExploraMaule capacita a Educadoras y asistentes de p\u00e1rvulos para despertar la curiosidad cient\u00edfica en la primera infancia\"}]},{\"@type\":\"WebSite\",\"@id\":\"https:\/\/explora.cl\/maule\/#website\",\"url\":\"https:\/\/explora.cl\/maule\/\",\"name\":\"Maule\",\"description\":\"Otro sitio m\u00e1s de explora.cl\",\"potentialAction\":[{\"@type\":\"SearchAction\",\"target\":{\"@type\":\"EntryPoint\",\"urlTemplate\":\"https:\/\/explora.cl\/maule\/?s={search_term_string}\"},\"query-input\":{\"@type\":\"PropertyValueSpecification\",\"valueRequired\":true,\"valueName\":\"search_term_string\"}}],\"inLanguage\":\"es-CL\"},{\"@type\":\"Person\",\"@id\":\"https:\/\/explora.cl\/maule\/#\/schema\/person\/7c4a8d7da1b43fee83d990c08dd35f99\",\"name\":\"cpereira\",\"image\":{\"@type\":\"ImageObject\",\"inLanguage\":\"es-CL\",\"@id\":\"https:\/\/explora.cl\/maule\/#\/schema\/person\/image\/\",\"url\":\"https:\/\/secure.gravatar.com\/avatar\/b5fc66932e6c27119a245427f86f8c950201f3cbe1e64e508e0f7c39dc595157?s=96&d=mm&r=g\",\"contentUrl\":\"https:\/\/secure.gravatar.com\/avatar\/b5fc66932e6c27119a245427f86f8c950201f3cbe1e64e508e0f7c39dc595157?s=96&d=mm&r=g\",\"caption\":\"cpereira\"},\"url\":\"https:\/\/explora.cl\/maule\/author\/cpereira\/\"}]}<\/script>\n<!-- \/ Yoast SEO plugin. -->","yoast_head_json":{"title":"ExploraMaule capacita a Educadoras y asistentes de p\u00e1rvulos para despertar la curiosidad cient\u00edfica en la primera infancia - Maule","robots":{"index":"index","follow":"follow","max-snippet":"max-snippet:-1","max-image-preview":"max-image-preview:large","max-video-preview":"max-video-preview:-1"},"canonical":"https:\/\/explora.cl\/maule\/exploramaule-capacita-a-educadoras-y-asistentes-de-parvulos-para-despertar-la-curiosidad-cientifica-en-la-primera-infanciaexplora-maule-lanza-su-programacion-2025-con-foco-en-redes-docentes-2\/","og_locale":"es_ES","og_type":"article","og_title":"ExploraMaule capacita a Educadoras y asistentes de p\u00e1rvulos para despertar la curiosidad cient\u00edfica en la primera infancia - Maule","og_description":"El programa PIPE de Explora Maule inici\u00f3 una nueva edici\u00f3n con una jornada formativa centrada en los insectos. Docentes de toda la regi\u00f3n fueron capacitadas en metodolog\u00edas activas para acercar la ciencia a ni\u00f1as y ni\u00f1os desde los primeros a\u00f1os de vida.","og_url":"https:\/\/explora.cl\/maule\/exploramaule-capacita-a-educadoras-y-asistentes-de-parvulos-para-despertar-la-curiosidad-cientifica-en-la-primera-infanciaexplora-maule-lanza-su-programacion-2025-con-foco-en-redes-docentes-2\/","og_site_name":"Maule","article_published_time":"2025-08-14T15:26:53+00:00","og_image":[{"width":1280,"height":1024,"url":"https:\/\/explora.cl\/maule\/wp-content\/uploads\/sites\/9\/2025\/08\/UTalca-Portada-noticias-medidas-13.jpg","type":"image\/jpeg"}],"author":"cpereira","twitter_card":"summary_large_image","twitter_misc":{"Escrito por":"cpereira","Tiempo estimado de lectura":"4 minutos"},"schema":{"@context":"https:\/\/schema.org","@graph":[{"@type":"Article","@id":"https:\/\/explora.cl\/maule\/exploramaule-capacita-a-educadoras-y-asistentes-de-parvulos-para-despertar-la-curiosidad-cientifica-en-la-primera-infanciaexplora-maule-lanza-su-programacion-2025-con-foco-en-redes-docentes-2\/#article","isPartOf":{"@id":"https:\/\/explora.cl\/maule\/exploramaule-capacita-a-educadoras-y-asistentes-de-parvulos-para-despertar-la-curiosidad-cientifica-en-la-primera-infanciaexplora-maule-lanza-su-programacion-2025-con-foco-en-redes-docentes-2\/"},"author":{"name":"cpereira","@id":"https:\/\/explora.cl\/maule\/#\/schema\/person\/7c4a8d7da1b43fee83d990c08dd35f99"},"headline":"ExploraMaule capacita a Educadoras y asistentes de p\u00e1rvulos para despertar la curiosidad cient\u00edfica en la primera infancia","datePublished":"2025-08-14T15:26:53+00:00","mainEntityOfPage":{"@id":"https:\/\/explora.cl\/maule\/exploramaule-capacita-a-educadoras-y-asistentes-de-parvulos-para-despertar-la-curiosidad-cientifica-en-la-primera-infanciaexplora-maule-lanza-su-programacion-2025-con-foco-en-redes-docentes-2\/"},"wordCount":777,"commentCount":0,"image":{"@id":"https:\/\/explora.cl\/maule\/exploramaule-capacita-a-educadoras-y-asistentes-de-parvulos-para-despertar-la-curiosidad-cientifica-en-la-primera-infanciaexplora-maule-lanza-su-programacion-2025-con-foco-en-redes-docentes-2\/#primaryimage"},"thumbnailUrl":"https:\/\/explora.cl\/maule\/wp-content\/uploads\/sites\/9\/2025\/08\/UTalca-Portada-noticias-medidas-13.jpg","articleSection":["Lugar 4","Noticias"],"inLanguage":"es-CL","potentialAction":[{"@type":"CommentAction","name":"Comment","target":["https:\/\/explora.cl\/maule\/exploramaule-capacita-a-educadoras-y-asistentes-de-parvulos-para-despertar-la-curiosidad-cientifica-en-la-primera-infanciaexplora-maule-lanza-su-programacion-2025-con-foco-en-redes-docentes-2\/#respond"]}]},{"@type":"WebPage","@id":"https:\/\/explora.cl\/maule\/exploramaule-capacita-a-educadoras-y-asistentes-de-parvulos-para-despertar-la-curiosidad-cientifica-en-la-primera-infanciaexplora-maule-lanza-su-programacion-2025-con-foco-en-redes-docentes-2\/","url":"https:\/\/explora.cl\/maule\/exploramaule-capacita-a-educadoras-y-asistentes-de-parvulos-para-despertar-la-curiosidad-cientifica-en-la-primera-infanciaexplora-maule-lanza-su-programacion-2025-con-foco-en-redes-docentes-2\/","name":"ExploraMaule capacita a Educadoras y asistentes de p\u00e1rvulos para despertar la curiosidad cient\u00edfica en la primera infancia - Maule","isPartOf":{"@id":"https:\/\/explora.cl\/maule\/#website"},"primaryImageOfPage":{"@id":"https:\/\/explora.cl\/maule\/exploramaule-capacita-a-educadoras-y-asistentes-de-parvulos-para-despertar-la-curiosidad-cientifica-en-la-primera-infanciaexplora-maule-lanza-su-programacion-2025-con-foco-en-redes-docentes-2\/#primaryimage"},"image":{"@id":"https:\/\/explora.cl\/maule\/exploramaule-capacita-a-educadoras-y-asistentes-de-parvulos-para-despertar-la-curiosidad-cientifica-en-la-primera-infanciaexplora-maule-lanza-su-programacion-2025-con-foco-en-redes-docentes-2\/#primaryimage"},"thumbnailUrl":"https:\/\/explora.cl\/maule\/wp-content\/uploads\/sites\/9\/2025\/08\/UTalca-Portada-noticias-medidas-13.jpg","datePublished":"2025-08-14T15:26:53+00:00","author":{"@id":"https:\/\/explora.cl\/maule\/#\/schema\/person\/7c4a8d7da1b43fee83d990c08dd35f99"},"breadcrumb":{"@id":"https:\/\/explora.cl\/maule\/exploramaule-capacita-a-educadoras-y-asistentes-de-parvulos-para-despertar-la-curiosidad-cientifica-en-la-primera-infanciaexplora-maule-lanza-su-programacion-2025-con-foco-en-redes-docentes-2\/#breadcrumb"},"inLanguage":"es-CL","potentialAction":[{"@type":"ReadAction","target":["https:\/\/explora.cl\/maule\/exploramaule-capacita-a-educadoras-y-asistentes-de-parvulos-para-despertar-la-curiosidad-cientifica-en-la-primera-infanciaexplora-maule-lanza-su-programacion-2025-con-foco-en-redes-docentes-2\/"]}]},{"@type":"ImageObject","inLanguage":"es-CL","@id":"https:\/\/explora.cl\/maule\/exploramaule-capacita-a-educadoras-y-asistentes-de-parvulos-para-despertar-la-curiosidad-cientifica-en-la-primera-infanciaexplora-maule-lanza-su-programacion-2025-con-foco-en-redes-docentes-2\/#primaryimage","url":"https:\/\/explora.cl\/maule\/wp-content\/uploads\/sites\/9\/2025\/08\/UTalca-Portada-noticias-medidas-13.jpg","contentUrl":"https:\/\/explora.cl\/maule\/wp-content\/uploads\/sites\/9\/2025\/08\/UTalca-Portada-noticias-medidas-13.jpg","width":1280,"height":1024},{"@type":"BreadcrumbList","@id":"https:\/\/explora.cl\/maule\/exploramaule-capacita-a-educadoras-y-asistentes-de-parvulos-para-despertar-la-curiosidad-cientifica-en-la-primera-infanciaexplora-maule-lanza-su-programacion-2025-con-foco-en-redes-docentes-2\/#breadcrumb","itemListElement":[{"@type":"ListItem","position":1,"name":"Portada","item":"https:\/\/explora.cl\/maule\/"},{"@type":"ListItem","position":2,"name":"ExploraMaule capacita a Educadoras y asistentes de p\u00e1rvulos para despertar la curiosidad cient\u00edfica en la primera infancia"}]},{"@type":"WebSite","@id":"https:\/\/explora.cl\/maule\/#website","url":"https:\/\/explora.cl\/maule\/","name":"Maule","description":"Otro sitio m\u00e1s de explora.cl","potentialAction":[{"@type":"SearchAction","target":{"@type":"EntryPoint","urlTemplate":"https:\/\/explora.cl\/maule\/?s={search_term_string}"},"query-input":{"@type":"PropertyValueSpecification","valueRequired":true,"valueName":"search_term_string"}}],"inLanguage":"es-CL"},{"@type":"Person","@id":"https:\/\/explora.cl\/maule\/#\/schema\/person\/7c4a8d7da1b43fee83d990c08dd35f99","name":"cpereira","image":{"@type":"ImageObject","inLanguage":"es-CL","@id":"https:\/\/explora.cl\/maule\/#\/schema\/person\/image\/","url":"https:\/\/secure.gravatar.com\/avatar\/b5fc66932e6c27119a245427f86f8c950201f3cbe1e64e508e0f7c39dc595157?s=96&d=mm&r=g","contentUrl":"https:\/\/secure.gravatar.com\/avatar\/b5fc66932e6c27119a245427f86f8c950201f3cbe1e64e508e0f7c39dc595157?s=96&d=mm&r=g","caption":"cpereira"},"url":"https:\/\/explora.cl\/maule\/author\/cpereira\/"}]}},"_links":{"self":[{"href":"https:\/\/explora.cl\/maule\/wp-json\/wp\/v2\/posts\/39472","targetHints":{"allow":["GET"]}}],"collection":[{"href":"https:\/\/explora.cl\/maule\/wp-json\/wp\/v2\/posts"}],"about":[{"href":"https:\/\/explora.cl\/maule\/wp-json\/wp\/v2\/types\/post"}],"author":[{"embeddable":true,"href":"https:\/\/explora.cl\/maule\/wp-json\/wp\/v2\/users\/24"}],"replies":[{"embeddable":true,"href":"https:\/\/explora.cl\/maule\/wp-json\/wp\/v2\/comments?post=39472"}],"version-history":[{"count":1,"href":"https:\/\/explora.cl\/maule\/wp-json\/wp\/v2\/posts\/39472\/revisions"}],"predecessor-version":[{"id":39474,"href":"https:\/\/explora.cl\/maule\/wp-json\/wp\/v2\/posts\/39472\/revisions\/39474"}],"wp:featuredmedia":[{"embeddable":true,"href":"https:\/\/explora.cl\/maule\/wp-json\/wp\/v2\/media\/39473"}],"wp:attachment":[{"href":"https:\/\/explora.cl\/maule\/wp-json\/wp\/v2\/media?parent=39472"}],"wp:term":[{"taxonomy":"category","embeddable":true,"href":"https:\/\/explora.cl\/maule\/wp-json\/wp\/v2\/categories?post=39472"},{"taxonomy":"post_tag","embeddable":true,"href":"https:\/\/explora.cl\/maule\/wp-json\/wp\/v2\/tags?post=39472"}],"curies":[{"name":"wp","href":"https:\/\/api.w.org\/{rel}","templated":true}]}}