{"id":38920,"date":"2021-09-27T15:33:28","date_gmt":"2021-09-27T18:33:28","guid":{"rendered":"https:\/\/explora.cl\/maule\/?p=38920"},"modified":"2021-09-27T15:33:28","modified_gmt":"2021-09-27T18:33:28","slug":"ora-maule-abre-convocatorias-para-presentar-trabajos-en-congreso-regional-de-ciencia-escolar","status":"publish","type":"post","link":"https:\/\/explora.cl\/maule\/ora-maule-abre-convocatorias-para-presentar-trabajos-en-congreso-regional-de-ciencia-escolar\/","title":{"rendered":"Explora Maule abre convocatoria para presentar trabajos en Congreso Regional de Ciencia Escolar"},"content":{"rendered":"<h3><em>Hasta el 8 de octubre, pueden postular los equipos de estudiantes de educaci\u00f3n b\u00e1sica y media, que tengan investigaciones o proyectos de innovaci\u00f3n que presenten soluciones a problemas de sus territorios.<\/em><\/h3>\n<p>Despu\u00e9s de un receso de un a\u00f1o debido a la pandemia y a la adaptaci\u00f3n de los colegios a los modelos de educaci\u00f3n hibrida, el proyecto Explora Maule de ejecutado por la Direcci\u00f3n de Vinculaci\u00f3n con el Medio de la Universidad de Talca, realizar\u00e1 nuevamente el Congreso Regional Explora de Investigaci\u00f3n e Innovaci\u00f3n Escolar, evento que congrega a los m\u00e1s destacados proyecto cient\u00edficos realizados por estudiantes a nivel regional.<\/p>\n<p>Una de las novedades de esta novena versi\u00f3n, es su formato digital que permitir\u00e1 que los estudiantes presentes sus trabajos desde sus casas o establecimientos educativos . Sin embargo, esto no ser\u00e1 un impedimento para que los participantes tengan interacci\u00f3n entre ellos, ya que el programa contempla encuentros con cient\u00edficas y cient\u00edficos, jornadas interactivas y un espect\u00e1culo teatral, que se extender\u00e1 por todos los d\u00edas de Congreso.<\/p>\n<p><img fetchpriority=\"high\" decoding=\"async\" class=\"size-medium wp-image-38890 alignright\" src=\"https:\/\/explora.cl\/maule\/wp-content\/uploads\/sites\/9\/2021\/07\/wedo-6-300x225.jpg\" alt=\"\" width=\"300\" height=\"225\" srcset=\"https:\/\/explora.cl\/maule\/wp-content\/uploads\/sites\/9\/2021\/07\/wedo-6-300x225.jpg 300w, https:\/\/explora.cl\/maule\/wp-content\/uploads\/sites\/9\/2021\/07\/wedo-6-768x576.jpg 768w, https:\/\/explora.cl\/maule\/wp-content\/uploads\/sites\/9\/2021\/07\/wedo-6-1024x768.jpg 1024w, https:\/\/explora.cl\/maule\/wp-content\/uploads\/sites\/9\/2021\/07\/wedo-6.jpg 1040w\" sizes=\"(max-width: 300px) 100vw, 300px\" \/>Pueden participar estudiantes de quinto a cuarto medio de escuelas y colegios del Maule, ya sean p\u00fablicos, subvencionado, particulares y tambi\u00e9n los de modalidad t\u00e9cnico profesional, que presenten los resultados de sus indagaciones o prototipos de innovaciones tecnol\u00f3gicas.<\/p>\n<p>Sobre esta nueva edici\u00f3n del encuentro m\u00e1s importante de ciencia regional a nivel escolar, Pablo Gonz\u00e1lez, director de Explora Maule, manifest\u00f3 que: \u201cEstamos muy contento de poder realizar nuevamente el Congreso Regional, ya que permite que los estudiantes, muestren el trabajo realizado durante el a\u00f1o a un comit\u00e9 cient\u00edfico que eval\u00faa sus esfuerzos, pero sobre todo, que podemos visualizar el enorme y creativo esfuerzo que tienen los escolares en solucionar problemas que afectan a sus territorios\u201d.<\/p>\n<p>Este a\u00f1o el jurado estar\u00e1 compuesto por cient\u00edficos y cient\u00edficas de la Universidad de Talca y otras universidades del pa\u00eds, que tendr\u00e1n la misi\u00f3n de encontrar los trabajos m\u00e1s destacados para que representen a la Regi\u00f3n del Maule, en el Congreso Nacional Explora que se efectuar\u00e1 de manera on line en enero del 2022.<\/p>\n<p>El congreso Regional Explora de Investigaci\u00f3n e Innovaci\u00f3n Escolar, se realizar\u00e1 desde al 10 al 12 de noviembre del 2021, los equipos interesados en participar pueden postular hasta el viernes 8 de octubre. Las bases y el formulario de inscripci\u00f3n, lo pueden encontrar en el sitio web de Explora Maule en <a href=\"https:\/\/explora.cl\/maule\">explora.cl\/maule<\/a><\/p>\n","protected":false},"excerpt":{"rendered":"<p>Hasta el 8 de octubre, pueden postular los equipos de estudiantes de educaci\u00f3n b\u00e1sica y media, que tengan investigaciones o proyectos de innovaci\u00f3n que presenten soluciones a problemas de sus territorios.<\/p>\n","protected":false},"author":24,"featured_media":38192,"comment_status":"closed","ping_status":"closed","sticky":false,"template":"","format":"standard","meta":{"_acf_changed":false,"_exactmetrics_skip_tracking":false,"_exactmetrics_sitenote_active":false,"_exactmetrics_sitenote_note":"","_exactmetrics_sitenote_category":0,"footnotes":"","_links_to":"","_links_to_target":""},"categories":[139,4],"tags":[81,21,166,167,168],"class_list":["post-38920","post","type-post","status-publish","format-standard","has-post-thumbnail","hentry","category-lugar-4","category-noticias","tag-biodiversidad","tag-explora-conicyt","tag-exposicion","tag-maule","tag-natural"],"acf":[],"yoast_head":"<!-- This site is optimized with the Yoast SEO plugin v26.9 - https:\/\/yoast.com\/product\/yoast-seo-wordpress\/ -->\n<title>Explora Maule abre convocatoria para presentar trabajos en Congreso Regional de Ciencia Escolar - Maule<\/title>\n<meta name=\"robots\" content=\"index, follow, max-snippet:-1, max-image-preview:large, max-video-preview:-1\" \/>\n<link rel=\"canonical\" href=\"https:\/\/explora.cl\/maule\/ora-maule-abre-convocatorias-para-presentar-trabajos-en-congreso-regional-de-ciencia-escolar\/\" class=\"yoast-seo-meta-tag\" \/>\n<meta property=\"og:locale\" content=\"es_ES\" class=\"yoast-seo-meta-tag\" \/>\n<meta property=\"og:type\" content=\"article\" class=\"yoast-seo-meta-tag\" \/>\n<meta property=\"og:title\" content=\"Explora Maule abre convocatoria para presentar trabajos en Congreso Regional de Ciencia Escolar - Maule\" class=\"yoast-seo-meta-tag\" \/>\n<meta property=\"og:description\" content=\"Hasta el 8 de octubre, pueden postular los equipos de estudiantes de educaci\u00f3n b\u00e1sica y media, que tengan investigaciones o proyectos de innovaci\u00f3n que presenten soluciones a problemas de sus territorios.\" class=\"yoast-seo-meta-tag\" \/>\n<meta property=\"og:url\" content=\"https:\/\/explora.cl\/maule\/ora-maule-abre-convocatorias-para-presentar-trabajos-en-congreso-regional-de-ciencia-escolar\/\" class=\"yoast-seo-meta-tag\" \/>\n<meta property=\"og:site_name\" content=\"Maule\" class=\"yoast-seo-meta-tag\" \/>\n<meta property=\"article:published_time\" content=\"2021-09-27T18:33:28+00:00\" class=\"yoast-seo-meta-tag\" \/>\n<meta property=\"og:image\" content=\"https:\/\/explora.cl\/maule\/wp-content\/uploads\/sites\/9\/2019\/07\/IMG_3912-1024x768.jpg\" class=\"yoast-seo-meta-tag\" \/>\n\t<meta property=\"og:image:width\" content=\"1024\" class=\"yoast-seo-meta-tag\" \/>\n\t<meta property=\"og:image:height\" content=\"768\" class=\"yoast-seo-meta-tag\" \/>\n\t<meta property=\"og:image:type\" content=\"image\/jpeg\" class=\"yoast-seo-meta-tag\" \/>\n<meta name=\"author\" content=\"cpereira\" class=\"yoast-seo-meta-tag\" \/>\n<meta name=\"twitter:card\" content=\"summary_large_image\" class=\"yoast-seo-meta-tag\" \/>\n<meta name=\"twitter:label1\" content=\"Escrito por\" class=\"yoast-seo-meta-tag\" \/>\n\t<meta name=\"twitter:data1\" content=\"cpereira\" class=\"yoast-seo-meta-tag\" \/>\n\t<meta name=\"twitter:label2\" content=\"Tiempo estimado de lectura\" class=\"yoast-seo-meta-tag\" \/>\n\t<meta name=\"twitter:data2\" content=\"2 minutos\" class=\"yoast-seo-meta-tag\" \/>\n<script type=\"application\/ld+json\" class=\"yoast-schema-graph\">{\"@context\":\"https:\/\/schema.org\",\"@graph\":[{\"@type\":\"Article\",\"@id\":\"https:\/\/explora.cl\/maule\/ora-maule-abre-convocatorias-para-presentar-trabajos-en-congreso-regional-de-ciencia-escolar\/#article\",\"isPartOf\":{\"@id\":\"https:\/\/explora.cl\/maule\/ora-maule-abre-convocatorias-para-presentar-trabajos-en-congreso-regional-de-ciencia-escolar\/\"},\"author\":{\"name\":\"cpereira\",\"@id\":\"https:\/\/explora.cl\/maule\/#\/schema\/person\/7c4a8d7da1b43fee83d990c08dd35f99\"},\"headline\":\"Explora Maule abre convocatoria para presentar trabajos en Congreso Regional de Ciencia Escolar\",\"datePublished\":\"2021-09-27T18:33:28+00:00\",\"mainEntityOfPage\":{\"@id\":\"https:\/\/explora.cl\/maule\/ora-maule-abre-convocatorias-para-presentar-trabajos-en-congreso-regional-de-ciencia-escolar\/\"},\"wordCount\":435,\"image\":{\"@id\":\"https:\/\/explora.cl\/maule\/ora-maule-abre-convocatorias-para-presentar-trabajos-en-congreso-regional-de-ciencia-escolar\/#primaryimage\"},\"thumbnailUrl\":\"https:\/\/explora.cl\/maule\/wp-content\/uploads\/sites\/9\/2019\/07\/IMG_3912.jpg\",\"keywords\":[\"biodiversidad\",\"Explora Conicyt\",\"Exposici\u00f3n\",\"Maule\",\"natural\"],\"articleSection\":[\"Lugar 4\",\"Noticias\"],\"inLanguage\":\"es-CL\"},{\"@type\":\"WebPage\",\"@id\":\"https:\/\/explora.cl\/maule\/ora-maule-abre-convocatorias-para-presentar-trabajos-en-congreso-regional-de-ciencia-escolar\/\",\"url\":\"https:\/\/explora.cl\/maule\/ora-maule-abre-convocatorias-para-presentar-trabajos-en-congreso-regional-de-ciencia-escolar\/\",\"name\":\"Explora Maule abre convocatoria para presentar trabajos en Congreso Regional de Ciencia Escolar - Maule\",\"isPartOf\":{\"@id\":\"https:\/\/explora.cl\/maule\/#website\"},\"primaryImageOfPage\":{\"@id\":\"https:\/\/explora.cl\/maule\/ora-maule-abre-convocatorias-para-presentar-trabajos-en-congreso-regional-de-ciencia-escolar\/#primaryimage\"},\"image\":{\"@id\":\"https:\/\/explora.cl\/maule\/ora-maule-abre-convocatorias-para-presentar-trabajos-en-congreso-regional-de-ciencia-escolar\/#primaryimage\"},\"thumbnailUrl\":\"https:\/\/explora.cl\/maule\/wp-content\/uploads\/sites\/9\/2019\/07\/IMG_3912.jpg\",\"datePublished\":\"2021-09-27T18:33:28+00:00\",\"author\":{\"@id\":\"https:\/\/explora.cl\/maule\/#\/schema\/person\/7c4a8d7da1b43fee83d990c08dd35f99\"},\"breadcrumb\":{\"@id\":\"https:\/\/explora.cl\/maule\/ora-maule-abre-convocatorias-para-presentar-trabajos-en-congreso-regional-de-ciencia-escolar\/#breadcrumb\"},\"inLanguage\":\"es-CL\",\"potentialAction\":[{\"@type\":\"ReadAction\",\"target\":[\"https:\/\/explora.cl\/maule\/ora-maule-abre-convocatorias-para-presentar-trabajos-en-congreso-regional-de-ciencia-escolar\/\"]}]},{\"@type\":\"ImageObject\",\"inLanguage\":\"es-CL\",\"@id\":\"https:\/\/explora.cl\/maule\/ora-maule-abre-convocatorias-para-presentar-trabajos-en-congreso-regional-de-ciencia-escolar\/#primaryimage\",\"url\":\"https:\/\/explora.cl\/maule\/wp-content\/uploads\/sites\/9\/2019\/07\/IMG_3912.jpg\",\"contentUrl\":\"https:\/\/explora.cl\/maule\/wp-content\/uploads\/sites\/9\/2019\/07\/IMG_3912.jpg\",\"width\":4032,\"height\":3024},{\"@type\":\"BreadcrumbList\",\"@id\":\"https:\/\/explora.cl\/maule\/ora-maule-abre-convocatorias-para-presentar-trabajos-en-congreso-regional-de-ciencia-escolar\/#breadcrumb\",\"itemListElement\":[{\"@type\":\"ListItem\",\"position\":1,\"name\":\"Portada\",\"item\":\"https:\/\/explora.cl\/maule\/\"},{\"@type\":\"ListItem\",\"position\":2,\"name\":\"Explora Maule abre convocatoria para presentar trabajos en Congreso Regional de Ciencia Escolar\"}]},{\"@type\":\"WebSite\",\"@id\":\"https:\/\/explora.cl\/maule\/#website\",\"url\":\"https:\/\/explora.cl\/maule\/\",\"name\":\"Maule\",\"description\":\"Otro sitio m\u00e1s de explora.cl\",\"potentialAction\":[{\"@type\":\"SearchAction\",\"target\":{\"@type\":\"EntryPoint\",\"urlTemplate\":\"https:\/\/explora.cl\/maule\/?s={search_term_string}\"},\"query-input\":{\"@type\":\"PropertyValueSpecification\",\"valueRequired\":true,\"valueName\":\"search_term_string\"}}],\"inLanguage\":\"es-CL\"},{\"@type\":\"Person\",\"@id\":\"https:\/\/explora.cl\/maule\/#\/schema\/person\/7c4a8d7da1b43fee83d990c08dd35f99\",\"name\":\"cpereira\",\"image\":{\"@type\":\"ImageObject\",\"inLanguage\":\"es-CL\",\"@id\":\"https:\/\/explora.cl\/maule\/#\/schema\/person\/image\/\",\"url\":\"https:\/\/secure.gravatar.com\/avatar\/b5fc66932e6c27119a245427f86f8c950201f3cbe1e64e508e0f7c39dc595157?s=96&d=mm&r=g\",\"contentUrl\":\"https:\/\/secure.gravatar.com\/avatar\/b5fc66932e6c27119a245427f86f8c950201f3cbe1e64e508e0f7c39dc595157?s=96&d=mm&r=g\",\"caption\":\"cpereira\"},\"url\":\"https:\/\/explora.cl\/maule\/author\/cpereira\/\"}]}<\/script>\n<!-- \/ Yoast SEO plugin. -->","yoast_head_json":{"title":"Explora Maule abre convocatoria para presentar trabajos en Congreso Regional de Ciencia Escolar - Maule","robots":{"index":"index","follow":"follow","max-snippet":"max-snippet:-1","max-image-preview":"max-image-preview:large","max-video-preview":"max-video-preview:-1"},"canonical":"https:\/\/explora.cl\/maule\/ora-maule-abre-convocatorias-para-presentar-trabajos-en-congreso-regional-de-ciencia-escolar\/","og_locale":"es_ES","og_type":"article","og_title":"Explora Maule abre convocatoria para presentar trabajos en Congreso Regional de Ciencia Escolar - Maule","og_description":"Hasta el 8 de octubre, pueden postular los equipos de estudiantes de educaci\u00f3n b\u00e1sica y media, que tengan investigaciones o proyectos de innovaci\u00f3n que presenten soluciones a problemas de sus territorios.","og_url":"https:\/\/explora.cl\/maule\/ora-maule-abre-convocatorias-para-presentar-trabajos-en-congreso-regional-de-ciencia-escolar\/","og_site_name":"Maule","article_published_time":"2021-09-27T18:33:28+00:00","og_image":[{"width":1024,"height":768,"url":"https:\/\/explora.cl\/maule\/wp-content\/uploads\/sites\/9\/2019\/07\/IMG_3912-1024x768.jpg","type":"image\/jpeg"}],"author":"cpereira","twitter_card":"summary_large_image","twitter_misc":{"Escrito por":"cpereira","Tiempo estimado de lectura":"2 minutos"},"schema":{"@context":"https:\/\/schema.org","@graph":[{"@type":"Article","@id":"https:\/\/explora.cl\/maule\/ora-maule-abre-convocatorias-para-presentar-trabajos-en-congreso-regional-de-ciencia-escolar\/#article","isPartOf":{"@id":"https:\/\/explora.cl\/maule\/ora-maule-abre-convocatorias-para-presentar-trabajos-en-congreso-regional-de-ciencia-escolar\/"},"author":{"name":"cpereira","@id":"https:\/\/explora.cl\/maule\/#\/schema\/person\/7c4a8d7da1b43fee83d990c08dd35f99"},"headline":"Explora Maule abre convocatoria para presentar trabajos en Congreso Regional de Ciencia Escolar","datePublished":"2021-09-27T18:33:28+00:00","mainEntityOfPage":{"@id":"https:\/\/explora.cl\/maule\/ora-maule-abre-convocatorias-para-presentar-trabajos-en-congreso-regional-de-ciencia-escolar\/"},"wordCount":435,"image":{"@id":"https:\/\/explora.cl\/maule\/ora-maule-abre-convocatorias-para-presentar-trabajos-en-congreso-regional-de-ciencia-escolar\/#primaryimage"},"thumbnailUrl":"https:\/\/explora.cl\/maule\/wp-content\/uploads\/sites\/9\/2019\/07\/IMG_3912.jpg","keywords":["biodiversidad","Explora Conicyt","Exposici\u00f3n","Maule","natural"],"articleSection":["Lugar 4","Noticias"],"inLanguage":"es-CL"},{"@type":"WebPage","@id":"https:\/\/explora.cl\/maule\/ora-maule-abre-convocatorias-para-presentar-trabajos-en-congreso-regional-de-ciencia-escolar\/","url":"https:\/\/explora.cl\/maule\/ora-maule-abre-convocatorias-para-presentar-trabajos-en-congreso-regional-de-ciencia-escolar\/","name":"Explora Maule abre convocatoria para presentar trabajos en Congreso Regional de Ciencia Escolar - Maule","isPartOf":{"@id":"https:\/\/explora.cl\/maule\/#website"},"primaryImageOfPage":{"@id":"https:\/\/explora.cl\/maule\/ora-maule-abre-convocatorias-para-presentar-trabajos-en-congreso-regional-de-ciencia-escolar\/#primaryimage"},"image":{"@id":"https:\/\/explora.cl\/maule\/ora-maule-abre-convocatorias-para-presentar-trabajos-en-congreso-regional-de-ciencia-escolar\/#primaryimage"},"thumbnailUrl":"https:\/\/explora.cl\/maule\/wp-content\/uploads\/sites\/9\/2019\/07\/IMG_3912.jpg","datePublished":"2021-09-27T18:33:28+00:00","author":{"@id":"https:\/\/explora.cl\/maule\/#\/schema\/person\/7c4a8d7da1b43fee83d990c08dd35f99"},"breadcrumb":{"@id":"https:\/\/explora.cl\/maule\/ora-maule-abre-convocatorias-para-presentar-trabajos-en-congreso-regional-de-ciencia-escolar\/#breadcrumb"},"inLanguage":"es-CL","potentialAction":[{"@type":"ReadAction","target":["https:\/\/explora.cl\/maule\/ora-maule-abre-convocatorias-para-presentar-trabajos-en-congreso-regional-de-ciencia-escolar\/"]}]},{"@type":"ImageObject","inLanguage":"es-CL","@id":"https:\/\/explora.cl\/maule\/ora-maule-abre-convocatorias-para-presentar-trabajos-en-congreso-regional-de-ciencia-escolar\/#primaryimage","url":"https:\/\/explora.cl\/maule\/wp-content\/uploads\/sites\/9\/2019\/07\/IMG_3912.jpg","contentUrl":"https:\/\/explora.cl\/maule\/wp-content\/uploads\/sites\/9\/2019\/07\/IMG_3912.jpg","width":4032,"height":3024},{"@type":"BreadcrumbList","@id":"https:\/\/explora.cl\/maule\/ora-maule-abre-convocatorias-para-presentar-trabajos-en-congreso-regional-de-ciencia-escolar\/#breadcrumb","itemListElement":[{"@type":"ListItem","position":1,"name":"Portada","item":"https:\/\/explora.cl\/maule\/"},{"@type":"ListItem","position":2,"name":"Explora Maule abre convocatoria para presentar trabajos en Congreso Regional de Ciencia Escolar"}]},{"@type":"WebSite","@id":"https:\/\/explora.cl\/maule\/#website","url":"https:\/\/explora.cl\/maule\/","name":"Maule","description":"Otro sitio m\u00e1s de explora.cl","potentialAction":[{"@type":"SearchAction","target":{"@type":"EntryPoint","urlTemplate":"https:\/\/explora.cl\/maule\/?s={search_term_string}"},"query-input":{"@type":"PropertyValueSpecification","valueRequired":true,"valueName":"search_term_string"}}],"inLanguage":"es-CL"},{"@type":"Person","@id":"https:\/\/explora.cl\/maule\/#\/schema\/person\/7c4a8d7da1b43fee83d990c08dd35f99","name":"cpereira","image":{"@type":"ImageObject","inLanguage":"es-CL","@id":"https:\/\/explora.cl\/maule\/#\/schema\/person\/image\/","url":"https:\/\/secure.gravatar.com\/avatar\/b5fc66932e6c27119a245427f86f8c950201f3cbe1e64e508e0f7c39dc595157?s=96&d=mm&r=g","contentUrl":"https:\/\/secure.gravatar.com\/avatar\/b5fc66932e6c27119a245427f86f8c950201f3cbe1e64e508e0f7c39dc595157?s=96&d=mm&r=g","caption":"cpereira"},"url":"https:\/\/explora.cl\/maule\/author\/cpereira\/"}]}},"_links":{"self":[{"href":"https:\/\/explora.cl\/maule\/wp-json\/wp\/v2\/posts\/38920","targetHints":{"allow":["GET"]}}],"collection":[{"href":"https:\/\/explora.cl\/maule\/wp-json\/wp\/v2\/posts"}],"about":[{"href":"https:\/\/explora.cl\/maule\/wp-json\/wp\/v2\/types\/post"}],"author":[{"embeddable":true,"href":"https:\/\/explora.cl\/maule\/wp-json\/wp\/v2\/users\/24"}],"replies":[{"embeddable":true,"href":"https:\/\/explora.cl\/maule\/wp-json\/wp\/v2\/comments?post=38920"}],"version-history":[{"count":1,"href":"https:\/\/explora.cl\/maule\/wp-json\/wp\/v2\/posts\/38920\/revisions"}],"predecessor-version":[{"id":38921,"href":"https:\/\/explora.cl\/maule\/wp-json\/wp\/v2\/posts\/38920\/revisions\/38921"}],"wp:featuredmedia":[{"embeddable":true,"href":"https:\/\/explora.cl\/maule\/wp-json\/wp\/v2\/media\/38192"}],"wp:attachment":[{"href":"https:\/\/explora.cl\/maule\/wp-json\/wp\/v2\/media?parent=38920"}],"wp:term":[{"taxonomy":"category","embeddable":true,"href":"https:\/\/explora.cl\/maule\/wp-json\/wp\/v2\/categories?post=38920"},{"taxonomy":"post_tag","embeddable":true,"href":"https:\/\/explora.cl\/maule\/wp-json\/wp\/v2\/tags?post=38920"}],"curies":[{"name":"wp","href":"https:\/\/api.w.org\/{rel}","templated":true}]}}