{"id":38833,"date":"2021-06-15T09:29:24","date_gmt":"2021-06-15T13:29:24","guid":{"rendered":"https:\/\/explora.cl\/maule\/?p=38833"},"modified":"2021-06-15T09:29:24","modified_gmt":"2021-06-15T13:29:24","slug":"explora-maule-invita-a-escolares-a-realizar-investigaciones-junto-cientificas-y-cientificos","status":"publish","type":"post","link":"https:\/\/explora.cl\/maule\/explora-maule-invita-a-escolares-a-realizar-investigaciones-junto-cientificas-y-cientificos\/","title":{"rendered":"Explora Maule invita a escolares a realizar investigaciones junto cient\u00edficas y cient\u00edficos"},"content":{"rendered":"<p><em>A trav\u00e9s de la Academia Maule Ciencia- IIE 2021 de Explora Maule, que se realizar\u00e1 nuevamente en formato virtual, estudiantes, docentes junto a investigadores, trabajar\u00e1n juntos en la realizaci\u00f3n de proyectos que busquen soluciones basadas en ciencia y tecnolog\u00eda a problemas de sus comunidades<\/em>.<\/p>\n<p>Generar una plataforma de trabajo colaborativo donde la comunidad cient\u00edfica y escolar se encuentren y desarrollen investigaciones o innovaciones tecnol\u00f3gicas es lo que propone la Academia Maule Ciencia, iniciativa del proyecto Explora Maule de la Direcci\u00f3n de Vinculaci\u00f3n con el Medio de la UTalca, para que los escolares desarrollen sus talentos y fomenten sus vocaciones cient\u00edficas.<\/p>\n<p>En esta s\u00e9ptima versi\u00f3n, se busca que los estudiantes presenten propuestas o temas de investigaci\u00f3n en todas las \u00e1reas del conocimiento, por este motivo se est\u00e1 desarrollando una campa\u00f1a para incentivar a que cient\u00edficas y cient\u00edficos tanto de la Universidad de Talca como universidades chilena e iberoamericanas, participen y asesoren a los equipos de investigadores escolares que participen de la Academia Maule Ciencia.<img fetchpriority=\"high\" decoding=\"async\" class=\"size-medium wp-image-38835 alignright\" src=\"https:\/\/explora.cl\/maule\/wp-content\/uploads\/sites\/9\/2021\/06\/CONVOCATORIA-IIE-REDESS-1-226x300.png\" alt=\"\" width=\"226\" height=\"300\" srcset=\"https:\/\/explora.cl\/maule\/wp-content\/uploads\/sites\/9\/2021\/06\/CONVOCATORIA-IIE-REDESS-1-226x300.png 226w, https:\/\/explora.cl\/maule\/wp-content\/uploads\/sites\/9\/2021\/06\/CONVOCATORIA-IIE-REDESS-1-768x1018.png 768w, https:\/\/explora.cl\/maule\/wp-content\/uploads\/sites\/9\/2021\/06\/CONVOCATORIA-IIE-REDESS-1-772x1024.png 772w, https:\/\/explora.cl\/maule\/wp-content\/uploads\/sites\/9\/2021\/06\/CONVOCATORIA-IIE-REDESS-1.png 1080w\" sizes=\"(max-width: 226px) 100vw, 226px\" \/><\/p>\n<p>\u201cLa pandemia nos oblig\u00f3 a cerrar los laboratorios, pero permiti\u00f3 ampliar nuestras fronteras, y esto ha sido interesante, ya que nuestros estudiantes han podido trabajar con cient\u00edficos y investigadoras de diversas partes del Pa\u00eds, quienes los apoyan en su trabajo investigativo, generando sinergias interesantes que se producen gracias al trabajo virtuoso de esta triada de docentes, escolares y la comunidad acad\u00e9mica\u201d, se\u00f1al\u00f3 Iv\u00e1n Coydan, director de Vinculaci\u00f3n con el Medio de la Universidad de Talca.<\/p>\n<p><strong>Aprendizaje Basado en Proyectos<\/strong><\/p>\n<p>Una de las caracter\u00edsticas de la Academia Maule Ciencia \u2013 IIE 2021, es su programa formativo basado en la metodolog\u00eda basado en proyectos (ABP), ya que se plantea el desaf\u00edo de buscar soluciones a problemas del territorio o de sus comunidades por medio de respuestas que pueden abarcar todas las \u00e1reas del pensamiento.<\/p>\n<p>\u201cLos estudiantes junto a los docentes, trabajan con problemas reales que permite mayor conexi\u00f3n e involucramiento en los procesos de aprendizaje de los estudiantes , adem\u00e1s el trabajo con los investigadores y acad\u00e9micos permite potenciar la colaboraci\u00f3n, desarrollar el pensamiento cr\u00edtico y potenciar las habilidades comunicacionales de los escolares\u201d, indic\u00f3 Mar\u00eda del Pilar Caramant\u00edn, acad\u00e9mica UTalca y asesora cient\u00edfica de Explora Maule.<\/p>\n<p>La primera etapa de la Academia Maule Ciencia contempla un laboratorio de ideaci\u00f3n, donde se motivar\u00e1 a generar y canalizar las preguntas de investigaci\u00f3n. Un segundo paso, ser\u00e1n las capacitaciones metodol\u00f3gicas, donde aprender\u00e1n t\u00e9cnicas cualitativas y cuantitativas para generar sus proyectos, y, por \u00faltimo, la residencia cient\u00edfica digital, donde trabajar\u00e1n apoyados por investigadores e investigadoras de la Universidad de Talca y de otras casas de estudios del Pa\u00eds, en la materializaci\u00f3n de sus proyectos.<\/p>\n<p>La Academia Maule Ciencia de Explora Maule es parte de trabajo de fomento a la investigaci\u00f3n e innovaci\u00f3n escolar que propone a nivel nacional el Programa Explora de Ministerio de Ciencia, Tecnolog\u00eda conocimiento e Innovaci\u00f3n.<\/p>\n<p>Esta iniciativa de car\u00e1cter gratuita est\u00e1 dirigida a estudiantes, desde primero b\u00e1sico a cuarto medio de establecimientos educacionales del Maule. \u00a0Los docentes y escolares interesados pueden descargar las bases y el formulario de postulaci\u00f3n en el sitio web:\u00a0<a href=\"https:\/\/explora.cl\/maule\/\">explora.cl\/maule\/<\/a>.<\/p>\n<p>Las inscripciones se recibir\u00e1n en el correo electr\u00f3nico: convocatorias@exploramaule.org<\/p>\n<p>&nbsp;<\/p>\n<h3><\/h3>\n","protected":false},"excerpt":{"rendered":"<p>A trav\u00e9s de la Academia Maule Ciencia- IIE 2021 de Explora Maule, que se realizar\u00e1 nuevamente en formato virtual, estudiantes, docentes junto a investigadores, trabajar\u00e1n juntos en la realizaci\u00f3n de proyectos que busquen soluciones basadas en ciencia y tecnolog\u00eda a problemas de sus comunidades.<\/p>\n","protected":false},"author":24,"featured_media":38834,"comment_status":"closed","ping_status":"closed","sticky":false,"template":"","format":"standard","meta":{"_acf_changed":false,"_exactmetrics_skip_tracking":false,"_exactmetrics_sitenote_active":false,"_exactmetrics_sitenote_note":"","_exactmetrics_sitenote_category":0,"footnotes":"","_links_to":"","_links_to_target":""},"categories":[139,4],"tags":[81,21,166,167,168],"class_list":["post-38833","post","type-post","status-publish","format-standard","has-post-thumbnail","hentry","category-lugar-4","category-noticias","tag-biodiversidad","tag-explora-conicyt","tag-exposicion","tag-maule","tag-natural"],"acf":[],"yoast_head":"<!-- This site is optimized with the Yoast SEO plugin v26.9 - https:\/\/yoast.com\/product\/yoast-seo-wordpress\/ -->\n<title>Explora Maule invita a escolares a realizar investigaciones junto cient\u00edficas y cient\u00edficos - Maule<\/title>\n<meta name=\"robots\" content=\"index, follow, max-snippet:-1, max-image-preview:large, max-video-preview:-1\" \/>\n<link rel=\"canonical\" href=\"https:\/\/explora.cl\/maule\/explora-maule-invita-a-escolares-a-realizar-investigaciones-junto-cientificas-y-cientificos\/\" class=\"yoast-seo-meta-tag\" \/>\n<meta property=\"og:locale\" content=\"es_ES\" class=\"yoast-seo-meta-tag\" \/>\n<meta property=\"og:type\" content=\"article\" class=\"yoast-seo-meta-tag\" \/>\n<meta property=\"og:title\" content=\"Explora Maule invita a escolares a realizar investigaciones junto cient\u00edficas y cient\u00edficos - Maule\" class=\"yoast-seo-meta-tag\" \/>\n<meta property=\"og:description\" content=\"A trav\u00e9s de la Academia Maule Ciencia- IIE 2021 de Explora Maule, que se realizar\u00e1 nuevamente en formato virtual, estudiantes, docentes junto a investigadores, trabajar\u00e1n juntos en la realizaci\u00f3n de proyectos que busquen soluciones basadas en ciencia y tecnolog\u00eda a problemas de sus comunidades.\" class=\"yoast-seo-meta-tag\" \/>\n<meta property=\"og:url\" content=\"https:\/\/explora.cl\/maule\/explora-maule-invita-a-escolares-a-realizar-investigaciones-junto-cientificas-y-cientificos\/\" class=\"yoast-seo-meta-tag\" \/>\n<meta property=\"og:site_name\" content=\"Maule\" class=\"yoast-seo-meta-tag\" \/>\n<meta property=\"article:published_time\" content=\"2021-06-15T13:29:24+00:00\" class=\"yoast-seo-meta-tag\" \/>\n<meta property=\"og:image\" content=\"https:\/\/explora.cl\/maule\/wp-content\/uploads\/sites\/9\/2021\/06\/IMG_3378-1.jpg\" class=\"yoast-seo-meta-tag\" \/>\n\t<meta property=\"og:image:width\" content=\"3532\" class=\"yoast-seo-meta-tag\" \/>\n\t<meta property=\"og:image:height\" content=\"2099\" class=\"yoast-seo-meta-tag\" \/>\n\t<meta property=\"og:image:type\" content=\"image\/jpeg\" class=\"yoast-seo-meta-tag\" \/>\n<meta name=\"author\" content=\"cpereira\" class=\"yoast-seo-meta-tag\" \/>\n<meta name=\"twitter:card\" content=\"summary_large_image\" class=\"yoast-seo-meta-tag\" \/>\n<meta name=\"twitter:label1\" content=\"Escrito por\" class=\"yoast-seo-meta-tag\" \/>\n\t<meta name=\"twitter:data1\" content=\"cpereira\" class=\"yoast-seo-meta-tag\" \/>\n\t<meta name=\"twitter:label2\" content=\"Tiempo estimado de lectura\" class=\"yoast-seo-meta-tag\" \/>\n\t<meta name=\"twitter:data2\" content=\"3 minutos\" class=\"yoast-seo-meta-tag\" \/>\n<script type=\"application\/ld+json\" class=\"yoast-schema-graph\">{\"@context\":\"https:\/\/schema.org\",\"@graph\":[{\"@type\":\"Article\",\"@id\":\"https:\/\/explora.cl\/maule\/explora-maule-invita-a-escolares-a-realizar-investigaciones-junto-cientificas-y-cientificos\/#article\",\"isPartOf\":{\"@id\":\"https:\/\/explora.cl\/maule\/explora-maule-invita-a-escolares-a-realizar-investigaciones-junto-cientificas-y-cientificos\/\"},\"author\":{\"name\":\"cpereira\",\"@id\":\"https:\/\/explora.cl\/maule\/#\/schema\/person\/7c4a8d7da1b43fee83d990c08dd35f99\"},\"headline\":\"Explora Maule invita a escolares a realizar investigaciones junto cient\u00edficas y cient\u00edficos\",\"datePublished\":\"2021-06-15T13:29:24+00:00\",\"mainEntityOfPage\":{\"@id\":\"https:\/\/explora.cl\/maule\/explora-maule-invita-a-escolares-a-realizar-investigaciones-junto-cientificas-y-cientificos\/\"},\"wordCount\":581,\"image\":{\"@id\":\"https:\/\/explora.cl\/maule\/explora-maule-invita-a-escolares-a-realizar-investigaciones-junto-cientificas-y-cientificos\/#primaryimage\"},\"thumbnailUrl\":\"https:\/\/explora.cl\/maule\/wp-content\/uploads\/sites\/9\/2021\/06\/IMG_3378-1.jpg\",\"keywords\":[\"biodiversidad\",\"Explora Conicyt\",\"Exposici\u00f3n\",\"Maule\",\"natural\"],\"articleSection\":[\"Lugar 4\",\"Noticias\"],\"inLanguage\":\"es-CL\"},{\"@type\":\"WebPage\",\"@id\":\"https:\/\/explora.cl\/maule\/explora-maule-invita-a-escolares-a-realizar-investigaciones-junto-cientificas-y-cientificos\/\",\"url\":\"https:\/\/explora.cl\/maule\/explora-maule-invita-a-escolares-a-realizar-investigaciones-junto-cientificas-y-cientificos\/\",\"name\":\"Explora Maule invita a escolares a realizar investigaciones junto cient\u00edficas y cient\u00edficos - Maule\",\"isPartOf\":{\"@id\":\"https:\/\/explora.cl\/maule\/#website\"},\"primaryImageOfPage\":{\"@id\":\"https:\/\/explora.cl\/maule\/explora-maule-invita-a-escolares-a-realizar-investigaciones-junto-cientificas-y-cientificos\/#primaryimage\"},\"image\":{\"@id\":\"https:\/\/explora.cl\/maule\/explora-maule-invita-a-escolares-a-realizar-investigaciones-junto-cientificas-y-cientificos\/#primaryimage\"},\"thumbnailUrl\":\"https:\/\/explora.cl\/maule\/wp-content\/uploads\/sites\/9\/2021\/06\/IMG_3378-1.jpg\",\"datePublished\":\"2021-06-15T13:29:24+00:00\",\"author\":{\"@id\":\"https:\/\/explora.cl\/maule\/#\/schema\/person\/7c4a8d7da1b43fee83d990c08dd35f99\"},\"breadcrumb\":{\"@id\":\"https:\/\/explora.cl\/maule\/explora-maule-invita-a-escolares-a-realizar-investigaciones-junto-cientificas-y-cientificos\/#breadcrumb\"},\"inLanguage\":\"es-CL\",\"potentialAction\":[{\"@type\":\"ReadAction\",\"target\":[\"https:\/\/explora.cl\/maule\/explora-maule-invita-a-escolares-a-realizar-investigaciones-junto-cientificas-y-cientificos\/\"]}]},{\"@type\":\"ImageObject\",\"inLanguage\":\"es-CL\",\"@id\":\"https:\/\/explora.cl\/maule\/explora-maule-invita-a-escolares-a-realizar-investigaciones-junto-cientificas-y-cientificos\/#primaryimage\",\"url\":\"https:\/\/explora.cl\/maule\/wp-content\/uploads\/sites\/9\/2021\/06\/IMG_3378-1.jpg\",\"contentUrl\":\"https:\/\/explora.cl\/maule\/wp-content\/uploads\/sites\/9\/2021\/06\/IMG_3378-1.jpg\",\"width\":3532,\"height\":2099},{\"@type\":\"BreadcrumbList\",\"@id\":\"https:\/\/explora.cl\/maule\/explora-maule-invita-a-escolares-a-realizar-investigaciones-junto-cientificas-y-cientificos\/#breadcrumb\",\"itemListElement\":[{\"@type\":\"ListItem\",\"position\":1,\"name\":\"Portada\",\"item\":\"https:\/\/explora.cl\/maule\/\"},{\"@type\":\"ListItem\",\"position\":2,\"name\":\"Explora Maule invita a escolares a realizar investigaciones junto cient\u00edficas y cient\u00edficos\"}]},{\"@type\":\"WebSite\",\"@id\":\"https:\/\/explora.cl\/maule\/#website\",\"url\":\"https:\/\/explora.cl\/maule\/\",\"name\":\"Maule\",\"description\":\"Otro sitio m\u00e1s de explora.cl\",\"potentialAction\":[{\"@type\":\"SearchAction\",\"target\":{\"@type\":\"EntryPoint\",\"urlTemplate\":\"https:\/\/explora.cl\/maule\/?s={search_term_string}\"},\"query-input\":{\"@type\":\"PropertyValueSpecification\",\"valueRequired\":true,\"valueName\":\"search_term_string\"}}],\"inLanguage\":\"es-CL\"},{\"@type\":\"Person\",\"@id\":\"https:\/\/explora.cl\/maule\/#\/schema\/person\/7c4a8d7da1b43fee83d990c08dd35f99\",\"name\":\"cpereira\",\"image\":{\"@type\":\"ImageObject\",\"inLanguage\":\"es-CL\",\"@id\":\"https:\/\/explora.cl\/maule\/#\/schema\/person\/image\/\",\"url\":\"https:\/\/secure.gravatar.com\/avatar\/b5fc66932e6c27119a245427f86f8c950201f3cbe1e64e508e0f7c39dc595157?s=96&d=mm&r=g\",\"contentUrl\":\"https:\/\/secure.gravatar.com\/avatar\/b5fc66932e6c27119a245427f86f8c950201f3cbe1e64e508e0f7c39dc595157?s=96&d=mm&r=g\",\"caption\":\"cpereira\"},\"url\":\"https:\/\/explora.cl\/maule\/author\/cpereira\/\"}]}<\/script>\n<!-- \/ Yoast SEO plugin. -->","yoast_head_json":{"title":"Explora Maule invita a escolares a realizar investigaciones junto cient\u00edficas y cient\u00edficos - Maule","robots":{"index":"index","follow":"follow","max-snippet":"max-snippet:-1","max-image-preview":"max-image-preview:large","max-video-preview":"max-video-preview:-1"},"canonical":"https:\/\/explora.cl\/maule\/explora-maule-invita-a-escolares-a-realizar-investigaciones-junto-cientificas-y-cientificos\/","og_locale":"es_ES","og_type":"article","og_title":"Explora Maule invita a escolares a realizar investigaciones junto cient\u00edficas y cient\u00edficos - Maule","og_description":"A trav\u00e9s de la Academia Maule Ciencia- IIE 2021 de Explora Maule, que se realizar\u00e1 nuevamente en formato virtual, estudiantes, docentes junto a investigadores, trabajar\u00e1n juntos en la realizaci\u00f3n de proyectos que busquen soluciones basadas en ciencia y tecnolog\u00eda a problemas de sus comunidades.","og_url":"https:\/\/explora.cl\/maule\/explora-maule-invita-a-escolares-a-realizar-investigaciones-junto-cientificas-y-cientificos\/","og_site_name":"Maule","article_published_time":"2021-06-15T13:29:24+00:00","og_image":[{"width":3532,"height":2099,"url":"https:\/\/explora.cl\/maule\/wp-content\/uploads\/sites\/9\/2021\/06\/IMG_3378-1.jpg","type":"image\/jpeg"}],"author":"cpereira","twitter_card":"summary_large_image","twitter_misc":{"Escrito por":"cpereira","Tiempo estimado de lectura":"3 minutos"},"schema":{"@context":"https:\/\/schema.org","@graph":[{"@type":"Article","@id":"https:\/\/explora.cl\/maule\/explora-maule-invita-a-escolares-a-realizar-investigaciones-junto-cientificas-y-cientificos\/#article","isPartOf":{"@id":"https:\/\/explora.cl\/maule\/explora-maule-invita-a-escolares-a-realizar-investigaciones-junto-cientificas-y-cientificos\/"},"author":{"name":"cpereira","@id":"https:\/\/explora.cl\/maule\/#\/schema\/person\/7c4a8d7da1b43fee83d990c08dd35f99"},"headline":"Explora Maule invita a escolares a realizar investigaciones junto cient\u00edficas y cient\u00edficos","datePublished":"2021-06-15T13:29:24+00:00","mainEntityOfPage":{"@id":"https:\/\/explora.cl\/maule\/explora-maule-invita-a-escolares-a-realizar-investigaciones-junto-cientificas-y-cientificos\/"},"wordCount":581,"image":{"@id":"https:\/\/explora.cl\/maule\/explora-maule-invita-a-escolares-a-realizar-investigaciones-junto-cientificas-y-cientificos\/#primaryimage"},"thumbnailUrl":"https:\/\/explora.cl\/maule\/wp-content\/uploads\/sites\/9\/2021\/06\/IMG_3378-1.jpg","keywords":["biodiversidad","Explora Conicyt","Exposici\u00f3n","Maule","natural"],"articleSection":["Lugar 4","Noticias"],"inLanguage":"es-CL"},{"@type":"WebPage","@id":"https:\/\/explora.cl\/maule\/explora-maule-invita-a-escolares-a-realizar-investigaciones-junto-cientificas-y-cientificos\/","url":"https:\/\/explora.cl\/maule\/explora-maule-invita-a-escolares-a-realizar-investigaciones-junto-cientificas-y-cientificos\/","name":"Explora Maule invita a escolares a realizar investigaciones junto cient\u00edficas y cient\u00edficos - Maule","isPartOf":{"@id":"https:\/\/explora.cl\/maule\/#website"},"primaryImageOfPage":{"@id":"https:\/\/explora.cl\/maule\/explora-maule-invita-a-escolares-a-realizar-investigaciones-junto-cientificas-y-cientificos\/#primaryimage"},"image":{"@id":"https:\/\/explora.cl\/maule\/explora-maule-invita-a-escolares-a-realizar-investigaciones-junto-cientificas-y-cientificos\/#primaryimage"},"thumbnailUrl":"https:\/\/explora.cl\/maule\/wp-content\/uploads\/sites\/9\/2021\/06\/IMG_3378-1.jpg","datePublished":"2021-06-15T13:29:24+00:00","author":{"@id":"https:\/\/explora.cl\/maule\/#\/schema\/person\/7c4a8d7da1b43fee83d990c08dd35f99"},"breadcrumb":{"@id":"https:\/\/explora.cl\/maule\/explora-maule-invita-a-escolares-a-realizar-investigaciones-junto-cientificas-y-cientificos\/#breadcrumb"},"inLanguage":"es-CL","potentialAction":[{"@type":"ReadAction","target":["https:\/\/explora.cl\/maule\/explora-maule-invita-a-escolares-a-realizar-investigaciones-junto-cientificas-y-cientificos\/"]}]},{"@type":"ImageObject","inLanguage":"es-CL","@id":"https:\/\/explora.cl\/maule\/explora-maule-invita-a-escolares-a-realizar-investigaciones-junto-cientificas-y-cientificos\/#primaryimage","url":"https:\/\/explora.cl\/maule\/wp-content\/uploads\/sites\/9\/2021\/06\/IMG_3378-1.jpg","contentUrl":"https:\/\/explora.cl\/maule\/wp-content\/uploads\/sites\/9\/2021\/06\/IMG_3378-1.jpg","width":3532,"height":2099},{"@type":"BreadcrumbList","@id":"https:\/\/explora.cl\/maule\/explora-maule-invita-a-escolares-a-realizar-investigaciones-junto-cientificas-y-cientificos\/#breadcrumb","itemListElement":[{"@type":"ListItem","position":1,"name":"Portada","item":"https:\/\/explora.cl\/maule\/"},{"@type":"ListItem","position":2,"name":"Explora Maule invita a escolares a realizar investigaciones junto cient\u00edficas y cient\u00edficos"}]},{"@type":"WebSite","@id":"https:\/\/explora.cl\/maule\/#website","url":"https:\/\/explora.cl\/maule\/","name":"Maule","description":"Otro sitio m\u00e1s de explora.cl","potentialAction":[{"@type":"SearchAction","target":{"@type":"EntryPoint","urlTemplate":"https:\/\/explora.cl\/maule\/?s={search_term_string}"},"query-input":{"@type":"PropertyValueSpecification","valueRequired":true,"valueName":"search_term_string"}}],"inLanguage":"es-CL"},{"@type":"Person","@id":"https:\/\/explora.cl\/maule\/#\/schema\/person\/7c4a8d7da1b43fee83d990c08dd35f99","name":"cpereira","image":{"@type":"ImageObject","inLanguage":"es-CL","@id":"https:\/\/explora.cl\/maule\/#\/schema\/person\/image\/","url":"https:\/\/secure.gravatar.com\/avatar\/b5fc66932e6c27119a245427f86f8c950201f3cbe1e64e508e0f7c39dc595157?s=96&d=mm&r=g","contentUrl":"https:\/\/secure.gravatar.com\/avatar\/b5fc66932e6c27119a245427f86f8c950201f3cbe1e64e508e0f7c39dc595157?s=96&d=mm&r=g","caption":"cpereira"},"url":"https:\/\/explora.cl\/maule\/author\/cpereira\/"}]}},"_links":{"self":[{"href":"https:\/\/explora.cl\/maule\/wp-json\/wp\/v2\/posts\/38833","targetHints":{"allow":["GET"]}}],"collection":[{"href":"https:\/\/explora.cl\/maule\/wp-json\/wp\/v2\/posts"}],"about":[{"href":"https:\/\/explora.cl\/maule\/wp-json\/wp\/v2\/types\/post"}],"author":[{"embeddable":true,"href":"https:\/\/explora.cl\/maule\/wp-json\/wp\/v2\/users\/24"}],"replies":[{"embeddable":true,"href":"https:\/\/explora.cl\/maule\/wp-json\/wp\/v2\/comments?post=38833"}],"version-history":[{"count":1,"href":"https:\/\/explora.cl\/maule\/wp-json\/wp\/v2\/posts\/38833\/revisions"}],"predecessor-version":[{"id":38836,"href":"https:\/\/explora.cl\/maule\/wp-json\/wp\/v2\/posts\/38833\/revisions\/38836"}],"wp:featuredmedia":[{"embeddable":true,"href":"https:\/\/explora.cl\/maule\/wp-json\/wp\/v2\/media\/38834"}],"wp:attachment":[{"href":"https:\/\/explora.cl\/maule\/wp-json\/wp\/v2\/media?parent=38833"}],"wp:term":[{"taxonomy":"category","embeddable":true,"href":"https:\/\/explora.cl\/maule\/wp-json\/wp\/v2\/categories?post=38833"},{"taxonomy":"post_tag","embeddable":true,"href":"https:\/\/explora.cl\/maule\/wp-json\/wp\/v2\/tags?post=38833"}],"curies":[{"name":"wp","href":"https:\/\/api.w.org\/{rel}","templated":true}]}}