{"id":38774,"date":"2021-01-13T13:52:26","date_gmt":"2021-01-13T16:52:26","guid":{"rendered":"https:\/\/explora.cl\/maule\/?p=38774"},"modified":"2021-01-13T13:57:36","modified_gmt":"2021-01-13T16:57:36","slug":"la-ciencia-en-verano-se-vive-de-forma-virtual-en-parque-explora","status":"publish","type":"post","link":"https:\/\/explora.cl\/maule\/la-ciencia-en-verano-se-vive-de-forma-virtual-en-parque-explora\/","title":{"rendered":"La ciencia en verano se vive de forma virtual en Parque Explora"},"content":{"rendered":"<h3><em>Entre el 12 y el 29 de enero, el programa Explora Maule, presenta una serie de experiencias para experimentar y aprender ciencias en estas vacaciones en casa.<\/em><\/h3>\n<p>Un panorama educativo y entretenido para las vacaciones escolares en casa, es el Parque Explora, que el programa Explora Maule ejecutado por la Direcci\u00f3n de Vinculaci\u00f3n con el Medio de la Universidad de Talca, organiza para que toda la familia aprenda y juegue con ciencia en verano en un espacio de divulgaci\u00f3n cient\u00edfica l\u00fadica.<\/p>\n<p>El programa contempla una serie de charlas y talleres de forma virtual, dictado por cient\u00edficos y cient\u00edficas de diversas universidades del pa\u00eds, quienes acercar\u00e1n materias como la astronom\u00eda, la flora y fauna chilena o el patrimonio cultural de la zona central del pa\u00eds, por medio de experiencias memorables de aprendizajes.<\/p>\n<p>\u201cDise\u00f1amos una parrilla digital para ofrecer una alternativa para las familias, sobre todo\u00a0 aquellas que est\u00e1n en comunas con cuarentena, la idea es acercar la ciencia a trav\u00e9s de formatos l\u00fadica y que sea un espacio de entretenci\u00f3n en este verano complejo por la pandemia \u201c, indic\u00f3 Iv\u00e1n Coydan, director de Vinculaci\u00f3n con el Medio de la UTalca<\/p>\n<p>Este s\u00e1bado 12 de enero a las 11:00 horas, la astr\u00f3noma Carla Arce del doctorado de la Universidad de Chile, ense\u00f1ar\u00e1 sobre la vida de las estrellas en una charla dirigida a ni\u00f1os y ni\u00f1as junto a sus familias, que ser\u00e1 emitida en vivo a trav\u00e9s del Facebook de Explora Maule (www.facebook.com\/cientificosescolaresmaule).<\/p>\n<p>En cuanto a talleres, el jueves 21 de enero a las 15:00 horas, los ni\u00f1os y las podr\u00e1n aprender sobre Fauna Chilena, confeccionando animales de plastilina junto a Tamara Reyes. \u00a0El s\u00e1bado 23 de enero a las 11:00 horas, Mar\u00eda Ignacia Alburquenque, nos ense\u00f1ar\u00e1 por qu\u00e9 las plantas son verdes en \u201cClorofila\u201d, una actividad para toda la familia.<\/p>\n<p>Siguiendo en la mezcla de arte y ciencia, el 28 y 29 de enero a las 11:00 horas, la ceramista Carola Cofr\u00e9, nos ense\u00f1ar\u00e1 sobre el patrimonio cultural maulino en \u00a1Manos a la greda! .<\/p>\n<p>Los interesados deben inscribirse en <a href=\"https:\/\/explora.cl\/maule\">explora.cl\/maule<\/a><\/p>\n<p><strong>Ciencia Cuentos <\/strong><\/p>\n<p>Otro de los eventos, esta vez dirigido para los docentes y el p\u00fablico general, ser\u00e1 el conversatorio \u201cEl Cuentacuentos como herramienta educativa y de divulgaci\u00f3n de ciencia\u201d, la jornada \u00a0que se realizar\u00e1 el jueves 21 de enero a las 11:00 horas y que se emitir\u00e1 en vivo por el Facebook de Explora Maule, contar\u00e1 con la participaci\u00f3n de Alejandra Hurtado, jefa del programa de cuentacuentos de la Fundaci\u00f3n Mustakis, Beatriz Doizi, profesora de ciencias, actriz y dramaturga junto con Catalina Fuentes y Fernado Amengual del colectivo Cuento Calipsis.<\/p>\n<p>Este conversatorio ser\u00e1 la plataforma ideal para el lanzamiento de \u201cCu\u00e9ntame: Historias de Ciencias\u201d, una serie de diez cap\u00edtulos que se estrenar\u00e1n cada semana en la plataforma Spotify, donde la comunidad podr\u00e1 conocer y aprender sobre historias cient\u00edficas y patrimoniales de la Regi\u00f3n del Maule.<\/p>\n<h3><\/h3>\n","protected":false},"excerpt":{"rendered":"<p>Entre el 12 y el 29 de enero, el programa Explora Maule, presenta una serie de experiencias para experimentar y aprender ciencias en estas vacaciones en casa.<\/p>\n","protected":false},"author":24,"featured_media":38777,"comment_status":"closed","ping_status":"closed","sticky":false,"template":"","format":"standard","meta":{"_acf_changed":false,"_exactmetrics_skip_tracking":false,"_exactmetrics_sitenote_active":false,"_exactmetrics_sitenote_note":"","_exactmetrics_sitenote_category":0,"footnotes":"","_links_to":"","_links_to_target":""},"categories":[139,4],"tags":[81,21,166,167,168],"class_list":["post-38774","post","type-post","status-publish","format-standard","has-post-thumbnail","hentry","category-lugar-4","category-noticias","tag-biodiversidad","tag-explora-conicyt","tag-exposicion","tag-maule","tag-natural"],"acf":[],"yoast_head":"<!-- This site is optimized with the Yoast SEO plugin v26.9 - https:\/\/yoast.com\/product\/yoast-seo-wordpress\/ -->\n<title>La ciencia en verano se vive de forma virtual en Parque Explora - Maule<\/title>\n<meta name=\"robots\" content=\"index, follow, max-snippet:-1, max-image-preview:large, max-video-preview:-1\" \/>\n<link rel=\"canonical\" href=\"https:\/\/explora.cl\/maule\/la-ciencia-en-verano-se-vive-de-forma-virtual-en-parque-explora\/\" class=\"yoast-seo-meta-tag\" \/>\n<meta property=\"og:locale\" content=\"es_ES\" class=\"yoast-seo-meta-tag\" \/>\n<meta property=\"og:type\" content=\"article\" class=\"yoast-seo-meta-tag\" \/>\n<meta property=\"og:title\" content=\"La ciencia en verano se vive de forma virtual en Parque Explora - Maule\" class=\"yoast-seo-meta-tag\" \/>\n<meta property=\"og:description\" content=\"Entre el 12 y el 29 de enero, el programa Explora Maule, presenta una serie de experiencias para experimentar y aprender ciencias en estas vacaciones en casa.\" class=\"yoast-seo-meta-tag\" \/>\n<meta property=\"og:url\" content=\"https:\/\/explora.cl\/maule\/la-ciencia-en-verano-se-vive-de-forma-virtual-en-parque-explora\/\" class=\"yoast-seo-meta-tag\" \/>\n<meta property=\"og:site_name\" content=\"Maule\" class=\"yoast-seo-meta-tag\" \/>\n<meta property=\"article:published_time\" content=\"2021-01-13T16:52:26+00:00\" class=\"yoast-seo-meta-tag\" \/>\n<meta property=\"article:modified_time\" content=\"2021-01-13T16:57:36+00:00\" class=\"yoast-seo-meta-tag\" \/>\n<meta property=\"og:image\" content=\"https:\/\/explora.cl\/maule\/wp-content\/uploads\/sites\/9\/2021\/01\/PARQUE-EXPLORA-VERANO-.png\" class=\"yoast-seo-meta-tag\" \/>\n\t<meta property=\"og:image:width\" content=\"2046\" class=\"yoast-seo-meta-tag\" \/>\n\t<meta property=\"og:image:height\" content=\"1168\" class=\"yoast-seo-meta-tag\" \/>\n\t<meta property=\"og:image:type\" content=\"image\/png\" class=\"yoast-seo-meta-tag\" \/>\n<meta name=\"author\" content=\"cpereira\" class=\"yoast-seo-meta-tag\" \/>\n<meta name=\"twitter:card\" content=\"summary_large_image\" class=\"yoast-seo-meta-tag\" \/>\n<meta name=\"twitter:label1\" content=\"Escrito por\" class=\"yoast-seo-meta-tag\" \/>\n\t<meta name=\"twitter:data1\" content=\"cpereira\" class=\"yoast-seo-meta-tag\" \/>\n\t<meta name=\"twitter:label2\" content=\"Tiempo estimado de lectura\" class=\"yoast-seo-meta-tag\" \/>\n\t<meta name=\"twitter:data2\" content=\"3 minutos\" class=\"yoast-seo-meta-tag\" \/>\n<script type=\"application\/ld+json\" class=\"yoast-schema-graph\">{\"@context\":\"https:\/\/schema.org\",\"@graph\":[{\"@type\":\"Article\",\"@id\":\"https:\/\/explora.cl\/maule\/la-ciencia-en-verano-se-vive-de-forma-virtual-en-parque-explora\/#article\",\"isPartOf\":{\"@id\":\"https:\/\/explora.cl\/maule\/la-ciencia-en-verano-se-vive-de-forma-virtual-en-parque-explora\/\"},\"author\":{\"name\":\"cpereira\",\"@id\":\"https:\/\/explora.cl\/maule\/#\/schema\/person\/7c4a8d7da1b43fee83d990c08dd35f99\"},\"headline\":\"La ciencia en verano se vive de forma virtual en Parque Explora\",\"datePublished\":\"2021-01-13T16:52:26+00:00\",\"dateModified\":\"2021-01-13T16:57:36+00:00\",\"mainEntityOfPage\":{\"@id\":\"https:\/\/explora.cl\/maule\/la-ciencia-en-verano-se-vive-de-forma-virtual-en-parque-explora\/\"},\"wordCount\":516,\"image\":{\"@id\":\"https:\/\/explora.cl\/maule\/la-ciencia-en-verano-se-vive-de-forma-virtual-en-parque-explora\/#primaryimage\"},\"thumbnailUrl\":\"https:\/\/explora.cl\/maule\/wp-content\/uploads\/sites\/9\/2021\/01\/PARQUE-EXPLORA-VERANO-.png\",\"keywords\":[\"biodiversidad\",\"Explora Conicyt\",\"Exposici\u00f3n\",\"Maule\",\"natural\"],\"articleSection\":[\"Lugar 4\",\"Noticias\"],\"inLanguage\":\"es-CL\"},{\"@type\":\"WebPage\",\"@id\":\"https:\/\/explora.cl\/maule\/la-ciencia-en-verano-se-vive-de-forma-virtual-en-parque-explora\/\",\"url\":\"https:\/\/explora.cl\/maule\/la-ciencia-en-verano-se-vive-de-forma-virtual-en-parque-explora\/\",\"name\":\"La ciencia en verano se vive de forma virtual en Parque Explora - Maule\",\"isPartOf\":{\"@id\":\"https:\/\/explora.cl\/maule\/#website\"},\"primaryImageOfPage\":{\"@id\":\"https:\/\/explora.cl\/maule\/la-ciencia-en-verano-se-vive-de-forma-virtual-en-parque-explora\/#primaryimage\"},\"image\":{\"@id\":\"https:\/\/explora.cl\/maule\/la-ciencia-en-verano-se-vive-de-forma-virtual-en-parque-explora\/#primaryimage\"},\"thumbnailUrl\":\"https:\/\/explora.cl\/maule\/wp-content\/uploads\/sites\/9\/2021\/01\/PARQUE-EXPLORA-VERANO-.png\",\"datePublished\":\"2021-01-13T16:52:26+00:00\",\"dateModified\":\"2021-01-13T16:57:36+00:00\",\"author\":{\"@id\":\"https:\/\/explora.cl\/maule\/#\/schema\/person\/7c4a8d7da1b43fee83d990c08dd35f99\"},\"breadcrumb\":{\"@id\":\"https:\/\/explora.cl\/maule\/la-ciencia-en-verano-se-vive-de-forma-virtual-en-parque-explora\/#breadcrumb\"},\"inLanguage\":\"es-CL\",\"potentialAction\":[{\"@type\":\"ReadAction\",\"target\":[\"https:\/\/explora.cl\/maule\/la-ciencia-en-verano-se-vive-de-forma-virtual-en-parque-explora\/\"]}]},{\"@type\":\"ImageObject\",\"inLanguage\":\"es-CL\",\"@id\":\"https:\/\/explora.cl\/maule\/la-ciencia-en-verano-se-vive-de-forma-virtual-en-parque-explora\/#primaryimage\",\"url\":\"https:\/\/explora.cl\/maule\/wp-content\/uploads\/sites\/9\/2021\/01\/PARQUE-EXPLORA-VERANO-.png\",\"contentUrl\":\"https:\/\/explora.cl\/maule\/wp-content\/uploads\/sites\/9\/2021\/01\/PARQUE-EXPLORA-VERANO-.png\",\"width\":2046,\"height\":1168},{\"@type\":\"BreadcrumbList\",\"@id\":\"https:\/\/explora.cl\/maule\/la-ciencia-en-verano-se-vive-de-forma-virtual-en-parque-explora\/#breadcrumb\",\"itemListElement\":[{\"@type\":\"ListItem\",\"position\":1,\"name\":\"Portada\",\"item\":\"https:\/\/explora.cl\/maule\/\"},{\"@type\":\"ListItem\",\"position\":2,\"name\":\"La ciencia en verano se vive de forma virtual en Parque Explora\"}]},{\"@type\":\"WebSite\",\"@id\":\"https:\/\/explora.cl\/maule\/#website\",\"url\":\"https:\/\/explora.cl\/maule\/\",\"name\":\"Maule\",\"description\":\"Otro sitio m\u00e1s de explora.cl\",\"potentialAction\":[{\"@type\":\"SearchAction\",\"target\":{\"@type\":\"EntryPoint\",\"urlTemplate\":\"https:\/\/explora.cl\/maule\/?s={search_term_string}\"},\"query-input\":{\"@type\":\"PropertyValueSpecification\",\"valueRequired\":true,\"valueName\":\"search_term_string\"}}],\"inLanguage\":\"es-CL\"},{\"@type\":\"Person\",\"@id\":\"https:\/\/explora.cl\/maule\/#\/schema\/person\/7c4a8d7da1b43fee83d990c08dd35f99\",\"name\":\"cpereira\",\"image\":{\"@type\":\"ImageObject\",\"inLanguage\":\"es-CL\",\"@id\":\"https:\/\/explora.cl\/maule\/#\/schema\/person\/image\/\",\"url\":\"https:\/\/secure.gravatar.com\/avatar\/b5fc66932e6c27119a245427f86f8c950201f3cbe1e64e508e0f7c39dc595157?s=96&d=mm&r=g\",\"contentUrl\":\"https:\/\/secure.gravatar.com\/avatar\/b5fc66932e6c27119a245427f86f8c950201f3cbe1e64e508e0f7c39dc595157?s=96&d=mm&r=g\",\"caption\":\"cpereira\"},\"url\":\"https:\/\/explora.cl\/maule\/author\/cpereira\/\"}]}<\/script>\n<!-- \/ Yoast SEO plugin. -->","yoast_head_json":{"title":"La ciencia en verano se vive de forma virtual en Parque Explora - Maule","robots":{"index":"index","follow":"follow","max-snippet":"max-snippet:-1","max-image-preview":"max-image-preview:large","max-video-preview":"max-video-preview:-1"},"canonical":"https:\/\/explora.cl\/maule\/la-ciencia-en-verano-se-vive-de-forma-virtual-en-parque-explora\/","og_locale":"es_ES","og_type":"article","og_title":"La ciencia en verano se vive de forma virtual en Parque Explora - Maule","og_description":"Entre el 12 y el 29 de enero, el programa Explora Maule, presenta una serie de experiencias para experimentar y aprender ciencias en estas vacaciones en casa.","og_url":"https:\/\/explora.cl\/maule\/la-ciencia-en-verano-se-vive-de-forma-virtual-en-parque-explora\/","og_site_name":"Maule","article_published_time":"2021-01-13T16:52:26+00:00","article_modified_time":"2021-01-13T16:57:36+00:00","og_image":[{"width":2046,"height":1168,"url":"https:\/\/explora.cl\/maule\/wp-content\/uploads\/sites\/9\/2021\/01\/PARQUE-EXPLORA-VERANO-.png","type":"image\/png"}],"author":"cpereira","twitter_card":"summary_large_image","twitter_misc":{"Escrito por":"cpereira","Tiempo estimado de lectura":"3 minutos"},"schema":{"@context":"https:\/\/schema.org","@graph":[{"@type":"Article","@id":"https:\/\/explora.cl\/maule\/la-ciencia-en-verano-se-vive-de-forma-virtual-en-parque-explora\/#article","isPartOf":{"@id":"https:\/\/explora.cl\/maule\/la-ciencia-en-verano-se-vive-de-forma-virtual-en-parque-explora\/"},"author":{"name":"cpereira","@id":"https:\/\/explora.cl\/maule\/#\/schema\/person\/7c4a8d7da1b43fee83d990c08dd35f99"},"headline":"La ciencia en verano se vive de forma virtual en Parque Explora","datePublished":"2021-01-13T16:52:26+00:00","dateModified":"2021-01-13T16:57:36+00:00","mainEntityOfPage":{"@id":"https:\/\/explora.cl\/maule\/la-ciencia-en-verano-se-vive-de-forma-virtual-en-parque-explora\/"},"wordCount":516,"image":{"@id":"https:\/\/explora.cl\/maule\/la-ciencia-en-verano-se-vive-de-forma-virtual-en-parque-explora\/#primaryimage"},"thumbnailUrl":"https:\/\/explora.cl\/maule\/wp-content\/uploads\/sites\/9\/2021\/01\/PARQUE-EXPLORA-VERANO-.png","keywords":["biodiversidad","Explora Conicyt","Exposici\u00f3n","Maule","natural"],"articleSection":["Lugar 4","Noticias"],"inLanguage":"es-CL"},{"@type":"WebPage","@id":"https:\/\/explora.cl\/maule\/la-ciencia-en-verano-se-vive-de-forma-virtual-en-parque-explora\/","url":"https:\/\/explora.cl\/maule\/la-ciencia-en-verano-se-vive-de-forma-virtual-en-parque-explora\/","name":"La ciencia en verano se vive de forma virtual en Parque Explora - Maule","isPartOf":{"@id":"https:\/\/explora.cl\/maule\/#website"},"primaryImageOfPage":{"@id":"https:\/\/explora.cl\/maule\/la-ciencia-en-verano-se-vive-de-forma-virtual-en-parque-explora\/#primaryimage"},"image":{"@id":"https:\/\/explora.cl\/maule\/la-ciencia-en-verano-se-vive-de-forma-virtual-en-parque-explora\/#primaryimage"},"thumbnailUrl":"https:\/\/explora.cl\/maule\/wp-content\/uploads\/sites\/9\/2021\/01\/PARQUE-EXPLORA-VERANO-.png","datePublished":"2021-01-13T16:52:26+00:00","dateModified":"2021-01-13T16:57:36+00:00","author":{"@id":"https:\/\/explora.cl\/maule\/#\/schema\/person\/7c4a8d7da1b43fee83d990c08dd35f99"},"breadcrumb":{"@id":"https:\/\/explora.cl\/maule\/la-ciencia-en-verano-se-vive-de-forma-virtual-en-parque-explora\/#breadcrumb"},"inLanguage":"es-CL","potentialAction":[{"@type":"ReadAction","target":["https:\/\/explora.cl\/maule\/la-ciencia-en-verano-se-vive-de-forma-virtual-en-parque-explora\/"]}]},{"@type":"ImageObject","inLanguage":"es-CL","@id":"https:\/\/explora.cl\/maule\/la-ciencia-en-verano-se-vive-de-forma-virtual-en-parque-explora\/#primaryimage","url":"https:\/\/explora.cl\/maule\/wp-content\/uploads\/sites\/9\/2021\/01\/PARQUE-EXPLORA-VERANO-.png","contentUrl":"https:\/\/explora.cl\/maule\/wp-content\/uploads\/sites\/9\/2021\/01\/PARQUE-EXPLORA-VERANO-.png","width":2046,"height":1168},{"@type":"BreadcrumbList","@id":"https:\/\/explora.cl\/maule\/la-ciencia-en-verano-se-vive-de-forma-virtual-en-parque-explora\/#breadcrumb","itemListElement":[{"@type":"ListItem","position":1,"name":"Portada","item":"https:\/\/explora.cl\/maule\/"},{"@type":"ListItem","position":2,"name":"La ciencia en verano se vive de forma virtual en Parque Explora"}]},{"@type":"WebSite","@id":"https:\/\/explora.cl\/maule\/#website","url":"https:\/\/explora.cl\/maule\/","name":"Maule","description":"Otro sitio m\u00e1s de explora.cl","potentialAction":[{"@type":"SearchAction","target":{"@type":"EntryPoint","urlTemplate":"https:\/\/explora.cl\/maule\/?s={search_term_string}"},"query-input":{"@type":"PropertyValueSpecification","valueRequired":true,"valueName":"search_term_string"}}],"inLanguage":"es-CL"},{"@type":"Person","@id":"https:\/\/explora.cl\/maule\/#\/schema\/person\/7c4a8d7da1b43fee83d990c08dd35f99","name":"cpereira","image":{"@type":"ImageObject","inLanguage":"es-CL","@id":"https:\/\/explora.cl\/maule\/#\/schema\/person\/image\/","url":"https:\/\/secure.gravatar.com\/avatar\/b5fc66932e6c27119a245427f86f8c950201f3cbe1e64e508e0f7c39dc595157?s=96&d=mm&r=g","contentUrl":"https:\/\/secure.gravatar.com\/avatar\/b5fc66932e6c27119a245427f86f8c950201f3cbe1e64e508e0f7c39dc595157?s=96&d=mm&r=g","caption":"cpereira"},"url":"https:\/\/explora.cl\/maule\/author\/cpereira\/"}]}},"_links":{"self":[{"href":"https:\/\/explora.cl\/maule\/wp-json\/wp\/v2\/posts\/38774","targetHints":{"allow":["GET"]}}],"collection":[{"href":"https:\/\/explora.cl\/maule\/wp-json\/wp\/v2\/posts"}],"about":[{"href":"https:\/\/explora.cl\/maule\/wp-json\/wp\/v2\/types\/post"}],"author":[{"embeddable":true,"href":"https:\/\/explora.cl\/maule\/wp-json\/wp\/v2\/users\/24"}],"replies":[{"embeddable":true,"href":"https:\/\/explora.cl\/maule\/wp-json\/wp\/v2\/comments?post=38774"}],"version-history":[{"count":1,"href":"https:\/\/explora.cl\/maule\/wp-json\/wp\/v2\/posts\/38774\/revisions"}],"predecessor-version":[{"id":38776,"href":"https:\/\/explora.cl\/maule\/wp-json\/wp\/v2\/posts\/38774\/revisions\/38776"}],"wp:featuredmedia":[{"embeddable":true,"href":"https:\/\/explora.cl\/maule\/wp-json\/wp\/v2\/media\/38777"}],"wp:attachment":[{"href":"https:\/\/explora.cl\/maule\/wp-json\/wp\/v2\/media?parent=38774"}],"wp:term":[{"taxonomy":"category","embeddable":true,"href":"https:\/\/explora.cl\/maule\/wp-json\/wp\/v2\/categories?post=38774"},{"taxonomy":"post_tag","embeddable":true,"href":"https:\/\/explora.cl\/maule\/wp-json\/wp\/v2\/tags?post=38774"}],"curies":[{"name":"wp","href":"https:\/\/api.w.org\/{rel}","templated":true}]}}