{"id":37450,"date":"2019-04-18T13:49:00","date_gmt":"2019-04-18T17:49:00","guid":{"rendered":"https:\/\/explora.cl\/maule\/?p=37450"},"modified":"2019-06-11T16:50:45","modified_gmt":"2019-06-11T20:50:45","slug":"el-centrito-y-par-explora-maule-forman-alianza-para-divulgar-la-ciencia","status":"publish","type":"post","link":"https:\/\/explora.cl\/maule\/el-centrito-y-par-explora-maule-forman-alianza-para-divulgar-la-ciencia\/","title":{"rendered":"EL CENTRITO Y PAR EXPLORA MAULE FORMAN ALIANZA PARA DIVULGAR LA CIENCIA"},"content":{"rendered":"<p><img fetchpriority=\"high\" decoding=\"async\" class=\"alignnone  wp-image-37451\" src=\"https:\/\/explora.cl\/maule\/wp-content\/uploads\/sites\/9\/2019\/04\/IMG_1076-300x225.jpg\" alt=\"\" width=\"745\" height=\"559\" srcset=\"https:\/\/explora.cl\/maule\/wp-content\/uploads\/sites\/9\/2019\/04\/IMG_1076-300x225.jpg 300w, https:\/\/explora.cl\/maule\/wp-content\/uploads\/sites\/9\/2019\/04\/IMG_1076-768x576.jpg 768w, https:\/\/explora.cl\/maule\/wp-content\/uploads\/sites\/9\/2019\/04\/IMG_1076-1024x768.jpg 1024w\" sizes=\"(max-width: 745px) 100vw, 745px\" \/><br \/>\nApoyar\u00a0en la\u00a0difusi\u00f3n de contenido cient\u00edfico dirigido a los ni\u00f1os y ni\u00f1as de la Regi\u00f3n del Maule, fue el objetivo del convenio colaborativo establecido entre Diario El Centro y la direcci\u00f3n de Vinculaci\u00f3n de la Universidad de Talca y su proyecto PAR Explora de Conicyt Maule.<br \/>\nEn esta alianza, el suplemento El Centrito contar\u00e1 con el aporte de Explora Maule, para fortalecer el uso de la ciencia como herramienta educativa. Experimentos divertidos, videojuegos educativos y noticias de las investigaciones realizadas por cient\u00edficos y cient\u00edficas escolares de la regi\u00f3n, preparados por el equipo de Explora Maule, junto a profesionales de la Universidad de Talca, ser\u00e1 parte del contenido innovador que estar\u00e1 inserto en las p\u00e1ginas de El Centrito.<br \/>\n\u201cQueremos que El Centrito tambi\u00e9n pueda entrar a las aulas de clases\u201d, dijo Claudio Rojas, director de Diario El Centro, quien recibi\u00f3 con benepl\u00e1cito la contribuci\u00f3n del equipo de ciencias al suplemento.<br \/>\nPablo Gonz\u00e1lez, director del PAR Explora de Conicyt Maule y de la Direcci\u00f3n de Vinculaci\u00f3n UTalca, destac\u00f3 la importancia de esta alianza colaborativa se\u00f1alando que \u201ces valioso para nosotros contar con el apoyo de Diario El Centro, y estamos abiertos a que podamos seguir colaborando con el espacio.<br \/>\nLa idea es difundir todas las acciones enmarcadas en ciencia y tecnolog\u00eda que se hacen en el marco del proyecto PAR Explora de Conicyt Maule, y es s\u00faper importante, porque nos va a permitir llegar a toda la regi\u00f3n\u201d.<\/p>\n","protected":false},"excerpt":{"rendered":"<p>Apoyar\u00a0en la\u00a0difusi\u00f3n de contenido cient\u00edfico dirigido a los ni\u00f1os y ni\u00f1as de la Regi\u00f3n del Maule, fue el objetivo del convenio colaborativo establecido entre Diario El Centro y la direcci\u00f3n de Vinculaci\u00f3n de la Universidad de Talca y su proyecto PAR Explora de Conicyt Maule. En esta alianza, el suplemento El Centrito contar\u00e1 con el [&hellip;]<\/p>\n","protected":false},"author":2,"featured_media":37451,"comment_status":"closed","ping_status":"open","sticky":false,"template":"","format":"standard","meta":{"_acf_changed":false,"_exactmetrics_skip_tracking":false,"_exactmetrics_sitenote_active":false,"_exactmetrics_sitenote_note":"","_exactmetrics_sitenote_category":0,"footnotes":"","_links_to":"","_links_to_target":""},"categories":[141,4],"tags":[],"class_list":["post-37450","post","type-post","status-publish","format-standard","has-post-thumbnail","hentry","category-lugar-6","category-noticias"],"acf":[],"yoast_head":"<!-- This site is optimized with the Yoast SEO plugin v26.9 - https:\/\/yoast.com\/product\/yoast-seo-wordpress\/ -->\n<title>EL CENTRITO Y PAR EXPLORA MAULE FORMAN ALIANZA PARA DIVULGAR LA CIENCIA - Maule<\/title>\n<meta name=\"robots\" content=\"index, follow, max-snippet:-1, max-image-preview:large, max-video-preview:-1\" \/>\n<link rel=\"canonical\" href=\"https:\/\/explora.cl\/maule\/el-centrito-y-par-explora-maule-forman-alianza-para-divulgar-la-ciencia\/\" class=\"yoast-seo-meta-tag\" \/>\n<meta property=\"og:locale\" content=\"es_ES\" class=\"yoast-seo-meta-tag\" \/>\n<meta property=\"og:type\" content=\"article\" class=\"yoast-seo-meta-tag\" \/>\n<meta property=\"og:title\" content=\"EL CENTRITO Y PAR EXPLORA MAULE FORMAN ALIANZA PARA DIVULGAR LA CIENCIA - Maule\" class=\"yoast-seo-meta-tag\" \/>\n<meta property=\"og:description\" content=\"Apoyar\u00a0en la\u00a0difusi\u00f3n de contenido cient\u00edfico dirigido a los ni\u00f1os y ni\u00f1as de la Regi\u00f3n del Maule, fue el objetivo del convenio colaborativo establecido entre Diario El Centro y la direcci\u00f3n de Vinculaci\u00f3n de la Universidad de Talca y su proyecto PAR Explora de Conicyt Maule. En esta alianza, el suplemento El Centrito contar\u00e1 con el [&hellip;]\" class=\"yoast-seo-meta-tag\" \/>\n<meta property=\"og:url\" content=\"https:\/\/explora.cl\/maule\/el-centrito-y-par-explora-maule-forman-alianza-para-divulgar-la-ciencia\/\" class=\"yoast-seo-meta-tag\" \/>\n<meta property=\"og:site_name\" content=\"Maule\" class=\"yoast-seo-meta-tag\" \/>\n<meta property=\"article:published_time\" content=\"2019-04-18T17:49:00+00:00\" class=\"yoast-seo-meta-tag\" \/>\n<meta property=\"article:modified_time\" content=\"2019-06-11T20:50:45+00:00\" class=\"yoast-seo-meta-tag\" \/>\n<meta property=\"og:image\" content=\"https:\/\/explora.cl\/maule\/wp-content\/uploads\/sites\/9\/2019\/04\/IMG_1076.jpg\" class=\"yoast-seo-meta-tag\" \/>\n\t<meta property=\"og:image:width\" content=\"3264\" class=\"yoast-seo-meta-tag\" \/>\n\t<meta property=\"og:image:height\" content=\"2448\" class=\"yoast-seo-meta-tag\" \/>\n\t<meta property=\"og:image:type\" content=\"image\/jpeg\" class=\"yoast-seo-meta-tag\" \/>\n<meta name=\"author\" content=\"webman\" class=\"yoast-seo-meta-tag\" \/>\n<meta name=\"twitter:card\" content=\"summary_large_image\" class=\"yoast-seo-meta-tag\" \/>\n<meta name=\"twitter:label1\" content=\"Escrito por\" class=\"yoast-seo-meta-tag\" \/>\n\t<meta name=\"twitter:data1\" content=\"webman\" class=\"yoast-seo-meta-tag\" \/>\n\t<meta name=\"twitter:label2\" content=\"Tiempo estimado de lectura\" class=\"yoast-seo-meta-tag\" \/>\n\t<meta name=\"twitter:data2\" content=\"1 minuto\" class=\"yoast-seo-meta-tag\" \/>\n<script type=\"application\/ld+json\" class=\"yoast-schema-graph\">{\"@context\":\"https:\/\/schema.org\",\"@graph\":[{\"@type\":\"Article\",\"@id\":\"https:\/\/explora.cl\/maule\/el-centrito-y-par-explora-maule-forman-alianza-para-divulgar-la-ciencia\/#article\",\"isPartOf\":{\"@id\":\"https:\/\/explora.cl\/maule\/el-centrito-y-par-explora-maule-forman-alianza-para-divulgar-la-ciencia\/\"},\"author\":{\"name\":\"webman\",\"@id\":\"https:\/\/explora.cl\/maule\/#\/schema\/person\/cb8349c13ea2d324080adf8480d7ba5d\"},\"headline\":\"EL CENTRITO Y PAR EXPLORA MAULE FORMAN ALIANZA PARA DIVULGAR LA CIENCIA\",\"datePublished\":\"2019-04-18T17:49:00+00:00\",\"dateModified\":\"2019-06-11T20:50:45+00:00\",\"mainEntityOfPage\":{\"@id\":\"https:\/\/explora.cl\/maule\/el-centrito-y-par-explora-maule-forman-alianza-para-divulgar-la-ciencia\/\"},\"wordCount\":270,\"image\":{\"@id\":\"https:\/\/explora.cl\/maule\/el-centrito-y-par-explora-maule-forman-alianza-para-divulgar-la-ciencia\/#primaryimage\"},\"thumbnailUrl\":\"https:\/\/explora.cl\/maule\/wp-content\/uploads\/sites\/9\/2019\/04\/IMG_1076.jpg\",\"articleSection\":[\"Lugar 6\",\"Noticias\"],\"inLanguage\":\"es-CL\"},{\"@type\":\"WebPage\",\"@id\":\"https:\/\/explora.cl\/maule\/el-centrito-y-par-explora-maule-forman-alianza-para-divulgar-la-ciencia\/\",\"url\":\"https:\/\/explora.cl\/maule\/el-centrito-y-par-explora-maule-forman-alianza-para-divulgar-la-ciencia\/\",\"name\":\"EL CENTRITO Y PAR EXPLORA MAULE FORMAN ALIANZA PARA DIVULGAR LA CIENCIA - Maule\",\"isPartOf\":{\"@id\":\"https:\/\/explora.cl\/maule\/#website\"},\"primaryImageOfPage\":{\"@id\":\"https:\/\/explora.cl\/maule\/el-centrito-y-par-explora-maule-forman-alianza-para-divulgar-la-ciencia\/#primaryimage\"},\"image\":{\"@id\":\"https:\/\/explora.cl\/maule\/el-centrito-y-par-explora-maule-forman-alianza-para-divulgar-la-ciencia\/#primaryimage\"},\"thumbnailUrl\":\"https:\/\/explora.cl\/maule\/wp-content\/uploads\/sites\/9\/2019\/04\/IMG_1076.jpg\",\"datePublished\":\"2019-04-18T17:49:00+00:00\",\"dateModified\":\"2019-06-11T20:50:45+00:00\",\"author\":{\"@id\":\"https:\/\/explora.cl\/maule\/#\/schema\/person\/cb8349c13ea2d324080adf8480d7ba5d\"},\"breadcrumb\":{\"@id\":\"https:\/\/explora.cl\/maule\/el-centrito-y-par-explora-maule-forman-alianza-para-divulgar-la-ciencia\/#breadcrumb\"},\"inLanguage\":\"es-CL\",\"potentialAction\":[{\"@type\":\"ReadAction\",\"target\":[\"https:\/\/explora.cl\/maule\/el-centrito-y-par-explora-maule-forman-alianza-para-divulgar-la-ciencia\/\"]}]},{\"@type\":\"ImageObject\",\"inLanguage\":\"es-CL\",\"@id\":\"https:\/\/explora.cl\/maule\/el-centrito-y-par-explora-maule-forman-alianza-para-divulgar-la-ciencia\/#primaryimage\",\"url\":\"https:\/\/explora.cl\/maule\/wp-content\/uploads\/sites\/9\/2019\/04\/IMG_1076.jpg\",\"contentUrl\":\"https:\/\/explora.cl\/maule\/wp-content\/uploads\/sites\/9\/2019\/04\/IMG_1076.jpg\",\"width\":3264,\"height\":2448},{\"@type\":\"BreadcrumbList\",\"@id\":\"https:\/\/explora.cl\/maule\/el-centrito-y-par-explora-maule-forman-alianza-para-divulgar-la-ciencia\/#breadcrumb\",\"itemListElement\":[{\"@type\":\"ListItem\",\"position\":1,\"name\":\"Portada\",\"item\":\"https:\/\/explora.cl\/maule\/\"},{\"@type\":\"ListItem\",\"position\":2,\"name\":\"EL CENTRITO Y PAR EXPLORA MAULE FORMAN ALIANZA PARA DIVULGAR LA CIENCIA\"}]},{\"@type\":\"WebSite\",\"@id\":\"https:\/\/explora.cl\/maule\/#website\",\"url\":\"https:\/\/explora.cl\/maule\/\",\"name\":\"Maule\",\"description\":\"Otro sitio m\u00e1s de explora.cl\",\"potentialAction\":[{\"@type\":\"SearchAction\",\"target\":{\"@type\":\"EntryPoint\",\"urlTemplate\":\"https:\/\/explora.cl\/maule\/?s={search_term_string}\"},\"query-input\":{\"@type\":\"PropertyValueSpecification\",\"valueRequired\":true,\"valueName\":\"search_term_string\"}}],\"inLanguage\":\"es-CL\"},{\"@type\":\"Person\",\"@id\":\"https:\/\/explora.cl\/maule\/#\/schema\/person\/cb8349c13ea2d324080adf8480d7ba5d\",\"name\":\"webman\",\"image\":{\"@type\":\"ImageObject\",\"inLanguage\":\"es-CL\",\"@id\":\"https:\/\/explora.cl\/maule\/#\/schema\/person\/image\/\",\"url\":\"https:\/\/secure.gravatar.com\/avatar\/eeff3c82f2c02f7177d13663b7e6f890e9a6a0647ce9bb29cae02dcb094c7312?s=96&d=mm&r=g\",\"contentUrl\":\"https:\/\/secure.gravatar.com\/avatar\/eeff3c82f2c02f7177d13663b7e6f890e9a6a0647ce9bb29cae02dcb094c7312?s=96&d=mm&r=g\",\"caption\":\"webman\"},\"url\":\"https:\/\/explora.cl\/maule\/author\/webman\/\"}]}<\/script>\n<!-- \/ Yoast SEO plugin. -->","yoast_head_json":{"title":"EL CENTRITO Y PAR EXPLORA MAULE FORMAN ALIANZA PARA DIVULGAR LA CIENCIA - Maule","robots":{"index":"index","follow":"follow","max-snippet":"max-snippet:-1","max-image-preview":"max-image-preview:large","max-video-preview":"max-video-preview:-1"},"canonical":"https:\/\/explora.cl\/maule\/el-centrito-y-par-explora-maule-forman-alianza-para-divulgar-la-ciencia\/","og_locale":"es_ES","og_type":"article","og_title":"EL CENTRITO Y PAR EXPLORA MAULE FORMAN ALIANZA PARA DIVULGAR LA CIENCIA - Maule","og_description":"Apoyar\u00a0en la\u00a0difusi\u00f3n de contenido cient\u00edfico dirigido a los ni\u00f1os y ni\u00f1as de la Regi\u00f3n del Maule, fue el objetivo del convenio colaborativo establecido entre Diario El Centro y la direcci\u00f3n de Vinculaci\u00f3n de la Universidad de Talca y su proyecto PAR Explora de Conicyt Maule. En esta alianza, el suplemento El Centrito contar\u00e1 con el [&hellip;]","og_url":"https:\/\/explora.cl\/maule\/el-centrito-y-par-explora-maule-forman-alianza-para-divulgar-la-ciencia\/","og_site_name":"Maule","article_published_time":"2019-04-18T17:49:00+00:00","article_modified_time":"2019-06-11T20:50:45+00:00","og_image":[{"width":3264,"height":2448,"url":"https:\/\/explora.cl\/maule\/wp-content\/uploads\/sites\/9\/2019\/04\/IMG_1076.jpg","type":"image\/jpeg"}],"author":"webman","twitter_card":"summary_large_image","twitter_misc":{"Escrito por":"webman","Tiempo estimado de lectura":"1 minuto"},"schema":{"@context":"https:\/\/schema.org","@graph":[{"@type":"Article","@id":"https:\/\/explora.cl\/maule\/el-centrito-y-par-explora-maule-forman-alianza-para-divulgar-la-ciencia\/#article","isPartOf":{"@id":"https:\/\/explora.cl\/maule\/el-centrito-y-par-explora-maule-forman-alianza-para-divulgar-la-ciencia\/"},"author":{"name":"webman","@id":"https:\/\/explora.cl\/maule\/#\/schema\/person\/cb8349c13ea2d324080adf8480d7ba5d"},"headline":"EL CENTRITO Y PAR EXPLORA MAULE FORMAN ALIANZA PARA DIVULGAR LA CIENCIA","datePublished":"2019-04-18T17:49:00+00:00","dateModified":"2019-06-11T20:50:45+00:00","mainEntityOfPage":{"@id":"https:\/\/explora.cl\/maule\/el-centrito-y-par-explora-maule-forman-alianza-para-divulgar-la-ciencia\/"},"wordCount":270,"image":{"@id":"https:\/\/explora.cl\/maule\/el-centrito-y-par-explora-maule-forman-alianza-para-divulgar-la-ciencia\/#primaryimage"},"thumbnailUrl":"https:\/\/explora.cl\/maule\/wp-content\/uploads\/sites\/9\/2019\/04\/IMG_1076.jpg","articleSection":["Lugar 6","Noticias"],"inLanguage":"es-CL"},{"@type":"WebPage","@id":"https:\/\/explora.cl\/maule\/el-centrito-y-par-explora-maule-forman-alianza-para-divulgar-la-ciencia\/","url":"https:\/\/explora.cl\/maule\/el-centrito-y-par-explora-maule-forman-alianza-para-divulgar-la-ciencia\/","name":"EL CENTRITO Y PAR EXPLORA MAULE FORMAN ALIANZA PARA DIVULGAR LA CIENCIA - Maule","isPartOf":{"@id":"https:\/\/explora.cl\/maule\/#website"},"primaryImageOfPage":{"@id":"https:\/\/explora.cl\/maule\/el-centrito-y-par-explora-maule-forman-alianza-para-divulgar-la-ciencia\/#primaryimage"},"image":{"@id":"https:\/\/explora.cl\/maule\/el-centrito-y-par-explora-maule-forman-alianza-para-divulgar-la-ciencia\/#primaryimage"},"thumbnailUrl":"https:\/\/explora.cl\/maule\/wp-content\/uploads\/sites\/9\/2019\/04\/IMG_1076.jpg","datePublished":"2019-04-18T17:49:00+00:00","dateModified":"2019-06-11T20:50:45+00:00","author":{"@id":"https:\/\/explora.cl\/maule\/#\/schema\/person\/cb8349c13ea2d324080adf8480d7ba5d"},"breadcrumb":{"@id":"https:\/\/explora.cl\/maule\/el-centrito-y-par-explora-maule-forman-alianza-para-divulgar-la-ciencia\/#breadcrumb"},"inLanguage":"es-CL","potentialAction":[{"@type":"ReadAction","target":["https:\/\/explora.cl\/maule\/el-centrito-y-par-explora-maule-forman-alianza-para-divulgar-la-ciencia\/"]}]},{"@type":"ImageObject","inLanguage":"es-CL","@id":"https:\/\/explora.cl\/maule\/el-centrito-y-par-explora-maule-forman-alianza-para-divulgar-la-ciencia\/#primaryimage","url":"https:\/\/explora.cl\/maule\/wp-content\/uploads\/sites\/9\/2019\/04\/IMG_1076.jpg","contentUrl":"https:\/\/explora.cl\/maule\/wp-content\/uploads\/sites\/9\/2019\/04\/IMG_1076.jpg","width":3264,"height":2448},{"@type":"BreadcrumbList","@id":"https:\/\/explora.cl\/maule\/el-centrito-y-par-explora-maule-forman-alianza-para-divulgar-la-ciencia\/#breadcrumb","itemListElement":[{"@type":"ListItem","position":1,"name":"Portada","item":"https:\/\/explora.cl\/maule\/"},{"@type":"ListItem","position":2,"name":"EL CENTRITO Y PAR EXPLORA MAULE FORMAN ALIANZA PARA DIVULGAR LA CIENCIA"}]},{"@type":"WebSite","@id":"https:\/\/explora.cl\/maule\/#website","url":"https:\/\/explora.cl\/maule\/","name":"Maule","description":"Otro sitio m\u00e1s de explora.cl","potentialAction":[{"@type":"SearchAction","target":{"@type":"EntryPoint","urlTemplate":"https:\/\/explora.cl\/maule\/?s={search_term_string}"},"query-input":{"@type":"PropertyValueSpecification","valueRequired":true,"valueName":"search_term_string"}}],"inLanguage":"es-CL"},{"@type":"Person","@id":"https:\/\/explora.cl\/maule\/#\/schema\/person\/cb8349c13ea2d324080adf8480d7ba5d","name":"webman","image":{"@type":"ImageObject","inLanguage":"es-CL","@id":"https:\/\/explora.cl\/maule\/#\/schema\/person\/image\/","url":"https:\/\/secure.gravatar.com\/avatar\/eeff3c82f2c02f7177d13663b7e6f890e9a6a0647ce9bb29cae02dcb094c7312?s=96&d=mm&r=g","contentUrl":"https:\/\/secure.gravatar.com\/avatar\/eeff3c82f2c02f7177d13663b7e6f890e9a6a0647ce9bb29cae02dcb094c7312?s=96&d=mm&r=g","caption":"webman"},"url":"https:\/\/explora.cl\/maule\/author\/webman\/"}]}},"_links":{"self":[{"href":"https:\/\/explora.cl\/maule\/wp-json\/wp\/v2\/posts\/37450","targetHints":{"allow":["GET"]}}],"collection":[{"href":"https:\/\/explora.cl\/maule\/wp-json\/wp\/v2\/posts"}],"about":[{"href":"https:\/\/explora.cl\/maule\/wp-json\/wp\/v2\/types\/post"}],"author":[{"embeddable":true,"href":"https:\/\/explora.cl\/maule\/wp-json\/wp\/v2\/users\/2"}],"replies":[{"embeddable":true,"href":"https:\/\/explora.cl\/maule\/wp-json\/wp\/v2\/comments?post=37450"}],"version-history":[{"count":1,"href":"https:\/\/explora.cl\/maule\/wp-json\/wp\/v2\/posts\/37450\/revisions"}],"predecessor-version":[{"id":37505,"href":"https:\/\/explora.cl\/maule\/wp-json\/wp\/v2\/posts\/37450\/revisions\/37505"}],"wp:featuredmedia":[{"embeddable":true,"href":"https:\/\/explora.cl\/maule\/wp-json\/wp\/v2\/media\/37451"}],"wp:attachment":[{"href":"https:\/\/explora.cl\/maule\/wp-json\/wp\/v2\/media?parent=37450"}],"wp:term":[{"taxonomy":"category","embeddable":true,"href":"https:\/\/explora.cl\/maule\/wp-json\/wp\/v2\/categories?post=37450"},{"taxonomy":"post_tag","embeddable":true,"href":"https:\/\/explora.cl\/maule\/wp-json\/wp\/v2\/tags?post=37450"}],"curies":[{"name":"wp","href":"https:\/\/api.w.org\/{rel}","templated":true}]}}