{"id":36996,"date":"2018-10-10T01:09:41","date_gmt":"2018-10-10T05:09:41","guid":{"rendered":"https:\/\/explora.cl\/blog\/2018\/10\/10\/estudiantes-del-maule-participaron-en-el-gran-laboratorio-de-los-por-que\/"},"modified":"2019-05-20T18:14:45","modified_gmt":"2019-05-20T18:14:45","slug":"estudiantes-del-maule-participaron-en-el-gran-laboratorio-de-los-por-que","status":"publish","type":"post","link":"https:\/\/explora.cl\/maule\/estudiantes-del-maule-participaron-en-el-gran-laboratorio-de-los-por-que\/","title":{"rendered":"Estudiantes del Maule participaron en el gran laboratorio de los \u00bfPor qu\u00e9?"},"content":{"rendered":"<p><em><img fetchpriority=\"high\" decoding=\"async\" class=\" size-full wp-image-36995\" src=\"https:\/\/explora.cl\/wp-content\/uploads\/2018\/10\/Do_kISNW0AArwDP.jpg\" alt=\"Do kISNW0AArwDP\" width=\"1200\" height=\"900\" \/>La innovadora iniciativa de indagaci\u00f3n cient\u00edfica inaugur\u00f3 la celebraci\u00f3n de la Semana de la Ciencia y la Tecnolog\u00eda en el Maule. Entre los hitos imperdibles se encuentra la Fiesta de la Ciencia y la Charla gratuita del astr\u00f3nomo Jos\u00e9 Maza, que se realizar\u00e1 el s\u00e1bado 13 de octubre en Plaza Las Heras de Talca.<\/em><\/p>\n<p>La curiosidad es patrimonio de todos y todas con esa premisa cient\u00edficos e investigadoras de la Universidad de Talca junto profesionales del PAR Explora de Conicyt Maule, dise\u00f1aron una experiencia memorable de aprendizaje que convoc\u00f3 a 150 estudiantes de diversos colegios de la Regi\u00f3n, quienes aprendieron ciencias a trav\u00e9s de rigurosas y l\u00fadicas metodolog\u00edas.<\/p>\n<p>\u201cUno de los desaf\u00edos que tenemos d\u00eda a d\u00eda quienes trabajamos en la creaci\u00f3n de escenarios de aprendizajes es generar nuevos lenguajes para acercar la ciencia y la tecnolog\u00eda a los escolares, estos laboratorios abiertos fueron pensados para desarrollar habilidades como el pensamiento cr\u00edtico, la comunicaci\u00f3n, la colaboraci\u00f3n y la creatividad, que resultan vitales para un mundo que nos llama a reinventarnos una y otra vez\u201d, indic\u00f3 Iv\u00e1n Coydan, Vicerrector de Vinculaci\u00f3n Con el Medio y Director del PAR Explora de Conicyt Maule.<\/p>\n<p>Una de esta de experiencia fue \u201cHuesos\u201d preparada por acad\u00e9micos del Laboratorio de Ciencias B\u00e1sicas Biom\u00e9dicas UTalca. \u201cEsta es una actividad te\u00f3rica \u2013 practica que busca que los estudiantes comprendan en que segmento corporal est\u00e1n asociados los huesos que se muestran en la clase, y luego puede asociar una lesi\u00f3n con una estructura \u00f3sea\u201d, explic\u00f3 Aladino Cerda, acad\u00e9mico UTalca. Por su parte Josefa Nilo, estudiantes del segundo medio del Colegio Concepci\u00f3n de Linares opin\u00f3 que: \u201cFue una muy buena experiencia que permite aprender ciencia de una manera f\u00e1cil\u201d.<\/p>\n<p>Los centros de investigaci\u00f3n que participaron en el Gran Laboratorio de los \u00bfPor qu\u00e9? fueron el Laboratorio de Patolog\u00eda Frutal, donde los ni\u00f1os de la escuela Prosperidad aprendieron sobre entomolog\u00eda en la actividad \u201cBichitos Fascinantes\u201d. Tambi\u00e9n se sum\u00f3 el Centro de Pom\u00e1ceas, quien alberg\u00f3 a ni\u00f1os y ni\u00f1as de Cauquenes quienes aprendieron sobre la calidad de manzanas y peras junto a investigadores del centro.<\/p>\n<p>Desde las Ciencias Sociales, el Centro de Documentaci\u00f3n Patrimonial de la Universidad de Talca, prepar\u00f3 un recorrido que rescata la cotidianidad de personajes hist\u00f3ricos de Talca a trav\u00e9s de sus intercambios epistolares. \u201cConoc\u00ed mucha historias interesantes y me pareci\u00f3 impresionante el proceso que realizan para recuperar archivos\u201d, coment\u00f3 Mar\u00eda Fernanda Torres, del Colegio Concepci\u00f3n de Linares.<\/p>\n<p>Las actividades de la Semana Nacional de la Ciencia y la Tecnolog\u00eda en el Maule, contemplan capacitaciones docentes, ferias cient\u00edficas y la Fiesta de la Ciencia que se realizar\u00e1 el viernes 12 y s\u00e1bado 13 de octubre desde las 11:00 horas en Plaza Las Heras de Talca, y que tendr\u00e1 como invitado especial al astr\u00f3nomo Jos\u00e9 Maza, quien realizar\u00e1 la charla: Marte &#8220;La pr\u00f3xima frontera&#8221;, el s\u00e1bado a las 17:00 horas.<\/p>\n","protected":false},"excerpt":{"rendered":"<p>La innovadora iniciativa de indagaci\u00f3n cient\u00edfica inaugur\u00f3 la celebraci\u00f3n de la Semana de la Ciencia y la Tecnolog\u00eda en el Maule. Entre los hitos imperdibles se encuentra la Fiesta de la Ciencia y la Charla gratuita del astr\u00f3nomo Jos\u00e9 Maza, que se realizar\u00e1 el s\u00e1bado 13 de octubre en Plaza Las Heras de Talca. La [&hellip;]<\/p>\n","protected":false},"author":2,"featured_media":36994,"comment_status":"closed","ping_status":"open","sticky":false,"template":"","format":"standard","meta":{"_acf_changed":false,"_exactmetrics_skip_tracking":false,"_exactmetrics_sitenote_active":false,"_exactmetrics_sitenote_note":"","_exactmetrics_sitenote_category":0,"footnotes":"","_links_to":"","_links_to_target":""},"categories":[4],"tags":[],"class_list":["post-36996","post","type-post","status-publish","format-standard","has-post-thumbnail","hentry","category-noticias"],"acf":[],"yoast_head":"<!-- This site is optimized with the Yoast SEO plugin v26.9 - https:\/\/yoast.com\/product\/yoast-seo-wordpress\/ -->\n<title>Estudiantes del Maule participaron en el gran laboratorio de los \u00bfPor qu\u00e9? - Maule<\/title>\n<meta name=\"robots\" content=\"index, follow, max-snippet:-1, max-image-preview:large, max-video-preview:-1\" \/>\n<link rel=\"canonical\" href=\"https:\/\/explora.cl\/maule\/estudiantes-del-maule-participaron-en-el-gran-laboratorio-de-los-por-que\/\" class=\"yoast-seo-meta-tag\" \/>\n<meta property=\"og:locale\" content=\"es_ES\" class=\"yoast-seo-meta-tag\" \/>\n<meta property=\"og:type\" content=\"article\" class=\"yoast-seo-meta-tag\" \/>\n<meta property=\"og:title\" content=\"Estudiantes del Maule participaron en el gran laboratorio de los \u00bfPor qu\u00e9? - Maule\" class=\"yoast-seo-meta-tag\" \/>\n<meta property=\"og:description\" content=\"La innovadora iniciativa de indagaci\u00f3n cient\u00edfica inaugur\u00f3 la celebraci\u00f3n de la Semana de la Ciencia y la Tecnolog\u00eda en el Maule. Entre los hitos imperdibles se encuentra la Fiesta de la Ciencia y la Charla gratuita del astr\u00f3nomo Jos\u00e9 Maza, que se realizar\u00e1 el s\u00e1bado 13 de octubre en Plaza Las Heras de Talca. La [&hellip;]\" class=\"yoast-seo-meta-tag\" \/>\n<meta property=\"og:url\" content=\"https:\/\/explora.cl\/maule\/estudiantes-del-maule-participaron-en-el-gran-laboratorio-de-los-por-que\/\" class=\"yoast-seo-meta-tag\" \/>\n<meta property=\"og:site_name\" content=\"Maule\" class=\"yoast-seo-meta-tag\" \/>\n<meta property=\"article:published_time\" content=\"2018-10-10T05:09:41+00:00\" class=\"yoast-seo-meta-tag\" \/>\n<meta property=\"article:modified_time\" content=\"2019-05-20T18:14:45+00:00\" class=\"yoast-seo-meta-tag\" \/>\n<meta name=\"author\" content=\"webman\" class=\"yoast-seo-meta-tag\" \/>\n<meta name=\"twitter:card\" content=\"summary_large_image\" class=\"yoast-seo-meta-tag\" \/>\n<meta name=\"twitter:label1\" content=\"Escrito por\" class=\"yoast-seo-meta-tag\" \/>\n\t<meta name=\"twitter:data1\" content=\"webman\" class=\"yoast-seo-meta-tag\" \/>\n\t<meta name=\"twitter:label2\" content=\"Tiempo estimado de lectura\" class=\"yoast-seo-meta-tag\" \/>\n\t<meta name=\"twitter:data2\" content=\"3 minutos\" class=\"yoast-seo-meta-tag\" \/>\n<script type=\"application\/ld+json\" class=\"yoast-schema-graph\">{\"@context\":\"https:\/\/schema.org\",\"@graph\":[{\"@type\":\"Article\",\"@id\":\"https:\/\/explora.cl\/maule\/estudiantes-del-maule-participaron-en-el-gran-laboratorio-de-los-por-que\/#article\",\"isPartOf\":{\"@id\":\"https:\/\/explora.cl\/maule\/estudiantes-del-maule-participaron-en-el-gran-laboratorio-de-los-por-que\/\"},\"author\":{\"name\":\"webman\",\"@id\":\"https:\/\/explora.cl\/maule\/#\/schema\/person\/cb8349c13ea2d324080adf8480d7ba5d\"},\"headline\":\"Estudiantes del Maule participaron en el gran laboratorio de los \u00bfPor qu\u00e9?\",\"datePublished\":\"2018-10-10T05:09:41+00:00\",\"dateModified\":\"2019-05-20T18:14:45+00:00\",\"mainEntityOfPage\":{\"@id\":\"https:\/\/explora.cl\/maule\/estudiantes-del-maule-participaron-en-el-gran-laboratorio-de-los-por-que\/\"},\"wordCount\":525,\"image\":{\"@id\":\"https:\/\/explora.cl\/maule\/estudiantes-del-maule-participaron-en-el-gran-laboratorio-de-los-por-que\/#primaryimage\"},\"thumbnailUrl\":\"\",\"articleSection\":[\"Noticias\"],\"inLanguage\":\"es-CL\"},{\"@type\":\"WebPage\",\"@id\":\"https:\/\/explora.cl\/maule\/estudiantes-del-maule-participaron-en-el-gran-laboratorio-de-los-por-que\/\",\"url\":\"https:\/\/explora.cl\/maule\/estudiantes-del-maule-participaron-en-el-gran-laboratorio-de-los-por-que\/\",\"name\":\"Estudiantes del Maule participaron en el gran laboratorio de los \u00bfPor qu\u00e9? - Maule\",\"isPartOf\":{\"@id\":\"https:\/\/explora.cl\/maule\/#website\"},\"primaryImageOfPage\":{\"@id\":\"https:\/\/explora.cl\/maule\/estudiantes-del-maule-participaron-en-el-gran-laboratorio-de-los-por-que\/#primaryimage\"},\"image\":{\"@id\":\"https:\/\/explora.cl\/maule\/estudiantes-del-maule-participaron-en-el-gran-laboratorio-de-los-por-que\/#primaryimage\"},\"thumbnailUrl\":\"\",\"datePublished\":\"2018-10-10T05:09:41+00:00\",\"dateModified\":\"2019-05-20T18:14:45+00:00\",\"author\":{\"@id\":\"https:\/\/explora.cl\/maule\/#\/schema\/person\/cb8349c13ea2d324080adf8480d7ba5d\"},\"breadcrumb\":{\"@id\":\"https:\/\/explora.cl\/maule\/estudiantes-del-maule-participaron-en-el-gran-laboratorio-de-los-por-que\/#breadcrumb\"},\"inLanguage\":\"es-CL\",\"potentialAction\":[{\"@type\":\"ReadAction\",\"target\":[\"https:\/\/explora.cl\/maule\/estudiantes-del-maule-participaron-en-el-gran-laboratorio-de-los-por-que\/\"]}]},{\"@type\":\"ImageObject\",\"inLanguage\":\"es-CL\",\"@id\":\"https:\/\/explora.cl\/maule\/estudiantes-del-maule-participaron-en-el-gran-laboratorio-de-los-por-que\/#primaryimage\",\"url\":\"\",\"contentUrl\":\"\"},{\"@type\":\"BreadcrumbList\",\"@id\":\"https:\/\/explora.cl\/maule\/estudiantes-del-maule-participaron-en-el-gran-laboratorio-de-los-por-que\/#breadcrumb\",\"itemListElement\":[{\"@type\":\"ListItem\",\"position\":1,\"name\":\"Portada\",\"item\":\"https:\/\/explora.cl\/maule\/\"},{\"@type\":\"ListItem\",\"position\":2,\"name\":\"Estudiantes del Maule participaron en el gran laboratorio de los \u00bfPor qu\u00e9?\"}]},{\"@type\":\"WebSite\",\"@id\":\"https:\/\/explora.cl\/maule\/#website\",\"url\":\"https:\/\/explora.cl\/maule\/\",\"name\":\"Maule\",\"description\":\"Otro sitio m\u00e1s de explora.cl\",\"potentialAction\":[{\"@type\":\"SearchAction\",\"target\":{\"@type\":\"EntryPoint\",\"urlTemplate\":\"https:\/\/explora.cl\/maule\/?s={search_term_string}\"},\"query-input\":{\"@type\":\"PropertyValueSpecification\",\"valueRequired\":true,\"valueName\":\"search_term_string\"}}],\"inLanguage\":\"es-CL\"},{\"@type\":\"Person\",\"@id\":\"https:\/\/explora.cl\/maule\/#\/schema\/person\/cb8349c13ea2d324080adf8480d7ba5d\",\"name\":\"webman\",\"image\":{\"@type\":\"ImageObject\",\"inLanguage\":\"es-CL\",\"@id\":\"https:\/\/explora.cl\/maule\/#\/schema\/person\/image\/\",\"url\":\"https:\/\/secure.gravatar.com\/avatar\/eeff3c82f2c02f7177d13663b7e6f890e9a6a0647ce9bb29cae02dcb094c7312?s=96&d=mm&r=g\",\"contentUrl\":\"https:\/\/secure.gravatar.com\/avatar\/eeff3c82f2c02f7177d13663b7e6f890e9a6a0647ce9bb29cae02dcb094c7312?s=96&d=mm&r=g\",\"caption\":\"webman\"},\"url\":\"https:\/\/explora.cl\/maule\/author\/webman\/\"}]}<\/script>\n<!-- \/ Yoast SEO plugin. -->","yoast_head_json":{"title":"Estudiantes del Maule participaron en el gran laboratorio de los \u00bfPor qu\u00e9? - Maule","robots":{"index":"index","follow":"follow","max-snippet":"max-snippet:-1","max-image-preview":"max-image-preview:large","max-video-preview":"max-video-preview:-1"},"canonical":"https:\/\/explora.cl\/maule\/estudiantes-del-maule-participaron-en-el-gran-laboratorio-de-los-por-que\/","og_locale":"es_ES","og_type":"article","og_title":"Estudiantes del Maule participaron en el gran laboratorio de los \u00bfPor qu\u00e9? - Maule","og_description":"La innovadora iniciativa de indagaci\u00f3n cient\u00edfica inaugur\u00f3 la celebraci\u00f3n de la Semana de la Ciencia y la Tecnolog\u00eda en el Maule. Entre los hitos imperdibles se encuentra la Fiesta de la Ciencia y la Charla gratuita del astr\u00f3nomo Jos\u00e9 Maza, que se realizar\u00e1 el s\u00e1bado 13 de octubre en Plaza Las Heras de Talca. La [&hellip;]","og_url":"https:\/\/explora.cl\/maule\/estudiantes-del-maule-participaron-en-el-gran-laboratorio-de-los-por-que\/","og_site_name":"Maule","article_published_time":"2018-10-10T05:09:41+00:00","article_modified_time":"2019-05-20T18:14:45+00:00","author":"webman","twitter_card":"summary_large_image","twitter_misc":{"Escrito por":"webman","Tiempo estimado de lectura":"3 minutos"},"schema":{"@context":"https:\/\/schema.org","@graph":[{"@type":"Article","@id":"https:\/\/explora.cl\/maule\/estudiantes-del-maule-participaron-en-el-gran-laboratorio-de-los-por-que\/#article","isPartOf":{"@id":"https:\/\/explora.cl\/maule\/estudiantes-del-maule-participaron-en-el-gran-laboratorio-de-los-por-que\/"},"author":{"name":"webman","@id":"https:\/\/explora.cl\/maule\/#\/schema\/person\/cb8349c13ea2d324080adf8480d7ba5d"},"headline":"Estudiantes del Maule participaron en el gran laboratorio de los \u00bfPor qu\u00e9?","datePublished":"2018-10-10T05:09:41+00:00","dateModified":"2019-05-20T18:14:45+00:00","mainEntityOfPage":{"@id":"https:\/\/explora.cl\/maule\/estudiantes-del-maule-participaron-en-el-gran-laboratorio-de-los-por-que\/"},"wordCount":525,"image":{"@id":"https:\/\/explora.cl\/maule\/estudiantes-del-maule-participaron-en-el-gran-laboratorio-de-los-por-que\/#primaryimage"},"thumbnailUrl":"","articleSection":["Noticias"],"inLanguage":"es-CL"},{"@type":"WebPage","@id":"https:\/\/explora.cl\/maule\/estudiantes-del-maule-participaron-en-el-gran-laboratorio-de-los-por-que\/","url":"https:\/\/explora.cl\/maule\/estudiantes-del-maule-participaron-en-el-gran-laboratorio-de-los-por-que\/","name":"Estudiantes del Maule participaron en el gran laboratorio de los \u00bfPor qu\u00e9? - Maule","isPartOf":{"@id":"https:\/\/explora.cl\/maule\/#website"},"primaryImageOfPage":{"@id":"https:\/\/explora.cl\/maule\/estudiantes-del-maule-participaron-en-el-gran-laboratorio-de-los-por-que\/#primaryimage"},"image":{"@id":"https:\/\/explora.cl\/maule\/estudiantes-del-maule-participaron-en-el-gran-laboratorio-de-los-por-que\/#primaryimage"},"thumbnailUrl":"","datePublished":"2018-10-10T05:09:41+00:00","dateModified":"2019-05-20T18:14:45+00:00","author":{"@id":"https:\/\/explora.cl\/maule\/#\/schema\/person\/cb8349c13ea2d324080adf8480d7ba5d"},"breadcrumb":{"@id":"https:\/\/explora.cl\/maule\/estudiantes-del-maule-participaron-en-el-gran-laboratorio-de-los-por-que\/#breadcrumb"},"inLanguage":"es-CL","potentialAction":[{"@type":"ReadAction","target":["https:\/\/explora.cl\/maule\/estudiantes-del-maule-participaron-en-el-gran-laboratorio-de-los-por-que\/"]}]},{"@type":"ImageObject","inLanguage":"es-CL","@id":"https:\/\/explora.cl\/maule\/estudiantes-del-maule-participaron-en-el-gran-laboratorio-de-los-por-que\/#primaryimage","url":"","contentUrl":""},{"@type":"BreadcrumbList","@id":"https:\/\/explora.cl\/maule\/estudiantes-del-maule-participaron-en-el-gran-laboratorio-de-los-por-que\/#breadcrumb","itemListElement":[{"@type":"ListItem","position":1,"name":"Portada","item":"https:\/\/explora.cl\/maule\/"},{"@type":"ListItem","position":2,"name":"Estudiantes del Maule participaron en el gran laboratorio de los \u00bfPor qu\u00e9?"}]},{"@type":"WebSite","@id":"https:\/\/explora.cl\/maule\/#website","url":"https:\/\/explora.cl\/maule\/","name":"Maule","description":"Otro sitio m\u00e1s de explora.cl","potentialAction":[{"@type":"SearchAction","target":{"@type":"EntryPoint","urlTemplate":"https:\/\/explora.cl\/maule\/?s={search_term_string}"},"query-input":{"@type":"PropertyValueSpecification","valueRequired":true,"valueName":"search_term_string"}}],"inLanguage":"es-CL"},{"@type":"Person","@id":"https:\/\/explora.cl\/maule\/#\/schema\/person\/cb8349c13ea2d324080adf8480d7ba5d","name":"webman","image":{"@type":"ImageObject","inLanguage":"es-CL","@id":"https:\/\/explora.cl\/maule\/#\/schema\/person\/image\/","url":"https:\/\/secure.gravatar.com\/avatar\/eeff3c82f2c02f7177d13663b7e6f890e9a6a0647ce9bb29cae02dcb094c7312?s=96&d=mm&r=g","contentUrl":"https:\/\/secure.gravatar.com\/avatar\/eeff3c82f2c02f7177d13663b7e6f890e9a6a0647ce9bb29cae02dcb094c7312?s=96&d=mm&r=g","caption":"webman"},"url":"https:\/\/explora.cl\/maule\/author\/webman\/"}]}},"_links":{"self":[{"href":"https:\/\/explora.cl\/maule\/wp-json\/wp\/v2\/posts\/36996","targetHints":{"allow":["GET"]}}],"collection":[{"href":"https:\/\/explora.cl\/maule\/wp-json\/wp\/v2\/posts"}],"about":[{"href":"https:\/\/explora.cl\/maule\/wp-json\/wp\/v2\/types\/post"}],"author":[{"embeddable":true,"href":"https:\/\/explora.cl\/maule\/wp-json\/wp\/v2\/users\/2"}],"replies":[{"embeddable":true,"href":"https:\/\/explora.cl\/maule\/wp-json\/wp\/v2\/comments?post=36996"}],"version-history":[{"count":1,"href":"https:\/\/explora.cl\/maule\/wp-json\/wp\/v2\/posts\/36996\/revisions"}],"predecessor-version":[{"id":37535,"href":"https:\/\/explora.cl\/maule\/wp-json\/wp\/v2\/posts\/36996\/revisions\/37535"}],"wp:featuredmedia":[{"embeddable":true,"href":"https:\/\/explora.cl\/maule\/wp-json\/"}],"wp:attachment":[{"href":"https:\/\/explora.cl\/maule\/wp-json\/wp\/v2\/media?parent=36996"}],"wp:term":[{"taxonomy":"category","embeddable":true,"href":"https:\/\/explora.cl\/maule\/wp-json\/wp\/v2\/categories?post=36996"},{"taxonomy":"post_tag","embeddable":true,"href":"https:\/\/explora.cl\/maule\/wp-json\/wp\/v2\/tags?post=36996"}],"curies":[{"name":"wp","href":"https:\/\/api.w.org\/{rel}","templated":true}]}}