{"id":36724,"date":"2018-09-25T21:40:24","date_gmt":"2018-09-26T01:40:24","guid":{"rendered":"https:\/\/explora.cl\/blog\/2018\/09\/25\/congreso-explora-maule-congregara-la-mejor-ciencia-escolar-de-la-region\/"},"modified":"2019-05-20T18:14:47","modified_gmt":"2019-05-20T18:14:47","slug":"congreso-explora-maule-congregara-la-mejor-ciencia-escolar-de-la-region","status":"publish","type":"post","link":"https:\/\/explora.cl\/maule\/congreso-explora-maule-congregara-la-mejor-ciencia-escolar-de-la-region\/","title":{"rendered":"Congreso Explora Maule congregar\u00e1 la mejor ciencia escolar de la regi\u00f3n"},"content":{"rendered":"<p><em><img fetchpriority=\"high\" decoding=\"async\" class=\" size-full wp-image-36512\" src=\"https:\/\/explora.cl\/wp-content\/uploads\/2018\/09\/40649548_10161292687235497_1052799533399932928_n_1.jpg\" alt=\"40649548 10161292687235497 1052799533399932928 n 1\" width=\"960\" height=\"720\" \/><\/em><\/p>\n<p><em>Trabajos de estudiantes de once comunas de la regi\u00f3n se dar\u00e1n cita en el evento cient\u00edfico escolar m\u00e1s importante de la Regi\u00f3n. Los ganadores ser\u00e1n los representantes regionales en el Congreso Nacional de Ciencia y Tecnolog\u00eda del Programa Explora de Conicyt, que se realizar\u00e1 en noviembre en Concepci\u00f3n.<\/em><\/p>\n<p>Ya est\u00e1 todo listo para que los mejores 32 trabajos cient\u00edficos y tecnol\u00f3gicos de educaci\u00f3n b\u00e1sica y media de la regi\u00f3n se presenten ante la comunidad como frente a la exhaustiva mirada del comit\u00e9 de expertos que evaluar\u00e1 esta octava versi\u00f3n del Congreso Regional Escolar de Ciencia y Tecnolog\u00eda Explora de Conicyt Regi\u00f3n del Maule.<\/p>\n<p>La fiesta de la ciencia escolar que comienza este jueves desde las 10:00 horas en recinto FEXPO (ex FITAL), reunir\u00e1 a m\u00e1s de 60 escolares quienes obtuvieron su clasificaci\u00f3n tras presentarse en los Congresos Provinciales que se realizaron en Curic\u00f3, Linares, y Talca, durante la primera quincena de septiembre.<\/p>\n<p>Para Iv\u00e1n Coydan, Vicerrector de Vinculaci\u00f3n con el Medio de la Universidad de Talca y director del PAR Explora de Conicyt Maule, la instancia es una oportunidad para que los estudiantes muestren todo su talento y esfuerzo que realizaron durante el a\u00f1o junto a sus profesores ante la comunidad maulina.<\/p>\n<p>\u201cEste evento que congrega a los cient\u00edficos y cient\u00edficas escolares m\u00e1s destacados del Maule es un espacio fundamental, ya que inculca desde un momento vital de sus biograf\u00edas acad\u00e9micas la importancia de la ciencia y la tecnolog\u00eda. Si formamos ni\u00f1os, ni\u00f1as y j\u00f3venes en torno a una ense\u00f1anza critica de la ciencias, fomentamos la colaboraci\u00f3n, su creatividad y las formas de comunicar, de por s\u00ed tendr\u00e1n mejores herramientas para insertarse en la sociedad del siglo XXI\u201d, indic\u00f3 Coydan<\/p>\n<p>Los ganadores de esta instancia regional, participaran en el XIX Congreso Nacional de Ciencia y Tecnolog\u00eda, que se realizar\u00e1 entre el 27 y 29 de noviembre en Concepci\u00f3n. <br \/>Las delegaciones escolares que quieran apoyar y conocer los proyectos de investigaci\u00f3n y desarrollos tecnol\u00f3gicos generados por los estudiantes maulinos, deben inscribirse en explora.cl\/maule.<\/p>\n","protected":false},"excerpt":{"rendered":"<p>Trabajos de estudiantes de once comunas de la regi\u00f3n se dar\u00e1n cita en el evento cient\u00edfico escolar m\u00e1s importante de la Regi\u00f3n. Los ganadores ser\u00e1n los representantes regionales en el Congreso Nacional de Ciencia y Tecnolog\u00eda del Programa Explora de Conicyt, que se realizar\u00e1 en noviembre en Concepci\u00f3n. Ya est\u00e1 todo listo para que los [&hellip;]<\/p>\n","protected":false},"author":2,"featured_media":36723,"comment_status":"closed","ping_status":"open","sticky":false,"template":"","format":"standard","meta":{"_acf_changed":false,"_exactmetrics_skip_tracking":false,"_exactmetrics_sitenote_active":false,"_exactmetrics_sitenote_note":"","_exactmetrics_sitenote_category":0,"footnotes":"","_links_to":"","_links_to_target":""},"categories":[4],"tags":[],"class_list":["post-36724","post","type-post","status-publish","format-standard","has-post-thumbnail","hentry","category-noticias"],"acf":[],"yoast_head":"<!-- This site is optimized with the Yoast SEO plugin v26.9 - https:\/\/yoast.com\/product\/yoast-seo-wordpress\/ -->\n<title>Congreso Explora Maule congregar\u00e1 la mejor ciencia escolar de la regi\u00f3n - Maule<\/title>\n<meta name=\"robots\" content=\"index, follow, max-snippet:-1, max-image-preview:large, max-video-preview:-1\" \/>\n<link rel=\"canonical\" href=\"https:\/\/explora.cl\/maule\/congreso-explora-maule-congregara-la-mejor-ciencia-escolar-de-la-region\/\" class=\"yoast-seo-meta-tag\" \/>\n<meta property=\"og:locale\" content=\"es_ES\" class=\"yoast-seo-meta-tag\" \/>\n<meta property=\"og:type\" content=\"article\" class=\"yoast-seo-meta-tag\" \/>\n<meta property=\"og:title\" content=\"Congreso Explora Maule congregar\u00e1 la mejor ciencia escolar de la regi\u00f3n - Maule\" class=\"yoast-seo-meta-tag\" \/>\n<meta property=\"og:description\" content=\"Trabajos de estudiantes de once comunas de la regi\u00f3n se dar\u00e1n cita en el evento cient\u00edfico escolar m\u00e1s importante de la Regi\u00f3n. Los ganadores ser\u00e1n los representantes regionales en el Congreso Nacional de Ciencia y Tecnolog\u00eda del Programa Explora de Conicyt, que se realizar\u00e1 en noviembre en Concepci\u00f3n. Ya est\u00e1 todo listo para que los [&hellip;]\" class=\"yoast-seo-meta-tag\" \/>\n<meta property=\"og:url\" content=\"https:\/\/explora.cl\/maule\/congreso-explora-maule-congregara-la-mejor-ciencia-escolar-de-la-region\/\" class=\"yoast-seo-meta-tag\" \/>\n<meta property=\"og:site_name\" content=\"Maule\" class=\"yoast-seo-meta-tag\" \/>\n<meta property=\"article:published_time\" content=\"2018-09-26T01:40:24+00:00\" class=\"yoast-seo-meta-tag\" \/>\n<meta property=\"article:modified_time\" content=\"2019-05-20T18:14:47+00:00\" class=\"yoast-seo-meta-tag\" \/>\n<meta name=\"author\" content=\"webman\" class=\"yoast-seo-meta-tag\" \/>\n<meta name=\"twitter:card\" content=\"summary_large_image\" class=\"yoast-seo-meta-tag\" \/>\n<meta name=\"twitter:label1\" content=\"Escrito por\" class=\"yoast-seo-meta-tag\" \/>\n\t<meta name=\"twitter:data1\" content=\"webman\" class=\"yoast-seo-meta-tag\" \/>\n\t<meta name=\"twitter:label2\" content=\"Tiempo estimado de lectura\" class=\"yoast-seo-meta-tag\" \/>\n\t<meta name=\"twitter:data2\" content=\"2 minutos\" class=\"yoast-seo-meta-tag\" \/>\n<script type=\"application\/ld+json\" class=\"yoast-schema-graph\">{\"@context\":\"https:\/\/schema.org\",\"@graph\":[{\"@type\":\"Article\",\"@id\":\"https:\/\/explora.cl\/maule\/congreso-explora-maule-congregara-la-mejor-ciencia-escolar-de-la-region\/#article\",\"isPartOf\":{\"@id\":\"https:\/\/explora.cl\/maule\/congreso-explora-maule-congregara-la-mejor-ciencia-escolar-de-la-region\/\"},\"author\":{\"name\":\"webman\",\"@id\":\"https:\/\/explora.cl\/maule\/#\/schema\/person\/cb8349c13ea2d324080adf8480d7ba5d\"},\"headline\":\"Congreso Explora Maule congregar\u00e1 la mejor ciencia escolar de la regi\u00f3n\",\"datePublished\":\"2018-09-26T01:40:24+00:00\",\"dateModified\":\"2019-05-20T18:14:47+00:00\",\"mainEntityOfPage\":{\"@id\":\"https:\/\/explora.cl\/maule\/congreso-explora-maule-congregara-la-mejor-ciencia-escolar-de-la-region\/\"},\"wordCount\":378,\"image\":{\"@id\":\"https:\/\/explora.cl\/maule\/congreso-explora-maule-congregara-la-mejor-ciencia-escolar-de-la-region\/#primaryimage\"},\"thumbnailUrl\":\"\",\"articleSection\":[\"Noticias\"],\"inLanguage\":\"es-CL\"},{\"@type\":\"WebPage\",\"@id\":\"https:\/\/explora.cl\/maule\/congreso-explora-maule-congregara-la-mejor-ciencia-escolar-de-la-region\/\",\"url\":\"https:\/\/explora.cl\/maule\/congreso-explora-maule-congregara-la-mejor-ciencia-escolar-de-la-region\/\",\"name\":\"Congreso Explora Maule congregar\u00e1 la mejor ciencia escolar de la regi\u00f3n - Maule\",\"isPartOf\":{\"@id\":\"https:\/\/explora.cl\/maule\/#website\"},\"primaryImageOfPage\":{\"@id\":\"https:\/\/explora.cl\/maule\/congreso-explora-maule-congregara-la-mejor-ciencia-escolar-de-la-region\/#primaryimage\"},\"image\":{\"@id\":\"https:\/\/explora.cl\/maule\/congreso-explora-maule-congregara-la-mejor-ciencia-escolar-de-la-region\/#primaryimage\"},\"thumbnailUrl\":\"\",\"datePublished\":\"2018-09-26T01:40:24+00:00\",\"dateModified\":\"2019-05-20T18:14:47+00:00\",\"author\":{\"@id\":\"https:\/\/explora.cl\/maule\/#\/schema\/person\/cb8349c13ea2d324080adf8480d7ba5d\"},\"breadcrumb\":{\"@id\":\"https:\/\/explora.cl\/maule\/congreso-explora-maule-congregara-la-mejor-ciencia-escolar-de-la-region\/#breadcrumb\"},\"inLanguage\":\"es-CL\",\"potentialAction\":[{\"@type\":\"ReadAction\",\"target\":[\"https:\/\/explora.cl\/maule\/congreso-explora-maule-congregara-la-mejor-ciencia-escolar-de-la-region\/\"]}]},{\"@type\":\"ImageObject\",\"inLanguage\":\"es-CL\",\"@id\":\"https:\/\/explora.cl\/maule\/congreso-explora-maule-congregara-la-mejor-ciencia-escolar-de-la-region\/#primaryimage\",\"url\":\"\",\"contentUrl\":\"\"},{\"@type\":\"BreadcrumbList\",\"@id\":\"https:\/\/explora.cl\/maule\/congreso-explora-maule-congregara-la-mejor-ciencia-escolar-de-la-region\/#breadcrumb\",\"itemListElement\":[{\"@type\":\"ListItem\",\"position\":1,\"name\":\"Portada\",\"item\":\"https:\/\/explora.cl\/maule\/\"},{\"@type\":\"ListItem\",\"position\":2,\"name\":\"Congreso Explora Maule congregar\u00e1 la mejor ciencia escolar de la regi\u00f3n\"}]},{\"@type\":\"WebSite\",\"@id\":\"https:\/\/explora.cl\/maule\/#website\",\"url\":\"https:\/\/explora.cl\/maule\/\",\"name\":\"Maule\",\"description\":\"Otro sitio m\u00e1s de explora.cl\",\"potentialAction\":[{\"@type\":\"SearchAction\",\"target\":{\"@type\":\"EntryPoint\",\"urlTemplate\":\"https:\/\/explora.cl\/maule\/?s={search_term_string}\"},\"query-input\":{\"@type\":\"PropertyValueSpecification\",\"valueRequired\":true,\"valueName\":\"search_term_string\"}}],\"inLanguage\":\"es-CL\"},{\"@type\":\"Person\",\"@id\":\"https:\/\/explora.cl\/maule\/#\/schema\/person\/cb8349c13ea2d324080adf8480d7ba5d\",\"name\":\"webman\",\"image\":{\"@type\":\"ImageObject\",\"inLanguage\":\"es-CL\",\"@id\":\"https:\/\/explora.cl\/maule\/#\/schema\/person\/image\/\",\"url\":\"https:\/\/secure.gravatar.com\/avatar\/eeff3c82f2c02f7177d13663b7e6f890e9a6a0647ce9bb29cae02dcb094c7312?s=96&d=mm&r=g\",\"contentUrl\":\"https:\/\/secure.gravatar.com\/avatar\/eeff3c82f2c02f7177d13663b7e6f890e9a6a0647ce9bb29cae02dcb094c7312?s=96&d=mm&r=g\",\"caption\":\"webman\"},\"url\":\"https:\/\/explora.cl\/maule\/author\/webman\/\"}]}<\/script>\n<!-- \/ Yoast SEO plugin. -->","yoast_head_json":{"title":"Congreso Explora Maule congregar\u00e1 la mejor ciencia escolar de la regi\u00f3n - Maule","robots":{"index":"index","follow":"follow","max-snippet":"max-snippet:-1","max-image-preview":"max-image-preview:large","max-video-preview":"max-video-preview:-1"},"canonical":"https:\/\/explora.cl\/maule\/congreso-explora-maule-congregara-la-mejor-ciencia-escolar-de-la-region\/","og_locale":"es_ES","og_type":"article","og_title":"Congreso Explora Maule congregar\u00e1 la mejor ciencia escolar de la regi\u00f3n - Maule","og_description":"Trabajos de estudiantes de once comunas de la regi\u00f3n se dar\u00e1n cita en el evento cient\u00edfico escolar m\u00e1s importante de la Regi\u00f3n. Los ganadores ser\u00e1n los representantes regionales en el Congreso Nacional de Ciencia y Tecnolog\u00eda del Programa Explora de Conicyt, que se realizar\u00e1 en noviembre en Concepci\u00f3n. Ya est\u00e1 todo listo para que los [&hellip;]","og_url":"https:\/\/explora.cl\/maule\/congreso-explora-maule-congregara-la-mejor-ciencia-escolar-de-la-region\/","og_site_name":"Maule","article_published_time":"2018-09-26T01:40:24+00:00","article_modified_time":"2019-05-20T18:14:47+00:00","author":"webman","twitter_card":"summary_large_image","twitter_misc":{"Escrito por":"webman","Tiempo estimado de lectura":"2 minutos"},"schema":{"@context":"https:\/\/schema.org","@graph":[{"@type":"Article","@id":"https:\/\/explora.cl\/maule\/congreso-explora-maule-congregara-la-mejor-ciencia-escolar-de-la-region\/#article","isPartOf":{"@id":"https:\/\/explora.cl\/maule\/congreso-explora-maule-congregara-la-mejor-ciencia-escolar-de-la-region\/"},"author":{"name":"webman","@id":"https:\/\/explora.cl\/maule\/#\/schema\/person\/cb8349c13ea2d324080adf8480d7ba5d"},"headline":"Congreso Explora Maule congregar\u00e1 la mejor ciencia escolar de la regi\u00f3n","datePublished":"2018-09-26T01:40:24+00:00","dateModified":"2019-05-20T18:14:47+00:00","mainEntityOfPage":{"@id":"https:\/\/explora.cl\/maule\/congreso-explora-maule-congregara-la-mejor-ciencia-escolar-de-la-region\/"},"wordCount":378,"image":{"@id":"https:\/\/explora.cl\/maule\/congreso-explora-maule-congregara-la-mejor-ciencia-escolar-de-la-region\/#primaryimage"},"thumbnailUrl":"","articleSection":["Noticias"],"inLanguage":"es-CL"},{"@type":"WebPage","@id":"https:\/\/explora.cl\/maule\/congreso-explora-maule-congregara-la-mejor-ciencia-escolar-de-la-region\/","url":"https:\/\/explora.cl\/maule\/congreso-explora-maule-congregara-la-mejor-ciencia-escolar-de-la-region\/","name":"Congreso Explora Maule congregar\u00e1 la mejor ciencia escolar de la regi\u00f3n - Maule","isPartOf":{"@id":"https:\/\/explora.cl\/maule\/#website"},"primaryImageOfPage":{"@id":"https:\/\/explora.cl\/maule\/congreso-explora-maule-congregara-la-mejor-ciencia-escolar-de-la-region\/#primaryimage"},"image":{"@id":"https:\/\/explora.cl\/maule\/congreso-explora-maule-congregara-la-mejor-ciencia-escolar-de-la-region\/#primaryimage"},"thumbnailUrl":"","datePublished":"2018-09-26T01:40:24+00:00","dateModified":"2019-05-20T18:14:47+00:00","author":{"@id":"https:\/\/explora.cl\/maule\/#\/schema\/person\/cb8349c13ea2d324080adf8480d7ba5d"},"breadcrumb":{"@id":"https:\/\/explora.cl\/maule\/congreso-explora-maule-congregara-la-mejor-ciencia-escolar-de-la-region\/#breadcrumb"},"inLanguage":"es-CL","potentialAction":[{"@type":"ReadAction","target":["https:\/\/explora.cl\/maule\/congreso-explora-maule-congregara-la-mejor-ciencia-escolar-de-la-region\/"]}]},{"@type":"ImageObject","inLanguage":"es-CL","@id":"https:\/\/explora.cl\/maule\/congreso-explora-maule-congregara-la-mejor-ciencia-escolar-de-la-region\/#primaryimage","url":"","contentUrl":""},{"@type":"BreadcrumbList","@id":"https:\/\/explora.cl\/maule\/congreso-explora-maule-congregara-la-mejor-ciencia-escolar-de-la-region\/#breadcrumb","itemListElement":[{"@type":"ListItem","position":1,"name":"Portada","item":"https:\/\/explora.cl\/maule\/"},{"@type":"ListItem","position":2,"name":"Congreso Explora Maule congregar\u00e1 la mejor ciencia escolar de la regi\u00f3n"}]},{"@type":"WebSite","@id":"https:\/\/explora.cl\/maule\/#website","url":"https:\/\/explora.cl\/maule\/","name":"Maule","description":"Otro sitio m\u00e1s de explora.cl","potentialAction":[{"@type":"SearchAction","target":{"@type":"EntryPoint","urlTemplate":"https:\/\/explora.cl\/maule\/?s={search_term_string}"},"query-input":{"@type":"PropertyValueSpecification","valueRequired":true,"valueName":"search_term_string"}}],"inLanguage":"es-CL"},{"@type":"Person","@id":"https:\/\/explora.cl\/maule\/#\/schema\/person\/cb8349c13ea2d324080adf8480d7ba5d","name":"webman","image":{"@type":"ImageObject","inLanguage":"es-CL","@id":"https:\/\/explora.cl\/maule\/#\/schema\/person\/image\/","url":"https:\/\/secure.gravatar.com\/avatar\/eeff3c82f2c02f7177d13663b7e6f890e9a6a0647ce9bb29cae02dcb094c7312?s=96&d=mm&r=g","contentUrl":"https:\/\/secure.gravatar.com\/avatar\/eeff3c82f2c02f7177d13663b7e6f890e9a6a0647ce9bb29cae02dcb094c7312?s=96&d=mm&r=g","caption":"webman"},"url":"https:\/\/explora.cl\/maule\/author\/webman\/"}]}},"_links":{"self":[{"href":"https:\/\/explora.cl\/maule\/wp-json\/wp\/v2\/posts\/36724","targetHints":{"allow":["GET"]}}],"collection":[{"href":"https:\/\/explora.cl\/maule\/wp-json\/wp\/v2\/posts"}],"about":[{"href":"https:\/\/explora.cl\/maule\/wp-json\/wp\/v2\/types\/post"}],"author":[{"embeddable":true,"href":"https:\/\/explora.cl\/maule\/wp-json\/wp\/v2\/users\/2"}],"replies":[{"embeddable":true,"href":"https:\/\/explora.cl\/maule\/wp-json\/wp\/v2\/comments?post=36724"}],"version-history":[{"count":1,"href":"https:\/\/explora.cl\/maule\/wp-json\/wp\/v2\/posts\/36724\/revisions"}],"predecessor-version":[{"id":37539,"href":"https:\/\/explora.cl\/maule\/wp-json\/wp\/v2\/posts\/36724\/revisions\/37539"}],"wp:featuredmedia":[{"embeddable":true,"href":"https:\/\/explora.cl\/maule\/wp-json\/"}],"wp:attachment":[{"href":"https:\/\/explora.cl\/maule\/wp-json\/wp\/v2\/media?parent=36724"}],"wp:term":[{"taxonomy":"category","embeddable":true,"href":"https:\/\/explora.cl\/maule\/wp-json\/wp\/v2\/categories?post=36724"},{"taxonomy":"post_tag","embeddable":true,"href":"https:\/\/explora.cl\/maule\/wp-json\/wp\/v2\/tags?post=36724"}],"curies":[{"name":"wp","href":"https:\/\/api.w.org\/{rel}","templated":true}]}}