{"id":36555,"date":"2018-09-10T19:49:08","date_gmt":"2018-09-10T23:49:08","guid":{"rendered":"https:\/\/explora.cl\/blog\/2018\/09\/10\/explora-maule-lanza-album-pedagogico-un-viaje-al-universo-de-los-por-que\/"},"modified":"2019-05-20T18:14:47","modified_gmt":"2019-05-20T18:14:47","slug":"explora-maule-lanza-album-pedagogico-un-viaje-al-universo-de-los-por-que","status":"publish","type":"post","link":"https:\/\/explora.cl\/maule\/explora-maule-lanza-album-pedagogico-un-viaje-al-universo-de-los-por-que\/","title":{"rendered":"Explora Maule lanza \u00e1lbum pedag\u00f3gico: Un viaje al Universo de los \u00bfPor qu\u00e9?"},"content":{"rendered":"<p><em><img fetchpriority=\"high\" decoding=\"async\" class=\" size-full wp-image-36554\" src=\"https:\/\/explora.cl\/wp-content\/uploads\/2018\/09\/albumito.jpg\" alt=\"albumito\" width=\"1054\" height=\"524\" \/><\/em><\/p>\n<p><em>La publicaci\u00f3n gratuita impulsada por el Programa Explora de Conicyt, busca a generar escolares m\u00e1s inquietos, reflexivos y capaces de tomas decisiones de manera m\u00e1s informada.<\/em><\/p>\n<p>Tina, Rolo, Olga y El\u00edas son un grupo de amigos muy curiosos que nos invitar\u00e1n a explorar y entender de mejor manera el mundo natural a trav\u00e9s de sus aventuras. El mundo necesita ni\u00f1as y ni\u00f1os curiosos que se encanten con el aprendizaje sobre la naturaleza, adem\u00e1s que participen activamente en su cuidado, estas acciones son las que nos invitan a realizar y aprender en el \u00e1lbum \u201cUn viaje al Universo de los \u00bfPor qu\u00e9?.<\/p>\n<p>La iniciativa del Programa Explora de Conicyt ejecutada en la Regi\u00f3n por el PAR Explora Maule de la Universidad de Talca, cuenta con 32 p\u00e1ginas impresas a todo color y 45 l\u00e1minas coleccionables. Entre las principales caracter\u00edsticas del \u00c1lbum Explora, es que los contenidos est\u00e1n alineados con el curr\u00edculum escolar: todas las actividades pr\u00e1cticas est\u00e1n dise\u00f1adas para trabajar en el aula, cuenta con videos y orientaciones pedag\u00f3gicas, adem\u00e1s de una plataforma web.<\/p>\n<p>El \u00e1lbum incluye material en PDF que se puede descargar para la implementaci\u00f3n de los ejercicios, nivel acad\u00e9mico sugerido, objetivo de la actividad, nivel de aprendizaje, din\u00e1mica, y una breve explicaci\u00f3n del fen\u00f3meno o propiedad descrita. Adem\u00e1s, se dispone de una plataforma digital donde es posible consultar videos tutoriales para las actividades propuestas y una plataforma de seguimiento en l\u00ednea.<\/p>\n<p>Natalia Mackenzie, directora del Programa Explora de CONICYT, se\u00f1ala que \u201cla publicaci\u00f3n es parte de las nuevas estrategias que estamos promoviendo para el aprendizaje de la ciencia y la tecnolog\u00eda en Chile, con iniciativas que motivan a los estudiantes a involucrarse de manera directa en estas disciplinas, a trav\u00e9s de actividades pr\u00e1cticas como las que propone el \u00e1lbum\u201d.<\/p>\n<p><strong>\u00bfC\u00f3mo obtener el \u00e1lbum?<\/strong><\/p>\n<p>El \u00e1lbum \u201cUn viaje al Universo de los \u00bfPor qu\u00e9?, est\u00e1 dirigido para educaci\u00f3n paravularia y primer ciclo de educaci\u00f3n b\u00e1sica. Los y las docentes interesados en obtener el \u00e1lbum Explora, deben registrarse en el sitio web: www.albumexplora.cl y registrarse como usuario.<\/p>\n<p>Una vez registrado en la plataforma web con los datos del establecimiento, curso y numero de estudiantes participantes, profesionales del PAR Explora de Conicyt Maule, entregar\u00e1n los \u00e1lbumes a los docentes. A medida que van realizando las actividades, el docente debe subir al sitio web las evidencias que permiten ir alcanzado logros y aprendizajes entre los p\u00e1rvulos y escolares.<\/p>\n<p>Los colegios que completen su \u00e1lbum y env\u00eden evidencias podr\u00e1n concursar por una Expedici\u00f3n Cient\u00edfica a cargo de Explora Maule. Dudad y consultas sobre el \u00e1lbum Explora en: <a href=\"mailto:explora@utalca.cl\">explora@utalca.cl<\/a><\/p>\n","protected":false},"excerpt":{"rendered":"<p>La publicaci\u00f3n gratuita impulsada por el Programa Explora de Conicyt, busca a generar escolares m\u00e1s inquietos, reflexivos y capaces de tomas decisiones de manera m\u00e1s informada. Tina, Rolo, Olga y El\u00edas son un grupo de amigos muy curiosos que nos invitar\u00e1n a explorar y entender de mejor manera el mundo natural a trav\u00e9s de sus [&hellip;]<\/p>\n","protected":false},"author":2,"featured_media":36554,"comment_status":"closed","ping_status":"open","sticky":false,"template":"","format":"standard","meta":{"_acf_changed":false,"_exactmetrics_skip_tracking":false,"_exactmetrics_sitenote_active":false,"_exactmetrics_sitenote_note":"","_exactmetrics_sitenote_category":0,"footnotes":"","_links_to":"","_links_to_target":""},"categories":[4],"tags":[],"class_list":["post-36555","post","type-post","status-publish","format-standard","has-post-thumbnail","hentry","category-noticias"],"acf":[],"yoast_head":"<!-- This site is optimized with the Yoast SEO plugin v26.9 - https:\/\/yoast.com\/product\/yoast-seo-wordpress\/ -->\n<title>Explora Maule lanza \u00e1lbum pedag\u00f3gico: Un viaje al Universo de los \u00bfPor qu\u00e9? - Maule<\/title>\n<meta name=\"robots\" content=\"index, follow, max-snippet:-1, max-image-preview:large, max-video-preview:-1\" \/>\n<link rel=\"canonical\" href=\"https:\/\/explora.cl\/maule\/explora-maule-lanza-album-pedagogico-un-viaje-al-universo-de-los-por-que\/\" class=\"yoast-seo-meta-tag\" \/>\n<meta property=\"og:locale\" content=\"es_ES\" class=\"yoast-seo-meta-tag\" \/>\n<meta property=\"og:type\" content=\"article\" class=\"yoast-seo-meta-tag\" \/>\n<meta property=\"og:title\" content=\"Explora Maule lanza \u00e1lbum pedag\u00f3gico: Un viaje al Universo de los \u00bfPor qu\u00e9? - Maule\" class=\"yoast-seo-meta-tag\" \/>\n<meta property=\"og:description\" content=\"La publicaci\u00f3n gratuita impulsada por el Programa Explora de Conicyt, busca a generar escolares m\u00e1s inquietos, reflexivos y capaces de tomas decisiones de manera m\u00e1s informada. Tina, Rolo, Olga y El\u00edas son un grupo de amigos muy curiosos que nos invitar\u00e1n a explorar y entender de mejor manera el mundo natural a trav\u00e9s de sus [&hellip;]\" class=\"yoast-seo-meta-tag\" \/>\n<meta property=\"og:url\" content=\"https:\/\/explora.cl\/maule\/explora-maule-lanza-album-pedagogico-un-viaje-al-universo-de-los-por-que\/\" class=\"yoast-seo-meta-tag\" \/>\n<meta property=\"og:site_name\" content=\"Maule\" class=\"yoast-seo-meta-tag\" \/>\n<meta property=\"article:published_time\" content=\"2018-09-10T23:49:08+00:00\" class=\"yoast-seo-meta-tag\" \/>\n<meta property=\"article:modified_time\" content=\"2019-05-20T18:14:47+00:00\" class=\"yoast-seo-meta-tag\" \/>\n<meta name=\"author\" content=\"webman\" class=\"yoast-seo-meta-tag\" \/>\n<meta name=\"twitter:card\" content=\"summary_large_image\" class=\"yoast-seo-meta-tag\" \/>\n<meta name=\"twitter:label1\" content=\"Escrito por\" class=\"yoast-seo-meta-tag\" \/>\n\t<meta name=\"twitter:data1\" content=\"webman\" class=\"yoast-seo-meta-tag\" \/>\n\t<meta name=\"twitter:label2\" content=\"Tiempo estimado de lectura\" class=\"yoast-seo-meta-tag\" \/>\n\t<meta name=\"twitter:data2\" content=\"2 minutos\" class=\"yoast-seo-meta-tag\" \/>\n<script type=\"application\/ld+json\" class=\"yoast-schema-graph\">{\"@context\":\"https:\/\/schema.org\",\"@graph\":[{\"@type\":\"Article\",\"@id\":\"https:\/\/explora.cl\/maule\/explora-maule-lanza-album-pedagogico-un-viaje-al-universo-de-los-por-que\/#article\",\"isPartOf\":{\"@id\":\"https:\/\/explora.cl\/maule\/explora-maule-lanza-album-pedagogico-un-viaje-al-universo-de-los-por-que\/\"},\"author\":{\"name\":\"webman\",\"@id\":\"https:\/\/explora.cl\/maule\/#\/schema\/person\/cb8349c13ea2d324080adf8480d7ba5d\"},\"headline\":\"Explora Maule lanza \u00e1lbum pedag\u00f3gico: Un viaje al Universo de los \u00bfPor qu\u00e9?\",\"datePublished\":\"2018-09-10T23:49:08+00:00\",\"dateModified\":\"2019-05-20T18:14:47+00:00\",\"mainEntityOfPage\":{\"@id\":\"https:\/\/explora.cl\/maule\/explora-maule-lanza-album-pedagogico-un-viaje-al-universo-de-los-por-que\/\"},\"wordCount\":483,\"image\":{\"@id\":\"https:\/\/explora.cl\/maule\/explora-maule-lanza-album-pedagogico-un-viaje-al-universo-de-los-por-que\/#primaryimage\"},\"thumbnailUrl\":\"\",\"articleSection\":[\"Noticias\"],\"inLanguage\":\"es-CL\"},{\"@type\":\"WebPage\",\"@id\":\"https:\/\/explora.cl\/maule\/explora-maule-lanza-album-pedagogico-un-viaje-al-universo-de-los-por-que\/\",\"url\":\"https:\/\/explora.cl\/maule\/explora-maule-lanza-album-pedagogico-un-viaje-al-universo-de-los-por-que\/\",\"name\":\"Explora Maule lanza \u00e1lbum pedag\u00f3gico: Un viaje al Universo de los \u00bfPor qu\u00e9? - Maule\",\"isPartOf\":{\"@id\":\"https:\/\/explora.cl\/maule\/#website\"},\"primaryImageOfPage\":{\"@id\":\"https:\/\/explora.cl\/maule\/explora-maule-lanza-album-pedagogico-un-viaje-al-universo-de-los-por-que\/#primaryimage\"},\"image\":{\"@id\":\"https:\/\/explora.cl\/maule\/explora-maule-lanza-album-pedagogico-un-viaje-al-universo-de-los-por-que\/#primaryimage\"},\"thumbnailUrl\":\"\",\"datePublished\":\"2018-09-10T23:49:08+00:00\",\"dateModified\":\"2019-05-20T18:14:47+00:00\",\"author\":{\"@id\":\"https:\/\/explora.cl\/maule\/#\/schema\/person\/cb8349c13ea2d324080adf8480d7ba5d\"},\"breadcrumb\":{\"@id\":\"https:\/\/explora.cl\/maule\/explora-maule-lanza-album-pedagogico-un-viaje-al-universo-de-los-por-que\/#breadcrumb\"},\"inLanguage\":\"es-CL\",\"potentialAction\":[{\"@type\":\"ReadAction\",\"target\":[\"https:\/\/explora.cl\/maule\/explora-maule-lanza-album-pedagogico-un-viaje-al-universo-de-los-por-que\/\"]}]},{\"@type\":\"ImageObject\",\"inLanguage\":\"es-CL\",\"@id\":\"https:\/\/explora.cl\/maule\/explora-maule-lanza-album-pedagogico-un-viaje-al-universo-de-los-por-que\/#primaryimage\",\"url\":\"\",\"contentUrl\":\"\"},{\"@type\":\"BreadcrumbList\",\"@id\":\"https:\/\/explora.cl\/maule\/explora-maule-lanza-album-pedagogico-un-viaje-al-universo-de-los-por-que\/#breadcrumb\",\"itemListElement\":[{\"@type\":\"ListItem\",\"position\":1,\"name\":\"Portada\",\"item\":\"https:\/\/explora.cl\/maule\/\"},{\"@type\":\"ListItem\",\"position\":2,\"name\":\"Explora Maule lanza \u00e1lbum pedag\u00f3gico: Un viaje al Universo de los \u00bfPor qu\u00e9?\"}]},{\"@type\":\"WebSite\",\"@id\":\"https:\/\/explora.cl\/maule\/#website\",\"url\":\"https:\/\/explora.cl\/maule\/\",\"name\":\"Maule\",\"description\":\"Otro sitio m\u00e1s de explora.cl\",\"potentialAction\":[{\"@type\":\"SearchAction\",\"target\":{\"@type\":\"EntryPoint\",\"urlTemplate\":\"https:\/\/explora.cl\/maule\/?s={search_term_string}\"},\"query-input\":{\"@type\":\"PropertyValueSpecification\",\"valueRequired\":true,\"valueName\":\"search_term_string\"}}],\"inLanguage\":\"es-CL\"},{\"@type\":\"Person\",\"@id\":\"https:\/\/explora.cl\/maule\/#\/schema\/person\/cb8349c13ea2d324080adf8480d7ba5d\",\"name\":\"webman\",\"image\":{\"@type\":\"ImageObject\",\"inLanguage\":\"es-CL\",\"@id\":\"https:\/\/explora.cl\/maule\/#\/schema\/person\/image\/\",\"url\":\"https:\/\/secure.gravatar.com\/avatar\/eeff3c82f2c02f7177d13663b7e6f890e9a6a0647ce9bb29cae02dcb094c7312?s=96&d=mm&r=g\",\"contentUrl\":\"https:\/\/secure.gravatar.com\/avatar\/eeff3c82f2c02f7177d13663b7e6f890e9a6a0647ce9bb29cae02dcb094c7312?s=96&d=mm&r=g\",\"caption\":\"webman\"},\"url\":\"https:\/\/explora.cl\/maule\/author\/webman\/\"}]}<\/script>\n<!-- \/ Yoast SEO plugin. -->","yoast_head_json":{"title":"Explora Maule lanza \u00e1lbum pedag\u00f3gico: Un viaje al Universo de los \u00bfPor qu\u00e9? - Maule","robots":{"index":"index","follow":"follow","max-snippet":"max-snippet:-1","max-image-preview":"max-image-preview:large","max-video-preview":"max-video-preview:-1"},"canonical":"https:\/\/explora.cl\/maule\/explora-maule-lanza-album-pedagogico-un-viaje-al-universo-de-los-por-que\/","og_locale":"es_ES","og_type":"article","og_title":"Explora Maule lanza \u00e1lbum pedag\u00f3gico: Un viaje al Universo de los \u00bfPor qu\u00e9? - Maule","og_description":"La publicaci\u00f3n gratuita impulsada por el Programa Explora de Conicyt, busca a generar escolares m\u00e1s inquietos, reflexivos y capaces de tomas decisiones de manera m\u00e1s informada. Tina, Rolo, Olga y El\u00edas son un grupo de amigos muy curiosos que nos invitar\u00e1n a explorar y entender de mejor manera el mundo natural a trav\u00e9s de sus [&hellip;]","og_url":"https:\/\/explora.cl\/maule\/explora-maule-lanza-album-pedagogico-un-viaje-al-universo-de-los-por-que\/","og_site_name":"Maule","article_published_time":"2018-09-10T23:49:08+00:00","article_modified_time":"2019-05-20T18:14:47+00:00","author":"webman","twitter_card":"summary_large_image","twitter_misc":{"Escrito por":"webman","Tiempo estimado de lectura":"2 minutos"},"schema":{"@context":"https:\/\/schema.org","@graph":[{"@type":"Article","@id":"https:\/\/explora.cl\/maule\/explora-maule-lanza-album-pedagogico-un-viaje-al-universo-de-los-por-que\/#article","isPartOf":{"@id":"https:\/\/explora.cl\/maule\/explora-maule-lanza-album-pedagogico-un-viaje-al-universo-de-los-por-que\/"},"author":{"name":"webman","@id":"https:\/\/explora.cl\/maule\/#\/schema\/person\/cb8349c13ea2d324080adf8480d7ba5d"},"headline":"Explora Maule lanza \u00e1lbum pedag\u00f3gico: Un viaje al Universo de los \u00bfPor qu\u00e9?","datePublished":"2018-09-10T23:49:08+00:00","dateModified":"2019-05-20T18:14:47+00:00","mainEntityOfPage":{"@id":"https:\/\/explora.cl\/maule\/explora-maule-lanza-album-pedagogico-un-viaje-al-universo-de-los-por-que\/"},"wordCount":483,"image":{"@id":"https:\/\/explora.cl\/maule\/explora-maule-lanza-album-pedagogico-un-viaje-al-universo-de-los-por-que\/#primaryimage"},"thumbnailUrl":"","articleSection":["Noticias"],"inLanguage":"es-CL"},{"@type":"WebPage","@id":"https:\/\/explora.cl\/maule\/explora-maule-lanza-album-pedagogico-un-viaje-al-universo-de-los-por-que\/","url":"https:\/\/explora.cl\/maule\/explora-maule-lanza-album-pedagogico-un-viaje-al-universo-de-los-por-que\/","name":"Explora Maule lanza \u00e1lbum pedag\u00f3gico: Un viaje al Universo de los \u00bfPor qu\u00e9? - Maule","isPartOf":{"@id":"https:\/\/explora.cl\/maule\/#website"},"primaryImageOfPage":{"@id":"https:\/\/explora.cl\/maule\/explora-maule-lanza-album-pedagogico-un-viaje-al-universo-de-los-por-que\/#primaryimage"},"image":{"@id":"https:\/\/explora.cl\/maule\/explora-maule-lanza-album-pedagogico-un-viaje-al-universo-de-los-por-que\/#primaryimage"},"thumbnailUrl":"","datePublished":"2018-09-10T23:49:08+00:00","dateModified":"2019-05-20T18:14:47+00:00","author":{"@id":"https:\/\/explora.cl\/maule\/#\/schema\/person\/cb8349c13ea2d324080adf8480d7ba5d"},"breadcrumb":{"@id":"https:\/\/explora.cl\/maule\/explora-maule-lanza-album-pedagogico-un-viaje-al-universo-de-los-por-que\/#breadcrumb"},"inLanguage":"es-CL","potentialAction":[{"@type":"ReadAction","target":["https:\/\/explora.cl\/maule\/explora-maule-lanza-album-pedagogico-un-viaje-al-universo-de-los-por-que\/"]}]},{"@type":"ImageObject","inLanguage":"es-CL","@id":"https:\/\/explora.cl\/maule\/explora-maule-lanza-album-pedagogico-un-viaje-al-universo-de-los-por-que\/#primaryimage","url":"","contentUrl":""},{"@type":"BreadcrumbList","@id":"https:\/\/explora.cl\/maule\/explora-maule-lanza-album-pedagogico-un-viaje-al-universo-de-los-por-que\/#breadcrumb","itemListElement":[{"@type":"ListItem","position":1,"name":"Portada","item":"https:\/\/explora.cl\/maule\/"},{"@type":"ListItem","position":2,"name":"Explora Maule lanza \u00e1lbum pedag\u00f3gico: Un viaje al Universo de los \u00bfPor qu\u00e9?"}]},{"@type":"WebSite","@id":"https:\/\/explora.cl\/maule\/#website","url":"https:\/\/explora.cl\/maule\/","name":"Maule","description":"Otro sitio m\u00e1s de explora.cl","potentialAction":[{"@type":"SearchAction","target":{"@type":"EntryPoint","urlTemplate":"https:\/\/explora.cl\/maule\/?s={search_term_string}"},"query-input":{"@type":"PropertyValueSpecification","valueRequired":true,"valueName":"search_term_string"}}],"inLanguage":"es-CL"},{"@type":"Person","@id":"https:\/\/explora.cl\/maule\/#\/schema\/person\/cb8349c13ea2d324080adf8480d7ba5d","name":"webman","image":{"@type":"ImageObject","inLanguage":"es-CL","@id":"https:\/\/explora.cl\/maule\/#\/schema\/person\/image\/","url":"https:\/\/secure.gravatar.com\/avatar\/eeff3c82f2c02f7177d13663b7e6f890e9a6a0647ce9bb29cae02dcb094c7312?s=96&d=mm&r=g","contentUrl":"https:\/\/secure.gravatar.com\/avatar\/eeff3c82f2c02f7177d13663b7e6f890e9a6a0647ce9bb29cae02dcb094c7312?s=96&d=mm&r=g","caption":"webman"},"url":"https:\/\/explora.cl\/maule\/author\/webman\/"}]}},"_links":{"self":[{"href":"https:\/\/explora.cl\/maule\/wp-json\/wp\/v2\/posts\/36555","targetHints":{"allow":["GET"]}}],"collection":[{"href":"https:\/\/explora.cl\/maule\/wp-json\/wp\/v2\/posts"}],"about":[{"href":"https:\/\/explora.cl\/maule\/wp-json\/wp\/v2\/types\/post"}],"author":[{"embeddable":true,"href":"https:\/\/explora.cl\/maule\/wp-json\/wp\/v2\/users\/2"}],"replies":[{"embeddable":true,"href":"https:\/\/explora.cl\/maule\/wp-json\/wp\/v2\/comments?post=36555"}],"version-history":[{"count":1,"href":"https:\/\/explora.cl\/maule\/wp-json\/wp\/v2\/posts\/36555\/revisions"}],"predecessor-version":[{"id":37540,"href":"https:\/\/explora.cl\/maule\/wp-json\/wp\/v2\/posts\/36555\/revisions\/37540"}],"wp:featuredmedia":[{"embeddable":true,"href":"https:\/\/explora.cl\/maule\/wp-json\/"}],"wp:attachment":[{"href":"https:\/\/explora.cl\/maule\/wp-json\/wp\/v2\/media?parent=36555"}],"wp:term":[{"taxonomy":"category","embeddable":true,"href":"https:\/\/explora.cl\/maule\/wp-json\/wp\/v2\/categories?post=36555"},{"taxonomy":"post_tag","embeddable":true,"href":"https:\/\/explora.cl\/maule\/wp-json\/wp\/v2\/tags?post=36555"}],"curies":[{"name":"wp","href":"https:\/\/api.w.org\/{rel}","templated":true}]}}