{"id":36514,"date":"2018-09-07T15:46:49","date_gmt":"2018-09-07T19:46:49","guid":{"rendered":"https:\/\/explora.cl\/blog\/2018\/09\/07\/congreso-regional-escolar-de-ciencia-y-tecnologia-ya-tiene-sus-clasificados-2\/"},"modified":"2019-05-20T18:14:48","modified_gmt":"2019-05-20T18:14:48","slug":"congreso-regional-escolar-de-ciencia-y-tecnologia-ya-tiene-sus-clasificados-2","status":"publish","type":"post","link":"https:\/\/explora.cl\/maule\/congreso-regional-escolar-de-ciencia-y-tecnologia-ya-tiene-sus-clasificados-2\/","title":{"rendered":"Congreso Regional Escolar de Ciencia y tecnolog\u00eda ya tiene sus clasificados"},"content":{"rendered":"<p><em><img fetchpriority=\"high\" decoding=\"async\" class=\" size-full wp-image-36512\" src=\"https:\/\/explora.cl\/wp-content\/uploads\/2018\/09\/40649548_10161292687235497_1052799533399932928_n_1.jpg\" alt=\"40649548 10161292687235497 1052799533399932928 n 1\" width=\"960\" height=\"720\" \/><\/em><\/p>\n<p><em>Tras presentarse con \u00e9xito en sus respectivas ferias provinciales, 32 proyectos buscar\u00e1n ser los representantes del Maule en el XIX Congreso Nacional de Ciencia y Tecnolog\u00eda Escolar, que se realizar\u00e1 entre el 27 y 29 de noviembre en Concepci\u00f3n.<\/em><\/p>\n<p>M\u00e1s de cien estudiantes de la regi\u00f3n, se distribuyeron en las distintas provincias para exponer sus proyectos de investigaci\u00f3n escolar. La iniciativa que los convoc\u00f3, fueron los Congresos Provinciales Escolares de Ciencia y Tecnolog\u00eda organizado por el PAR Explora de CONICYT Maule de la Universidad de Talca.<\/p>\n<p>Tres jornadas de camarer\u00eda y divulgaci\u00f3n de la ciencia y tecnolog\u00eda, que se realizaron en las Plazas de Armas de Curic\u00f3, Linares y en la Plaza Cienfuegos de Talca, donde estudiantes de segundo ciclo b\u00e1sico y educaci\u00f3n media, mostraron a la comunidad y al comit\u00e9 cient\u00edfico evaluador sus proyectos que prepararon durante meses sus colegios junto a sus docentes, y con asesor\u00eda cient\u00edfica de investigadores de la Universidad de Talca.<\/p>\n<p>Proyectos innovadores por su impacto social como el dise\u00f1o de un sistema de captaci\u00f3n y distribuci\u00f3n de lluvia a bajo costo por escolares del Liceo de Huala\u00f1\u00e9. El estudio sobre c\u00f3mo la contaminaci\u00f3n est\u00e1 afectando los nidos de los p\u00e1jaros en Pencahue, realizado por escolares del Complejo Educativo de la Comuna o un estudio sobre el machismo en la redes sociales de Linares, son algunas de la investigaciones escolares que se presentaron en los eventos organizado por Explora Maule.<\/p>\n<p>Carolina Rivera, estudiante del Liceo Marta Donoso Espejo de Talca, la experiencia de participar en el congreso fue muy gratificadora ya que se puede compartir con compa\u00f1eros de otros colegios y aprender de sus investigaciones. \u201cUno se llena de informaci\u00f3n, la cultura personal aumenta sobre todo porque hay demasiados stands con investigaciones muy diversas. Me encanto esta experiencia\u201d, se\u00f1al\u00f3 la estudiante.<\/p>\n<p>Para Iv\u00e1n Coydan, Vicerrector de Vinculaci\u00f3n con el Medio y Director de Explora Maule, estos eventos de ciencia escolar permiten socializar el trabajo que realizan los estudiantes junto a sus docente en sus aulas frente a la ciudadan\u00eda \u201clos Congresos Escolares de Explora, son una iniciativa que busca incentivar y socializar las investigaciones cient\u00edficas y tecnol\u00f3gicas de escolares, fomentando la cultura cient\u00edfica y la apropiaci\u00f3n de los beneficios de la ciencia, tecnolog\u00eda e innovaci\u00f3n en los ni\u00f1os, ni\u00f1as y j\u00f3venes de la Regi\u00f3n del Maule\u201d.<br \/>Por su parte, Ariela Vergara, acad\u00e9mica de Bioinform\u00e1tica de la Universidad, este tipo de iniciativa es muy importante para que los escolares descubran la pasi\u00f3n por la ciencia. \u201cLos chicos y chicas se ven muy motivados y con ganas de aprender y descubrir nuevas cosas, me sorprendi\u00f3 muy gratamente las investigaciones que mostraron y encuentro que estos congresos fomentan el desarrollo cient\u00edfico de la regi\u00f3n y del pa\u00eds\u201d.<\/p>\n<p>32 proyectos fueron los seleccionados en esta primera instancia para formar parte del Congreso Regional de Explora Maule, que se desarrollar\u00e1 los d\u00edas 27 y 28 de octubre en la ciudad de Talca. Oportunidad en la que los estudiantes volver\u00e1n a defender sus investigaciones ante un comit\u00e9 evaluador, conformado por acad\u00e9micos de la Universidad de Talca e investigadores de otras universidades y centros de investigaci\u00f3n de Pa\u00eds.<\/p>\n<p>Elles ser\u00e1n los encargados de elegir a los mejores proyectos que representar\u00e1n al Maule en el Congreso Nacional Escolar de Ciencia y Tecnolog\u00eda del Programa Explora de Conicyt, que se realizar\u00e1 en la Regi\u00f3n del Biob\u00edo los d\u00edas 27,28 y 29 de noviembre.<\/p>\n","protected":false},"excerpt":{"rendered":"<p>Tras presentarse con \u00e9xito en sus respectivas ferias provinciales, 32 proyectos buscar\u00e1n ser los representantes del Maule en el XIX Congreso Nacional de Ciencia y Tecnolog\u00eda Escolar, que se realizar\u00e1 entre el 27 y 29 de noviembre en Concepci\u00f3n. M\u00e1s de cien estudiantes de la regi\u00f3n, se distribuyeron en las distintas provincias para exponer sus [&hellip;]<\/p>\n","protected":false},"author":2,"featured_media":36511,"comment_status":"closed","ping_status":"open","sticky":false,"template":"","format":"standard","meta":{"_acf_changed":false,"_exactmetrics_skip_tracking":false,"_exactmetrics_sitenote_active":false,"_exactmetrics_sitenote_note":"","_exactmetrics_sitenote_category":0,"footnotes":"","_links_to":"","_links_to_target":""},"categories":[4],"tags":[],"class_list":["post-36514","post","type-post","status-publish","format-standard","has-post-thumbnail","hentry","category-noticias"],"acf":[],"yoast_head":"<!-- This site is optimized with the Yoast SEO plugin v26.9 - https:\/\/yoast.com\/product\/yoast-seo-wordpress\/ -->\n<title>Congreso Regional Escolar de Ciencia y tecnolog\u00eda ya tiene sus clasificados - Maule<\/title>\n<meta name=\"robots\" content=\"index, follow, max-snippet:-1, max-image-preview:large, max-video-preview:-1\" \/>\n<link rel=\"canonical\" href=\"https:\/\/explora.cl\/maule\/congreso-regional-escolar-de-ciencia-y-tecnologia-ya-tiene-sus-clasificados-2\/\" class=\"yoast-seo-meta-tag\" \/>\n<meta property=\"og:locale\" content=\"es_ES\" class=\"yoast-seo-meta-tag\" \/>\n<meta property=\"og:type\" content=\"article\" class=\"yoast-seo-meta-tag\" \/>\n<meta property=\"og:title\" content=\"Congreso Regional Escolar de Ciencia y tecnolog\u00eda ya tiene sus clasificados - Maule\" class=\"yoast-seo-meta-tag\" \/>\n<meta property=\"og:description\" content=\"Tras presentarse con \u00e9xito en sus respectivas ferias provinciales, 32 proyectos buscar\u00e1n ser los representantes del Maule en el XIX Congreso Nacional de Ciencia y Tecnolog\u00eda Escolar, que se realizar\u00e1 entre el 27 y 29 de noviembre en Concepci\u00f3n. M\u00e1s de cien estudiantes de la regi\u00f3n, se distribuyeron en las distintas provincias para exponer sus [&hellip;]\" class=\"yoast-seo-meta-tag\" \/>\n<meta property=\"og:url\" content=\"https:\/\/explora.cl\/maule\/congreso-regional-escolar-de-ciencia-y-tecnologia-ya-tiene-sus-clasificados-2\/\" class=\"yoast-seo-meta-tag\" \/>\n<meta property=\"og:site_name\" content=\"Maule\" class=\"yoast-seo-meta-tag\" \/>\n<meta property=\"article:published_time\" content=\"2018-09-07T19:46:49+00:00\" class=\"yoast-seo-meta-tag\" \/>\n<meta property=\"article:modified_time\" content=\"2019-05-20T18:14:48+00:00\" class=\"yoast-seo-meta-tag\" \/>\n<meta name=\"author\" content=\"webman\" class=\"yoast-seo-meta-tag\" \/>\n<meta name=\"twitter:card\" content=\"summary_large_image\" class=\"yoast-seo-meta-tag\" \/>\n<meta name=\"twitter:label1\" content=\"Escrito por\" class=\"yoast-seo-meta-tag\" \/>\n\t<meta name=\"twitter:data1\" content=\"webman\" class=\"yoast-seo-meta-tag\" \/>\n\t<meta name=\"twitter:label2\" content=\"Tiempo estimado de lectura\" class=\"yoast-seo-meta-tag\" \/>\n\t<meta name=\"twitter:data2\" content=\"3 minutos\" class=\"yoast-seo-meta-tag\" \/>\n<script type=\"application\/ld+json\" class=\"yoast-schema-graph\">{\"@context\":\"https:\/\/schema.org\",\"@graph\":[{\"@type\":\"Article\",\"@id\":\"https:\/\/explora.cl\/maule\/congreso-regional-escolar-de-ciencia-y-tecnologia-ya-tiene-sus-clasificados-2\/#article\",\"isPartOf\":{\"@id\":\"https:\/\/explora.cl\/maule\/congreso-regional-escolar-de-ciencia-y-tecnologia-ya-tiene-sus-clasificados-2\/\"},\"author\":{\"name\":\"webman\",\"@id\":\"https:\/\/explora.cl\/maule\/#\/schema\/person\/cb8349c13ea2d324080adf8480d7ba5d\"},\"headline\":\"Congreso Regional Escolar de Ciencia y tecnolog\u00eda ya tiene sus clasificados\",\"datePublished\":\"2018-09-07T19:46:49+00:00\",\"dateModified\":\"2019-05-20T18:14:48+00:00\",\"mainEntityOfPage\":{\"@id\":\"https:\/\/explora.cl\/maule\/congreso-regional-escolar-de-ciencia-y-tecnologia-ya-tiene-sus-clasificados-2\/\"},\"wordCount\":617,\"image\":{\"@id\":\"https:\/\/explora.cl\/maule\/congreso-regional-escolar-de-ciencia-y-tecnologia-ya-tiene-sus-clasificados-2\/#primaryimage\"},\"thumbnailUrl\":\"\",\"articleSection\":[\"Noticias\"],\"inLanguage\":\"es-CL\"},{\"@type\":\"WebPage\",\"@id\":\"https:\/\/explora.cl\/maule\/congreso-regional-escolar-de-ciencia-y-tecnologia-ya-tiene-sus-clasificados-2\/\",\"url\":\"https:\/\/explora.cl\/maule\/congreso-regional-escolar-de-ciencia-y-tecnologia-ya-tiene-sus-clasificados-2\/\",\"name\":\"Congreso Regional Escolar de Ciencia y tecnolog\u00eda ya tiene sus clasificados - Maule\",\"isPartOf\":{\"@id\":\"https:\/\/explora.cl\/maule\/#website\"},\"primaryImageOfPage\":{\"@id\":\"https:\/\/explora.cl\/maule\/congreso-regional-escolar-de-ciencia-y-tecnologia-ya-tiene-sus-clasificados-2\/#primaryimage\"},\"image\":{\"@id\":\"https:\/\/explora.cl\/maule\/congreso-regional-escolar-de-ciencia-y-tecnologia-ya-tiene-sus-clasificados-2\/#primaryimage\"},\"thumbnailUrl\":\"\",\"datePublished\":\"2018-09-07T19:46:49+00:00\",\"dateModified\":\"2019-05-20T18:14:48+00:00\",\"author\":{\"@id\":\"https:\/\/explora.cl\/maule\/#\/schema\/person\/cb8349c13ea2d324080adf8480d7ba5d\"},\"breadcrumb\":{\"@id\":\"https:\/\/explora.cl\/maule\/congreso-regional-escolar-de-ciencia-y-tecnologia-ya-tiene-sus-clasificados-2\/#breadcrumb\"},\"inLanguage\":\"es-CL\",\"potentialAction\":[{\"@type\":\"ReadAction\",\"target\":[\"https:\/\/explora.cl\/maule\/congreso-regional-escolar-de-ciencia-y-tecnologia-ya-tiene-sus-clasificados-2\/\"]}]},{\"@type\":\"ImageObject\",\"inLanguage\":\"es-CL\",\"@id\":\"https:\/\/explora.cl\/maule\/congreso-regional-escolar-de-ciencia-y-tecnologia-ya-tiene-sus-clasificados-2\/#primaryimage\",\"url\":\"\",\"contentUrl\":\"\"},{\"@type\":\"BreadcrumbList\",\"@id\":\"https:\/\/explora.cl\/maule\/congreso-regional-escolar-de-ciencia-y-tecnologia-ya-tiene-sus-clasificados-2\/#breadcrumb\",\"itemListElement\":[{\"@type\":\"ListItem\",\"position\":1,\"name\":\"Portada\",\"item\":\"https:\/\/explora.cl\/maule\/\"},{\"@type\":\"ListItem\",\"position\":2,\"name\":\"Congreso Regional Escolar de Ciencia y tecnolog\u00eda ya tiene sus clasificados\"}]},{\"@type\":\"WebSite\",\"@id\":\"https:\/\/explora.cl\/maule\/#website\",\"url\":\"https:\/\/explora.cl\/maule\/\",\"name\":\"Maule\",\"description\":\"Otro sitio m\u00e1s de explora.cl\",\"potentialAction\":[{\"@type\":\"SearchAction\",\"target\":{\"@type\":\"EntryPoint\",\"urlTemplate\":\"https:\/\/explora.cl\/maule\/?s={search_term_string}\"},\"query-input\":{\"@type\":\"PropertyValueSpecification\",\"valueRequired\":true,\"valueName\":\"search_term_string\"}}],\"inLanguage\":\"es-CL\"},{\"@type\":\"Person\",\"@id\":\"https:\/\/explora.cl\/maule\/#\/schema\/person\/cb8349c13ea2d324080adf8480d7ba5d\",\"name\":\"webman\",\"image\":{\"@type\":\"ImageObject\",\"inLanguage\":\"es-CL\",\"@id\":\"https:\/\/explora.cl\/maule\/#\/schema\/person\/image\/\",\"url\":\"https:\/\/secure.gravatar.com\/avatar\/eeff3c82f2c02f7177d13663b7e6f890e9a6a0647ce9bb29cae02dcb094c7312?s=96&d=mm&r=g\",\"contentUrl\":\"https:\/\/secure.gravatar.com\/avatar\/eeff3c82f2c02f7177d13663b7e6f890e9a6a0647ce9bb29cae02dcb094c7312?s=96&d=mm&r=g\",\"caption\":\"webman\"},\"url\":\"https:\/\/explora.cl\/maule\/author\/webman\/\"}]}<\/script>\n<!-- \/ Yoast SEO plugin. -->","yoast_head_json":{"title":"Congreso Regional Escolar de Ciencia y tecnolog\u00eda ya tiene sus clasificados - Maule","robots":{"index":"index","follow":"follow","max-snippet":"max-snippet:-1","max-image-preview":"max-image-preview:large","max-video-preview":"max-video-preview:-1"},"canonical":"https:\/\/explora.cl\/maule\/congreso-regional-escolar-de-ciencia-y-tecnologia-ya-tiene-sus-clasificados-2\/","og_locale":"es_ES","og_type":"article","og_title":"Congreso Regional Escolar de Ciencia y tecnolog\u00eda ya tiene sus clasificados - Maule","og_description":"Tras presentarse con \u00e9xito en sus respectivas ferias provinciales, 32 proyectos buscar\u00e1n ser los representantes del Maule en el XIX Congreso Nacional de Ciencia y Tecnolog\u00eda Escolar, que se realizar\u00e1 entre el 27 y 29 de noviembre en Concepci\u00f3n. M\u00e1s de cien estudiantes de la regi\u00f3n, se distribuyeron en las distintas provincias para exponer sus [&hellip;]","og_url":"https:\/\/explora.cl\/maule\/congreso-regional-escolar-de-ciencia-y-tecnologia-ya-tiene-sus-clasificados-2\/","og_site_name":"Maule","article_published_time":"2018-09-07T19:46:49+00:00","article_modified_time":"2019-05-20T18:14:48+00:00","author":"webman","twitter_card":"summary_large_image","twitter_misc":{"Escrito por":"webman","Tiempo estimado de lectura":"3 minutos"},"schema":{"@context":"https:\/\/schema.org","@graph":[{"@type":"Article","@id":"https:\/\/explora.cl\/maule\/congreso-regional-escolar-de-ciencia-y-tecnologia-ya-tiene-sus-clasificados-2\/#article","isPartOf":{"@id":"https:\/\/explora.cl\/maule\/congreso-regional-escolar-de-ciencia-y-tecnologia-ya-tiene-sus-clasificados-2\/"},"author":{"name":"webman","@id":"https:\/\/explora.cl\/maule\/#\/schema\/person\/cb8349c13ea2d324080adf8480d7ba5d"},"headline":"Congreso Regional Escolar de Ciencia y tecnolog\u00eda ya tiene sus clasificados","datePublished":"2018-09-07T19:46:49+00:00","dateModified":"2019-05-20T18:14:48+00:00","mainEntityOfPage":{"@id":"https:\/\/explora.cl\/maule\/congreso-regional-escolar-de-ciencia-y-tecnologia-ya-tiene-sus-clasificados-2\/"},"wordCount":617,"image":{"@id":"https:\/\/explora.cl\/maule\/congreso-regional-escolar-de-ciencia-y-tecnologia-ya-tiene-sus-clasificados-2\/#primaryimage"},"thumbnailUrl":"","articleSection":["Noticias"],"inLanguage":"es-CL"},{"@type":"WebPage","@id":"https:\/\/explora.cl\/maule\/congreso-regional-escolar-de-ciencia-y-tecnologia-ya-tiene-sus-clasificados-2\/","url":"https:\/\/explora.cl\/maule\/congreso-regional-escolar-de-ciencia-y-tecnologia-ya-tiene-sus-clasificados-2\/","name":"Congreso Regional Escolar de Ciencia y tecnolog\u00eda ya tiene sus clasificados - Maule","isPartOf":{"@id":"https:\/\/explora.cl\/maule\/#website"},"primaryImageOfPage":{"@id":"https:\/\/explora.cl\/maule\/congreso-regional-escolar-de-ciencia-y-tecnologia-ya-tiene-sus-clasificados-2\/#primaryimage"},"image":{"@id":"https:\/\/explora.cl\/maule\/congreso-regional-escolar-de-ciencia-y-tecnologia-ya-tiene-sus-clasificados-2\/#primaryimage"},"thumbnailUrl":"","datePublished":"2018-09-07T19:46:49+00:00","dateModified":"2019-05-20T18:14:48+00:00","author":{"@id":"https:\/\/explora.cl\/maule\/#\/schema\/person\/cb8349c13ea2d324080adf8480d7ba5d"},"breadcrumb":{"@id":"https:\/\/explora.cl\/maule\/congreso-regional-escolar-de-ciencia-y-tecnologia-ya-tiene-sus-clasificados-2\/#breadcrumb"},"inLanguage":"es-CL","potentialAction":[{"@type":"ReadAction","target":["https:\/\/explora.cl\/maule\/congreso-regional-escolar-de-ciencia-y-tecnologia-ya-tiene-sus-clasificados-2\/"]}]},{"@type":"ImageObject","inLanguage":"es-CL","@id":"https:\/\/explora.cl\/maule\/congreso-regional-escolar-de-ciencia-y-tecnologia-ya-tiene-sus-clasificados-2\/#primaryimage","url":"","contentUrl":""},{"@type":"BreadcrumbList","@id":"https:\/\/explora.cl\/maule\/congreso-regional-escolar-de-ciencia-y-tecnologia-ya-tiene-sus-clasificados-2\/#breadcrumb","itemListElement":[{"@type":"ListItem","position":1,"name":"Portada","item":"https:\/\/explora.cl\/maule\/"},{"@type":"ListItem","position":2,"name":"Congreso Regional Escolar de Ciencia y tecnolog\u00eda ya tiene sus clasificados"}]},{"@type":"WebSite","@id":"https:\/\/explora.cl\/maule\/#website","url":"https:\/\/explora.cl\/maule\/","name":"Maule","description":"Otro sitio m\u00e1s de explora.cl","potentialAction":[{"@type":"SearchAction","target":{"@type":"EntryPoint","urlTemplate":"https:\/\/explora.cl\/maule\/?s={search_term_string}"},"query-input":{"@type":"PropertyValueSpecification","valueRequired":true,"valueName":"search_term_string"}}],"inLanguage":"es-CL"},{"@type":"Person","@id":"https:\/\/explora.cl\/maule\/#\/schema\/person\/cb8349c13ea2d324080adf8480d7ba5d","name":"webman","image":{"@type":"ImageObject","inLanguage":"es-CL","@id":"https:\/\/explora.cl\/maule\/#\/schema\/person\/image\/","url":"https:\/\/secure.gravatar.com\/avatar\/eeff3c82f2c02f7177d13663b7e6f890e9a6a0647ce9bb29cae02dcb094c7312?s=96&d=mm&r=g","contentUrl":"https:\/\/secure.gravatar.com\/avatar\/eeff3c82f2c02f7177d13663b7e6f890e9a6a0647ce9bb29cae02dcb094c7312?s=96&d=mm&r=g","caption":"webman"},"url":"https:\/\/explora.cl\/maule\/author\/webman\/"}]}},"_links":{"self":[{"href":"https:\/\/explora.cl\/maule\/wp-json\/wp\/v2\/posts\/36514","targetHints":{"allow":["GET"]}}],"collection":[{"href":"https:\/\/explora.cl\/maule\/wp-json\/wp\/v2\/posts"}],"about":[{"href":"https:\/\/explora.cl\/maule\/wp-json\/wp\/v2\/types\/post"}],"author":[{"embeddable":true,"href":"https:\/\/explora.cl\/maule\/wp-json\/wp\/v2\/users\/2"}],"replies":[{"embeddable":true,"href":"https:\/\/explora.cl\/maule\/wp-json\/wp\/v2\/comments?post=36514"}],"version-history":[{"count":1,"href":"https:\/\/explora.cl\/maule\/wp-json\/wp\/v2\/posts\/36514\/revisions"}],"predecessor-version":[{"id":37542,"href":"https:\/\/explora.cl\/maule\/wp-json\/wp\/v2\/posts\/36514\/revisions\/37542"}],"wp:featuredmedia":[{"embeddable":true,"href":"https:\/\/explora.cl\/maule\/wp-json\/"}],"wp:attachment":[{"href":"https:\/\/explora.cl\/maule\/wp-json\/wp\/v2\/media?parent=36514"}],"wp:term":[{"taxonomy":"category","embeddable":true,"href":"https:\/\/explora.cl\/maule\/wp-json\/wp\/v2\/categories?post=36514"},{"taxonomy":"post_tag","embeddable":true,"href":"https:\/\/explora.cl\/maule\/wp-json\/wp\/v2\/tags?post=36514"}],"curies":[{"name":"wp","href":"https:\/\/api.w.org\/{rel}","templated":true}]}}